{"id":11589,"date":"2026-04-30T11:24:36","date_gmt":"2026-04-30T15:24:36","guid":{"rendered":"https:\/\/innoticiasbo.com\/?p=11589"},"modified":"2026-04-30T11:24:38","modified_gmt":"2026-04-30T15:24:38","slug":"presidente-paz-anuncia-que-el-bid-aprobo-us-800-millones-para-bolivia","status":"publish","type":"post","link":"https:\/\/innoticiasbo.com\/index.php\/2026\/04\/30\/presidente-paz-anuncia-que-el-bid-aprobo-us-800-millones-para-bolivia\/","title":{"rendered":"PRESIDENTE PAZ ANUNCIA QUE EL BID APROB\u00d3 $US 800 MILLONES PARA BOLIVIA"},"content":{"rendered":"\n<figure class=\"wp-block-image size-large\"><img data-recalc-dims=\"1\" loading=\"lazy\" decoding=\"async\" width=\"640\" height=\"360\" src=\"https:\/\/i0.wp.com\/innoticiasbo.com\/wp-content\/uploads\/2026\/04\/image-348.png?resize=640%2C360&#038;ssl=1\" alt=\"\" class=\"wp-image-11590\" srcset=\"https:\/\/i0.wp.com\/innoticiasbo.com\/wp-content\/uploads\/2026\/04\/image-348.png?resize=1024%2C576&amp;ssl=1 1024w, https:\/\/i0.wp.com\/innoticiasbo.com\/wp-content\/uploads\/2026\/04\/image-348.png?resize=300%2C169&amp;ssl=1 300w, https:\/\/i0.wp.com\/innoticiasbo.com\/wp-content\/uploads\/2026\/04\/image-348.png?resize=768%2C432&amp;ssl=1 768w, https:\/\/i0.wp.com\/innoticiasbo.com\/wp-content\/uploads\/2026\/04\/image-348.png?w=1200&amp;ssl=1 1200w\" sizes=\"auto, (max-width: 640px) 100vw, 640px\" \/><\/figure>\n\n\n\n<p><strong>La Paz, 30 de Abril de 2026.-<\/strong> El Gobierno prev\u00e9 que estos recursos permitan dinamizar la econom\u00eda, mejorar los servicios b\u00e1sicos y fortalecer la infraestructura nacional en un contexto marcado por desaf\u00edos clim\u00e1ticos y demandas sociales crecientes<\/p>\n\n\n\n<p>El presidente de Bolivia, Rodrigo Paz, anunci\u00f3 este mi\u00e9rcoles la aprobaci\u00f3n de un paquete de financiamiento por<strong> $us 800 millones por parte del Banco Interamericano <\/strong>de Desarrollo (BID), destinado a fortalecer la protecci\u00f3n social, el sistema de salud, la educaci\u00f3n y la infraestructura vial en el pa\u00eds.<\/p>\n\n\n\n<p>El mandatario destac\u00f3 que este respaldo representa una se\u00f1al de confianza de <strong>organismos internacionales en el desarrollo de Bolivia.<\/strong> \u201cEste apoyo demuestra que instituciones de primer nivel creen y apuestan decididamente por el futuro de nuestro pa\u00eds\u201d, afirm\u00f3, tras sostener un encuentro con el vicepresidente ejecutivo del BID, Jordan Schwartz.<\/p>\n\n\n\n<p>Seg\u00fan explic\u00f3 Paz, los recursos estar\u00e1n orientados a sectores clave como la atenci\u00f3n a adultos mayores, mujeres y ni\u00f1os, adem\u00e1s de proyectos de <strong>construcci\u00f3n y reconstrucci\u00f3n de carreteras<\/strong>, especialmente tras los da\u00f1os provocados por las recientes lluvias. Tambi\u00e9n se prev\u00e9 la inversi\u00f3n en hospitales, unidades educativas y otras obras de impacto social.<\/p>\n\n\n\n<p>Por su parte, Schwartz confirm\u00f3 que el financiamiento ya fue aprobado por el directorio del BID y remarc\u00f3 que se trata de un primer paso dentro de un proceso m\u00e1s amplio de cooperaci\u00f3n. \u201cEstamos ac\u00e1 con<strong> un paquete reci\u00e9n aprobado de 800 millones de d\u00f3lares<\/strong> en protecci\u00f3n social y salud, pero es solamente el primer paso; tenemos mucho m\u00e1s que hacer\u201d, sostuvo.<\/p>\n\n\n\n<p>Schwartz asegur\u00f3 que el BID respalda la direcci\u00f3n de las pol\u00edticas impulsadas por el Gobierno boliviano y reiter\u00f3 el <strong>compromiso de continuar apoyando al pa\u00eds <\/strong>en futuras iniciativas. \u201cEstamos ac\u00e1 para apoyarles completamente\u201d, enfatiz\u00f3.<\/p>\n\n\n\n<p>El Gobierno prev\u00e9 que estos<strong> recursos permitan dinamizar la econom\u00eda<\/strong>, mejorar los servicios b\u00e1sicos y fortalecer la infraestructura nacional en un contexto marcado por desaf\u00edos clim\u00e1ticos y demandas sociales crecientes.<\/p>\n\n\n\n<p>Fuente: El Deber<\/p>\n","protected":false},"excerpt":{"rendered":"<p>La Paz, 30 de Abril de 2026.- El Gobierno prev\u00e9 que estos recursos permitan dinamizar la econom\u00eda, mejorar los servicios b\u00e1sicos y fortalecer la infraestructura nacional en un contexto marcado por desaf\u00edos clim\u00e1ticos y demandas sociales crecientes El presidente de Bolivia, Rodrigo Paz, anunci\u00f3 este mi\u00e9rcoles la aprobaci\u00f3n de un paquete de financiamiento por $us&#8230;<\/p>\n","protected":false},"author":11,"featured_media":11590,"comment_status":"open","ping_status":"open","sticky":false,"template":"","format":"standard","meta":{"_jetpack_memberships_contains_paid_content":false,"footnotes":"","jetpack_publicize_message":"","jetpack_publicize_feature_enabled":true,"jetpack_social_post_already_shared":true,"jetpack_social_options":{"image_generator_settings":{"template":"highway","enabled":false},"version":2}},"categories":[16],"tags":[1388,1387,7,18,345],"class_list":["post-11589","post","type-post","status-publish","format-standard","has-post-thumbnail","hentry","category-economia","tag-banco-interamericano-de-desarrollo","tag-bid","tag-bolivia","tag-economia","tag-rodrigo-paz"],"jetpack_publicize_connections":[],"yoast_head":"<!-- This site is optimized with the Yoast SEO plugin v23.4 - https:\/\/yoast.com\/wordpress\/plugins\/seo\/ -->\n<title>PRESIDENTE PAZ ANUNCIA QUE EL BID APROB\u00d3 $US 800 MILLONES PARA BOLIVIA - innoticiasbo.com<\/title>\n<meta name=\"robots\" content=\"index, follow, max-snippet:-1, max-image-preview:large, max-video-preview:-1\" \/>\n<link rel=\"canonical\" href=\"https:\/\/innoticiasbo.com\/index.php\/2026\/04\/30\/presidente-paz-anuncia-que-el-bid-aprobo-us-800-millones-para-bolivia\/\" \/>\n<meta property=\"og:locale\" content=\"es_ES\" \/>\n<meta property=\"og:type\" content=\"article\" \/>\n<meta property=\"og:title\" content=\"PRESIDENTE PAZ ANUNCIA QUE EL BID APROB\u00d3 $US 800 MILLONES PARA BOLIVIA - innoticiasbo.com\" \/>\n<meta property=\"og:description\" content=\"La Paz, 30 de Abril de 2026.- El Gobierno prev\u00e9 que estos recursos permitan dinamizar la econom\u00eda, mejorar los servicios b\u00e1sicos y fortalecer la infraestructura nacional en un contexto marcado por desaf\u00edos clim\u00e1ticos y demandas sociales crecientes El presidente de Bolivia, Rodrigo Paz, anunci\u00f3 este mi\u00e9rcoles la aprobaci\u00f3n de un paquete de financiamiento por $us...\" \/>\n<meta property=\"og:url\" content=\"https:\/\/innoticiasbo.com\/index.php\/2026\/04\/30\/presidente-paz-anuncia-que-el-bid-aprobo-us-800-millones-para-bolivia\/\" \/>\n<meta property=\"og:site_name\" content=\"innoticiasbo.com\" \/>\n<meta property=\"article:publisher\" content=\"https:\/\/www.facebook.com\/innoticiasbolivia\" \/>\n<meta property=\"article:published_time\" content=\"2026-04-30T15:24:36+00:00\" \/>\n<meta property=\"article:modified_time\" content=\"2026-04-30T15:24:38+00:00\" \/>\n<meta property=\"og:image\" content=\"https:\/\/innoticiasbo.com\/wp-content\/uploads\/2026\/04\/image-348.png\" \/>\n\t<meta property=\"og:image:width\" content=\"1200\" \/>\n\t<meta property=\"og:image:height\" content=\"675\" \/>\n\t<meta property=\"og:image:type\" content=\"image\/png\" \/>\n<meta name=\"author\" content=\"Prensa 11\" \/>\n<meta name=\"twitter:card\" content=\"summary_large_image\" \/>\n<meta name=\"twitter:creator\" content=\"@innoticiasbo\" \/>\n<meta name=\"twitter:site\" content=\"@innoticiasbo\" \/>\n<meta name=\"twitter:label1\" content=\"Escrito por\" \/>\n\t<meta name=\"twitter:data1\" content=\"Prensa 11\" \/>\n\t<meta name=\"twitter:label2\" content=\"Tiempo de lectura\" \/>\n\t<meta name=\"twitter:data2\" content=\"2 minutos\" \/>\n<script type=\"application\/ld+json\" class=\"yoast-schema-graph\">{\"@context\":\"https:\/\/schema.org\",\"@graph\":[{\"@type\":\"Article\",\"@id\":\"https:\/\/innoticiasbo.com\/index.php\/2026\/04\/30\/presidente-paz-anuncia-que-el-bid-aprobo-us-800-millones-para-bolivia\/#article\",\"isPartOf\":{\"@id\":\"https:\/\/innoticiasbo.com\/index.php\/2026\/04\/30\/presidente-paz-anuncia-que-el-bid-aprobo-us-800-millones-para-bolivia\/\"},\"author\":{\"name\":\"Prensa 11\",\"@id\":\"https:\/\/innoticiasbo.com\/#\/schema\/person\/0b28481e8d0316f83a13bc702311def5\"},\"headline\":\"PRESIDENTE PAZ ANUNCIA QUE EL BID APROB\u00d3 $US 800 MILLONES PARA BOLIVIA\",\"datePublished\":\"2026-04-30T15:24:36+00:00\",\"dateModified\":\"2026-04-30T15:24:38+00:00\",\"mainEntityOfPage\":{\"@id\":\"https:\/\/innoticiasbo.com\/index.php\/2026\/04\/30\/presidente-paz-anuncia-que-el-bid-aprobo-us-800-millones-para-bolivia\/\"},\"wordCount\":357,\"commentCount\":0,\"publisher\":{\"@id\":\"https:\/\/innoticiasbo.com\/#organization\"},\"image\":{\"@id\":\"https:\/\/innoticiasbo.com\/index.php\/2026\/04\/30\/presidente-paz-anuncia-que-el-bid-aprobo-us-800-millones-para-bolivia\/#primaryimage\"},\"thumbnailUrl\":\"https:\/\/i0.wp.com\/innoticiasbo.com\/wp-content\/uploads\/2026\/04\/image-348.png?fit=1200%2C675&ssl=1\",\"keywords\":[\"Banco Interamericano de Desarrollo\",\"BID\",\"Bolivia\",\"econom\u00eda\",\"Rodrigo Paz\"],\"articleSection\":[\"Econom\u00eda\"],\"inLanguage\":\"es\",\"potentialAction\":[{\"@type\":\"CommentAction\",\"name\":\"Comment\",\"target\":[\"https:\/\/innoticiasbo.com\/index.php\/2026\/04\/30\/presidente-paz-anuncia-que-el-bid-aprobo-us-800-millones-para-bolivia\/#respond\"]}]},{\"@type\":\"WebPage\",\"@id\":\"https:\/\/innoticiasbo.com\/index.php\/2026\/04\/30\/presidente-paz-anuncia-que-el-bid-aprobo-us-800-millones-para-bolivia\/\",\"url\":\"https:\/\/innoticiasbo.com\/index.php\/2026\/04\/30\/presidente-paz-anuncia-que-el-bid-aprobo-us-800-millones-para-bolivia\/\",\"name\":\"PRESIDENTE PAZ ANUNCIA QUE EL BID APROB\u00d3 $US 800 MILLONES PARA BOLIVIA - innoticiasbo.com\",\"isPartOf\":{\"@id\":\"https:\/\/innoticiasbo.com\/#website\"},\"primaryImageOfPage\":{\"@id\":\"https:\/\/innoticiasbo.com\/index.php\/2026\/04\/30\/presidente-paz-anuncia-que-el-bid-aprobo-us-800-millones-para-bolivia\/#primaryimage\"},\"image\":{\"@id\":\"https:\/\/innoticiasbo.com\/index.php\/2026\/04\/30\/presidente-paz-anuncia-que-el-bid-aprobo-us-800-millones-para-bolivia\/#primaryimage\"},\"thumbnailUrl\":\"https:\/\/i0.wp.com\/innoticiasbo.com\/wp-content\/uploads\/2026\/04\/image-348.png?fit=1200%2C675&ssl=1\",\"datePublished\":\"2026-04-30T15:24:36+00:00\",\"dateModified\":\"2026-04-30T15:24:38+00:00\",\"breadcrumb\":{\"@id\":\"https:\/\/innoticiasbo.com\/index.php\/2026\/04\/30\/presidente-paz-anuncia-que-el-bid-aprobo-us-800-millones-para-bolivia\/#breadcrumb\"},\"inLanguage\":\"es\",\"potentialAction\":[{\"@type\":\"ReadAction\",\"target\":[\"https:\/\/innoticiasbo.com\/index.php\/2026\/04\/30\/presidente-paz-anuncia-que-el-bid-aprobo-us-800-millones-para-bolivia\/\"]}]},{\"@type\":\"ImageObject\",\"inLanguage\":\"es\",\"@id\":\"https:\/\/innoticiasbo.com\/index.php\/2026\/04\/30\/presidente-paz-anuncia-que-el-bid-aprobo-us-800-millones-para-bolivia\/#primaryimage\",\"url\":\"https:\/\/i0.wp.com\/innoticiasbo.com\/wp-content\/uploads\/2026\/04\/image-348.png?fit=1200%2C675&ssl=1\",\"contentUrl\":\"https:\/\/i0.wp.com\/innoticiasbo.com\/wp-content\/uploads\/2026\/04\/image-348.png?fit=1200%2C675&ssl=1\",\"width\":1200,\"height\":675},{\"@type\":\"BreadcrumbList\",\"@id\":\"https:\/\/innoticiasbo.com\/index.php\/2026\/04\/30\/presidente-paz-anuncia-que-el-bid-aprobo-us-800-millones-para-bolivia\/#breadcrumb\",\"itemListElement\":[{\"@type\":\"ListItem\",\"position\":1,\"name\":\"Portada\",\"item\":\"https:\/\/innoticiasbo.com\/\"},{\"@type\":\"ListItem\",\"position\":2,\"name\":\"PRESIDENTE PAZ ANUNCIA QUE EL BID APROB\u00d3 $US 800 MILLONES PARA BOLIVIA\"}]},{\"@type\":\"WebSite\",\"@id\":\"https:\/\/innoticiasbo.com\/#website\",\"url\":\"https:\/\/innoticiasbo.com\/\",\"name\":\"innoticiasbo.com\",\"description\":\"\",\"publisher\":{\"@id\":\"https:\/\/innoticiasbo.com\/#organization\"},\"potentialAction\":[{\"@type\":\"SearchAction\",\"target\":{\"@type\":\"EntryPoint\",\"urlTemplate\":\"https:\/\/innoticiasbo.com\/?s={search_term_string}\"},\"query-input\":{\"@type\":\"PropertyValueSpecification\",\"valueRequired\":true,\"valueName\":\"search_term_string\"}}],\"inLanguage\":\"es\"},{\"@type\":\"Organization\",\"@id\":\"https:\/\/innoticiasbo.com\/#organization\",\"name\":\"innoticiasbo.com\",\"url\":\"https:\/\/innoticiasbo.com\/\",\"logo\":{\"@type\":\"ImageObject\",\"inLanguage\":\"es\",\"@id\":\"https:\/\/innoticiasbo.com\/#\/schema\/logo\/image\/\",\"url\":\"https:\/\/i0.wp.com\/innoticiasbo.com\/wp-content\/uploads\/2026\/04\/cropped-IN-LOGO.png?fit=1476%2C1476&ssl=1\",\"contentUrl\":\"https:\/\/i0.wp.com\/innoticiasbo.com\/wp-content\/uploads\/2026\/04\/cropped-IN-LOGO.png?fit=1476%2C1476&ssl=1\",\"width\":1476,\"height\":1476,\"caption\":\"innoticiasbo.com\"},\"image\":{\"@id\":\"https:\/\/innoticiasbo.com\/#\/schema\/logo\/image\/\"},\"sameAs\":[\"https:\/\/www.facebook.com\/innoticiasbolivia\",\"https:\/\/x.com\/innoticiasbo\",\"https:\/\/www.instagram.com\/innoticiasbo\",\"https:\/\/www.youtube.com\/innoticiasbo\"]},{\"@type\":\"Person\",\"@id\":\"https:\/\/innoticiasbo.com\/#\/schema\/person\/0b28481e8d0316f83a13bc702311def5\",\"name\":\"Prensa 11\",\"image\":{\"@type\":\"ImageObject\",\"inLanguage\":\"es\",\"@id\":\"https:\/\/innoticiasbo.com\/#\/schema\/person\/image\/\",\"url\":\"https:\/\/secure.gravatar.com\/avatar\/696560c17349f1807a610bf83832bad0?s=96&d=mm&r=g\",\"contentUrl\":\"https:\/\/secure.gravatar.com\/avatar\/696560c17349f1807a610bf83832bad0?s=96&d=mm&r=g\",\"caption\":\"Prensa 11\"},\"sameAs\":[\"http:\/\/www.innoticiasbo.com\"],\"url\":\"https:\/\/innoticiasbo.com\/index.php\/author\/prensa-11\/\"}]}<\/script>\n<!-- \/ Yoast SEO plugin. -->","yoast_head_json":{"title":"PRESIDENTE PAZ ANUNCIA QUE EL BID APROB\u00d3 $US 800 MILLONES PARA BOLIVIA - innoticiasbo.com","robots":{"index":"index","follow":"follow","max-snippet":"max-snippet:-1","max-image-preview":"max-image-preview:large","max-video-preview":"max-video-preview:-1"},"canonical":"https:\/\/innoticiasbo.com\/index.php\/2026\/04\/30\/presidente-paz-anuncia-que-el-bid-aprobo-us-800-millones-para-bolivia\/","og_locale":"es_ES","og_type":"article","og_title":"PRESIDENTE PAZ ANUNCIA QUE EL BID APROB\u00d3 $US 800 MILLONES PARA BOLIVIA - innoticiasbo.com","og_description":"La Paz, 30 de Abril de 2026.- El Gobierno prev\u00e9 que estos recursos permitan dinamizar la econom\u00eda, mejorar los servicios b\u00e1sicos y fortalecer la infraestructura nacional en un contexto marcado por desaf\u00edos clim\u00e1ticos y demandas sociales crecientes El presidente de Bolivia, Rodrigo Paz, anunci\u00f3 este mi\u00e9rcoles la aprobaci\u00f3n de un paquete de financiamiento por $us...","og_url":"https:\/\/innoticiasbo.com\/index.php\/2026\/04\/30\/presidente-paz-anuncia-que-el-bid-aprobo-us-800-millones-para-bolivia\/","og_site_name":"innoticiasbo.com","article_publisher":"https:\/\/www.facebook.com\/innoticiasbolivia","article_published_time":"2026-04-30T15:24:36+00:00","article_modified_time":"2026-04-30T15:24:38+00:00","og_image":[{"width":1200,"height":675,"url":"https:\/\/innoticiasbo.com\/wp-content\/uploads\/2026\/04\/image-348.png","type":"image\/png"}],"author":"Prensa 11","twitter_card":"summary_large_image","twitter_creator":"@innoticiasbo","twitter_site":"@innoticiasbo","twitter_misc":{"Escrito por":"Prensa 11","Tiempo de lectura":"2 minutos"},"schema":{"@context":"https:\/\/schema.org","@graph":[{"@type":"Article","@id":"https:\/\/innoticiasbo.com\/index.php\/2026\/04\/30\/presidente-paz-anuncia-que-el-bid-aprobo-us-800-millones-para-bolivia\/#article","isPartOf":{"@id":"https:\/\/innoticiasbo.com\/index.php\/2026\/04\/30\/presidente-paz-anuncia-que-el-bid-aprobo-us-800-millones-para-bolivia\/"},"author":{"name":"Prensa 11","@id":"https:\/\/innoticiasbo.com\/#\/schema\/person\/0b28481e8d0316f83a13bc702311def5"},"headline":"PRESIDENTE PAZ ANUNCIA QUE EL BID APROB\u00d3 $US 800 MILLONES PARA BOLIVIA","datePublished":"2026-04-30T15:24:36+00:00","dateModified":"2026-04-30T15:24:38+00:00","mainEntityOfPage":{"@id":"https:\/\/innoticiasbo.com\/index.php\/2026\/04\/30\/presidente-paz-anuncia-que-el-bid-aprobo-us-800-millones-para-bolivia\/"},"wordCount":357,"commentCount":0,"publisher":{"@id":"https:\/\/innoticiasbo.com\/#organization"},"image":{"@id":"https:\/\/innoticiasbo.com\/index.php\/2026\/04\/30\/presidente-paz-anuncia-que-el-bid-aprobo-us-800-millones-para-bolivia\/#primaryimage"},"thumbnailUrl":"https:\/\/i0.wp.com\/innoticiasbo.com\/wp-content\/uploads\/2026\/04\/image-348.png?fit=1200%2C675&ssl=1","keywords":["Banco Interamericano de Desarrollo","BID","Bolivia","econom\u00eda","Rodrigo Paz"],"articleSection":["Econom\u00eda"],"inLanguage":"es","potentialAction":[{"@type":"CommentAction","name":"Comment","target":["https:\/\/innoticiasbo.com\/index.php\/2026\/04\/30\/presidente-paz-anuncia-que-el-bid-aprobo-us-800-millones-para-bolivia\/#respond"]}]},{"@type":"WebPage","@id":"https:\/\/innoticiasbo.com\/index.php\/2026\/04\/30\/presidente-paz-anuncia-que-el-bid-aprobo-us-800-millones-para-bolivia\/","url":"https:\/\/innoticiasbo.com\/index.php\/2026\/04\/30\/presidente-paz-anuncia-que-el-bid-aprobo-us-800-millones-para-bolivia\/","name":"PRESIDENTE PAZ ANUNCIA QUE EL BID APROB\u00d3 $US 800 MILLONES PARA BOLIVIA - innoticiasbo.com","isPartOf":{"@id":"https:\/\/innoticiasbo.com\/#website"},"primaryImageOfPage":{"@id":"https:\/\/innoticiasbo.com\/index.php\/2026\/04\/30\/presidente-paz-anuncia-que-el-bid-aprobo-us-800-millones-para-bolivia\/#primaryimage"},"image":{"@id":"https:\/\/innoticiasbo.com\/index.php\/2026\/04\/30\/presidente-paz-anuncia-que-el-bid-aprobo-us-800-millones-para-bolivia\/#primaryimage"},"thumbnailUrl":"https:\/\/i0.wp.com\/innoticiasbo.com\/wp-content\/uploads\/2026\/04\/image-348.png?fit=1200%2C675&ssl=1","datePublished":"2026-04-30T15:24:36+00:00","dateModified":"2026-04-30T15:24:38+00:00","breadcrumb":{"@id":"https:\/\/innoticiasbo.com\/index.php\/2026\/04\/30\/presidente-paz-anuncia-que-el-bid-aprobo-us-800-millones-para-bolivia\/#breadcrumb"},"inLanguage":"es","potentialAction":[{"@type":"ReadAction","target":["https:\/\/innoticiasbo.com\/index.php\/2026\/04\/30\/presidente-paz-anuncia-que-el-bid-aprobo-us-800-millones-para-bolivia\/"]}]},{"@type":"ImageObject","inLanguage":"es","@id":"https:\/\/innoticiasbo.com\/index.php\/2026\/04\/30\/presidente-paz-anuncia-que-el-bid-aprobo-us-800-millones-para-bolivia\/#primaryimage","url":"https:\/\/i0.wp.com\/innoticiasbo.com\/wp-content\/uploads\/2026\/04\/image-348.png?fit=1200%2C675&ssl=1","contentUrl":"https:\/\/i0.wp.com\/innoticiasbo.com\/wp-content\/uploads\/2026\/04\/image-348.png?fit=1200%2C675&ssl=1","width":1200,"height":675},{"@type":"BreadcrumbList","@id":"https:\/\/innoticiasbo.com\/index.php\/2026\/04\/30\/presidente-paz-anuncia-que-el-bid-aprobo-us-800-millones-para-bolivia\/#breadcrumb","itemListElement":[{"@type":"ListItem","position":1,"name":"Portada","item":"https:\/\/innoticiasbo.com\/"},{"@type":"ListItem","position":2,"name":"PRESIDENTE PAZ ANUNCIA QUE EL BID APROB\u00d3 $US 800 MILLONES PARA BOLIVIA"}]},{"@type":"WebSite","@id":"https:\/\/innoticiasbo.com\/#website","url":"https:\/\/innoticiasbo.com\/","name":"innoticiasbo.com","description":"","publisher":{"@id":"https:\/\/innoticiasbo.com\/#organization"},"potentialAction":[{"@type":"SearchAction","target":{"@type":"EntryPoint","urlTemplate":"https:\/\/innoticiasbo.com\/?s={search_term_string}"},"query-input":{"@type":"PropertyValueSpecification","valueRequired":true,"valueName":"search_term_string"}}],"inLanguage":"es"},{"@type":"Organization","@id":"https:\/\/innoticiasbo.com\/#organization","name":"innoticiasbo.com","url":"https:\/\/innoticiasbo.com\/","logo":{"@type":"ImageObject","inLanguage":"es","@id":"https:\/\/innoticiasbo.com\/#\/schema\/logo\/image\/","url":"https:\/\/i0.wp.com\/innoticiasbo.com\/wp-content\/uploads\/2026\/04\/cropped-IN-LOGO.png?fit=1476%2C1476&ssl=1","contentUrl":"https:\/\/i0.wp.com\/innoticiasbo.com\/wp-content\/uploads\/2026\/04\/cropped-IN-LOGO.png?fit=1476%2C1476&ssl=1","width":1476,"height":1476,"caption":"innoticiasbo.com"},"image":{"@id":"https:\/\/innoticiasbo.com\/#\/schema\/logo\/image\/"},"sameAs":["https:\/\/www.facebook.com\/innoticiasbolivia","https:\/\/x.com\/innoticiasbo","https:\/\/www.instagram.com\/innoticiasbo","https:\/\/www.youtube.com\/innoticiasbo"]},{"@type":"Person","@id":"https:\/\/innoticiasbo.com\/#\/schema\/person\/0b28481e8d0316f83a13bc702311def5","name":"Prensa 11","image":{"@type":"ImageObject","inLanguage":"es","@id":"https:\/\/innoticiasbo.com\/#\/schema\/person\/image\/","url":"https:\/\/secure.gravatar.com\/avatar\/696560c17349f1807a610bf83832bad0?s=96&d=mm&r=g","contentUrl":"https:\/\/secure.gravatar.com\/avatar\/696560c17349f1807a610bf83832bad0?s=96&d=mm&r=g","caption":"Prensa 11"},"sameAs":["http:\/\/www.innoticiasbo.com"],"url":"https:\/\/innoticiasbo.com\/index.php\/author\/prensa-11\/"}]}},"jetpack_featured_media_url":"https:\/\/i0.wp.com\/innoticiasbo.com\/wp-content\/uploads\/2026\/04\/image-348.png?fit=1200%2C675&ssl=1","jetpack_likes_enabled":true,"jetpack_sharing_enabled":true,"jetpack_shortlink":"https:\/\/wp.me\/pg298x-30V","_links":{"self":[{"href":"https:\/\/innoticiasbo.com\/index.php\/wp-json\/wp\/v2\/posts\/11589","targetHints":{"allow":["GET"]}}],"collection":[{"href":"https:\/\/innoticiasbo.com\/index.php\/wp-json\/wp\/v2\/posts"}],"about":[{"href":"https:\/\/innoticiasbo.com\/index.php\/wp-json\/wp\/v2\/types\/post"}],"author":[{"embeddable":true,"href":"https:\/\/innoticiasbo.com\/index.php\/wp-json\/wp\/v2\/users\/11"}],"replies":[{"embeddable":true,"href":"https:\/\/innoticiasbo.com\/index.php\/wp-json\/wp\/v2\/comments?post=11589"}],"version-history":[{"count":1,"href":"https:\/\/innoticiasbo.com\/index.php\/wp-json\/wp\/v2\/posts\/11589\/revisions"}],"predecessor-version":[{"id":11591,"href":"https:\/\/innoticiasbo.com\/index.php\/wp-json\/wp\/v2\/posts\/11589\/revisions\/11591"}],"wp:featuredmedia":[{"embeddable":true,"href":"https:\/\/innoticiasbo.com\/index.php\/wp-json\/wp\/v2\/media\/11590"}],"wp:attachment":[{"href":"https:\/\/innoticiasbo.com\/index.php\/wp-json\/wp\/v2\/media?parent=11589"}],"wp:term":[{"taxonomy":"category","embeddable":true,"href":"https:\/\/innoticiasbo.com\/index.php\/wp-json\/wp\/v2\/categories?post=11589"},{"taxonomy":"post_tag","embeddable":true,"href":"https:\/\/innoticiasbo.com\/index.php\/wp-json\/wp\/v2\/tags?post=11589"}],"curies":[{"name":"wp","href":"https:\/\/api.w.org\/{rel}","templated":true}]}}