{"id":11586,"date":"2026-04-30T10:57:20","date_gmt":"2026-04-30T14:57:20","guid":{"rendered":"https:\/\/innoticiasbo.com\/?p=11586"},"modified":"2026-04-30T10:57:22","modified_gmt":"2026-04-30T14:57:22","slug":"cob-y-sectores-alistan-cabildo-el-1-de-mayo-vocero-de-paz-ve-conspiracion","status":"publish","type":"post","link":"https:\/\/innoticiasbo.com\/index.php\/2026\/04\/30\/cob-y-sectores-alistan-cabildo-el-1-de-mayo-vocero-de-paz-ve-conspiracion\/","title":{"rendered":"COB Y SECTORES ALISTAN CABILDO EL 1 DE MAYO; VOCERO DE PAZ VE \u201cCONSPIRACI\u00d3N\u201d"},"content":{"rendered":"\n<figure class=\"wp-block-image size-full is-resized\"><img data-recalc-dims=\"1\" loading=\"lazy\" decoding=\"async\" width=\"640\" height=\"357\" src=\"https:\/\/i0.wp.com\/innoticiasbo.com\/wp-content\/uploads\/2026\/04\/image-347.png?resize=640%2C357&#038;ssl=1\" alt=\"\" class=\"wp-image-11587\" style=\"width:840px;height:auto\" srcset=\"https:\/\/i0.wp.com\/innoticiasbo.com\/wp-content\/uploads\/2026\/04\/image-347.png?w=770&amp;ssl=1 770w, https:\/\/i0.wp.com\/innoticiasbo.com\/wp-content\/uploads\/2026\/04\/image-347.png?resize=300%2C168&amp;ssl=1 300w, https:\/\/i0.wp.com\/innoticiasbo.com\/wp-content\/uploads\/2026\/04\/image-347.png?resize=768%2C429&amp;ssl=1 768w\" sizes=\"auto, (max-width: 640px) 100vw, 640px\" \/><\/figure>\n\n\n\n<p><strong>Pa\u00eds, 30 de Abril de 2026.- <\/strong>La Central Obrera Boliviana (COB) ha confirmado que ma\u00f1ana, 1 de mayo, D\u00eda del Trabajador, realizar\u00e1 un cabildo en el que definir\u00e1 medidas ante el rechazo del Gobierno al pedido de aumento salarial.<\/p>\n\n\n\n<p>Adem\u00e1s del cabildo de la COB, otros sectores tambi\u00e9n han anunciado movilizaciones. El Magisterio que se sumar\u00e1 a la reuni\u00f3n de los trabajadores, los mineros cooperativistas, transporte, campesinos e ind\u00edgenas de Pando y otras organizaciones est\u00e1n en apronte para asumir medidas de presi\u00f3n.<\/p>\n\n\n\n<p>En tanto, ante los anuncios de protestas, el vocero presidencial, Jos\u00e9 Luis G\u00e1lvez, dijo que el Gobierno est\u00e1 abierto a dialogar con todos los sectores de Bolivia, sin embargo, alert\u00f3 que \u201cest\u00e1 en curso\u201d un proceso conspirativo contra la administraci\u00f3n de Rodrigo Paz.<\/p>\n\n\n\n<p>\u201cEstamos en democracia y podemos expresar nuestras demandas, de eso se trata, y tenemos que escucharnos. Lo que s\u00ed no estamos de acuerdo es en la generaci\u00f3n de convulsi\u00f3n pol\u00edtica con intenciones de generar un caos y eventualmente construir un proceso conspirativo que creemos que en parte est\u00e1 en curso\u201d, asever\u00f3 en conferencia de prensa.<\/p>\n\n\n\n<p>El secretario Ejecutivo de COB, Marco Argollo, anunci\u00f3 el martes que los afiliados al ente matriz de los trabajadores definir\u00e1n sus medidas de presi\u00f3n ma\u00f1ana.<\/p>\n\n\n\n<p>El sector laboral exige la atenci\u00f3n a su pliego petitorio y se unir\u00e1 con el Magisterio, que marcha en demanda del incremento salarial; el transporte p\u00fablico y pesado ya anunci\u00f3 un paro nacional escalonado que iniciar\u00e1 el pr\u00f3ximo martes; el sector salud de La Paz acat\u00f3 ayer paro de 24 horas en demanda de insumos; los mineros cooperativistas ya anticiparon que \u201cparalizar\u00e1n\u201d Bolivia; y una marcha ind\u00edgena- campesina de Pando y Beni se acerca a la Sede de Gobierno en rechazo a la Ley 1720.<\/p>\n\n\n\n<p>Decisiones<\/p>\n\n\n\n<p>\u201cEste cabildo es una medida extrema de la COB y sus organizaciones, ante la necesidad de que de una vez por todas el Gobierno central escuche a este pueblo. Este cabildo va a ser de car\u00e1cter deliberante y de obligaci\u00f3n cumplir las decisiones para el Gobierno central\u201d, dijo Mario Argollo, m\u00e1ximo ejecutivo de la COB, a Urgente.bo.<\/p>\n\n\n\n<p>En el cabildo de ma\u00f1ana se plantear\u00e1 una agenda nacional con distintas demandas al Gobierno, luego de que este \u00faltimo haya negado atender el pliego petitorio y optara por instalar mesas de di\u00e1logo a partir del 4 de mayo.<\/p>\n\n\n\n<p>Ser\u00e1 la primera vez que la COB lleve a cabo un cabildo; en a\u00f1os anteriores, este ente matriz acostumbraba a realizar una marcha por el D\u00eda del Trabajador.<\/p>\n\n\n\n<p>Los Fabriles de Bolivia confirmaron su participaci\u00f3n en el cabildo. El secretario ejecutivo del sector, Mario Segundo, se\u00f1al\u00f3 que en el encuentro se asumir\u00e1n determinaciones frente a las demandas estructurales de los trabajadores, las cuales no fueron atendidas por el Gobierno.<\/p>\n\n\n\n<p>Fuente: Los Tiempos<\/p>\n","protected":false},"excerpt":{"rendered":"<p>Pa\u00eds, 30 de Abril de 2026.- La Central Obrera Boliviana (COB) ha confirmado que ma\u00f1ana, 1 de mayo, D\u00eda del Trabajador, realizar\u00e1 un cabildo en el que definir\u00e1 medidas ante el rechazo del Gobierno al pedido de aumento salarial. Adem\u00e1s del cabildo de la COB, otros sectores tambi\u00e9n han anunciado movilizaciones. El Magisterio que se&#8230;<\/p>\n","protected":false},"author":11,"featured_media":11587,"comment_status":"open","ping_status":"open","sticky":false,"template":"","format":"standard","meta":{"_jetpack_memberships_contains_paid_content":false,"footnotes":"","jetpack_publicize_message":"","jetpack_publicize_feature_enabled":true,"jetpack_social_post_already_shared":true,"jetpack_social_options":{"image_generator_settings":{"template":"highway","enabled":false},"version":2}},"categories":[1,16],"tags":[7,1313,174,2768,18,345,2767],"class_list":["post-11586","post","type-post","status-publish","format-standard","has-post-thumbnail","hentry","category-bolivia","category-economia","tag-bolivia","tag-cabildo","tag-cob","tag-conspiracion","tag-economia","tag-rodrigo-paz","tag-sectores"],"jetpack_publicize_connections":[],"yoast_head":"<!-- This site is optimized with the Yoast SEO plugin v23.4 - https:\/\/yoast.com\/wordpress\/plugins\/seo\/ -->\n<title>COB Y SECTORES ALISTAN CABILDO EL 1 DE MAYO; VOCERO DE PAZ VE \u201cCONSPIRACI\u00d3N\u201d - innoticiasbo.com<\/title>\n<meta name=\"robots\" content=\"index, follow, max-snippet:-1, max-image-preview:large, max-video-preview:-1\" \/>\n<link rel=\"canonical\" href=\"https:\/\/innoticiasbo.com\/index.php\/2026\/04\/30\/cob-y-sectores-alistan-cabildo-el-1-de-mayo-vocero-de-paz-ve-conspiracion\/\" \/>\n<meta property=\"og:locale\" content=\"es_ES\" \/>\n<meta property=\"og:type\" content=\"article\" \/>\n<meta property=\"og:title\" content=\"COB Y SECTORES ALISTAN CABILDO EL 1 DE MAYO; VOCERO DE PAZ VE \u201cCONSPIRACI\u00d3N\u201d - innoticiasbo.com\" \/>\n<meta property=\"og:description\" content=\"Pa\u00eds, 30 de Abril de 2026.- La Central Obrera Boliviana (COB) ha confirmado que ma\u00f1ana, 1 de mayo, D\u00eda del Trabajador, realizar\u00e1 un cabildo en el que definir\u00e1 medidas ante el rechazo del Gobierno al pedido de aumento salarial. Adem\u00e1s del cabildo de la COB, otros sectores tambi\u00e9n han anunciado movilizaciones. El Magisterio que se...\" \/>\n<meta property=\"og:url\" content=\"https:\/\/innoticiasbo.com\/index.php\/2026\/04\/30\/cob-y-sectores-alistan-cabildo-el-1-de-mayo-vocero-de-paz-ve-conspiracion\/\" \/>\n<meta property=\"og:site_name\" content=\"innoticiasbo.com\" \/>\n<meta property=\"article:publisher\" content=\"https:\/\/www.facebook.com\/innoticiasbolivia\" \/>\n<meta property=\"article:published_time\" content=\"2026-04-30T14:57:20+00:00\" \/>\n<meta property=\"article:modified_time\" content=\"2026-04-30T14:57:22+00:00\" \/>\n<meta property=\"og:image\" content=\"https:\/\/innoticiasbo.com\/wp-content\/uploads\/2026\/04\/image-347.png\" \/>\n\t<meta property=\"og:image:width\" content=\"770\" \/>\n\t<meta property=\"og:image:height\" content=\"430\" \/>\n\t<meta property=\"og:image:type\" content=\"image\/png\" \/>\n<meta name=\"author\" content=\"Prensa 11\" \/>\n<meta name=\"twitter:card\" content=\"summary_large_image\" \/>\n<meta name=\"twitter:creator\" content=\"@innoticiasbo\" \/>\n<meta name=\"twitter:site\" content=\"@innoticiasbo\" \/>\n<meta name=\"twitter:label1\" content=\"Escrito por\" \/>\n\t<meta name=\"twitter:data1\" content=\"Prensa 11\" \/>\n\t<meta name=\"twitter:label2\" content=\"Tiempo de lectura\" \/>\n\t<meta name=\"twitter:data2\" content=\"3 minutos\" \/>\n<script type=\"application\/ld+json\" class=\"yoast-schema-graph\">{\"@context\":\"https:\/\/schema.org\",\"@graph\":[{\"@type\":\"Article\",\"@id\":\"https:\/\/innoticiasbo.com\/index.php\/2026\/04\/30\/cob-y-sectores-alistan-cabildo-el-1-de-mayo-vocero-de-paz-ve-conspiracion\/#article\",\"isPartOf\":{\"@id\":\"https:\/\/innoticiasbo.com\/index.php\/2026\/04\/30\/cob-y-sectores-alistan-cabildo-el-1-de-mayo-vocero-de-paz-ve-conspiracion\/\"},\"author\":{\"name\":\"Prensa 11\",\"@id\":\"https:\/\/innoticiasbo.com\/#\/schema\/person\/0b28481e8d0316f83a13bc702311def5\"},\"headline\":\"COB Y SECTORES ALISTAN CABILDO EL 1 DE MAYO; VOCERO DE PAZ VE \u201cCONSPIRACI\u00d3N\u201d\",\"datePublished\":\"2026-04-30T14:57:20+00:00\",\"dateModified\":\"2026-04-30T14:57:22+00:00\",\"mainEntityOfPage\":{\"@id\":\"https:\/\/innoticiasbo.com\/index.php\/2026\/04\/30\/cob-y-sectores-alistan-cabildo-el-1-de-mayo-vocero-de-paz-ve-conspiracion\/\"},\"wordCount\":501,\"commentCount\":0,\"publisher\":{\"@id\":\"https:\/\/innoticiasbo.com\/#organization\"},\"image\":{\"@id\":\"https:\/\/innoticiasbo.com\/index.php\/2026\/04\/30\/cob-y-sectores-alistan-cabildo-el-1-de-mayo-vocero-de-paz-ve-conspiracion\/#primaryimage\"},\"thumbnailUrl\":\"https:\/\/i0.wp.com\/innoticiasbo.com\/wp-content\/uploads\/2026\/04\/image-347.png?fit=770%2C430&ssl=1\",\"keywords\":[\"Bolivia\",\"Cabildo\",\"COB\",\"Conspiraci\u00f3n\",\"econom\u00eda\",\"Rodrigo Paz\",\"Sectores\"],\"articleSection\":[\"Bolivia\",\"Econom\u00eda\"],\"inLanguage\":\"es\",\"potentialAction\":[{\"@type\":\"CommentAction\",\"name\":\"Comment\",\"target\":[\"https:\/\/innoticiasbo.com\/index.php\/2026\/04\/30\/cob-y-sectores-alistan-cabildo-el-1-de-mayo-vocero-de-paz-ve-conspiracion\/#respond\"]}]},{\"@type\":\"WebPage\",\"@id\":\"https:\/\/innoticiasbo.com\/index.php\/2026\/04\/30\/cob-y-sectores-alistan-cabildo-el-1-de-mayo-vocero-de-paz-ve-conspiracion\/\",\"url\":\"https:\/\/innoticiasbo.com\/index.php\/2026\/04\/30\/cob-y-sectores-alistan-cabildo-el-1-de-mayo-vocero-de-paz-ve-conspiracion\/\",\"name\":\"COB Y SECTORES ALISTAN CABILDO EL 1 DE MAYO; VOCERO DE PAZ VE \u201cCONSPIRACI\u00d3N\u201d - innoticiasbo.com\",\"isPartOf\":{\"@id\":\"https:\/\/innoticiasbo.com\/#website\"},\"primaryImageOfPage\":{\"@id\":\"https:\/\/innoticiasbo.com\/index.php\/2026\/04\/30\/cob-y-sectores-alistan-cabildo-el-1-de-mayo-vocero-de-paz-ve-conspiracion\/#primaryimage\"},\"image\":{\"@id\":\"https:\/\/innoticiasbo.com\/index.php\/2026\/04\/30\/cob-y-sectores-alistan-cabildo-el-1-de-mayo-vocero-de-paz-ve-conspiracion\/#primaryimage\"},\"thumbnailUrl\":\"https:\/\/i0.wp.com\/innoticiasbo.com\/wp-content\/uploads\/2026\/04\/image-347.png?fit=770%2C430&ssl=1\",\"datePublished\":\"2026-04-30T14:57:20+00:00\",\"dateModified\":\"2026-04-30T14:57:22+00:00\",\"breadcrumb\":{\"@id\":\"https:\/\/innoticiasbo.com\/index.php\/2026\/04\/30\/cob-y-sectores-alistan-cabildo-el-1-de-mayo-vocero-de-paz-ve-conspiracion\/#breadcrumb\"},\"inLanguage\":\"es\",\"potentialAction\":[{\"@type\":\"ReadAction\",\"target\":[\"https:\/\/innoticiasbo.com\/index.php\/2026\/04\/30\/cob-y-sectores-alistan-cabildo-el-1-de-mayo-vocero-de-paz-ve-conspiracion\/\"]}]},{\"@type\":\"ImageObject\",\"inLanguage\":\"es\",\"@id\":\"https:\/\/innoticiasbo.com\/index.php\/2026\/04\/30\/cob-y-sectores-alistan-cabildo-el-1-de-mayo-vocero-de-paz-ve-conspiracion\/#primaryimage\",\"url\":\"https:\/\/i0.wp.com\/innoticiasbo.com\/wp-content\/uploads\/2026\/04\/image-347.png?fit=770%2C430&ssl=1\",\"contentUrl\":\"https:\/\/i0.wp.com\/innoticiasbo.com\/wp-content\/uploads\/2026\/04\/image-347.png?fit=770%2C430&ssl=1\",\"width\":770,\"height\":430},{\"@type\":\"BreadcrumbList\",\"@id\":\"https:\/\/innoticiasbo.com\/index.php\/2026\/04\/30\/cob-y-sectores-alistan-cabildo-el-1-de-mayo-vocero-de-paz-ve-conspiracion\/#breadcrumb\",\"itemListElement\":[{\"@type\":\"ListItem\",\"position\":1,\"name\":\"Portada\",\"item\":\"https:\/\/innoticiasbo.com\/\"},{\"@type\":\"ListItem\",\"position\":2,\"name\":\"COB Y SECTORES ALISTAN CABILDO EL 1 DE MAYO; VOCERO DE PAZ VE \u201cCONSPIRACI\u00d3N\u201d\"}]},{\"@type\":\"WebSite\",\"@id\":\"https:\/\/innoticiasbo.com\/#website\",\"url\":\"https:\/\/innoticiasbo.com\/\",\"name\":\"innoticiasbo.com\",\"description\":\"\",\"publisher\":{\"@id\":\"https:\/\/innoticiasbo.com\/#organization\"},\"potentialAction\":[{\"@type\":\"SearchAction\",\"target\":{\"@type\":\"EntryPoint\",\"urlTemplate\":\"https:\/\/innoticiasbo.com\/?s={search_term_string}\"},\"query-input\":{\"@type\":\"PropertyValueSpecification\",\"valueRequired\":true,\"valueName\":\"search_term_string\"}}],\"inLanguage\":\"es\"},{\"@type\":\"Organization\",\"@id\":\"https:\/\/innoticiasbo.com\/#organization\",\"name\":\"innoticiasbo.com\",\"url\":\"https:\/\/innoticiasbo.com\/\",\"logo\":{\"@type\":\"ImageObject\",\"inLanguage\":\"es\",\"@id\":\"https:\/\/innoticiasbo.com\/#\/schema\/logo\/image\/\",\"url\":\"https:\/\/i0.wp.com\/innoticiasbo.com\/wp-content\/uploads\/2026\/04\/cropped-IN-LOGO.png?fit=1476%2C1476&ssl=1\",\"contentUrl\":\"https:\/\/i0.wp.com\/innoticiasbo.com\/wp-content\/uploads\/2026\/04\/cropped-IN-LOGO.png?fit=1476%2C1476&ssl=1\",\"width\":1476,\"height\":1476,\"caption\":\"innoticiasbo.com\"},\"image\":{\"@id\":\"https:\/\/innoticiasbo.com\/#\/schema\/logo\/image\/\"},\"sameAs\":[\"https:\/\/www.facebook.com\/innoticiasbolivia\",\"https:\/\/x.com\/innoticiasbo\",\"https:\/\/www.instagram.com\/innoticiasbo\",\"https:\/\/www.youtube.com\/innoticiasbo\"]},{\"@type\":\"Person\",\"@id\":\"https:\/\/innoticiasbo.com\/#\/schema\/person\/0b28481e8d0316f83a13bc702311def5\",\"name\":\"Prensa 11\",\"image\":{\"@type\":\"ImageObject\",\"inLanguage\":\"es\",\"@id\":\"https:\/\/innoticiasbo.com\/#\/schema\/person\/image\/\",\"url\":\"https:\/\/secure.gravatar.com\/avatar\/696560c17349f1807a610bf83832bad0?s=96&d=mm&r=g\",\"contentUrl\":\"https:\/\/secure.gravatar.com\/avatar\/696560c17349f1807a610bf83832bad0?s=96&d=mm&r=g\",\"caption\":\"Prensa 11\"},\"sameAs\":[\"http:\/\/www.innoticiasbo.com\"],\"url\":\"https:\/\/innoticiasbo.com\/index.php\/author\/prensa-11\/\"}]}<\/script>\n<!-- \/ Yoast SEO plugin. -->","yoast_head_json":{"title":"COB Y SECTORES ALISTAN CABILDO EL 1 DE MAYO; VOCERO DE PAZ VE \u201cCONSPIRACI\u00d3N\u201d - innoticiasbo.com","robots":{"index":"index","follow":"follow","max-snippet":"max-snippet:-1","max-image-preview":"max-image-preview:large","max-video-preview":"max-video-preview:-1"},"canonical":"https:\/\/innoticiasbo.com\/index.php\/2026\/04\/30\/cob-y-sectores-alistan-cabildo-el-1-de-mayo-vocero-de-paz-ve-conspiracion\/","og_locale":"es_ES","og_type":"article","og_title":"COB Y SECTORES ALISTAN CABILDO EL 1 DE MAYO; VOCERO DE PAZ VE \u201cCONSPIRACI\u00d3N\u201d - innoticiasbo.com","og_description":"Pa\u00eds, 30 de Abril de 2026.- La Central Obrera Boliviana (COB) ha confirmado que ma\u00f1ana, 1 de mayo, D\u00eda del Trabajador, realizar\u00e1 un cabildo en el que definir\u00e1 medidas ante el rechazo del Gobierno al pedido de aumento salarial. Adem\u00e1s del cabildo de la COB, otros sectores tambi\u00e9n han anunciado movilizaciones. El Magisterio que se...","og_url":"https:\/\/innoticiasbo.com\/index.php\/2026\/04\/30\/cob-y-sectores-alistan-cabildo-el-1-de-mayo-vocero-de-paz-ve-conspiracion\/","og_site_name":"innoticiasbo.com","article_publisher":"https:\/\/www.facebook.com\/innoticiasbolivia","article_published_time":"2026-04-30T14:57:20+00:00","article_modified_time":"2026-04-30T14:57:22+00:00","og_image":[{"width":770,"height":430,"url":"https:\/\/innoticiasbo.com\/wp-content\/uploads\/2026\/04\/image-347.png","type":"image\/png"}],"author":"Prensa 11","twitter_card":"summary_large_image","twitter_creator":"@innoticiasbo","twitter_site":"@innoticiasbo","twitter_misc":{"Escrito por":"Prensa 11","Tiempo de lectura":"3 minutos"},"schema":{"@context":"https:\/\/schema.org","@graph":[{"@type":"Article","@id":"https:\/\/innoticiasbo.com\/index.php\/2026\/04\/30\/cob-y-sectores-alistan-cabildo-el-1-de-mayo-vocero-de-paz-ve-conspiracion\/#article","isPartOf":{"@id":"https:\/\/innoticiasbo.com\/index.php\/2026\/04\/30\/cob-y-sectores-alistan-cabildo-el-1-de-mayo-vocero-de-paz-ve-conspiracion\/"},"author":{"name":"Prensa 11","@id":"https:\/\/innoticiasbo.com\/#\/schema\/person\/0b28481e8d0316f83a13bc702311def5"},"headline":"COB Y SECTORES ALISTAN CABILDO EL 1 DE MAYO; VOCERO DE PAZ VE \u201cCONSPIRACI\u00d3N\u201d","datePublished":"2026-04-30T14:57:20+00:00","dateModified":"2026-04-30T14:57:22+00:00","mainEntityOfPage":{"@id":"https:\/\/innoticiasbo.com\/index.php\/2026\/04\/30\/cob-y-sectores-alistan-cabildo-el-1-de-mayo-vocero-de-paz-ve-conspiracion\/"},"wordCount":501,"commentCount":0,"publisher":{"@id":"https:\/\/innoticiasbo.com\/#organization"},"image":{"@id":"https:\/\/innoticiasbo.com\/index.php\/2026\/04\/30\/cob-y-sectores-alistan-cabildo-el-1-de-mayo-vocero-de-paz-ve-conspiracion\/#primaryimage"},"thumbnailUrl":"https:\/\/i0.wp.com\/innoticiasbo.com\/wp-content\/uploads\/2026\/04\/image-347.png?fit=770%2C430&ssl=1","keywords":["Bolivia","Cabildo","COB","Conspiraci\u00f3n","econom\u00eda","Rodrigo Paz","Sectores"],"articleSection":["Bolivia","Econom\u00eda"],"inLanguage":"es","potentialAction":[{"@type":"CommentAction","name":"Comment","target":["https:\/\/innoticiasbo.com\/index.php\/2026\/04\/30\/cob-y-sectores-alistan-cabildo-el-1-de-mayo-vocero-de-paz-ve-conspiracion\/#respond"]}]},{"@type":"WebPage","@id":"https:\/\/innoticiasbo.com\/index.php\/2026\/04\/30\/cob-y-sectores-alistan-cabildo-el-1-de-mayo-vocero-de-paz-ve-conspiracion\/","url":"https:\/\/innoticiasbo.com\/index.php\/2026\/04\/30\/cob-y-sectores-alistan-cabildo-el-1-de-mayo-vocero-de-paz-ve-conspiracion\/","name":"COB Y SECTORES ALISTAN CABILDO EL 1 DE MAYO; VOCERO DE PAZ VE \u201cCONSPIRACI\u00d3N\u201d - innoticiasbo.com","isPartOf":{"@id":"https:\/\/innoticiasbo.com\/#website"},"primaryImageOfPage":{"@id":"https:\/\/innoticiasbo.com\/index.php\/2026\/04\/30\/cob-y-sectores-alistan-cabildo-el-1-de-mayo-vocero-de-paz-ve-conspiracion\/#primaryimage"},"image":{"@id":"https:\/\/innoticiasbo.com\/index.php\/2026\/04\/30\/cob-y-sectores-alistan-cabildo-el-1-de-mayo-vocero-de-paz-ve-conspiracion\/#primaryimage"},"thumbnailUrl":"https:\/\/i0.wp.com\/innoticiasbo.com\/wp-content\/uploads\/2026\/04\/image-347.png?fit=770%2C430&ssl=1","datePublished":"2026-04-30T14:57:20+00:00","dateModified":"2026-04-30T14:57:22+00:00","breadcrumb":{"@id":"https:\/\/innoticiasbo.com\/index.php\/2026\/04\/30\/cob-y-sectores-alistan-cabildo-el-1-de-mayo-vocero-de-paz-ve-conspiracion\/#breadcrumb"},"inLanguage":"es","potentialAction":[{"@type":"ReadAction","target":["https:\/\/innoticiasbo.com\/index.php\/2026\/04\/30\/cob-y-sectores-alistan-cabildo-el-1-de-mayo-vocero-de-paz-ve-conspiracion\/"]}]},{"@type":"ImageObject","inLanguage":"es","@id":"https:\/\/innoticiasbo.com\/index.php\/2026\/04\/30\/cob-y-sectores-alistan-cabildo-el-1-de-mayo-vocero-de-paz-ve-conspiracion\/#primaryimage","url":"https:\/\/i0.wp.com\/innoticiasbo.com\/wp-content\/uploads\/2026\/04\/image-347.png?fit=770%2C430&ssl=1","contentUrl":"https:\/\/i0.wp.com\/innoticiasbo.com\/wp-content\/uploads\/2026\/04\/image-347.png?fit=770%2C430&ssl=1","width":770,"height":430},{"@type":"BreadcrumbList","@id":"https:\/\/innoticiasbo.com\/index.php\/2026\/04\/30\/cob-y-sectores-alistan-cabildo-el-1-de-mayo-vocero-de-paz-ve-conspiracion\/#breadcrumb","itemListElement":[{"@type":"ListItem","position":1,"name":"Portada","item":"https:\/\/innoticiasbo.com\/"},{"@type":"ListItem","position":2,"name":"COB Y SECTORES ALISTAN CABILDO EL 1 DE MAYO; VOCERO DE PAZ VE \u201cCONSPIRACI\u00d3N\u201d"}]},{"@type":"WebSite","@id":"https:\/\/innoticiasbo.com\/#website","url":"https:\/\/innoticiasbo.com\/","name":"innoticiasbo.com","description":"","publisher":{"@id":"https:\/\/innoticiasbo.com\/#organization"},"potentialAction":[{"@type":"SearchAction","target":{"@type":"EntryPoint","urlTemplate":"https:\/\/innoticiasbo.com\/?s={search_term_string}"},"query-input":{"@type":"PropertyValueSpecification","valueRequired":true,"valueName":"search_term_string"}}],"inLanguage":"es"},{"@type":"Organization","@id":"https:\/\/innoticiasbo.com\/#organization","name":"innoticiasbo.com","url":"https:\/\/innoticiasbo.com\/","logo":{"@type":"ImageObject","inLanguage":"es","@id":"https:\/\/innoticiasbo.com\/#\/schema\/logo\/image\/","url":"https:\/\/i0.wp.com\/innoticiasbo.com\/wp-content\/uploads\/2026\/04\/cropped-IN-LOGO.png?fit=1476%2C1476&ssl=1","contentUrl":"https:\/\/i0.wp.com\/innoticiasbo.com\/wp-content\/uploads\/2026\/04\/cropped-IN-LOGO.png?fit=1476%2C1476&ssl=1","width":1476,"height":1476,"caption":"innoticiasbo.com"},"image":{"@id":"https:\/\/innoticiasbo.com\/#\/schema\/logo\/image\/"},"sameAs":["https:\/\/www.facebook.com\/innoticiasbolivia","https:\/\/x.com\/innoticiasbo","https:\/\/www.instagram.com\/innoticiasbo","https:\/\/www.youtube.com\/innoticiasbo"]},{"@type":"Person","@id":"https:\/\/innoticiasbo.com\/#\/schema\/person\/0b28481e8d0316f83a13bc702311def5","name":"Prensa 11","image":{"@type":"ImageObject","inLanguage":"es","@id":"https:\/\/innoticiasbo.com\/#\/schema\/person\/image\/","url":"https:\/\/secure.gravatar.com\/avatar\/696560c17349f1807a610bf83832bad0?s=96&d=mm&r=g","contentUrl":"https:\/\/secure.gravatar.com\/avatar\/696560c17349f1807a610bf83832bad0?s=96&d=mm&r=g","caption":"Prensa 11"},"sameAs":["http:\/\/www.innoticiasbo.com"],"url":"https:\/\/innoticiasbo.com\/index.php\/author\/prensa-11\/"}]}},"jetpack_featured_media_url":"https:\/\/i0.wp.com\/innoticiasbo.com\/wp-content\/uploads\/2026\/04\/image-347.png?fit=770%2C430&ssl=1","jetpack_likes_enabled":true,"jetpack_sharing_enabled":true,"jetpack_shortlink":"https:\/\/wp.me\/pg298x-30S","_links":{"self":[{"href":"https:\/\/innoticiasbo.com\/index.php\/wp-json\/wp\/v2\/posts\/11586","targetHints":{"allow":["GET"]}}],"collection":[{"href":"https:\/\/innoticiasbo.com\/index.php\/wp-json\/wp\/v2\/posts"}],"about":[{"href":"https:\/\/innoticiasbo.com\/index.php\/wp-json\/wp\/v2\/types\/post"}],"author":[{"embeddable":true,"href":"https:\/\/innoticiasbo.com\/index.php\/wp-json\/wp\/v2\/users\/11"}],"replies":[{"embeddable":true,"href":"https:\/\/innoticiasbo.com\/index.php\/wp-json\/wp\/v2\/comments?post=11586"}],"version-history":[{"count":1,"href":"https:\/\/innoticiasbo.com\/index.php\/wp-json\/wp\/v2\/posts\/11586\/revisions"}],"predecessor-version":[{"id":11588,"href":"https:\/\/innoticiasbo.com\/index.php\/wp-json\/wp\/v2\/posts\/11586\/revisions\/11588"}],"wp:featuredmedia":[{"embeddable":true,"href":"https:\/\/innoticiasbo.com\/index.php\/wp-json\/wp\/v2\/media\/11587"}],"wp:attachment":[{"href":"https:\/\/innoticiasbo.com\/index.php\/wp-json\/wp\/v2\/media?parent=11586"}],"wp:term":[{"taxonomy":"category","embeddable":true,"href":"https:\/\/innoticiasbo.com\/index.php\/wp-json\/wp\/v2\/categories?post=11586"},{"taxonomy":"post_tag","embeddable":true,"href":"https:\/\/innoticiasbo.com\/index.php\/wp-json\/wp\/v2\/tags?post=11586"}],"curies":[{"name":"wp","href":"https:\/\/api.w.org\/{rel}","templated":true}]}}