{"id":11577,"date":"2026-04-29T21:51:21","date_gmt":"2026-04-30T01:51:21","guid":{"rendered":"https:\/\/innoticiasbo.com\/?p=11577"},"modified":"2026-04-29T21:51:22","modified_gmt":"2026-04-30T01:51:22","slug":"civicos-plantean-una-cumbre-con-politicos-y-sectores-para-salir-de-la-crisis-energetica-y-evitar-convulsiones","status":"publish","type":"post","link":"https:\/\/innoticiasbo.com\/index.php\/2026\/04\/29\/civicos-plantean-una-cumbre-con-politicos-y-sectores-para-salir-de-la-crisis-energetica-y-evitar-convulsiones\/","title":{"rendered":"C\u00cdVICOS PLANTEAN UNA CUMBRE CON POL\u00cdTICOS Y SECTORES PARA SALIR DE LA \u201cCRISIS ENERG\u00c9TICA\u201d Y EVITAR CONVULSIONES"},"content":{"rendered":"\n<figure class=\"wp-block-image size-large\"><img data-recalc-dims=\"1\" loading=\"lazy\" decoding=\"async\" width=\"640\" height=\"273\" src=\"https:\/\/i0.wp.com\/innoticiasbo.com\/wp-content\/uploads\/2026\/04\/image-344.png?resize=640%2C273&#038;ssl=1\" alt=\"\" class=\"wp-image-11578\" srcset=\"https:\/\/i0.wp.com\/innoticiasbo.com\/wp-content\/uploads\/2026\/04\/image-344.png?resize=1024%2C436&amp;ssl=1 1024w, https:\/\/i0.wp.com\/innoticiasbo.com\/wp-content\/uploads\/2026\/04\/image-344.png?resize=300%2C128&amp;ssl=1 300w, https:\/\/i0.wp.com\/innoticiasbo.com\/wp-content\/uploads\/2026\/04\/image-344.png?resize=768%2C327&amp;ssl=1 768w, https:\/\/i0.wp.com\/innoticiasbo.com\/wp-content\/uploads\/2026\/04\/image-344.png?w=1280&amp;ssl=1 1280w\" sizes=\"auto, (max-width: 640px) 100vw, 640px\" \/><\/figure>\n\n\n\n<p><strong>Pa\u00eds, 29 de Abril de 2026.-<\/strong> Con Bolivia atravesando problemas en el abastecimiento de combustible, reclamos por la calidad del combustible y advertencias sobre el gas que queda en las reservas, el Movimiento C\u00edvico Nacional plantea la realizaci\u00f3n de <strong>una cumbre para buscar una soluci\u00f3n, entre todos los sectores,<\/strong> a los problemas sobre los combustibles.<\/p>\n\n\n\n<p>\u201cHemos visto que<strong> el Gobierno nacional lamentablemente no ha podido solucionar <\/strong>esta situaci\u00f3n. Est\u00e1 haciendo lo que puede, no le da\u201d, manifest\u00f3 Agust\u00edn Zambrana, vicepresidente del Comit\u00e9 pro Santa Cruz.<\/p>\n\n\n\n<p>Zambrana se\u00f1al\u00f3 que lo que busca el Movimiento C\u00edvico es crear un escenario donde todos los sectores puedan sentarse a dialogar. Declar\u00f3 que este lunes convers\u00f3 con el presidente de la C\u00e1mara de Diputados, quien dio su visto bueno a este encuentro.<\/p>\n\n\n\n<p>\u201cTenemos que salir de esta crisis todos unidos, ya no podemos seguir en este ritmo de destrucci\u00f3n del pa\u00eds. La crisis nos va a llegar a todos\u201d, declar\u00f3 Zambrana, quien record\u00f3 la situaci\u00f3n por la que atraviesan veh\u00edculos con problemas por el combustible de mala calidad.<\/p>\n\n\n\n<p>Zambrana inform\u00f3 que se prev\u00e9 invitar a la cumbre a sectores mineros, obreros, incluso a la COB para evitar una convulsi\u00f3n en el pa\u00eds. Adelant\u00f3 que ya tuvieron conversaciones con la Confederaci\u00f3n del Transporte y otros sectores.<\/p>\n\n\n\n<p>\u201cInvitamos a la ciudadan\u00eda, invitamos al parlamento a participar de la construcci\u00f3n de este escenario, invitamos a los movimientos sociales. Todos est\u00e1n viendo que puede ser este escenario el ideal para llegar a esos puntos de acuerdo y con esto hacer un gran acuerdo nacional para salir de esta situaci\u00f3n\u201d, se\u00f1al\u00f3 el c\u00edvico.<\/p>\n\n\n\n<p>Fuente: Unitel<\/p>\n","protected":false},"excerpt":{"rendered":"<p>Pa\u00eds, 29 de Abril de 2026.- Con Bolivia atravesando problemas en el abastecimiento de combustible, reclamos por la calidad del combustible y advertencias sobre el gas que queda en las reservas, el Movimiento C\u00edvico Nacional plantea la realizaci\u00f3n de una cumbre para buscar una soluci\u00f3n, entre todos los sectores, a los problemas sobre los combustibles&#8230;.<\/p>\n","protected":false},"author":11,"featured_media":11578,"comment_status":"open","ping_status":"open","sticky":false,"template":"","format":"standard","meta":{"_jetpack_memberships_contains_paid_content":false,"footnotes":"","jetpack_publicize_message":"","jetpack_publicize_feature_enabled":true,"jetpack_social_post_already_shared":true,"jetpack_social_options":{"image_generator_settings":{"template":"highway","enabled":false},"version":2}},"categories":[16],"tags":[2759,7,2758,2760,18,177],"class_list":["post-11577","post","type-post","status-publish","format-standard","has-post-thumbnail","hentry","category-economia","tag-agustin-zambrana","tag-bolivia","tag-crisis-energetica","tag-cumbre-nacional","tag-economia","tag-gobierno"],"jetpack_publicize_connections":[],"yoast_head":"<!-- This site is optimized with the Yoast SEO plugin v23.4 - https:\/\/yoast.com\/wordpress\/plugins\/seo\/ -->\n<title>C\u00cdVICOS PLANTEAN UNA CUMBRE CON POL\u00cdTICOS Y SECTORES PARA SALIR DE LA \u201cCRISIS ENERG\u00c9TICA\u201d Y EVITAR CONVULSIONES - innoticiasbo.com<\/title>\n<meta name=\"robots\" content=\"index, follow, max-snippet:-1, max-image-preview:large, max-video-preview:-1\" \/>\n<link rel=\"canonical\" href=\"https:\/\/innoticiasbo.com\/index.php\/2026\/04\/29\/civicos-plantean-una-cumbre-con-politicos-y-sectores-para-salir-de-la-crisis-energetica-y-evitar-convulsiones\/\" \/>\n<meta property=\"og:locale\" content=\"es_ES\" \/>\n<meta property=\"og:type\" content=\"article\" \/>\n<meta property=\"og:title\" content=\"C\u00cdVICOS PLANTEAN UNA CUMBRE CON POL\u00cdTICOS Y SECTORES PARA SALIR DE LA \u201cCRISIS ENERG\u00c9TICA\u201d Y EVITAR CONVULSIONES - innoticiasbo.com\" \/>\n<meta property=\"og:description\" content=\"Pa\u00eds, 29 de Abril de 2026.- Con Bolivia atravesando problemas en el abastecimiento de combustible, reclamos por la calidad del combustible y advertencias sobre el gas que queda en las reservas, el Movimiento C\u00edvico Nacional plantea la realizaci\u00f3n de una cumbre para buscar una soluci\u00f3n, entre todos los sectores, a los problemas sobre los combustibles....\" \/>\n<meta property=\"og:url\" content=\"https:\/\/innoticiasbo.com\/index.php\/2026\/04\/29\/civicos-plantean-una-cumbre-con-politicos-y-sectores-para-salir-de-la-crisis-energetica-y-evitar-convulsiones\/\" \/>\n<meta property=\"og:site_name\" content=\"innoticiasbo.com\" \/>\n<meta property=\"article:publisher\" content=\"https:\/\/www.facebook.com\/innoticiasbolivia\" \/>\n<meta property=\"article:published_time\" content=\"2026-04-30T01:51:21+00:00\" \/>\n<meta property=\"article:modified_time\" content=\"2026-04-30T01:51:22+00:00\" \/>\n<meta property=\"og:image\" content=\"https:\/\/innoticiasbo.com\/wp-content\/uploads\/2026\/04\/image-344.png\" \/>\n\t<meta property=\"og:image:width\" content=\"1280\" \/>\n\t<meta property=\"og:image:height\" content=\"545\" \/>\n\t<meta property=\"og:image:type\" content=\"image\/png\" \/>\n<meta name=\"author\" content=\"Prensa 11\" \/>\n<meta name=\"twitter:card\" content=\"summary_large_image\" \/>\n<meta name=\"twitter:creator\" content=\"@innoticiasbo\" \/>\n<meta name=\"twitter:site\" content=\"@innoticiasbo\" \/>\n<meta name=\"twitter:label1\" content=\"Escrito por\" \/>\n\t<meta name=\"twitter:data1\" content=\"Prensa 11\" \/>\n\t<meta name=\"twitter:label2\" content=\"Tiempo de lectura\" \/>\n\t<meta name=\"twitter:data2\" content=\"2 minutos\" \/>\n<script type=\"application\/ld+json\" class=\"yoast-schema-graph\">{\"@context\":\"https:\/\/schema.org\",\"@graph\":[{\"@type\":\"Article\",\"@id\":\"https:\/\/innoticiasbo.com\/index.php\/2026\/04\/29\/civicos-plantean-una-cumbre-con-politicos-y-sectores-para-salir-de-la-crisis-energetica-y-evitar-convulsiones\/#article\",\"isPartOf\":{\"@id\":\"https:\/\/innoticiasbo.com\/index.php\/2026\/04\/29\/civicos-plantean-una-cumbre-con-politicos-y-sectores-para-salir-de-la-crisis-energetica-y-evitar-convulsiones\/\"},\"author\":{\"name\":\"Prensa 11\",\"@id\":\"https:\/\/innoticiasbo.com\/#\/schema\/person\/0b28481e8d0316f83a13bc702311def5\"},\"headline\":\"C\u00cdVICOS PLANTEAN UNA CUMBRE CON POL\u00cdTICOS Y SECTORES PARA SALIR DE LA \u201cCRISIS ENERG\u00c9TICA\u201d Y EVITAR CONVULSIONES\",\"datePublished\":\"2026-04-30T01:51:21+00:00\",\"dateModified\":\"2026-04-30T01:51:22+00:00\",\"mainEntityOfPage\":{\"@id\":\"https:\/\/innoticiasbo.com\/index.php\/2026\/04\/29\/civicos-plantean-una-cumbre-con-politicos-y-sectores-para-salir-de-la-crisis-energetica-y-evitar-convulsiones\/\"},\"wordCount\":306,\"commentCount\":0,\"publisher\":{\"@id\":\"https:\/\/innoticiasbo.com\/#organization\"},\"image\":{\"@id\":\"https:\/\/innoticiasbo.com\/index.php\/2026\/04\/29\/civicos-plantean-una-cumbre-con-politicos-y-sectores-para-salir-de-la-crisis-energetica-y-evitar-convulsiones\/#primaryimage\"},\"thumbnailUrl\":\"https:\/\/i0.wp.com\/innoticiasbo.com\/wp-content\/uploads\/2026\/04\/image-344.png?fit=1280%2C545&ssl=1\",\"keywords\":[\"Agust\u00edn Zambrana\",\"Bolivia\",\"crisis energ\u00e9tica\",\"Cumbre nacional\",\"econom\u00eda\",\"gobierno\"],\"articleSection\":[\"Econom\u00eda\"],\"inLanguage\":\"es\",\"potentialAction\":[{\"@type\":\"CommentAction\",\"name\":\"Comment\",\"target\":[\"https:\/\/innoticiasbo.com\/index.php\/2026\/04\/29\/civicos-plantean-una-cumbre-con-politicos-y-sectores-para-salir-de-la-crisis-energetica-y-evitar-convulsiones\/#respond\"]}]},{\"@type\":\"WebPage\",\"@id\":\"https:\/\/innoticiasbo.com\/index.php\/2026\/04\/29\/civicos-plantean-una-cumbre-con-politicos-y-sectores-para-salir-de-la-crisis-energetica-y-evitar-convulsiones\/\",\"url\":\"https:\/\/innoticiasbo.com\/index.php\/2026\/04\/29\/civicos-plantean-una-cumbre-con-politicos-y-sectores-para-salir-de-la-crisis-energetica-y-evitar-convulsiones\/\",\"name\":\"C\u00cdVICOS PLANTEAN UNA CUMBRE CON POL\u00cdTICOS Y SECTORES PARA SALIR DE LA \u201cCRISIS ENERG\u00c9TICA\u201d Y EVITAR CONVULSIONES - innoticiasbo.com\",\"isPartOf\":{\"@id\":\"https:\/\/innoticiasbo.com\/#website\"},\"primaryImageOfPage\":{\"@id\":\"https:\/\/innoticiasbo.com\/index.php\/2026\/04\/29\/civicos-plantean-una-cumbre-con-politicos-y-sectores-para-salir-de-la-crisis-energetica-y-evitar-convulsiones\/#primaryimage\"},\"image\":{\"@id\":\"https:\/\/innoticiasbo.com\/index.php\/2026\/04\/29\/civicos-plantean-una-cumbre-con-politicos-y-sectores-para-salir-de-la-crisis-energetica-y-evitar-convulsiones\/#primaryimage\"},\"thumbnailUrl\":\"https:\/\/i0.wp.com\/innoticiasbo.com\/wp-content\/uploads\/2026\/04\/image-344.png?fit=1280%2C545&ssl=1\",\"datePublished\":\"2026-04-30T01:51:21+00:00\",\"dateModified\":\"2026-04-30T01:51:22+00:00\",\"breadcrumb\":{\"@id\":\"https:\/\/innoticiasbo.com\/index.php\/2026\/04\/29\/civicos-plantean-una-cumbre-con-politicos-y-sectores-para-salir-de-la-crisis-energetica-y-evitar-convulsiones\/#breadcrumb\"},\"inLanguage\":\"es\",\"potentialAction\":[{\"@type\":\"ReadAction\",\"target\":[\"https:\/\/innoticiasbo.com\/index.php\/2026\/04\/29\/civicos-plantean-una-cumbre-con-politicos-y-sectores-para-salir-de-la-crisis-energetica-y-evitar-convulsiones\/\"]}]},{\"@type\":\"ImageObject\",\"inLanguage\":\"es\",\"@id\":\"https:\/\/innoticiasbo.com\/index.php\/2026\/04\/29\/civicos-plantean-una-cumbre-con-politicos-y-sectores-para-salir-de-la-crisis-energetica-y-evitar-convulsiones\/#primaryimage\",\"url\":\"https:\/\/i0.wp.com\/innoticiasbo.com\/wp-content\/uploads\/2026\/04\/image-344.png?fit=1280%2C545&ssl=1\",\"contentUrl\":\"https:\/\/i0.wp.com\/innoticiasbo.com\/wp-content\/uploads\/2026\/04\/image-344.png?fit=1280%2C545&ssl=1\",\"width\":1280,\"height\":545},{\"@type\":\"BreadcrumbList\",\"@id\":\"https:\/\/innoticiasbo.com\/index.php\/2026\/04\/29\/civicos-plantean-una-cumbre-con-politicos-y-sectores-para-salir-de-la-crisis-energetica-y-evitar-convulsiones\/#breadcrumb\",\"itemListElement\":[{\"@type\":\"ListItem\",\"position\":1,\"name\":\"Portada\",\"item\":\"https:\/\/innoticiasbo.com\/\"},{\"@type\":\"ListItem\",\"position\":2,\"name\":\"C\u00cdVICOS PLANTEAN UNA CUMBRE CON POL\u00cdTICOS Y SECTORES PARA SALIR DE LA \u201cCRISIS ENERG\u00c9TICA\u201d Y EVITAR CONVULSIONES\"}]},{\"@type\":\"WebSite\",\"@id\":\"https:\/\/innoticiasbo.com\/#website\",\"url\":\"https:\/\/innoticiasbo.com\/\",\"name\":\"innoticiasbo.com\",\"description\":\"\",\"publisher\":{\"@id\":\"https:\/\/innoticiasbo.com\/#organization\"},\"potentialAction\":[{\"@type\":\"SearchAction\",\"target\":{\"@type\":\"EntryPoint\",\"urlTemplate\":\"https:\/\/innoticiasbo.com\/?s={search_term_string}\"},\"query-input\":{\"@type\":\"PropertyValueSpecification\",\"valueRequired\":true,\"valueName\":\"search_term_string\"}}],\"inLanguage\":\"es\"},{\"@type\":\"Organization\",\"@id\":\"https:\/\/innoticiasbo.com\/#organization\",\"name\":\"innoticiasbo.com\",\"url\":\"https:\/\/innoticiasbo.com\/\",\"logo\":{\"@type\":\"ImageObject\",\"inLanguage\":\"es\",\"@id\":\"https:\/\/innoticiasbo.com\/#\/schema\/logo\/image\/\",\"url\":\"https:\/\/i0.wp.com\/innoticiasbo.com\/wp-content\/uploads\/2026\/04\/cropped-IN-LOGO.png?fit=1476%2C1476&ssl=1\",\"contentUrl\":\"https:\/\/i0.wp.com\/innoticiasbo.com\/wp-content\/uploads\/2026\/04\/cropped-IN-LOGO.png?fit=1476%2C1476&ssl=1\",\"width\":1476,\"height\":1476,\"caption\":\"innoticiasbo.com\"},\"image\":{\"@id\":\"https:\/\/innoticiasbo.com\/#\/schema\/logo\/image\/\"},\"sameAs\":[\"https:\/\/www.facebook.com\/innoticiasbolivia\",\"https:\/\/x.com\/innoticiasbo\",\"https:\/\/www.instagram.com\/innoticiasbo\",\"https:\/\/www.youtube.com\/innoticiasbo\"]},{\"@type\":\"Person\",\"@id\":\"https:\/\/innoticiasbo.com\/#\/schema\/person\/0b28481e8d0316f83a13bc702311def5\",\"name\":\"Prensa 11\",\"image\":{\"@type\":\"ImageObject\",\"inLanguage\":\"es\",\"@id\":\"https:\/\/innoticiasbo.com\/#\/schema\/person\/image\/\",\"url\":\"https:\/\/secure.gravatar.com\/avatar\/696560c17349f1807a610bf83832bad0?s=96&d=mm&r=g\",\"contentUrl\":\"https:\/\/secure.gravatar.com\/avatar\/696560c17349f1807a610bf83832bad0?s=96&d=mm&r=g\",\"caption\":\"Prensa 11\"},\"sameAs\":[\"http:\/\/www.innoticiasbo.com\"],\"url\":\"https:\/\/innoticiasbo.com\/index.php\/author\/prensa-11\/\"}]}<\/script>\n<!-- \/ Yoast SEO plugin. -->","yoast_head_json":{"title":"C\u00cdVICOS PLANTEAN UNA CUMBRE CON POL\u00cdTICOS Y SECTORES PARA SALIR DE LA \u201cCRISIS ENERG\u00c9TICA\u201d Y EVITAR CONVULSIONES - innoticiasbo.com","robots":{"index":"index","follow":"follow","max-snippet":"max-snippet:-1","max-image-preview":"max-image-preview:large","max-video-preview":"max-video-preview:-1"},"canonical":"https:\/\/innoticiasbo.com\/index.php\/2026\/04\/29\/civicos-plantean-una-cumbre-con-politicos-y-sectores-para-salir-de-la-crisis-energetica-y-evitar-convulsiones\/","og_locale":"es_ES","og_type":"article","og_title":"C\u00cdVICOS PLANTEAN UNA CUMBRE CON POL\u00cdTICOS Y SECTORES PARA SALIR DE LA \u201cCRISIS ENERG\u00c9TICA\u201d Y EVITAR CONVULSIONES - innoticiasbo.com","og_description":"Pa\u00eds, 29 de Abril de 2026.- Con Bolivia atravesando problemas en el abastecimiento de combustible, reclamos por la calidad del combustible y advertencias sobre el gas que queda en las reservas, el Movimiento C\u00edvico Nacional plantea la realizaci\u00f3n de una cumbre para buscar una soluci\u00f3n, entre todos los sectores, a los problemas sobre los combustibles....","og_url":"https:\/\/innoticiasbo.com\/index.php\/2026\/04\/29\/civicos-plantean-una-cumbre-con-politicos-y-sectores-para-salir-de-la-crisis-energetica-y-evitar-convulsiones\/","og_site_name":"innoticiasbo.com","article_publisher":"https:\/\/www.facebook.com\/innoticiasbolivia","article_published_time":"2026-04-30T01:51:21+00:00","article_modified_time":"2026-04-30T01:51:22+00:00","og_image":[{"width":1280,"height":545,"url":"https:\/\/innoticiasbo.com\/wp-content\/uploads\/2026\/04\/image-344.png","type":"image\/png"}],"author":"Prensa 11","twitter_card":"summary_large_image","twitter_creator":"@innoticiasbo","twitter_site":"@innoticiasbo","twitter_misc":{"Escrito por":"Prensa 11","Tiempo de lectura":"2 minutos"},"schema":{"@context":"https:\/\/schema.org","@graph":[{"@type":"Article","@id":"https:\/\/innoticiasbo.com\/index.php\/2026\/04\/29\/civicos-plantean-una-cumbre-con-politicos-y-sectores-para-salir-de-la-crisis-energetica-y-evitar-convulsiones\/#article","isPartOf":{"@id":"https:\/\/innoticiasbo.com\/index.php\/2026\/04\/29\/civicos-plantean-una-cumbre-con-politicos-y-sectores-para-salir-de-la-crisis-energetica-y-evitar-convulsiones\/"},"author":{"name":"Prensa 11","@id":"https:\/\/innoticiasbo.com\/#\/schema\/person\/0b28481e8d0316f83a13bc702311def5"},"headline":"C\u00cdVICOS PLANTEAN UNA CUMBRE CON POL\u00cdTICOS Y SECTORES PARA SALIR DE LA \u201cCRISIS ENERG\u00c9TICA\u201d Y EVITAR CONVULSIONES","datePublished":"2026-04-30T01:51:21+00:00","dateModified":"2026-04-30T01:51:22+00:00","mainEntityOfPage":{"@id":"https:\/\/innoticiasbo.com\/index.php\/2026\/04\/29\/civicos-plantean-una-cumbre-con-politicos-y-sectores-para-salir-de-la-crisis-energetica-y-evitar-convulsiones\/"},"wordCount":306,"commentCount":0,"publisher":{"@id":"https:\/\/innoticiasbo.com\/#organization"},"image":{"@id":"https:\/\/innoticiasbo.com\/index.php\/2026\/04\/29\/civicos-plantean-una-cumbre-con-politicos-y-sectores-para-salir-de-la-crisis-energetica-y-evitar-convulsiones\/#primaryimage"},"thumbnailUrl":"https:\/\/i0.wp.com\/innoticiasbo.com\/wp-content\/uploads\/2026\/04\/image-344.png?fit=1280%2C545&ssl=1","keywords":["Agust\u00edn Zambrana","Bolivia","crisis energ\u00e9tica","Cumbre nacional","econom\u00eda","gobierno"],"articleSection":["Econom\u00eda"],"inLanguage":"es","potentialAction":[{"@type":"CommentAction","name":"Comment","target":["https:\/\/innoticiasbo.com\/index.php\/2026\/04\/29\/civicos-plantean-una-cumbre-con-politicos-y-sectores-para-salir-de-la-crisis-energetica-y-evitar-convulsiones\/#respond"]}]},{"@type":"WebPage","@id":"https:\/\/innoticiasbo.com\/index.php\/2026\/04\/29\/civicos-plantean-una-cumbre-con-politicos-y-sectores-para-salir-de-la-crisis-energetica-y-evitar-convulsiones\/","url":"https:\/\/innoticiasbo.com\/index.php\/2026\/04\/29\/civicos-plantean-una-cumbre-con-politicos-y-sectores-para-salir-de-la-crisis-energetica-y-evitar-convulsiones\/","name":"C\u00cdVICOS PLANTEAN UNA CUMBRE CON POL\u00cdTICOS Y SECTORES PARA SALIR DE LA \u201cCRISIS ENERG\u00c9TICA\u201d Y EVITAR CONVULSIONES - innoticiasbo.com","isPartOf":{"@id":"https:\/\/innoticiasbo.com\/#website"},"primaryImageOfPage":{"@id":"https:\/\/innoticiasbo.com\/index.php\/2026\/04\/29\/civicos-plantean-una-cumbre-con-politicos-y-sectores-para-salir-de-la-crisis-energetica-y-evitar-convulsiones\/#primaryimage"},"image":{"@id":"https:\/\/innoticiasbo.com\/index.php\/2026\/04\/29\/civicos-plantean-una-cumbre-con-politicos-y-sectores-para-salir-de-la-crisis-energetica-y-evitar-convulsiones\/#primaryimage"},"thumbnailUrl":"https:\/\/i0.wp.com\/innoticiasbo.com\/wp-content\/uploads\/2026\/04\/image-344.png?fit=1280%2C545&ssl=1","datePublished":"2026-04-30T01:51:21+00:00","dateModified":"2026-04-30T01:51:22+00:00","breadcrumb":{"@id":"https:\/\/innoticiasbo.com\/index.php\/2026\/04\/29\/civicos-plantean-una-cumbre-con-politicos-y-sectores-para-salir-de-la-crisis-energetica-y-evitar-convulsiones\/#breadcrumb"},"inLanguage":"es","potentialAction":[{"@type":"ReadAction","target":["https:\/\/innoticiasbo.com\/index.php\/2026\/04\/29\/civicos-plantean-una-cumbre-con-politicos-y-sectores-para-salir-de-la-crisis-energetica-y-evitar-convulsiones\/"]}]},{"@type":"ImageObject","inLanguage":"es","@id":"https:\/\/innoticiasbo.com\/index.php\/2026\/04\/29\/civicos-plantean-una-cumbre-con-politicos-y-sectores-para-salir-de-la-crisis-energetica-y-evitar-convulsiones\/#primaryimage","url":"https:\/\/i0.wp.com\/innoticiasbo.com\/wp-content\/uploads\/2026\/04\/image-344.png?fit=1280%2C545&ssl=1","contentUrl":"https:\/\/i0.wp.com\/innoticiasbo.com\/wp-content\/uploads\/2026\/04\/image-344.png?fit=1280%2C545&ssl=1","width":1280,"height":545},{"@type":"BreadcrumbList","@id":"https:\/\/innoticiasbo.com\/index.php\/2026\/04\/29\/civicos-plantean-una-cumbre-con-politicos-y-sectores-para-salir-de-la-crisis-energetica-y-evitar-convulsiones\/#breadcrumb","itemListElement":[{"@type":"ListItem","position":1,"name":"Portada","item":"https:\/\/innoticiasbo.com\/"},{"@type":"ListItem","position":2,"name":"C\u00cdVICOS PLANTEAN UNA CUMBRE CON POL\u00cdTICOS Y SECTORES PARA SALIR DE LA \u201cCRISIS ENERG\u00c9TICA\u201d Y EVITAR CONVULSIONES"}]},{"@type":"WebSite","@id":"https:\/\/innoticiasbo.com\/#website","url":"https:\/\/innoticiasbo.com\/","name":"innoticiasbo.com","description":"","publisher":{"@id":"https:\/\/innoticiasbo.com\/#organization"},"potentialAction":[{"@type":"SearchAction","target":{"@type":"EntryPoint","urlTemplate":"https:\/\/innoticiasbo.com\/?s={search_term_string}"},"query-input":{"@type":"PropertyValueSpecification","valueRequired":true,"valueName":"search_term_string"}}],"inLanguage":"es"},{"@type":"Organization","@id":"https:\/\/innoticiasbo.com\/#organization","name":"innoticiasbo.com","url":"https:\/\/innoticiasbo.com\/","logo":{"@type":"ImageObject","inLanguage":"es","@id":"https:\/\/innoticiasbo.com\/#\/schema\/logo\/image\/","url":"https:\/\/i0.wp.com\/innoticiasbo.com\/wp-content\/uploads\/2026\/04\/cropped-IN-LOGO.png?fit=1476%2C1476&ssl=1","contentUrl":"https:\/\/i0.wp.com\/innoticiasbo.com\/wp-content\/uploads\/2026\/04\/cropped-IN-LOGO.png?fit=1476%2C1476&ssl=1","width":1476,"height":1476,"caption":"innoticiasbo.com"},"image":{"@id":"https:\/\/innoticiasbo.com\/#\/schema\/logo\/image\/"},"sameAs":["https:\/\/www.facebook.com\/innoticiasbolivia","https:\/\/x.com\/innoticiasbo","https:\/\/www.instagram.com\/innoticiasbo","https:\/\/www.youtube.com\/innoticiasbo"]},{"@type":"Person","@id":"https:\/\/innoticiasbo.com\/#\/schema\/person\/0b28481e8d0316f83a13bc702311def5","name":"Prensa 11","image":{"@type":"ImageObject","inLanguage":"es","@id":"https:\/\/innoticiasbo.com\/#\/schema\/person\/image\/","url":"https:\/\/secure.gravatar.com\/avatar\/696560c17349f1807a610bf83832bad0?s=96&d=mm&r=g","contentUrl":"https:\/\/secure.gravatar.com\/avatar\/696560c17349f1807a610bf83832bad0?s=96&d=mm&r=g","caption":"Prensa 11"},"sameAs":["http:\/\/www.innoticiasbo.com"],"url":"https:\/\/innoticiasbo.com\/index.php\/author\/prensa-11\/"}]}},"jetpack_featured_media_url":"https:\/\/i0.wp.com\/innoticiasbo.com\/wp-content\/uploads\/2026\/04\/image-344.png?fit=1280%2C545&ssl=1","jetpack_likes_enabled":true,"jetpack_sharing_enabled":true,"jetpack_shortlink":"https:\/\/wp.me\/pg298x-30J","_links":{"self":[{"href":"https:\/\/innoticiasbo.com\/index.php\/wp-json\/wp\/v2\/posts\/11577","targetHints":{"allow":["GET"]}}],"collection":[{"href":"https:\/\/innoticiasbo.com\/index.php\/wp-json\/wp\/v2\/posts"}],"about":[{"href":"https:\/\/innoticiasbo.com\/index.php\/wp-json\/wp\/v2\/types\/post"}],"author":[{"embeddable":true,"href":"https:\/\/innoticiasbo.com\/index.php\/wp-json\/wp\/v2\/users\/11"}],"replies":[{"embeddable":true,"href":"https:\/\/innoticiasbo.com\/index.php\/wp-json\/wp\/v2\/comments?post=11577"}],"version-history":[{"count":1,"href":"https:\/\/innoticiasbo.com\/index.php\/wp-json\/wp\/v2\/posts\/11577\/revisions"}],"predecessor-version":[{"id":11579,"href":"https:\/\/innoticiasbo.com\/index.php\/wp-json\/wp\/v2\/posts\/11577\/revisions\/11579"}],"wp:featuredmedia":[{"embeddable":true,"href":"https:\/\/innoticiasbo.com\/index.php\/wp-json\/wp\/v2\/media\/11578"}],"wp:attachment":[{"href":"https:\/\/innoticiasbo.com\/index.php\/wp-json\/wp\/v2\/media?parent=11577"}],"wp:term":[{"taxonomy":"category","embeddable":true,"href":"https:\/\/innoticiasbo.com\/index.php\/wp-json\/wp\/v2\/categories?post=11577"},{"taxonomy":"post_tag","embeddable":true,"href":"https:\/\/innoticiasbo.com\/index.php\/wp-json\/wp\/v2\/tags?post=11577"}],"curies":[{"name":"wp","href":"https:\/\/api.w.org\/{rel}","templated":true}]}}