{"id":11574,"date":"2026-04-29T21:23:52","date_gmt":"2026-04-30T01:23:52","guid":{"rendered":"https:\/\/innoticiasbo.com\/?p=11574"},"modified":"2026-04-29T21:23:54","modified_gmt":"2026-04-30T01:23:54","slug":"transporte-publico-y-pesado-anuncian-paro-nacional-escalonado-desde-el-5-de-mayo-exigen-dialogar-con-el-presidente","status":"publish","type":"post","link":"https:\/\/innoticiasbo.com\/index.php\/2026\/04\/29\/transporte-publico-y-pesado-anuncian-paro-nacional-escalonado-desde-el-5-de-mayo-exigen-dialogar-con-el-presidente\/","title":{"rendered":"TRANSPORTE P\u00daBLICO Y PESADO ANUNCIAN PARO NACIONAL ESCALONADO DESDE EL 5 DE MAYO; EXIGEN DIALOGAR CON EL PRESIDENTE"},"content":{"rendered":"\n<figure class=\"wp-block-image size-full is-resized\"><img data-recalc-dims=\"1\" loading=\"lazy\" decoding=\"async\" width=\"640\" height=\"357\" src=\"https:\/\/i0.wp.com\/innoticiasbo.com\/wp-content\/uploads\/2026\/04\/image-343.png?resize=640%2C357&#038;ssl=1\" alt=\"\" class=\"wp-image-11575\" style=\"width:840px;height:auto\" srcset=\"https:\/\/i0.wp.com\/innoticiasbo.com\/wp-content\/uploads\/2026\/04\/image-343.png?w=770&amp;ssl=1 770w, https:\/\/i0.wp.com\/innoticiasbo.com\/wp-content\/uploads\/2026\/04\/image-343.png?resize=300%2C168&amp;ssl=1 300w, https:\/\/i0.wp.com\/innoticiasbo.com\/wp-content\/uploads\/2026\/04\/image-343.png?resize=768%2C429&amp;ssl=1 768w\" sizes=\"auto, (max-width: 640px) 100vw, 640px\" \/><\/figure>\n\n\n\n<p><strong>Pa\u00eds, 29 de Abril de 2026.-<\/strong> Tras un ampliado realizado en Santa Cruz, los sectores del transporte p\u00fablico y pesado determinaron entrar en un paro nacional a partir del pr\u00f3ximo martes 5 de mayo.<\/p>\n\n\n\n<p>El m\u00e1ximo ejecutivo de la Confederaci\u00f3n Sindical de los Choferes de Bolivia, Lucio G\u00f3mez, inform\u00f3 que el paro del transporte ser\u00e1 de manera escalonada. Iniciar\u00e1 con la medida de 24 horas este martes, en caso de no tener soluciones acatar\u00e1n uno de 48 horas, luego de 72 horas y finalmente la medida ser\u00e1 de manera indefinida.<\/p>\n\n\n\n<p>\u00abEste ampliado ha determinado un paro escalonado, primero de 24 horas que se va a realizar el martes de la pr\u00f3xima semana. En caso de no dar soluciones, se ir\u00e1 al paro de las 48 horas, finalmente 72 horas y un paro general indefinido\u00bb, asever\u00f3 G\u00f3mez.<\/p>\n\n\n\n<p>Se\u00f1al\u00f3 que el sector exige que se garantice el abastecimiento del combustible, particularmente del di\u00e9sel; la calidad de la gasolina; el arreglo de las carreteras; y el resarcimiento inmediato por los da\u00f1os ocasionados a los veh\u00edculos por los carburantes \u00abdesestabilizados\u00bb.<\/p>\n\n\n\n<p>En ese sentido, G\u00f3mez asever\u00f3 que el sector tambi\u00e9n est\u00e1 dispuesto a dialogar, pero demanda que en el encuentro participe el presidente del Estado, Rodrigo Paz; adem\u00e1s de los ministros de Econom\u00eda, Obras P\u00fablicas, de Gobierno, de Hidrocarburos y el Presidente de YPFB.<\/p>\n\n\n\n<p>Seg\u00fan Lucio G\u00f3mez, el paro del transporte estar\u00e1 acompa\u00f1ada por bloqueos en las carreteras de la red vial fundamental y en las capitales de los departamentos, adem\u00e1s del cierre de fronteras por parte del transporte pesado.<\/p>\n\n\n\n<p>Precisamente el sector del transporte pesado confirm\u00f3 que acatar\u00e1 el paro del pr\u00f3ximo martes y anunci\u00f3 que la medida ser\u00e1 de manera indefinida.<\/p>\n\n\n\n<p>Fuente: Los Tiempos<\/p>\n","protected":false},"excerpt":{"rendered":"<p>Pa\u00eds, 29 de Abril de 2026.- Tras un ampliado realizado en Santa Cruz, los sectores del transporte p\u00fablico y pesado determinaron entrar en un paro nacional a partir del pr\u00f3ximo martes 5 de mayo. El m\u00e1ximo ejecutivo de la Confederaci\u00f3n Sindical de los Choferes de Bolivia, Lucio G\u00f3mez, inform\u00f3 que el paro del transporte ser\u00e1&#8230;<\/p>\n","protected":false},"author":11,"featured_media":11575,"comment_status":"open","ping_status":"open","sticky":false,"template":"","format":"standard","meta":{"_jetpack_memberships_contains_paid_content":false,"footnotes":"","jetpack_publicize_message":"","jetpack_publicize_feature_enabled":true,"jetpack_social_post_already_shared":true,"jetpack_social_options":{"image_generator_settings":{"template":"highway","enabled":false},"version":2}},"categories":[1,16],"tags":[7,18,2740,1702,2757],"class_list":["post-11574","post","type-post","status-publish","format-standard","has-post-thumbnail","hentry","category-bolivia","category-economia","tag-bolivia","tag-economia","tag-paro-nacional","tag-transporte-pesado","tag-transporte-publico"],"jetpack_publicize_connections":[],"yoast_head":"<!-- This site is optimized with the Yoast SEO plugin v23.4 - https:\/\/yoast.com\/wordpress\/plugins\/seo\/ -->\n<title>TRANSPORTE P\u00daBLICO Y PESADO ANUNCIAN PARO NACIONAL ESCALONADO DESDE EL 5 DE MAYO; EXIGEN DIALOGAR CON EL PRESIDENTE - innoticiasbo.com<\/title>\n<meta name=\"robots\" content=\"index, follow, max-snippet:-1, max-image-preview:large, max-video-preview:-1\" \/>\n<link rel=\"canonical\" href=\"https:\/\/innoticiasbo.com\/index.php\/2026\/04\/29\/transporte-publico-y-pesado-anuncian-paro-nacional-escalonado-desde-el-5-de-mayo-exigen-dialogar-con-el-presidente\/\" \/>\n<meta property=\"og:locale\" content=\"es_ES\" \/>\n<meta property=\"og:type\" content=\"article\" \/>\n<meta property=\"og:title\" content=\"TRANSPORTE P\u00daBLICO Y PESADO ANUNCIAN PARO NACIONAL ESCALONADO DESDE EL 5 DE MAYO; EXIGEN DIALOGAR CON EL PRESIDENTE - innoticiasbo.com\" \/>\n<meta property=\"og:description\" content=\"Pa\u00eds, 29 de Abril de 2026.- Tras un ampliado realizado en Santa Cruz, los sectores del transporte p\u00fablico y pesado determinaron entrar en un paro nacional a partir del pr\u00f3ximo martes 5 de mayo. El m\u00e1ximo ejecutivo de la Confederaci\u00f3n Sindical de los Choferes de Bolivia, Lucio G\u00f3mez, inform\u00f3 que el paro del transporte ser\u00e1...\" \/>\n<meta property=\"og:url\" content=\"https:\/\/innoticiasbo.com\/index.php\/2026\/04\/29\/transporte-publico-y-pesado-anuncian-paro-nacional-escalonado-desde-el-5-de-mayo-exigen-dialogar-con-el-presidente\/\" \/>\n<meta property=\"og:site_name\" content=\"innoticiasbo.com\" \/>\n<meta property=\"article:publisher\" content=\"https:\/\/www.facebook.com\/innoticiasbolivia\" \/>\n<meta property=\"article:published_time\" content=\"2026-04-30T01:23:52+00:00\" \/>\n<meta property=\"article:modified_time\" content=\"2026-04-30T01:23:54+00:00\" \/>\n<meta property=\"og:image\" content=\"https:\/\/innoticiasbo.com\/wp-content\/uploads\/2026\/04\/image-343.png\" \/>\n\t<meta property=\"og:image:width\" content=\"770\" \/>\n\t<meta property=\"og:image:height\" content=\"430\" \/>\n\t<meta property=\"og:image:type\" content=\"image\/png\" \/>\n<meta name=\"author\" content=\"Prensa 11\" \/>\n<meta name=\"twitter:card\" content=\"summary_large_image\" \/>\n<meta name=\"twitter:creator\" content=\"@innoticiasbo\" \/>\n<meta name=\"twitter:site\" content=\"@innoticiasbo\" \/>\n<meta name=\"twitter:label1\" content=\"Escrito por\" \/>\n\t<meta name=\"twitter:data1\" content=\"Prensa 11\" \/>\n\t<meta name=\"twitter:label2\" content=\"Tiempo de lectura\" \/>\n\t<meta name=\"twitter:data2\" content=\"2 minutos\" \/>\n<script type=\"application\/ld+json\" class=\"yoast-schema-graph\">{\"@context\":\"https:\/\/schema.org\",\"@graph\":[{\"@type\":\"Article\",\"@id\":\"https:\/\/innoticiasbo.com\/index.php\/2026\/04\/29\/transporte-publico-y-pesado-anuncian-paro-nacional-escalonado-desde-el-5-de-mayo-exigen-dialogar-con-el-presidente\/#article\",\"isPartOf\":{\"@id\":\"https:\/\/innoticiasbo.com\/index.php\/2026\/04\/29\/transporte-publico-y-pesado-anuncian-paro-nacional-escalonado-desde-el-5-de-mayo-exigen-dialogar-con-el-presidente\/\"},\"author\":{\"name\":\"Prensa 11\",\"@id\":\"https:\/\/innoticiasbo.com\/#\/schema\/person\/0b28481e8d0316f83a13bc702311def5\"},\"headline\":\"TRANSPORTE P\u00daBLICO Y PESADO ANUNCIAN PARO NACIONAL ESCALONADO DESDE EL 5 DE MAYO; EXIGEN DIALOGAR CON EL PRESIDENTE\",\"datePublished\":\"2026-04-30T01:23:52+00:00\",\"dateModified\":\"2026-04-30T01:23:54+00:00\",\"mainEntityOfPage\":{\"@id\":\"https:\/\/innoticiasbo.com\/index.php\/2026\/04\/29\/transporte-publico-y-pesado-anuncian-paro-nacional-escalonado-desde-el-5-de-mayo-exigen-dialogar-con-el-presidente\/\"},\"wordCount\":314,\"commentCount\":0,\"publisher\":{\"@id\":\"https:\/\/innoticiasbo.com\/#organization\"},\"image\":{\"@id\":\"https:\/\/innoticiasbo.com\/index.php\/2026\/04\/29\/transporte-publico-y-pesado-anuncian-paro-nacional-escalonado-desde-el-5-de-mayo-exigen-dialogar-con-el-presidente\/#primaryimage\"},\"thumbnailUrl\":\"https:\/\/i0.wp.com\/innoticiasbo.com\/wp-content\/uploads\/2026\/04\/image-343.png?fit=770%2C430&ssl=1\",\"keywords\":[\"Bolivia\",\"econom\u00eda\",\"Paro nacional\",\"Transporte pesado\",\"Transporte p\u00fablico\"],\"articleSection\":[\"Bolivia\",\"Econom\u00eda\"],\"inLanguage\":\"es\",\"potentialAction\":[{\"@type\":\"CommentAction\",\"name\":\"Comment\",\"target\":[\"https:\/\/innoticiasbo.com\/index.php\/2026\/04\/29\/transporte-publico-y-pesado-anuncian-paro-nacional-escalonado-desde-el-5-de-mayo-exigen-dialogar-con-el-presidente\/#respond\"]}]},{\"@type\":\"WebPage\",\"@id\":\"https:\/\/innoticiasbo.com\/index.php\/2026\/04\/29\/transporte-publico-y-pesado-anuncian-paro-nacional-escalonado-desde-el-5-de-mayo-exigen-dialogar-con-el-presidente\/\",\"url\":\"https:\/\/innoticiasbo.com\/index.php\/2026\/04\/29\/transporte-publico-y-pesado-anuncian-paro-nacional-escalonado-desde-el-5-de-mayo-exigen-dialogar-con-el-presidente\/\",\"name\":\"TRANSPORTE P\u00daBLICO Y PESADO ANUNCIAN PARO NACIONAL ESCALONADO DESDE EL 5 DE MAYO; EXIGEN DIALOGAR CON EL PRESIDENTE - innoticiasbo.com\",\"isPartOf\":{\"@id\":\"https:\/\/innoticiasbo.com\/#website\"},\"primaryImageOfPage\":{\"@id\":\"https:\/\/innoticiasbo.com\/index.php\/2026\/04\/29\/transporte-publico-y-pesado-anuncian-paro-nacional-escalonado-desde-el-5-de-mayo-exigen-dialogar-con-el-presidente\/#primaryimage\"},\"image\":{\"@id\":\"https:\/\/innoticiasbo.com\/index.php\/2026\/04\/29\/transporte-publico-y-pesado-anuncian-paro-nacional-escalonado-desde-el-5-de-mayo-exigen-dialogar-con-el-presidente\/#primaryimage\"},\"thumbnailUrl\":\"https:\/\/i0.wp.com\/innoticiasbo.com\/wp-content\/uploads\/2026\/04\/image-343.png?fit=770%2C430&ssl=1\",\"datePublished\":\"2026-04-30T01:23:52+00:00\",\"dateModified\":\"2026-04-30T01:23:54+00:00\",\"breadcrumb\":{\"@id\":\"https:\/\/innoticiasbo.com\/index.php\/2026\/04\/29\/transporte-publico-y-pesado-anuncian-paro-nacional-escalonado-desde-el-5-de-mayo-exigen-dialogar-con-el-presidente\/#breadcrumb\"},\"inLanguage\":\"es\",\"potentialAction\":[{\"@type\":\"ReadAction\",\"target\":[\"https:\/\/innoticiasbo.com\/index.php\/2026\/04\/29\/transporte-publico-y-pesado-anuncian-paro-nacional-escalonado-desde-el-5-de-mayo-exigen-dialogar-con-el-presidente\/\"]}]},{\"@type\":\"ImageObject\",\"inLanguage\":\"es\",\"@id\":\"https:\/\/innoticiasbo.com\/index.php\/2026\/04\/29\/transporte-publico-y-pesado-anuncian-paro-nacional-escalonado-desde-el-5-de-mayo-exigen-dialogar-con-el-presidente\/#primaryimage\",\"url\":\"https:\/\/i0.wp.com\/innoticiasbo.com\/wp-content\/uploads\/2026\/04\/image-343.png?fit=770%2C430&ssl=1\",\"contentUrl\":\"https:\/\/i0.wp.com\/innoticiasbo.com\/wp-content\/uploads\/2026\/04\/image-343.png?fit=770%2C430&ssl=1\",\"width\":770,\"height\":430},{\"@type\":\"BreadcrumbList\",\"@id\":\"https:\/\/innoticiasbo.com\/index.php\/2026\/04\/29\/transporte-publico-y-pesado-anuncian-paro-nacional-escalonado-desde-el-5-de-mayo-exigen-dialogar-con-el-presidente\/#breadcrumb\",\"itemListElement\":[{\"@type\":\"ListItem\",\"position\":1,\"name\":\"Portada\",\"item\":\"https:\/\/innoticiasbo.com\/\"},{\"@type\":\"ListItem\",\"position\":2,\"name\":\"TRANSPORTE P\u00daBLICO Y PESADO ANUNCIAN PARO NACIONAL ESCALONADO DESDE EL 5 DE MAYO; EXIGEN DIALOGAR CON EL PRESIDENTE\"}]},{\"@type\":\"WebSite\",\"@id\":\"https:\/\/innoticiasbo.com\/#website\",\"url\":\"https:\/\/innoticiasbo.com\/\",\"name\":\"innoticiasbo.com\",\"description\":\"\",\"publisher\":{\"@id\":\"https:\/\/innoticiasbo.com\/#organization\"},\"potentialAction\":[{\"@type\":\"SearchAction\",\"target\":{\"@type\":\"EntryPoint\",\"urlTemplate\":\"https:\/\/innoticiasbo.com\/?s={search_term_string}\"},\"query-input\":{\"@type\":\"PropertyValueSpecification\",\"valueRequired\":true,\"valueName\":\"search_term_string\"}}],\"inLanguage\":\"es\"},{\"@type\":\"Organization\",\"@id\":\"https:\/\/innoticiasbo.com\/#organization\",\"name\":\"innoticiasbo.com\",\"url\":\"https:\/\/innoticiasbo.com\/\",\"logo\":{\"@type\":\"ImageObject\",\"inLanguage\":\"es\",\"@id\":\"https:\/\/innoticiasbo.com\/#\/schema\/logo\/image\/\",\"url\":\"https:\/\/i0.wp.com\/innoticiasbo.com\/wp-content\/uploads\/2026\/04\/cropped-IN-LOGO.png?fit=1476%2C1476&ssl=1\",\"contentUrl\":\"https:\/\/i0.wp.com\/innoticiasbo.com\/wp-content\/uploads\/2026\/04\/cropped-IN-LOGO.png?fit=1476%2C1476&ssl=1\",\"width\":1476,\"height\":1476,\"caption\":\"innoticiasbo.com\"},\"image\":{\"@id\":\"https:\/\/innoticiasbo.com\/#\/schema\/logo\/image\/\"},\"sameAs\":[\"https:\/\/www.facebook.com\/innoticiasbolivia\",\"https:\/\/x.com\/innoticiasbo\",\"https:\/\/www.instagram.com\/innoticiasbo\",\"https:\/\/www.youtube.com\/innoticiasbo\"]},{\"@type\":\"Person\",\"@id\":\"https:\/\/innoticiasbo.com\/#\/schema\/person\/0b28481e8d0316f83a13bc702311def5\",\"name\":\"Prensa 11\",\"image\":{\"@type\":\"ImageObject\",\"inLanguage\":\"es\",\"@id\":\"https:\/\/innoticiasbo.com\/#\/schema\/person\/image\/\",\"url\":\"https:\/\/secure.gravatar.com\/avatar\/696560c17349f1807a610bf83832bad0?s=96&d=mm&r=g\",\"contentUrl\":\"https:\/\/secure.gravatar.com\/avatar\/696560c17349f1807a610bf83832bad0?s=96&d=mm&r=g\",\"caption\":\"Prensa 11\"},\"sameAs\":[\"http:\/\/www.innoticiasbo.com\"],\"url\":\"https:\/\/innoticiasbo.com\/index.php\/author\/prensa-11\/\"}]}<\/script>\n<!-- \/ Yoast SEO plugin. -->","yoast_head_json":{"title":"TRANSPORTE P\u00daBLICO Y PESADO ANUNCIAN PARO NACIONAL ESCALONADO DESDE EL 5 DE MAYO; EXIGEN DIALOGAR CON EL PRESIDENTE - innoticiasbo.com","robots":{"index":"index","follow":"follow","max-snippet":"max-snippet:-1","max-image-preview":"max-image-preview:large","max-video-preview":"max-video-preview:-1"},"canonical":"https:\/\/innoticiasbo.com\/index.php\/2026\/04\/29\/transporte-publico-y-pesado-anuncian-paro-nacional-escalonado-desde-el-5-de-mayo-exigen-dialogar-con-el-presidente\/","og_locale":"es_ES","og_type":"article","og_title":"TRANSPORTE P\u00daBLICO Y PESADO ANUNCIAN PARO NACIONAL ESCALONADO DESDE EL 5 DE MAYO; EXIGEN DIALOGAR CON EL PRESIDENTE - innoticiasbo.com","og_description":"Pa\u00eds, 29 de Abril de 2026.- Tras un ampliado realizado en Santa Cruz, los sectores del transporte p\u00fablico y pesado determinaron entrar en un paro nacional a partir del pr\u00f3ximo martes 5 de mayo. El m\u00e1ximo ejecutivo de la Confederaci\u00f3n Sindical de los Choferes de Bolivia, Lucio G\u00f3mez, inform\u00f3 que el paro del transporte ser\u00e1...","og_url":"https:\/\/innoticiasbo.com\/index.php\/2026\/04\/29\/transporte-publico-y-pesado-anuncian-paro-nacional-escalonado-desde-el-5-de-mayo-exigen-dialogar-con-el-presidente\/","og_site_name":"innoticiasbo.com","article_publisher":"https:\/\/www.facebook.com\/innoticiasbolivia","article_published_time":"2026-04-30T01:23:52+00:00","article_modified_time":"2026-04-30T01:23:54+00:00","og_image":[{"width":770,"height":430,"url":"https:\/\/innoticiasbo.com\/wp-content\/uploads\/2026\/04\/image-343.png","type":"image\/png"}],"author":"Prensa 11","twitter_card":"summary_large_image","twitter_creator":"@innoticiasbo","twitter_site":"@innoticiasbo","twitter_misc":{"Escrito por":"Prensa 11","Tiempo de lectura":"2 minutos"},"schema":{"@context":"https:\/\/schema.org","@graph":[{"@type":"Article","@id":"https:\/\/innoticiasbo.com\/index.php\/2026\/04\/29\/transporte-publico-y-pesado-anuncian-paro-nacional-escalonado-desde-el-5-de-mayo-exigen-dialogar-con-el-presidente\/#article","isPartOf":{"@id":"https:\/\/innoticiasbo.com\/index.php\/2026\/04\/29\/transporte-publico-y-pesado-anuncian-paro-nacional-escalonado-desde-el-5-de-mayo-exigen-dialogar-con-el-presidente\/"},"author":{"name":"Prensa 11","@id":"https:\/\/innoticiasbo.com\/#\/schema\/person\/0b28481e8d0316f83a13bc702311def5"},"headline":"TRANSPORTE P\u00daBLICO Y PESADO ANUNCIAN PARO NACIONAL ESCALONADO DESDE EL 5 DE MAYO; EXIGEN DIALOGAR CON EL PRESIDENTE","datePublished":"2026-04-30T01:23:52+00:00","dateModified":"2026-04-30T01:23:54+00:00","mainEntityOfPage":{"@id":"https:\/\/innoticiasbo.com\/index.php\/2026\/04\/29\/transporte-publico-y-pesado-anuncian-paro-nacional-escalonado-desde-el-5-de-mayo-exigen-dialogar-con-el-presidente\/"},"wordCount":314,"commentCount":0,"publisher":{"@id":"https:\/\/innoticiasbo.com\/#organization"},"image":{"@id":"https:\/\/innoticiasbo.com\/index.php\/2026\/04\/29\/transporte-publico-y-pesado-anuncian-paro-nacional-escalonado-desde-el-5-de-mayo-exigen-dialogar-con-el-presidente\/#primaryimage"},"thumbnailUrl":"https:\/\/i0.wp.com\/innoticiasbo.com\/wp-content\/uploads\/2026\/04\/image-343.png?fit=770%2C430&ssl=1","keywords":["Bolivia","econom\u00eda","Paro nacional","Transporte pesado","Transporte p\u00fablico"],"articleSection":["Bolivia","Econom\u00eda"],"inLanguage":"es","potentialAction":[{"@type":"CommentAction","name":"Comment","target":["https:\/\/innoticiasbo.com\/index.php\/2026\/04\/29\/transporte-publico-y-pesado-anuncian-paro-nacional-escalonado-desde-el-5-de-mayo-exigen-dialogar-con-el-presidente\/#respond"]}]},{"@type":"WebPage","@id":"https:\/\/innoticiasbo.com\/index.php\/2026\/04\/29\/transporte-publico-y-pesado-anuncian-paro-nacional-escalonado-desde-el-5-de-mayo-exigen-dialogar-con-el-presidente\/","url":"https:\/\/innoticiasbo.com\/index.php\/2026\/04\/29\/transporte-publico-y-pesado-anuncian-paro-nacional-escalonado-desde-el-5-de-mayo-exigen-dialogar-con-el-presidente\/","name":"TRANSPORTE P\u00daBLICO Y PESADO ANUNCIAN PARO NACIONAL ESCALONADO DESDE EL 5 DE MAYO; EXIGEN DIALOGAR CON EL PRESIDENTE - innoticiasbo.com","isPartOf":{"@id":"https:\/\/innoticiasbo.com\/#website"},"primaryImageOfPage":{"@id":"https:\/\/innoticiasbo.com\/index.php\/2026\/04\/29\/transporte-publico-y-pesado-anuncian-paro-nacional-escalonado-desde-el-5-de-mayo-exigen-dialogar-con-el-presidente\/#primaryimage"},"image":{"@id":"https:\/\/innoticiasbo.com\/index.php\/2026\/04\/29\/transporte-publico-y-pesado-anuncian-paro-nacional-escalonado-desde-el-5-de-mayo-exigen-dialogar-con-el-presidente\/#primaryimage"},"thumbnailUrl":"https:\/\/i0.wp.com\/innoticiasbo.com\/wp-content\/uploads\/2026\/04\/image-343.png?fit=770%2C430&ssl=1","datePublished":"2026-04-30T01:23:52+00:00","dateModified":"2026-04-30T01:23:54+00:00","breadcrumb":{"@id":"https:\/\/innoticiasbo.com\/index.php\/2026\/04\/29\/transporte-publico-y-pesado-anuncian-paro-nacional-escalonado-desde-el-5-de-mayo-exigen-dialogar-con-el-presidente\/#breadcrumb"},"inLanguage":"es","potentialAction":[{"@type":"ReadAction","target":["https:\/\/innoticiasbo.com\/index.php\/2026\/04\/29\/transporte-publico-y-pesado-anuncian-paro-nacional-escalonado-desde-el-5-de-mayo-exigen-dialogar-con-el-presidente\/"]}]},{"@type":"ImageObject","inLanguage":"es","@id":"https:\/\/innoticiasbo.com\/index.php\/2026\/04\/29\/transporte-publico-y-pesado-anuncian-paro-nacional-escalonado-desde-el-5-de-mayo-exigen-dialogar-con-el-presidente\/#primaryimage","url":"https:\/\/i0.wp.com\/innoticiasbo.com\/wp-content\/uploads\/2026\/04\/image-343.png?fit=770%2C430&ssl=1","contentUrl":"https:\/\/i0.wp.com\/innoticiasbo.com\/wp-content\/uploads\/2026\/04\/image-343.png?fit=770%2C430&ssl=1","width":770,"height":430},{"@type":"BreadcrumbList","@id":"https:\/\/innoticiasbo.com\/index.php\/2026\/04\/29\/transporte-publico-y-pesado-anuncian-paro-nacional-escalonado-desde-el-5-de-mayo-exigen-dialogar-con-el-presidente\/#breadcrumb","itemListElement":[{"@type":"ListItem","position":1,"name":"Portada","item":"https:\/\/innoticiasbo.com\/"},{"@type":"ListItem","position":2,"name":"TRANSPORTE P\u00daBLICO Y PESADO ANUNCIAN PARO NACIONAL ESCALONADO DESDE EL 5 DE MAYO; EXIGEN DIALOGAR CON EL PRESIDENTE"}]},{"@type":"WebSite","@id":"https:\/\/innoticiasbo.com\/#website","url":"https:\/\/innoticiasbo.com\/","name":"innoticiasbo.com","description":"","publisher":{"@id":"https:\/\/innoticiasbo.com\/#organization"},"potentialAction":[{"@type":"SearchAction","target":{"@type":"EntryPoint","urlTemplate":"https:\/\/innoticiasbo.com\/?s={search_term_string}"},"query-input":{"@type":"PropertyValueSpecification","valueRequired":true,"valueName":"search_term_string"}}],"inLanguage":"es"},{"@type":"Organization","@id":"https:\/\/innoticiasbo.com\/#organization","name":"innoticiasbo.com","url":"https:\/\/innoticiasbo.com\/","logo":{"@type":"ImageObject","inLanguage":"es","@id":"https:\/\/innoticiasbo.com\/#\/schema\/logo\/image\/","url":"https:\/\/i0.wp.com\/innoticiasbo.com\/wp-content\/uploads\/2026\/04\/cropped-IN-LOGO.png?fit=1476%2C1476&ssl=1","contentUrl":"https:\/\/i0.wp.com\/innoticiasbo.com\/wp-content\/uploads\/2026\/04\/cropped-IN-LOGO.png?fit=1476%2C1476&ssl=1","width":1476,"height":1476,"caption":"innoticiasbo.com"},"image":{"@id":"https:\/\/innoticiasbo.com\/#\/schema\/logo\/image\/"},"sameAs":["https:\/\/www.facebook.com\/innoticiasbolivia","https:\/\/x.com\/innoticiasbo","https:\/\/www.instagram.com\/innoticiasbo","https:\/\/www.youtube.com\/innoticiasbo"]},{"@type":"Person","@id":"https:\/\/innoticiasbo.com\/#\/schema\/person\/0b28481e8d0316f83a13bc702311def5","name":"Prensa 11","image":{"@type":"ImageObject","inLanguage":"es","@id":"https:\/\/innoticiasbo.com\/#\/schema\/person\/image\/","url":"https:\/\/secure.gravatar.com\/avatar\/696560c17349f1807a610bf83832bad0?s=96&d=mm&r=g","contentUrl":"https:\/\/secure.gravatar.com\/avatar\/696560c17349f1807a610bf83832bad0?s=96&d=mm&r=g","caption":"Prensa 11"},"sameAs":["http:\/\/www.innoticiasbo.com"],"url":"https:\/\/innoticiasbo.com\/index.php\/author\/prensa-11\/"}]}},"jetpack_featured_media_url":"https:\/\/i0.wp.com\/innoticiasbo.com\/wp-content\/uploads\/2026\/04\/image-343.png?fit=770%2C430&ssl=1","jetpack_likes_enabled":true,"jetpack_sharing_enabled":true,"jetpack_shortlink":"https:\/\/wp.me\/pg298x-30G","_links":{"self":[{"href":"https:\/\/innoticiasbo.com\/index.php\/wp-json\/wp\/v2\/posts\/11574","targetHints":{"allow":["GET"]}}],"collection":[{"href":"https:\/\/innoticiasbo.com\/index.php\/wp-json\/wp\/v2\/posts"}],"about":[{"href":"https:\/\/innoticiasbo.com\/index.php\/wp-json\/wp\/v2\/types\/post"}],"author":[{"embeddable":true,"href":"https:\/\/innoticiasbo.com\/index.php\/wp-json\/wp\/v2\/users\/11"}],"replies":[{"embeddable":true,"href":"https:\/\/innoticiasbo.com\/index.php\/wp-json\/wp\/v2\/comments?post=11574"}],"version-history":[{"count":1,"href":"https:\/\/innoticiasbo.com\/index.php\/wp-json\/wp\/v2\/posts\/11574\/revisions"}],"predecessor-version":[{"id":11576,"href":"https:\/\/innoticiasbo.com\/index.php\/wp-json\/wp\/v2\/posts\/11574\/revisions\/11576"}],"wp:featuredmedia":[{"embeddable":true,"href":"https:\/\/innoticiasbo.com\/index.php\/wp-json\/wp\/v2\/media\/11575"}],"wp:attachment":[{"href":"https:\/\/innoticiasbo.com\/index.php\/wp-json\/wp\/v2\/media?parent=11574"}],"wp:term":[{"taxonomy":"category","embeddable":true,"href":"https:\/\/innoticiasbo.com\/index.php\/wp-json\/wp\/v2\/categories?post=11574"},{"taxonomy":"post_tag","embeddable":true,"href":"https:\/\/innoticiasbo.com\/index.php\/wp-json\/wp\/v2\/tags?post=11574"}],"curies":[{"name":"wp","href":"https:\/\/api.w.org\/{rel}","templated":true}]}}