{"id":11565,"date":"2026-04-29T20:08:34","date_gmt":"2026-04-30T00:08:34","guid":{"rendered":"https:\/\/innoticiasbo.com\/?p=11565"},"modified":"2026-04-29T20:08:35","modified_gmt":"2026-04-30T00:08:35","slug":"vocero-presidencial-denuncia-un-proceso-conspirativo-y-llama-a-dialogar","status":"publish","type":"post","link":"https:\/\/innoticiasbo.com\/index.php\/2026\/04\/29\/vocero-presidencial-denuncia-un-proceso-conspirativo-y-llama-a-dialogar\/","title":{"rendered":"VOCERO PRESIDENCIAL DENUNCIA UN \u00abPROCESO\u00a0CONSPIRATIVO\u00bb Y LLAMA A DIALOGAR"},"content":{"rendered":"\n<figure class=\"wp-block-image size-full is-resized\"><img data-recalc-dims=\"1\" loading=\"lazy\" decoding=\"async\" width=\"640\" height=\"357\" src=\"https:\/\/i0.wp.com\/innoticiasbo.com\/wp-content\/uploads\/2026\/04\/image-340.png?resize=640%2C357&#038;ssl=1\" alt=\"\" class=\"wp-image-11566\" style=\"width:840px;height:auto\" srcset=\"https:\/\/i0.wp.com\/innoticiasbo.com\/wp-content\/uploads\/2026\/04\/image-340.png?w=770&amp;ssl=1 770w, https:\/\/i0.wp.com\/innoticiasbo.com\/wp-content\/uploads\/2026\/04\/image-340.png?resize=300%2C168&amp;ssl=1 300w, https:\/\/i0.wp.com\/innoticiasbo.com\/wp-content\/uploads\/2026\/04\/image-340.png?resize=768%2C429&amp;ssl=1 768w\" sizes=\"auto, (max-width: 640px) 100vw, 640px\" \/><\/figure>\n\n\n\n<p><strong>La Paz, 29 de Abril de 2026.- <\/strong>En medio de movilizaciones y anuncios de protestas de sectores sociales, el vocero presidencial Jos\u00e9 Luis Galvez denunci\u00f3 que estar\u00eda en curso un \u00abproceso\u00a0conspirativo\u00bb, sin embargo, insisti\u00f3 en proponer el di\u00e1logo como mecanismo para abortar las demandas hacia el Gobierno.<\/p>\n\n\n\n<p>\u00abTenemos que escucharnos. Lo que s\u00ed no estamos de acuerdo es en la generaci\u00f3n de convulsi\u00f3n pol\u00edtica con intenciones de este generar un caos y, eventualmente, construir un&nbsp;proceso&nbsp;conspirativo, que creemos que en parte est\u00e1 en curso\u00bb, dijo Galvez en su primera conferencia de prensa en el cargo.<\/p>\n\n\n\n<p>Actualmente, se registra una marcha de comunidades desde Pando hacia La Paz contra la ley de reconversi\u00f3n de tierras, en tanto los maestros urbanos se movilizan desde el altiplano con demandas salariales y sectoriales. Asimismo, la Central Obrera anunci\u00f3 un cabildo para el 1 de mayo.<\/p>\n\n\n\n<p>El vocero se\u00f1al\u00f3 que \u00abalgunas estructuras\u00bb de orden pol\u00edtico, partidario, dirigencial se oponen a un cambio en el pa\u00eds, porque probablemente tambi\u00e9n est\u00e1n defendiendo un sistema en que se encontraban muy c\u00f3modos y disfrutaban de determinados beneficios.<\/p>\n\n\n\n<p>Denunci\u00f3 que esas \u00abestructuras\u00bb est\u00e1n buscando escenarios de conflicto y de confrontaci\u00f3n.<\/p>\n\n\n\n<p>Ante esa actitud, Galvez dijo que la contrapropuesta del Gobierno \u00abes mirar hacia adelante y no hacia el pasado, es dialogar y conversar absolutamente con todos\u00bb.<\/p>\n\n\n\n<p>Asever\u00f3 que el Gobierno tiene un mandato de \u00abreconstruir la patria\u00bb, avalado por m\u00e1s del 85% de los bolivianos, que han optado por un cambio.<\/p>\n\n\n\n<p>\u00abPese a que hay estas estructuras, la convicci\u00f3n del Gobierno nacional es firme respecto a que no vamos a ceder ning\u00fan espacio, porque es un mandato el que hemos recibido y hay cosas que consideramos que son innegociables pero s\u00ed se pueden conversar y dialogar, porque en democracia todas las voces deben ser escuchadas\u00bb, afirm\u00f3.<\/p>\n\n\n\n<p>Se\u00f1al\u00f3 entre existen manifestaciones que persisten en generar conflicto, pese a que se atienden sus leg\u00edtimas demandas, pero insisti\u00f3 en que la respuesta gubernamental es convocar a conversar y sentarse a trabajar.<\/p>\n\n\n\n<p>Fuente: Los Tiempos<\/p>\n","protected":false},"excerpt":{"rendered":"<p>La Paz, 29 de Abril de 2026.- En medio de movilizaciones y anuncios de protestas de sectores sociales, el vocero presidencial Jos\u00e9 Luis Galvez denunci\u00f3 que estar\u00eda en curso un \u00abproceso\u00a0conspirativo\u00bb, sin embargo, insisti\u00f3 en proponer el di\u00e1logo como mecanismo para abortar las demandas hacia el Gobierno. \u00abTenemos que escucharnos. Lo que s\u00ed no estamos&#8230;<\/p>\n","protected":false},"author":11,"featured_media":11566,"comment_status":"open","ping_status":"open","sticky":false,"template":"","format":"standard","meta":{"_jetpack_memberships_contains_paid_content":false,"footnotes":"","jetpack_publicize_message":"","jetpack_publicize_feature_enabled":true,"jetpack_social_post_already_shared":true,"jetpack_social_options":{"image_generator_settings":{"template":"highway","enabled":false},"version":2}},"categories":[3],"tags":[2751,2135,7,2749,10,2750],"class_list":["post-11565","post","type-post","status-publish","format-standard","has-post-thumbnail","hentry","category-politica","tag-proceso-conspirativo","tag-abrir-dialogo","tag-bolivia","tag-jose-luis-galvez","tag-politica","tag-vocero-presidencial"],"jetpack_publicize_connections":[],"yoast_head":"<!-- This site is optimized with the Yoast SEO plugin v23.4 - https:\/\/yoast.com\/wordpress\/plugins\/seo\/ -->\n<title>VOCERO PRESIDENCIAL DENUNCIA UN &quot;PROCESO\u00a0CONSPIRATIVO&quot; Y LLAMA A DIALOGAR - innoticiasbo.com<\/title>\n<meta name=\"robots\" content=\"index, follow, max-snippet:-1, max-image-preview:large, max-video-preview:-1\" \/>\n<link rel=\"canonical\" href=\"https:\/\/innoticiasbo.com\/index.php\/2026\/04\/29\/vocero-presidencial-denuncia-un-proceso-conspirativo-y-llama-a-dialogar\/\" \/>\n<meta property=\"og:locale\" content=\"es_ES\" \/>\n<meta property=\"og:type\" content=\"article\" \/>\n<meta property=\"og:title\" content=\"VOCERO PRESIDENCIAL DENUNCIA UN &quot;PROCESO\u00a0CONSPIRATIVO&quot; Y LLAMA A DIALOGAR - innoticiasbo.com\" \/>\n<meta property=\"og:description\" content=\"La Paz, 29 de Abril de 2026.- En medio de movilizaciones y anuncios de protestas de sectores sociales, el vocero presidencial Jos\u00e9 Luis Galvez denunci\u00f3 que estar\u00eda en curso un \u00abproceso\u00a0conspirativo\u00bb, sin embargo, insisti\u00f3 en proponer el di\u00e1logo como mecanismo para abortar las demandas hacia el Gobierno. \u00abTenemos que escucharnos. Lo que s\u00ed no estamos...\" \/>\n<meta property=\"og:url\" content=\"https:\/\/innoticiasbo.com\/index.php\/2026\/04\/29\/vocero-presidencial-denuncia-un-proceso-conspirativo-y-llama-a-dialogar\/\" \/>\n<meta property=\"og:site_name\" content=\"innoticiasbo.com\" \/>\n<meta property=\"article:publisher\" content=\"https:\/\/www.facebook.com\/innoticiasbolivia\" \/>\n<meta property=\"article:published_time\" content=\"2026-04-30T00:08:34+00:00\" \/>\n<meta property=\"article:modified_time\" content=\"2026-04-30T00:08:35+00:00\" \/>\n<meta property=\"og:image\" content=\"https:\/\/innoticiasbo.com\/wp-content\/uploads\/2026\/04\/image-340.png\" \/>\n\t<meta property=\"og:image:width\" content=\"770\" \/>\n\t<meta property=\"og:image:height\" content=\"430\" \/>\n\t<meta property=\"og:image:type\" content=\"image\/png\" \/>\n<meta name=\"author\" content=\"Prensa 11\" \/>\n<meta name=\"twitter:card\" content=\"summary_large_image\" \/>\n<meta name=\"twitter:creator\" content=\"@innoticiasbo\" \/>\n<meta name=\"twitter:site\" content=\"@innoticiasbo\" \/>\n<meta name=\"twitter:label1\" content=\"Escrito por\" \/>\n\t<meta name=\"twitter:data1\" content=\"Prensa 11\" \/>\n\t<meta name=\"twitter:label2\" content=\"Tiempo de lectura\" \/>\n\t<meta name=\"twitter:data2\" content=\"2 minutos\" \/>\n<script type=\"application\/ld+json\" class=\"yoast-schema-graph\">{\"@context\":\"https:\/\/schema.org\",\"@graph\":[{\"@type\":\"Article\",\"@id\":\"https:\/\/innoticiasbo.com\/index.php\/2026\/04\/29\/vocero-presidencial-denuncia-un-proceso-conspirativo-y-llama-a-dialogar\/#article\",\"isPartOf\":{\"@id\":\"https:\/\/innoticiasbo.com\/index.php\/2026\/04\/29\/vocero-presidencial-denuncia-un-proceso-conspirativo-y-llama-a-dialogar\/\"},\"author\":{\"name\":\"Prensa 11\",\"@id\":\"https:\/\/innoticiasbo.com\/#\/schema\/person\/0b28481e8d0316f83a13bc702311def5\"},\"headline\":\"VOCERO PRESIDENCIAL DENUNCIA UN \u00abPROCESO\u00a0CONSPIRATIVO\u00bb Y LLAMA A DIALOGAR\",\"datePublished\":\"2026-04-30T00:08:34+00:00\",\"dateModified\":\"2026-04-30T00:08:35+00:00\",\"mainEntityOfPage\":{\"@id\":\"https:\/\/innoticiasbo.com\/index.php\/2026\/04\/29\/vocero-presidencial-denuncia-un-proceso-conspirativo-y-llama-a-dialogar\/\"},\"wordCount\":361,\"commentCount\":0,\"publisher\":{\"@id\":\"https:\/\/innoticiasbo.com\/#organization\"},\"image\":{\"@id\":\"https:\/\/innoticiasbo.com\/index.php\/2026\/04\/29\/vocero-presidencial-denuncia-un-proceso-conspirativo-y-llama-a-dialogar\/#primaryimage\"},\"thumbnailUrl\":\"https:\/\/i0.wp.com\/innoticiasbo.com\/wp-content\/uploads\/2026\/04\/image-340.png?fit=770%2C430&ssl=1\",\"keywords\":[\"\\\"proceso\u00a0conspirativo\\\"\",\"Abrir dialogo\",\"Bolivia\",\"Jos\u00e9 Luis Galvez\",\"Pol\u00edtica\",\"vocero presidencial\"],\"articleSection\":[\"Pol\u00edtica\"],\"inLanguage\":\"es\",\"potentialAction\":[{\"@type\":\"CommentAction\",\"name\":\"Comment\",\"target\":[\"https:\/\/innoticiasbo.com\/index.php\/2026\/04\/29\/vocero-presidencial-denuncia-un-proceso-conspirativo-y-llama-a-dialogar\/#respond\"]}]},{\"@type\":\"WebPage\",\"@id\":\"https:\/\/innoticiasbo.com\/index.php\/2026\/04\/29\/vocero-presidencial-denuncia-un-proceso-conspirativo-y-llama-a-dialogar\/\",\"url\":\"https:\/\/innoticiasbo.com\/index.php\/2026\/04\/29\/vocero-presidencial-denuncia-un-proceso-conspirativo-y-llama-a-dialogar\/\",\"name\":\"VOCERO PRESIDENCIAL DENUNCIA UN \\\"PROCESO\u00a0CONSPIRATIVO\\\" Y LLAMA A DIALOGAR - innoticiasbo.com\",\"isPartOf\":{\"@id\":\"https:\/\/innoticiasbo.com\/#website\"},\"primaryImageOfPage\":{\"@id\":\"https:\/\/innoticiasbo.com\/index.php\/2026\/04\/29\/vocero-presidencial-denuncia-un-proceso-conspirativo-y-llama-a-dialogar\/#primaryimage\"},\"image\":{\"@id\":\"https:\/\/innoticiasbo.com\/index.php\/2026\/04\/29\/vocero-presidencial-denuncia-un-proceso-conspirativo-y-llama-a-dialogar\/#primaryimage\"},\"thumbnailUrl\":\"https:\/\/i0.wp.com\/innoticiasbo.com\/wp-content\/uploads\/2026\/04\/image-340.png?fit=770%2C430&ssl=1\",\"datePublished\":\"2026-04-30T00:08:34+00:00\",\"dateModified\":\"2026-04-30T00:08:35+00:00\",\"breadcrumb\":{\"@id\":\"https:\/\/innoticiasbo.com\/index.php\/2026\/04\/29\/vocero-presidencial-denuncia-un-proceso-conspirativo-y-llama-a-dialogar\/#breadcrumb\"},\"inLanguage\":\"es\",\"potentialAction\":[{\"@type\":\"ReadAction\",\"target\":[\"https:\/\/innoticiasbo.com\/index.php\/2026\/04\/29\/vocero-presidencial-denuncia-un-proceso-conspirativo-y-llama-a-dialogar\/\"]}]},{\"@type\":\"ImageObject\",\"inLanguage\":\"es\",\"@id\":\"https:\/\/innoticiasbo.com\/index.php\/2026\/04\/29\/vocero-presidencial-denuncia-un-proceso-conspirativo-y-llama-a-dialogar\/#primaryimage\",\"url\":\"https:\/\/i0.wp.com\/innoticiasbo.com\/wp-content\/uploads\/2026\/04\/image-340.png?fit=770%2C430&ssl=1\",\"contentUrl\":\"https:\/\/i0.wp.com\/innoticiasbo.com\/wp-content\/uploads\/2026\/04\/image-340.png?fit=770%2C430&ssl=1\",\"width\":770,\"height\":430},{\"@type\":\"BreadcrumbList\",\"@id\":\"https:\/\/innoticiasbo.com\/index.php\/2026\/04\/29\/vocero-presidencial-denuncia-un-proceso-conspirativo-y-llama-a-dialogar\/#breadcrumb\",\"itemListElement\":[{\"@type\":\"ListItem\",\"position\":1,\"name\":\"Portada\",\"item\":\"https:\/\/innoticiasbo.com\/\"},{\"@type\":\"ListItem\",\"position\":2,\"name\":\"VOCERO PRESIDENCIAL DENUNCIA UN \u00abPROCESO\u00a0CONSPIRATIVO\u00bb Y LLAMA A DIALOGAR\"}]},{\"@type\":\"WebSite\",\"@id\":\"https:\/\/innoticiasbo.com\/#website\",\"url\":\"https:\/\/innoticiasbo.com\/\",\"name\":\"innoticiasbo.com\",\"description\":\"\",\"publisher\":{\"@id\":\"https:\/\/innoticiasbo.com\/#organization\"},\"potentialAction\":[{\"@type\":\"SearchAction\",\"target\":{\"@type\":\"EntryPoint\",\"urlTemplate\":\"https:\/\/innoticiasbo.com\/?s={search_term_string}\"},\"query-input\":{\"@type\":\"PropertyValueSpecification\",\"valueRequired\":true,\"valueName\":\"search_term_string\"}}],\"inLanguage\":\"es\"},{\"@type\":\"Organization\",\"@id\":\"https:\/\/innoticiasbo.com\/#organization\",\"name\":\"innoticiasbo.com\",\"url\":\"https:\/\/innoticiasbo.com\/\",\"logo\":{\"@type\":\"ImageObject\",\"inLanguage\":\"es\",\"@id\":\"https:\/\/innoticiasbo.com\/#\/schema\/logo\/image\/\",\"url\":\"https:\/\/i0.wp.com\/innoticiasbo.com\/wp-content\/uploads\/2026\/04\/cropped-IN-LOGO.png?fit=1476%2C1476&ssl=1\",\"contentUrl\":\"https:\/\/i0.wp.com\/innoticiasbo.com\/wp-content\/uploads\/2026\/04\/cropped-IN-LOGO.png?fit=1476%2C1476&ssl=1\",\"width\":1476,\"height\":1476,\"caption\":\"innoticiasbo.com\"},\"image\":{\"@id\":\"https:\/\/innoticiasbo.com\/#\/schema\/logo\/image\/\"},\"sameAs\":[\"https:\/\/www.facebook.com\/innoticiasbolivia\",\"https:\/\/x.com\/innoticiasbo\",\"https:\/\/www.instagram.com\/innoticiasbo\",\"https:\/\/www.youtube.com\/innoticiasbo\"]},{\"@type\":\"Person\",\"@id\":\"https:\/\/innoticiasbo.com\/#\/schema\/person\/0b28481e8d0316f83a13bc702311def5\",\"name\":\"Prensa 11\",\"image\":{\"@type\":\"ImageObject\",\"inLanguage\":\"es\",\"@id\":\"https:\/\/innoticiasbo.com\/#\/schema\/person\/image\/\",\"url\":\"https:\/\/secure.gravatar.com\/avatar\/696560c17349f1807a610bf83832bad0?s=96&d=mm&r=g\",\"contentUrl\":\"https:\/\/secure.gravatar.com\/avatar\/696560c17349f1807a610bf83832bad0?s=96&d=mm&r=g\",\"caption\":\"Prensa 11\"},\"sameAs\":[\"http:\/\/www.innoticiasbo.com\"],\"url\":\"https:\/\/innoticiasbo.com\/index.php\/author\/prensa-11\/\"}]}<\/script>\n<!-- \/ Yoast SEO plugin. -->","yoast_head_json":{"title":"VOCERO PRESIDENCIAL DENUNCIA UN \"PROCESO\u00a0CONSPIRATIVO\" Y LLAMA A DIALOGAR - innoticiasbo.com","robots":{"index":"index","follow":"follow","max-snippet":"max-snippet:-1","max-image-preview":"max-image-preview:large","max-video-preview":"max-video-preview:-1"},"canonical":"https:\/\/innoticiasbo.com\/index.php\/2026\/04\/29\/vocero-presidencial-denuncia-un-proceso-conspirativo-y-llama-a-dialogar\/","og_locale":"es_ES","og_type":"article","og_title":"VOCERO PRESIDENCIAL DENUNCIA UN \"PROCESO\u00a0CONSPIRATIVO\" Y LLAMA A DIALOGAR - innoticiasbo.com","og_description":"La Paz, 29 de Abril de 2026.- En medio de movilizaciones y anuncios de protestas de sectores sociales, el vocero presidencial Jos\u00e9 Luis Galvez denunci\u00f3 que estar\u00eda en curso un \u00abproceso\u00a0conspirativo\u00bb, sin embargo, insisti\u00f3 en proponer el di\u00e1logo como mecanismo para abortar las demandas hacia el Gobierno. \u00abTenemos que escucharnos. Lo que s\u00ed no estamos...","og_url":"https:\/\/innoticiasbo.com\/index.php\/2026\/04\/29\/vocero-presidencial-denuncia-un-proceso-conspirativo-y-llama-a-dialogar\/","og_site_name":"innoticiasbo.com","article_publisher":"https:\/\/www.facebook.com\/innoticiasbolivia","article_published_time":"2026-04-30T00:08:34+00:00","article_modified_time":"2026-04-30T00:08:35+00:00","og_image":[{"width":770,"height":430,"url":"https:\/\/innoticiasbo.com\/wp-content\/uploads\/2026\/04\/image-340.png","type":"image\/png"}],"author":"Prensa 11","twitter_card":"summary_large_image","twitter_creator":"@innoticiasbo","twitter_site":"@innoticiasbo","twitter_misc":{"Escrito por":"Prensa 11","Tiempo de lectura":"2 minutos"},"schema":{"@context":"https:\/\/schema.org","@graph":[{"@type":"Article","@id":"https:\/\/innoticiasbo.com\/index.php\/2026\/04\/29\/vocero-presidencial-denuncia-un-proceso-conspirativo-y-llama-a-dialogar\/#article","isPartOf":{"@id":"https:\/\/innoticiasbo.com\/index.php\/2026\/04\/29\/vocero-presidencial-denuncia-un-proceso-conspirativo-y-llama-a-dialogar\/"},"author":{"name":"Prensa 11","@id":"https:\/\/innoticiasbo.com\/#\/schema\/person\/0b28481e8d0316f83a13bc702311def5"},"headline":"VOCERO PRESIDENCIAL DENUNCIA UN \u00abPROCESO\u00a0CONSPIRATIVO\u00bb Y LLAMA A DIALOGAR","datePublished":"2026-04-30T00:08:34+00:00","dateModified":"2026-04-30T00:08:35+00:00","mainEntityOfPage":{"@id":"https:\/\/innoticiasbo.com\/index.php\/2026\/04\/29\/vocero-presidencial-denuncia-un-proceso-conspirativo-y-llama-a-dialogar\/"},"wordCount":361,"commentCount":0,"publisher":{"@id":"https:\/\/innoticiasbo.com\/#organization"},"image":{"@id":"https:\/\/innoticiasbo.com\/index.php\/2026\/04\/29\/vocero-presidencial-denuncia-un-proceso-conspirativo-y-llama-a-dialogar\/#primaryimage"},"thumbnailUrl":"https:\/\/i0.wp.com\/innoticiasbo.com\/wp-content\/uploads\/2026\/04\/image-340.png?fit=770%2C430&ssl=1","keywords":["\"proceso\u00a0conspirativo\"","Abrir dialogo","Bolivia","Jos\u00e9 Luis Galvez","Pol\u00edtica","vocero presidencial"],"articleSection":["Pol\u00edtica"],"inLanguage":"es","potentialAction":[{"@type":"CommentAction","name":"Comment","target":["https:\/\/innoticiasbo.com\/index.php\/2026\/04\/29\/vocero-presidencial-denuncia-un-proceso-conspirativo-y-llama-a-dialogar\/#respond"]}]},{"@type":"WebPage","@id":"https:\/\/innoticiasbo.com\/index.php\/2026\/04\/29\/vocero-presidencial-denuncia-un-proceso-conspirativo-y-llama-a-dialogar\/","url":"https:\/\/innoticiasbo.com\/index.php\/2026\/04\/29\/vocero-presidencial-denuncia-un-proceso-conspirativo-y-llama-a-dialogar\/","name":"VOCERO PRESIDENCIAL DENUNCIA UN \"PROCESO\u00a0CONSPIRATIVO\" Y LLAMA A DIALOGAR - innoticiasbo.com","isPartOf":{"@id":"https:\/\/innoticiasbo.com\/#website"},"primaryImageOfPage":{"@id":"https:\/\/innoticiasbo.com\/index.php\/2026\/04\/29\/vocero-presidencial-denuncia-un-proceso-conspirativo-y-llama-a-dialogar\/#primaryimage"},"image":{"@id":"https:\/\/innoticiasbo.com\/index.php\/2026\/04\/29\/vocero-presidencial-denuncia-un-proceso-conspirativo-y-llama-a-dialogar\/#primaryimage"},"thumbnailUrl":"https:\/\/i0.wp.com\/innoticiasbo.com\/wp-content\/uploads\/2026\/04\/image-340.png?fit=770%2C430&ssl=1","datePublished":"2026-04-30T00:08:34+00:00","dateModified":"2026-04-30T00:08:35+00:00","breadcrumb":{"@id":"https:\/\/innoticiasbo.com\/index.php\/2026\/04\/29\/vocero-presidencial-denuncia-un-proceso-conspirativo-y-llama-a-dialogar\/#breadcrumb"},"inLanguage":"es","potentialAction":[{"@type":"ReadAction","target":["https:\/\/innoticiasbo.com\/index.php\/2026\/04\/29\/vocero-presidencial-denuncia-un-proceso-conspirativo-y-llama-a-dialogar\/"]}]},{"@type":"ImageObject","inLanguage":"es","@id":"https:\/\/innoticiasbo.com\/index.php\/2026\/04\/29\/vocero-presidencial-denuncia-un-proceso-conspirativo-y-llama-a-dialogar\/#primaryimage","url":"https:\/\/i0.wp.com\/innoticiasbo.com\/wp-content\/uploads\/2026\/04\/image-340.png?fit=770%2C430&ssl=1","contentUrl":"https:\/\/i0.wp.com\/innoticiasbo.com\/wp-content\/uploads\/2026\/04\/image-340.png?fit=770%2C430&ssl=1","width":770,"height":430},{"@type":"BreadcrumbList","@id":"https:\/\/innoticiasbo.com\/index.php\/2026\/04\/29\/vocero-presidencial-denuncia-un-proceso-conspirativo-y-llama-a-dialogar\/#breadcrumb","itemListElement":[{"@type":"ListItem","position":1,"name":"Portada","item":"https:\/\/innoticiasbo.com\/"},{"@type":"ListItem","position":2,"name":"VOCERO PRESIDENCIAL DENUNCIA UN \u00abPROCESO\u00a0CONSPIRATIVO\u00bb Y LLAMA A DIALOGAR"}]},{"@type":"WebSite","@id":"https:\/\/innoticiasbo.com\/#website","url":"https:\/\/innoticiasbo.com\/","name":"innoticiasbo.com","description":"","publisher":{"@id":"https:\/\/innoticiasbo.com\/#organization"},"potentialAction":[{"@type":"SearchAction","target":{"@type":"EntryPoint","urlTemplate":"https:\/\/innoticiasbo.com\/?s={search_term_string}"},"query-input":{"@type":"PropertyValueSpecification","valueRequired":true,"valueName":"search_term_string"}}],"inLanguage":"es"},{"@type":"Organization","@id":"https:\/\/innoticiasbo.com\/#organization","name":"innoticiasbo.com","url":"https:\/\/innoticiasbo.com\/","logo":{"@type":"ImageObject","inLanguage":"es","@id":"https:\/\/innoticiasbo.com\/#\/schema\/logo\/image\/","url":"https:\/\/i0.wp.com\/innoticiasbo.com\/wp-content\/uploads\/2026\/04\/cropped-IN-LOGO.png?fit=1476%2C1476&ssl=1","contentUrl":"https:\/\/i0.wp.com\/innoticiasbo.com\/wp-content\/uploads\/2026\/04\/cropped-IN-LOGO.png?fit=1476%2C1476&ssl=1","width":1476,"height":1476,"caption":"innoticiasbo.com"},"image":{"@id":"https:\/\/innoticiasbo.com\/#\/schema\/logo\/image\/"},"sameAs":["https:\/\/www.facebook.com\/innoticiasbolivia","https:\/\/x.com\/innoticiasbo","https:\/\/www.instagram.com\/innoticiasbo","https:\/\/www.youtube.com\/innoticiasbo"]},{"@type":"Person","@id":"https:\/\/innoticiasbo.com\/#\/schema\/person\/0b28481e8d0316f83a13bc702311def5","name":"Prensa 11","image":{"@type":"ImageObject","inLanguage":"es","@id":"https:\/\/innoticiasbo.com\/#\/schema\/person\/image\/","url":"https:\/\/secure.gravatar.com\/avatar\/696560c17349f1807a610bf83832bad0?s=96&d=mm&r=g","contentUrl":"https:\/\/secure.gravatar.com\/avatar\/696560c17349f1807a610bf83832bad0?s=96&d=mm&r=g","caption":"Prensa 11"},"sameAs":["http:\/\/www.innoticiasbo.com"],"url":"https:\/\/innoticiasbo.com\/index.php\/author\/prensa-11\/"}]}},"jetpack_featured_media_url":"https:\/\/i0.wp.com\/innoticiasbo.com\/wp-content\/uploads\/2026\/04\/image-340.png?fit=770%2C430&ssl=1","jetpack_likes_enabled":true,"jetpack_sharing_enabled":true,"jetpack_shortlink":"https:\/\/wp.me\/pg298x-30x","_links":{"self":[{"href":"https:\/\/innoticiasbo.com\/index.php\/wp-json\/wp\/v2\/posts\/11565","targetHints":{"allow":["GET"]}}],"collection":[{"href":"https:\/\/innoticiasbo.com\/index.php\/wp-json\/wp\/v2\/posts"}],"about":[{"href":"https:\/\/innoticiasbo.com\/index.php\/wp-json\/wp\/v2\/types\/post"}],"author":[{"embeddable":true,"href":"https:\/\/innoticiasbo.com\/index.php\/wp-json\/wp\/v2\/users\/11"}],"replies":[{"embeddable":true,"href":"https:\/\/innoticiasbo.com\/index.php\/wp-json\/wp\/v2\/comments?post=11565"}],"version-history":[{"count":1,"href":"https:\/\/innoticiasbo.com\/index.php\/wp-json\/wp\/v2\/posts\/11565\/revisions"}],"predecessor-version":[{"id":11567,"href":"https:\/\/innoticiasbo.com\/index.php\/wp-json\/wp\/v2\/posts\/11565\/revisions\/11567"}],"wp:featuredmedia":[{"embeddable":true,"href":"https:\/\/innoticiasbo.com\/index.php\/wp-json\/wp\/v2\/media\/11566"}],"wp:attachment":[{"href":"https:\/\/innoticiasbo.com\/index.php\/wp-json\/wp\/v2\/media?parent=11565"}],"wp:term":[{"taxonomy":"category","embeddable":true,"href":"https:\/\/innoticiasbo.com\/index.php\/wp-json\/wp\/v2\/categories?post=11565"},{"taxonomy":"post_tag","embeddable":true,"href":"https:\/\/innoticiasbo.com\/index.php\/wp-json\/wp\/v2\/tags?post=11565"}],"curies":[{"name":"wp","href":"https:\/\/api.w.org\/{rel}","templated":true}]}}