{"id":11561,"date":"2026-04-29T15:11:45","date_gmt":"2026-04-29T19:11:45","guid":{"rendered":"https:\/\/innoticiasbo.com\/?p=11561"},"modified":"2026-04-29T15:11:45","modified_gmt":"2026-04-29T19:11:45","slug":"capturan-en-peru-a-feminicida-buscado-en-cochabamba-en-cooperacion-entre-el-ministerio-publico-y-la-policia-boliviana","status":"publish","type":"post","link":"https:\/\/innoticiasbo.com\/index.php\/2026\/04\/29\/capturan-en-peru-a-feminicida-buscado-en-cochabamba-en-cooperacion-entre-el-ministerio-publico-y-la-policia-boliviana\/","title":{"rendered":"CAPTURAN EN PER\u00da A FEMINICIDA BUSCADO EN COCHABAMBA EN COOPERACI\u00d3N ENTRE EL MINISTERIO P\u00daBLICO Y LA POLIC\u00cdA BOLIVIANA"},"content":{"rendered":"\n<p>Cochabamba, 29 de abril, 2026.- El Fiscal Departamental de Cochabamba, Osvaldo Tejerina R\u00edos, inform\u00f3 que, gracias al trabajo coordinado entre el Ministerio P\u00fablico, la Polic\u00eda Boliviana y la Polic\u00eda del Per\u00fa, se logr\u00f3 la aprehensi\u00f3n de Jhonatan M. T., principal sospechoso del Feminicidio de Elizabeth Sheyla V.J., de 29 a\u00f1os ocurrido en la ciudad de Cochabamba.<\/p>\n\n\n\n<p>\u201cEste resultado es producto de una labor articulada entre instituciones nacionales e internacionales, que permiti\u00f3 ubicar y aprehender al presunto autor fuera del pa\u00eds, reafirmando nuestro compromiso de luchar contra la impunidad en hechos de violencia contra las mujeres\u201d, se\u00f1al\u00f3 Tejerina.<\/p>\n\n\n\n<p>De acuerdo a la informaci\u00f3n proporcionada, el sujeto fue aprehendido en la ciudad de Cusco &#8211; Per\u00fa, en una carretera principal, con la colaboraci\u00f3n con la Organizaci\u00f3n Internacional de Polic\u00eda Criminal (INTERPOL) de ese pa\u00eds y el apoyo de familiares de la v\u00edctima, quienes coadyuvaron en la identificaci\u00f3n y ubicaci\u00f3n del sindicado.<\/p>\n\n\n\n<p>Asimismo, se conoci\u00f3 que el hombre fue inicialmente aprehendido por el delito de Hurto Agravado cometido en territorio peruano, situaci\u00f3n que permiti\u00f3 su identificaci\u00f3n como el principal investigado por el Feminicidio en Bolivia, sobre quien pesaba una orden de captura emitida en fecha 31 de marzo de 2026.<\/p>\n\n\n\n<p>El Fiscal Departamental tambi\u00e9n inform\u00f3 que los menores con los que el autor se dio a la fuga se encuentran actualmente a buen resguardo, bajo protecci\u00f3n de las autoridades competentes, priorizando en todo momento su integridad y bienestar.<\/p>\n\n\n\n<p>El Ministerio P\u00fablico iniciar\u00e1 los tr\u00e1mites legales correspondientes para solicitar la entrega del sindicado ante las autoridades competentes del Per\u00fa, a fin de que sea trasladado al pa\u00eds y responda ante la justicia boliviana por el delito de feminicidio.<\/p>\n\n\n\n<p><\/p>\n","protected":false},"excerpt":{"rendered":"<p>Cochabamba, 29 de abril, 2026.- El Fiscal Departamental de Cochabamba, Osvaldo Tejerina R\u00edos, inform\u00f3 que, gracias al trabajo coordinado entre el Ministerio P\u00fablico, la Polic\u00eda Boliviana y la Polic\u00eda del Per\u00fa, se logr\u00f3 la aprehensi\u00f3n de Jhonatan M. T., principal sospechoso del Feminicidio de Elizabeth Sheyla V.J., de 29 a\u00f1os ocurrido en la ciudad de&#8230;<\/p>\n","protected":false},"author":6,"featured_media":11560,"comment_status":"closed","ping_status":"open","sticky":false,"template":"","format":"standard","meta":{"_jetpack_memberships_contains_paid_content":false,"footnotes":"","jetpack_publicize_message":"CAPTURAN EN PER\u00da A FEMINICIDA BUSCADO EN COCHABAMBA EN COOPERACI\u00d3N ENTRE EL MINISTERIO P\u00daBLICO Y LA POLIC\u00cdA BOLIVIANA","jetpack_publicize_feature_enabled":true,"jetpack_social_post_already_shared":true,"jetpack_social_options":{"image_generator_settings":{"template":"highway","enabled":false},"version":2}},"categories":[1],"tags":[],"class_list":["post-11561","post","type-post","status-publish","format-standard","has-post-thumbnail","hentry","category-bolivia"],"jetpack_publicize_connections":[],"yoast_head":"<!-- This site is optimized with the Yoast SEO plugin v23.4 - https:\/\/yoast.com\/wordpress\/plugins\/seo\/ -->\n<title>CAPTURAN EN PER\u00da A FEMINICIDA BUSCADO EN COCHABAMBA EN COOPERACI\u00d3N ENTRE EL MINISTERIO P\u00daBLICO Y LA POLIC\u00cdA BOLIVIANA - innoticiasbo.com<\/title>\n<meta name=\"robots\" content=\"index, follow, max-snippet:-1, max-image-preview:large, max-video-preview:-1\" \/>\n<link rel=\"canonical\" href=\"https:\/\/innoticiasbo.com\/index.php\/2026\/04\/29\/capturan-en-peru-a-feminicida-buscado-en-cochabamba-en-cooperacion-entre-el-ministerio-publico-y-la-policia-boliviana\/\" \/>\n<meta property=\"og:locale\" content=\"es_ES\" \/>\n<meta property=\"og:type\" content=\"article\" \/>\n<meta property=\"og:title\" content=\"CAPTURAN EN PER\u00da A FEMINICIDA BUSCADO EN COCHABAMBA EN COOPERACI\u00d3N ENTRE EL MINISTERIO P\u00daBLICO Y LA POLIC\u00cdA BOLIVIANA - innoticiasbo.com\" \/>\n<meta property=\"og:description\" content=\"Cochabamba, 29 de abril, 2026.- El Fiscal Departamental de Cochabamba, Osvaldo Tejerina R\u00edos, inform\u00f3 que, gracias al trabajo coordinado entre el Ministerio P\u00fablico, la Polic\u00eda Boliviana y la Polic\u00eda del Per\u00fa, se logr\u00f3 la aprehensi\u00f3n de Jhonatan M. T., principal sospechoso del Feminicidio de Elizabeth Sheyla V.J., de 29 a\u00f1os ocurrido en la ciudad de...\" \/>\n<meta property=\"og:url\" content=\"https:\/\/innoticiasbo.com\/index.php\/2026\/04\/29\/capturan-en-peru-a-feminicida-buscado-en-cochabamba-en-cooperacion-entre-el-ministerio-publico-y-la-policia-boliviana\/\" \/>\n<meta property=\"og:site_name\" content=\"innoticiasbo.com\" \/>\n<meta property=\"article:publisher\" content=\"https:\/\/www.facebook.com\/innoticiasbolivia\" \/>\n<meta property=\"article:published_time\" content=\"2026-04-29T19:11:45+00:00\" \/>\n<meta property=\"og:image\" content=\"https:\/\/i0.wp.com\/innoticiasbo.com\/wp-content\/uploads\/2026\/04\/6e6a08b6-9473-42de-a339-451887ea20e4.jpg?fit=1080%2C939&ssl=1\" \/>\n\t<meta property=\"og:image:width\" content=\"1080\" \/>\n\t<meta property=\"og:image:height\" content=\"939\" \/>\n\t<meta property=\"og:image:type\" content=\"image\/jpeg\" \/>\n<meta name=\"author\" content=\"Eliza Riva\" \/>\n<meta name=\"twitter:card\" content=\"summary_large_image\" \/>\n<meta name=\"twitter:creator\" content=\"@innoticiasbo\" \/>\n<meta name=\"twitter:site\" content=\"@innoticiasbo\" \/>\n<meta name=\"twitter:label1\" content=\"Escrito por\" \/>\n\t<meta name=\"twitter:data1\" content=\"Eliza Riva\" \/>\n\t<meta name=\"twitter:label2\" content=\"Tiempo de lectura\" \/>\n\t<meta name=\"twitter:data2\" content=\"1 minuto\" \/>\n<script type=\"application\/ld+json\" class=\"yoast-schema-graph\">{\"@context\":\"https:\/\/schema.org\",\"@graph\":[{\"@type\":\"Article\",\"@id\":\"https:\/\/innoticiasbo.com\/index.php\/2026\/04\/29\/capturan-en-peru-a-feminicida-buscado-en-cochabamba-en-cooperacion-entre-el-ministerio-publico-y-la-policia-boliviana\/#article\",\"isPartOf\":{\"@id\":\"https:\/\/innoticiasbo.com\/index.php\/2026\/04\/29\/capturan-en-peru-a-feminicida-buscado-en-cochabamba-en-cooperacion-entre-el-ministerio-publico-y-la-policia-boliviana\/\"},\"author\":{\"name\":\"Eliza Riva\",\"@id\":\"https:\/\/innoticiasbo.com\/#\/schema\/person\/8c935b6b11c0223d8f77dc01fc948202\"},\"headline\":\"CAPTURAN EN PER\u00da A FEMINICIDA BUSCADO EN COCHABAMBA EN COOPERACI\u00d3N ENTRE EL MINISTERIO P\u00daBLICO Y LA POLIC\u00cdA BOLIVIANA\",\"datePublished\":\"2026-04-29T19:11:45+00:00\",\"dateModified\":\"2026-04-29T19:11:45+00:00\",\"mainEntityOfPage\":{\"@id\":\"https:\/\/innoticiasbo.com\/index.php\/2026\/04\/29\/capturan-en-peru-a-feminicida-buscado-en-cochabamba-en-cooperacion-entre-el-ministerio-publico-y-la-policia-boliviana\/\"},\"wordCount\":315,\"publisher\":{\"@id\":\"https:\/\/innoticiasbo.com\/#organization\"},\"image\":{\"@id\":\"https:\/\/innoticiasbo.com\/index.php\/2026\/04\/29\/capturan-en-peru-a-feminicida-buscado-en-cochabamba-en-cooperacion-entre-el-ministerio-publico-y-la-policia-boliviana\/#primaryimage\"},\"thumbnailUrl\":\"https:\/\/i0.wp.com\/innoticiasbo.com\/wp-content\/uploads\/2026\/04\/6e6a08b6-9473-42de-a339-451887ea20e4.jpg?fit=1080%2C939&ssl=1\",\"articleSection\":[\"Bolivia\"],\"inLanguage\":\"es\"},{\"@type\":\"WebPage\",\"@id\":\"https:\/\/innoticiasbo.com\/index.php\/2026\/04\/29\/capturan-en-peru-a-feminicida-buscado-en-cochabamba-en-cooperacion-entre-el-ministerio-publico-y-la-policia-boliviana\/\",\"url\":\"https:\/\/innoticiasbo.com\/index.php\/2026\/04\/29\/capturan-en-peru-a-feminicida-buscado-en-cochabamba-en-cooperacion-entre-el-ministerio-publico-y-la-policia-boliviana\/\",\"name\":\"CAPTURAN EN PER\u00da A FEMINICIDA BUSCADO EN COCHABAMBA EN COOPERACI\u00d3N ENTRE EL MINISTERIO P\u00daBLICO Y LA POLIC\u00cdA BOLIVIANA - innoticiasbo.com\",\"isPartOf\":{\"@id\":\"https:\/\/innoticiasbo.com\/#website\"},\"primaryImageOfPage\":{\"@id\":\"https:\/\/innoticiasbo.com\/index.php\/2026\/04\/29\/capturan-en-peru-a-feminicida-buscado-en-cochabamba-en-cooperacion-entre-el-ministerio-publico-y-la-policia-boliviana\/#primaryimage\"},\"image\":{\"@id\":\"https:\/\/innoticiasbo.com\/index.php\/2026\/04\/29\/capturan-en-peru-a-feminicida-buscado-en-cochabamba-en-cooperacion-entre-el-ministerio-publico-y-la-policia-boliviana\/#primaryimage\"},\"thumbnailUrl\":\"https:\/\/i0.wp.com\/innoticiasbo.com\/wp-content\/uploads\/2026\/04\/6e6a08b6-9473-42de-a339-451887ea20e4.jpg?fit=1080%2C939&ssl=1\",\"datePublished\":\"2026-04-29T19:11:45+00:00\",\"dateModified\":\"2026-04-29T19:11:45+00:00\",\"breadcrumb\":{\"@id\":\"https:\/\/innoticiasbo.com\/index.php\/2026\/04\/29\/capturan-en-peru-a-feminicida-buscado-en-cochabamba-en-cooperacion-entre-el-ministerio-publico-y-la-policia-boliviana\/#breadcrumb\"},\"inLanguage\":\"es\",\"potentialAction\":[{\"@type\":\"ReadAction\",\"target\":[\"https:\/\/innoticiasbo.com\/index.php\/2026\/04\/29\/capturan-en-peru-a-feminicida-buscado-en-cochabamba-en-cooperacion-entre-el-ministerio-publico-y-la-policia-boliviana\/\"]}]},{\"@type\":\"ImageObject\",\"inLanguage\":\"es\",\"@id\":\"https:\/\/innoticiasbo.com\/index.php\/2026\/04\/29\/capturan-en-peru-a-feminicida-buscado-en-cochabamba-en-cooperacion-entre-el-ministerio-publico-y-la-policia-boliviana\/#primaryimage\",\"url\":\"https:\/\/i0.wp.com\/innoticiasbo.com\/wp-content\/uploads\/2026\/04\/6e6a08b6-9473-42de-a339-451887ea20e4.jpg?fit=1080%2C939&ssl=1\",\"contentUrl\":\"https:\/\/i0.wp.com\/innoticiasbo.com\/wp-content\/uploads\/2026\/04\/6e6a08b6-9473-42de-a339-451887ea20e4.jpg?fit=1080%2C939&ssl=1\",\"width\":1080,\"height\":939},{\"@type\":\"BreadcrumbList\",\"@id\":\"https:\/\/innoticiasbo.com\/index.php\/2026\/04\/29\/capturan-en-peru-a-feminicida-buscado-en-cochabamba-en-cooperacion-entre-el-ministerio-publico-y-la-policia-boliviana\/#breadcrumb\",\"itemListElement\":[{\"@type\":\"ListItem\",\"position\":1,\"name\":\"Portada\",\"item\":\"https:\/\/innoticiasbo.com\/\"},{\"@type\":\"ListItem\",\"position\":2,\"name\":\"CAPTURAN EN PER\u00da A FEMINICIDA BUSCADO EN COCHABAMBA EN COOPERACI\u00d3N ENTRE EL MINISTERIO P\u00daBLICO Y LA POLIC\u00cdA BOLIVIANA\"}]},{\"@type\":\"WebSite\",\"@id\":\"https:\/\/innoticiasbo.com\/#website\",\"url\":\"https:\/\/innoticiasbo.com\/\",\"name\":\"innoticiasbo.com\",\"description\":\"\",\"publisher\":{\"@id\":\"https:\/\/innoticiasbo.com\/#organization\"},\"potentialAction\":[{\"@type\":\"SearchAction\",\"target\":{\"@type\":\"EntryPoint\",\"urlTemplate\":\"https:\/\/innoticiasbo.com\/?s={search_term_string}\"},\"query-input\":{\"@type\":\"PropertyValueSpecification\",\"valueRequired\":true,\"valueName\":\"search_term_string\"}}],\"inLanguage\":\"es\"},{\"@type\":\"Organization\",\"@id\":\"https:\/\/innoticiasbo.com\/#organization\",\"name\":\"innoticiasbo.com\",\"url\":\"https:\/\/innoticiasbo.com\/\",\"logo\":{\"@type\":\"ImageObject\",\"inLanguage\":\"es\",\"@id\":\"https:\/\/innoticiasbo.com\/#\/schema\/logo\/image\/\",\"url\":\"https:\/\/i0.wp.com\/innoticiasbo.com\/wp-content\/uploads\/2026\/04\/cropped-IN-LOGO.png?fit=1476%2C1476&ssl=1\",\"contentUrl\":\"https:\/\/i0.wp.com\/innoticiasbo.com\/wp-content\/uploads\/2026\/04\/cropped-IN-LOGO.png?fit=1476%2C1476&ssl=1\",\"width\":1476,\"height\":1476,\"caption\":\"innoticiasbo.com\"},\"image\":{\"@id\":\"https:\/\/innoticiasbo.com\/#\/schema\/logo\/image\/\"},\"sameAs\":[\"https:\/\/www.facebook.com\/innoticiasbolivia\",\"https:\/\/x.com\/innoticiasbo\",\"https:\/\/www.instagram.com\/innoticiasbo\",\"https:\/\/www.youtube.com\/innoticiasbo\"]},{\"@type\":\"Person\",\"@id\":\"https:\/\/innoticiasbo.com\/#\/schema\/person\/8c935b6b11c0223d8f77dc01fc948202\",\"name\":\"Eliza Riva\",\"image\":{\"@type\":\"ImageObject\",\"inLanguage\":\"es\",\"@id\":\"https:\/\/innoticiasbo.com\/#\/schema\/person\/image\/\",\"url\":\"https:\/\/secure.gravatar.com\/avatar\/fdc172c2af344133d19e57e4b7acdee4?s=96&d=mm&r=g\",\"contentUrl\":\"https:\/\/secure.gravatar.com\/avatar\/fdc172c2af344133d19e57e4b7acdee4?s=96&d=mm&r=g\",\"caption\":\"Eliza Riva\"},\"sameAs\":[\"http:\/\/www.innoticiasbo.com\"],\"url\":\"https:\/\/innoticiasbo.com\/index.php\/author\/prensa-4\/\"}]}<\/script>\n<!-- \/ Yoast SEO plugin. -->","yoast_head_json":{"title":"CAPTURAN EN PER\u00da A FEMINICIDA BUSCADO EN COCHABAMBA EN COOPERACI\u00d3N ENTRE EL MINISTERIO P\u00daBLICO Y LA POLIC\u00cdA BOLIVIANA - innoticiasbo.com","robots":{"index":"index","follow":"follow","max-snippet":"max-snippet:-1","max-image-preview":"max-image-preview:large","max-video-preview":"max-video-preview:-1"},"canonical":"https:\/\/innoticiasbo.com\/index.php\/2026\/04\/29\/capturan-en-peru-a-feminicida-buscado-en-cochabamba-en-cooperacion-entre-el-ministerio-publico-y-la-policia-boliviana\/","og_locale":"es_ES","og_type":"article","og_title":"CAPTURAN EN PER\u00da A FEMINICIDA BUSCADO EN COCHABAMBA EN COOPERACI\u00d3N ENTRE EL MINISTERIO P\u00daBLICO Y LA POLIC\u00cdA BOLIVIANA - innoticiasbo.com","og_description":"Cochabamba, 29 de abril, 2026.- El Fiscal Departamental de Cochabamba, Osvaldo Tejerina R\u00edos, inform\u00f3 que, gracias al trabajo coordinado entre el Ministerio P\u00fablico, la Polic\u00eda Boliviana y la Polic\u00eda del Per\u00fa, se logr\u00f3 la aprehensi\u00f3n de Jhonatan M. T., principal sospechoso del Feminicidio de Elizabeth Sheyla V.J., de 29 a\u00f1os ocurrido en la ciudad de...","og_url":"https:\/\/innoticiasbo.com\/index.php\/2026\/04\/29\/capturan-en-peru-a-feminicida-buscado-en-cochabamba-en-cooperacion-entre-el-ministerio-publico-y-la-policia-boliviana\/","og_site_name":"innoticiasbo.com","article_publisher":"https:\/\/www.facebook.com\/innoticiasbolivia","article_published_time":"2026-04-29T19:11:45+00:00","og_image":[{"width":1080,"height":939,"url":"https:\/\/i0.wp.com\/innoticiasbo.com\/wp-content\/uploads\/2026\/04\/6e6a08b6-9473-42de-a339-451887ea20e4.jpg?fit=1080%2C939&ssl=1","type":"image\/jpeg"}],"author":"Eliza Riva","twitter_card":"summary_large_image","twitter_creator":"@innoticiasbo","twitter_site":"@innoticiasbo","twitter_misc":{"Escrito por":"Eliza Riva","Tiempo de lectura":"1 minuto"},"schema":{"@context":"https:\/\/schema.org","@graph":[{"@type":"Article","@id":"https:\/\/innoticiasbo.com\/index.php\/2026\/04\/29\/capturan-en-peru-a-feminicida-buscado-en-cochabamba-en-cooperacion-entre-el-ministerio-publico-y-la-policia-boliviana\/#article","isPartOf":{"@id":"https:\/\/innoticiasbo.com\/index.php\/2026\/04\/29\/capturan-en-peru-a-feminicida-buscado-en-cochabamba-en-cooperacion-entre-el-ministerio-publico-y-la-policia-boliviana\/"},"author":{"name":"Eliza Riva","@id":"https:\/\/innoticiasbo.com\/#\/schema\/person\/8c935b6b11c0223d8f77dc01fc948202"},"headline":"CAPTURAN EN PER\u00da A FEMINICIDA BUSCADO EN COCHABAMBA EN COOPERACI\u00d3N ENTRE EL MINISTERIO P\u00daBLICO Y LA POLIC\u00cdA BOLIVIANA","datePublished":"2026-04-29T19:11:45+00:00","dateModified":"2026-04-29T19:11:45+00:00","mainEntityOfPage":{"@id":"https:\/\/innoticiasbo.com\/index.php\/2026\/04\/29\/capturan-en-peru-a-feminicida-buscado-en-cochabamba-en-cooperacion-entre-el-ministerio-publico-y-la-policia-boliviana\/"},"wordCount":315,"publisher":{"@id":"https:\/\/innoticiasbo.com\/#organization"},"image":{"@id":"https:\/\/innoticiasbo.com\/index.php\/2026\/04\/29\/capturan-en-peru-a-feminicida-buscado-en-cochabamba-en-cooperacion-entre-el-ministerio-publico-y-la-policia-boliviana\/#primaryimage"},"thumbnailUrl":"https:\/\/i0.wp.com\/innoticiasbo.com\/wp-content\/uploads\/2026\/04\/6e6a08b6-9473-42de-a339-451887ea20e4.jpg?fit=1080%2C939&ssl=1","articleSection":["Bolivia"],"inLanguage":"es"},{"@type":"WebPage","@id":"https:\/\/innoticiasbo.com\/index.php\/2026\/04\/29\/capturan-en-peru-a-feminicida-buscado-en-cochabamba-en-cooperacion-entre-el-ministerio-publico-y-la-policia-boliviana\/","url":"https:\/\/innoticiasbo.com\/index.php\/2026\/04\/29\/capturan-en-peru-a-feminicida-buscado-en-cochabamba-en-cooperacion-entre-el-ministerio-publico-y-la-policia-boliviana\/","name":"CAPTURAN EN PER\u00da A FEMINICIDA BUSCADO EN COCHABAMBA EN COOPERACI\u00d3N ENTRE EL MINISTERIO P\u00daBLICO Y LA POLIC\u00cdA BOLIVIANA - innoticiasbo.com","isPartOf":{"@id":"https:\/\/innoticiasbo.com\/#website"},"primaryImageOfPage":{"@id":"https:\/\/innoticiasbo.com\/index.php\/2026\/04\/29\/capturan-en-peru-a-feminicida-buscado-en-cochabamba-en-cooperacion-entre-el-ministerio-publico-y-la-policia-boliviana\/#primaryimage"},"image":{"@id":"https:\/\/innoticiasbo.com\/index.php\/2026\/04\/29\/capturan-en-peru-a-feminicida-buscado-en-cochabamba-en-cooperacion-entre-el-ministerio-publico-y-la-policia-boliviana\/#primaryimage"},"thumbnailUrl":"https:\/\/i0.wp.com\/innoticiasbo.com\/wp-content\/uploads\/2026\/04\/6e6a08b6-9473-42de-a339-451887ea20e4.jpg?fit=1080%2C939&ssl=1","datePublished":"2026-04-29T19:11:45+00:00","dateModified":"2026-04-29T19:11:45+00:00","breadcrumb":{"@id":"https:\/\/innoticiasbo.com\/index.php\/2026\/04\/29\/capturan-en-peru-a-feminicida-buscado-en-cochabamba-en-cooperacion-entre-el-ministerio-publico-y-la-policia-boliviana\/#breadcrumb"},"inLanguage":"es","potentialAction":[{"@type":"ReadAction","target":["https:\/\/innoticiasbo.com\/index.php\/2026\/04\/29\/capturan-en-peru-a-feminicida-buscado-en-cochabamba-en-cooperacion-entre-el-ministerio-publico-y-la-policia-boliviana\/"]}]},{"@type":"ImageObject","inLanguage":"es","@id":"https:\/\/innoticiasbo.com\/index.php\/2026\/04\/29\/capturan-en-peru-a-feminicida-buscado-en-cochabamba-en-cooperacion-entre-el-ministerio-publico-y-la-policia-boliviana\/#primaryimage","url":"https:\/\/i0.wp.com\/innoticiasbo.com\/wp-content\/uploads\/2026\/04\/6e6a08b6-9473-42de-a339-451887ea20e4.jpg?fit=1080%2C939&ssl=1","contentUrl":"https:\/\/i0.wp.com\/innoticiasbo.com\/wp-content\/uploads\/2026\/04\/6e6a08b6-9473-42de-a339-451887ea20e4.jpg?fit=1080%2C939&ssl=1","width":1080,"height":939},{"@type":"BreadcrumbList","@id":"https:\/\/innoticiasbo.com\/index.php\/2026\/04\/29\/capturan-en-peru-a-feminicida-buscado-en-cochabamba-en-cooperacion-entre-el-ministerio-publico-y-la-policia-boliviana\/#breadcrumb","itemListElement":[{"@type":"ListItem","position":1,"name":"Portada","item":"https:\/\/innoticiasbo.com\/"},{"@type":"ListItem","position":2,"name":"CAPTURAN EN PER\u00da A FEMINICIDA BUSCADO EN COCHABAMBA EN COOPERACI\u00d3N ENTRE EL MINISTERIO P\u00daBLICO Y LA POLIC\u00cdA BOLIVIANA"}]},{"@type":"WebSite","@id":"https:\/\/innoticiasbo.com\/#website","url":"https:\/\/innoticiasbo.com\/","name":"innoticiasbo.com","description":"","publisher":{"@id":"https:\/\/innoticiasbo.com\/#organization"},"potentialAction":[{"@type":"SearchAction","target":{"@type":"EntryPoint","urlTemplate":"https:\/\/innoticiasbo.com\/?s={search_term_string}"},"query-input":{"@type":"PropertyValueSpecification","valueRequired":true,"valueName":"search_term_string"}}],"inLanguage":"es"},{"@type":"Organization","@id":"https:\/\/innoticiasbo.com\/#organization","name":"innoticiasbo.com","url":"https:\/\/innoticiasbo.com\/","logo":{"@type":"ImageObject","inLanguage":"es","@id":"https:\/\/innoticiasbo.com\/#\/schema\/logo\/image\/","url":"https:\/\/i0.wp.com\/innoticiasbo.com\/wp-content\/uploads\/2026\/04\/cropped-IN-LOGO.png?fit=1476%2C1476&ssl=1","contentUrl":"https:\/\/i0.wp.com\/innoticiasbo.com\/wp-content\/uploads\/2026\/04\/cropped-IN-LOGO.png?fit=1476%2C1476&ssl=1","width":1476,"height":1476,"caption":"innoticiasbo.com"},"image":{"@id":"https:\/\/innoticiasbo.com\/#\/schema\/logo\/image\/"},"sameAs":["https:\/\/www.facebook.com\/innoticiasbolivia","https:\/\/x.com\/innoticiasbo","https:\/\/www.instagram.com\/innoticiasbo","https:\/\/www.youtube.com\/innoticiasbo"]},{"@type":"Person","@id":"https:\/\/innoticiasbo.com\/#\/schema\/person\/8c935b6b11c0223d8f77dc01fc948202","name":"Eliza Riva","image":{"@type":"ImageObject","inLanguage":"es","@id":"https:\/\/innoticiasbo.com\/#\/schema\/person\/image\/","url":"https:\/\/secure.gravatar.com\/avatar\/fdc172c2af344133d19e57e4b7acdee4?s=96&d=mm&r=g","contentUrl":"https:\/\/secure.gravatar.com\/avatar\/fdc172c2af344133d19e57e4b7acdee4?s=96&d=mm&r=g","caption":"Eliza Riva"},"sameAs":["http:\/\/www.innoticiasbo.com"],"url":"https:\/\/innoticiasbo.com\/index.php\/author\/prensa-4\/"}]}},"jetpack_featured_media_url":"https:\/\/i0.wp.com\/innoticiasbo.com\/wp-content\/uploads\/2026\/04\/6e6a08b6-9473-42de-a339-451887ea20e4.jpg?fit=1080%2C939&ssl=1","jetpack_likes_enabled":true,"jetpack_sharing_enabled":true,"jetpack_shortlink":"https:\/\/wp.me\/pg298x-30t","_links":{"self":[{"href":"https:\/\/innoticiasbo.com\/index.php\/wp-json\/wp\/v2\/posts\/11561","targetHints":{"allow":["GET"]}}],"collection":[{"href":"https:\/\/innoticiasbo.com\/index.php\/wp-json\/wp\/v2\/posts"}],"about":[{"href":"https:\/\/innoticiasbo.com\/index.php\/wp-json\/wp\/v2\/types\/post"}],"author":[{"embeddable":true,"href":"https:\/\/innoticiasbo.com\/index.php\/wp-json\/wp\/v2\/users\/6"}],"replies":[{"embeddable":true,"href":"https:\/\/innoticiasbo.com\/index.php\/wp-json\/wp\/v2\/comments?post=11561"}],"version-history":[{"count":1,"href":"https:\/\/innoticiasbo.com\/index.php\/wp-json\/wp\/v2\/posts\/11561\/revisions"}],"predecessor-version":[{"id":11562,"href":"https:\/\/innoticiasbo.com\/index.php\/wp-json\/wp\/v2\/posts\/11561\/revisions\/11562"}],"wp:featuredmedia":[{"embeddable":true,"href":"https:\/\/innoticiasbo.com\/index.php\/wp-json\/wp\/v2\/media\/11560"}],"wp:attachment":[{"href":"https:\/\/innoticiasbo.com\/index.php\/wp-json\/wp\/v2\/media?parent=11561"}],"wp:term":[{"taxonomy":"category","embeddable":true,"href":"https:\/\/innoticiasbo.com\/index.php\/wp-json\/wp\/v2\/categories?post=11561"},{"taxonomy":"post_tag","embeddable":true,"href":"https:\/\/innoticiasbo.com\/index.php\/wp-json\/wp\/v2\/tags?post=11561"}],"curies":[{"name":"wp","href":"https:\/\/api.w.org\/{rel}","templated":true}]}}