{"id":11557,"date":"2026-04-29T12:57:59","date_gmt":"2026-04-29T16:57:59","guid":{"rendered":"https:\/\/innoticiasbo.com\/?p=11557"},"modified":"2026-04-29T12:58:01","modified_gmt":"2026-04-29T16:58:01","slug":"bolivia-cooperara-con-eeuu-en-temas-de-minerales-criticos-tierras-raras-y-lucha-contra-el-crimen-organizado","status":"publish","type":"post","link":"https:\/\/innoticiasbo.com\/index.php\/2026\/04\/29\/bolivia-cooperara-con-eeuu-en-temas-de-minerales-criticos-tierras-raras-y-lucha-contra-el-crimen-organizado\/","title":{"rendered":"BOLIVIA COOPERAR\u00c1 CON EEUU EN TEMAS DE MINERALES CR\u00cdTICOS, TIERRAS RARAS Y LUCHA CONTRA EL CRIMEN ORGANIZADO"},"content":{"rendered":"\n<figure class=\"wp-block-image size-full is-resized\"><img data-recalc-dims=\"1\" loading=\"lazy\" decoding=\"async\" width=\"476\" height=\"281\" src=\"https:\/\/i0.wp.com\/innoticiasbo.com\/wp-content\/uploads\/2026\/04\/image-339.png?resize=476%2C281&#038;ssl=1\" alt=\"\" class=\"wp-image-11558\" style=\"width:840px;height:auto\" srcset=\"https:\/\/i0.wp.com\/innoticiasbo.com\/wp-content\/uploads\/2026\/04\/image-339.png?w=476&amp;ssl=1 476w, https:\/\/i0.wp.com\/innoticiasbo.com\/wp-content\/uploads\/2026\/04\/image-339.png?resize=300%2C177&amp;ssl=1 300w\" sizes=\"auto, (max-width: 476px) 100vw, 476px\" \/><\/figure>\n\n\n\n<p><strong>Pa\u00eds, 29 de Abril de 2026.-<\/strong> El canciller Fernando Aramayo afirm\u00f3, en entrevista con Urgente.bo, que Bolivia y Estados Unidos cooperar\u00e1n en temas de minerales cr\u00edticos, tierras raras y la lucha contra el crimen organizado.<\/p>\n\n\n\n<p>\u201cNo va a importar que tengamos las reservas m\u00e1s importantes a nivel global de minerales cr\u00edticos y tierras raras, si las condiciones de gobernabilidad, de gobernanza, de paz social, de prestibilidad no est\u00e1n dadas\u201d, dijo Aramayo en entrevista con Urgente.bo.<\/p>\n\n\n\n<p>En ese sentido, se\u00f1al\u00f3 que Bolivia debe construir una nueva relaci\u00f3n con Estados Unidos basada en el potencial de los minerales cr\u00edticos. \u201cEstamos trabajando en una agenda muy completa que tiene que ver con agricultura, con salud, con tecnolog\u00eda, con miner\u00eda, tiene que ver tambi\u00e9n con modernizaci\u00f3n del Estado\u201d, se\u00f1al\u00f3 la autoridad al referirse a los acercamientos con el gobierno estadounidense.<\/p>\n\n\n\n<p>Asimismo, Aramayo explic\u00f3 que el di\u00e1logo con autoridades de Estados Unidos se desarrolla \u201csin condicionamientos\u201d, aunque remarc\u00f3 que Bolivia busca dejar atr\u00e1s una pol\u00edtica exterior \u201ctutelada\u201d y aprovechar sus recursos estrat\u00e9gicos y su ubicaci\u00f3n geogr\u00e1fica. \u201cTierras raras, minerales cr\u00edticos, energ\u00eda, hidrocarburos, tecnolog\u00eda. \u00bfTe imaginas el potencial desaprovechado de Bolivia?\u201d, sostuvo.<\/p>\n\n\n\n<p>El canciller asegur\u00f3 que el pa\u00eds puede convertirse en un actor clave en la nueva econom\u00eda tecnol\u00f3gica global. \u201cNuestra situaci\u00f3n geogr\u00e1fica nos permite, con tecnolog\u00edas de \u00faltima generaci\u00f3n, administrar el tr\u00e1fico de datos. Todo es datos\u201d, indic\u00f3.<\/p>\n\n\n\n<p>Adem\u00e1s, se\u00f1al\u00f3 que la presencia de grandes empresas tecnol\u00f3gicas en Estados Unidos convierte a ese pa\u00eds en un socio estrat\u00e9gico para Bolivia. \u201cLa presencia de las tecnol\u00f3gicas en Estados Unidos es sustantiva\u201d, dijo.<\/p>\n\n\n\n<p>Asimismo, se\u00f1al\u00f3 que la nueva pol\u00edtica exterior necesita fortalecer la seguridad y enfrentar redes il\u00edcitas internacionales. \u201cTenemos que trabajar todos los pa\u00edses\u201d para aportar a la seguridad global.<\/p>\n\n\n\n<p>El canciller agreg\u00f3 que Bolivia tambi\u00e9n busca alianzas con pa\u00edses como Arabia Saudita, Catar, Emiratos \u00c1rabes y Kazajist\u00e1n para acelerar procesos de innovaci\u00f3n tecnol\u00f3gica y energ\u00e9tica.<\/p>\n\n\n\n<p>Fuente: Urgente.bo<\/p>\n","protected":false},"excerpt":{"rendered":"<p>Pa\u00eds, 29 de Abril de 2026.- El canciller Fernando Aramayo afirm\u00f3, en entrevista con Urgente.bo, que Bolivia y Estados Unidos cooperar\u00e1n en temas de minerales cr\u00edticos, tierras raras y la lucha contra el crimen organizado. \u201cNo va a importar que tengamos las reservas m\u00e1s importantes a nivel global de minerales cr\u00edticos y tierras raras, si&#8230;<\/p>\n","protected":false},"author":11,"featured_media":11558,"comment_status":"open","ping_status":"open","sticky":false,"template":"","format":"standard","meta":{"_jetpack_memberships_contains_paid_content":false,"footnotes":"","jetpack_publicize_message":"","jetpack_publicize_feature_enabled":true,"jetpack_social_post_already_shared":true,"jetpack_social_options":{"image_generator_settings":{"template":"highway","enabled":false},"version":2}},"categories":[16],"tags":[7,18,700,216,181,2747,2745,2748,2746],"class_list":["post-11557","post","type-post","status-publish","format-standard","has-post-thumbnail","hentry","category-economia","tag-bolivia","tag-economia","tag-ee-uu","tag-eeuu","tag-estados-unidos","tag-lucha-contra-el-crimen-organizado","tag-minerales-criticos","tag-relaciones-bolivia-eeuu","tag-tierras-raras"],"jetpack_publicize_connections":[],"yoast_head":"<!-- This site is optimized with the Yoast SEO plugin v23.4 - https:\/\/yoast.com\/wordpress\/plugins\/seo\/ -->\n<title>BOLIVIA COOPERAR\u00c1 CON EEUU EN TEMAS DE MINERALES CR\u00cdTICOS, TIERRAS RARAS Y LUCHA CONTRA EL CRIMEN ORGANIZADO - innoticiasbo.com<\/title>\n<meta name=\"robots\" content=\"index, follow, max-snippet:-1, max-image-preview:large, max-video-preview:-1\" \/>\n<link rel=\"canonical\" href=\"https:\/\/innoticiasbo.com\/index.php\/2026\/04\/29\/bolivia-cooperara-con-eeuu-en-temas-de-minerales-criticos-tierras-raras-y-lucha-contra-el-crimen-organizado\/\" \/>\n<meta property=\"og:locale\" content=\"es_ES\" \/>\n<meta property=\"og:type\" content=\"article\" \/>\n<meta property=\"og:title\" content=\"BOLIVIA COOPERAR\u00c1 CON EEUU EN TEMAS DE MINERALES CR\u00cdTICOS, TIERRAS RARAS Y LUCHA CONTRA EL CRIMEN ORGANIZADO - innoticiasbo.com\" \/>\n<meta property=\"og:description\" content=\"Pa\u00eds, 29 de Abril de 2026.- El canciller Fernando Aramayo afirm\u00f3, en entrevista con Urgente.bo, que Bolivia y Estados Unidos cooperar\u00e1n en temas de minerales cr\u00edticos, tierras raras y la lucha contra el crimen organizado. \u201cNo va a importar que tengamos las reservas m\u00e1s importantes a nivel global de minerales cr\u00edticos y tierras raras, si...\" \/>\n<meta property=\"og:url\" content=\"https:\/\/innoticiasbo.com\/index.php\/2026\/04\/29\/bolivia-cooperara-con-eeuu-en-temas-de-minerales-criticos-tierras-raras-y-lucha-contra-el-crimen-organizado\/\" \/>\n<meta property=\"og:site_name\" content=\"innoticiasbo.com\" \/>\n<meta property=\"article:publisher\" content=\"https:\/\/www.facebook.com\/innoticiasbolivia\" \/>\n<meta property=\"article:published_time\" content=\"2026-04-29T16:57:59+00:00\" \/>\n<meta property=\"article:modified_time\" content=\"2026-04-29T16:58:01+00:00\" \/>\n<meta property=\"og:image\" content=\"https:\/\/innoticiasbo.com\/wp-content\/uploads\/2026\/04\/image-339.png\" \/>\n\t<meta property=\"og:image:width\" content=\"476\" \/>\n\t<meta property=\"og:image:height\" content=\"281\" \/>\n\t<meta property=\"og:image:type\" content=\"image\/png\" \/>\n<meta name=\"author\" content=\"Prensa 11\" \/>\n<meta name=\"twitter:card\" content=\"summary_large_image\" \/>\n<meta name=\"twitter:creator\" content=\"@innoticiasbo\" \/>\n<meta name=\"twitter:site\" content=\"@innoticiasbo\" \/>\n<meta name=\"twitter:label1\" content=\"Escrito por\" \/>\n\t<meta name=\"twitter:data1\" content=\"Prensa 11\" \/>\n\t<meta name=\"twitter:label2\" content=\"Tiempo de lectura\" \/>\n\t<meta name=\"twitter:data2\" content=\"2 minutos\" \/>\n<script type=\"application\/ld+json\" class=\"yoast-schema-graph\">{\"@context\":\"https:\/\/schema.org\",\"@graph\":[{\"@type\":\"Article\",\"@id\":\"https:\/\/innoticiasbo.com\/index.php\/2026\/04\/29\/bolivia-cooperara-con-eeuu-en-temas-de-minerales-criticos-tierras-raras-y-lucha-contra-el-crimen-organizado\/#article\",\"isPartOf\":{\"@id\":\"https:\/\/innoticiasbo.com\/index.php\/2026\/04\/29\/bolivia-cooperara-con-eeuu-en-temas-de-minerales-criticos-tierras-raras-y-lucha-contra-el-crimen-organizado\/\"},\"author\":{\"name\":\"Prensa 11\",\"@id\":\"https:\/\/innoticiasbo.com\/#\/schema\/person\/0b28481e8d0316f83a13bc702311def5\"},\"headline\":\"BOLIVIA COOPERAR\u00c1 CON EEUU EN TEMAS DE MINERALES CR\u00cdTICOS, TIERRAS RARAS Y LUCHA CONTRA EL CRIMEN ORGANIZADO\",\"datePublished\":\"2026-04-29T16:57:59+00:00\",\"dateModified\":\"2026-04-29T16:58:01+00:00\",\"mainEntityOfPage\":{\"@id\":\"https:\/\/innoticiasbo.com\/index.php\/2026\/04\/29\/bolivia-cooperara-con-eeuu-en-temas-de-minerales-criticos-tierras-raras-y-lucha-contra-el-crimen-organizado\/\"},\"wordCount\":379,\"commentCount\":0,\"publisher\":{\"@id\":\"https:\/\/innoticiasbo.com\/#organization\"},\"image\":{\"@id\":\"https:\/\/innoticiasbo.com\/index.php\/2026\/04\/29\/bolivia-cooperara-con-eeuu-en-temas-de-minerales-criticos-tierras-raras-y-lucha-contra-el-crimen-organizado\/#primaryimage\"},\"thumbnailUrl\":\"https:\/\/i0.wp.com\/innoticiasbo.com\/wp-content\/uploads\/2026\/04\/image-339.png?fit=476%2C281&ssl=1\",\"keywords\":[\"Bolivia\",\"econom\u00eda\",\"EE.UU\",\"EEUU\",\"Estados Unidos\",\"lucha contra el crimen organizado\",\"minerales cr\u00edticos\",\"Relaciones Bolivia-EEUU\",\"tierras raras\"],\"articleSection\":[\"Econom\u00eda\"],\"inLanguage\":\"es\",\"potentialAction\":[{\"@type\":\"CommentAction\",\"name\":\"Comment\",\"target\":[\"https:\/\/innoticiasbo.com\/index.php\/2026\/04\/29\/bolivia-cooperara-con-eeuu-en-temas-de-minerales-criticos-tierras-raras-y-lucha-contra-el-crimen-organizado\/#respond\"]}]},{\"@type\":\"WebPage\",\"@id\":\"https:\/\/innoticiasbo.com\/index.php\/2026\/04\/29\/bolivia-cooperara-con-eeuu-en-temas-de-minerales-criticos-tierras-raras-y-lucha-contra-el-crimen-organizado\/\",\"url\":\"https:\/\/innoticiasbo.com\/index.php\/2026\/04\/29\/bolivia-cooperara-con-eeuu-en-temas-de-minerales-criticos-tierras-raras-y-lucha-contra-el-crimen-organizado\/\",\"name\":\"BOLIVIA COOPERAR\u00c1 CON EEUU EN TEMAS DE MINERALES CR\u00cdTICOS, TIERRAS RARAS Y LUCHA CONTRA EL CRIMEN ORGANIZADO - innoticiasbo.com\",\"isPartOf\":{\"@id\":\"https:\/\/innoticiasbo.com\/#website\"},\"primaryImageOfPage\":{\"@id\":\"https:\/\/innoticiasbo.com\/index.php\/2026\/04\/29\/bolivia-cooperara-con-eeuu-en-temas-de-minerales-criticos-tierras-raras-y-lucha-contra-el-crimen-organizado\/#primaryimage\"},\"image\":{\"@id\":\"https:\/\/innoticiasbo.com\/index.php\/2026\/04\/29\/bolivia-cooperara-con-eeuu-en-temas-de-minerales-criticos-tierras-raras-y-lucha-contra-el-crimen-organizado\/#primaryimage\"},\"thumbnailUrl\":\"https:\/\/i0.wp.com\/innoticiasbo.com\/wp-content\/uploads\/2026\/04\/image-339.png?fit=476%2C281&ssl=1\",\"datePublished\":\"2026-04-29T16:57:59+00:00\",\"dateModified\":\"2026-04-29T16:58:01+00:00\",\"breadcrumb\":{\"@id\":\"https:\/\/innoticiasbo.com\/index.php\/2026\/04\/29\/bolivia-cooperara-con-eeuu-en-temas-de-minerales-criticos-tierras-raras-y-lucha-contra-el-crimen-organizado\/#breadcrumb\"},\"inLanguage\":\"es\",\"potentialAction\":[{\"@type\":\"ReadAction\",\"target\":[\"https:\/\/innoticiasbo.com\/index.php\/2026\/04\/29\/bolivia-cooperara-con-eeuu-en-temas-de-minerales-criticos-tierras-raras-y-lucha-contra-el-crimen-organizado\/\"]}]},{\"@type\":\"ImageObject\",\"inLanguage\":\"es\",\"@id\":\"https:\/\/innoticiasbo.com\/index.php\/2026\/04\/29\/bolivia-cooperara-con-eeuu-en-temas-de-minerales-criticos-tierras-raras-y-lucha-contra-el-crimen-organizado\/#primaryimage\",\"url\":\"https:\/\/i0.wp.com\/innoticiasbo.com\/wp-content\/uploads\/2026\/04\/image-339.png?fit=476%2C281&ssl=1\",\"contentUrl\":\"https:\/\/i0.wp.com\/innoticiasbo.com\/wp-content\/uploads\/2026\/04\/image-339.png?fit=476%2C281&ssl=1\",\"width\":476,\"height\":281},{\"@type\":\"BreadcrumbList\",\"@id\":\"https:\/\/innoticiasbo.com\/index.php\/2026\/04\/29\/bolivia-cooperara-con-eeuu-en-temas-de-minerales-criticos-tierras-raras-y-lucha-contra-el-crimen-organizado\/#breadcrumb\",\"itemListElement\":[{\"@type\":\"ListItem\",\"position\":1,\"name\":\"Portada\",\"item\":\"https:\/\/innoticiasbo.com\/\"},{\"@type\":\"ListItem\",\"position\":2,\"name\":\"BOLIVIA COOPERAR\u00c1 CON EEUU EN TEMAS DE MINERALES CR\u00cdTICOS, TIERRAS RARAS Y LUCHA CONTRA EL CRIMEN ORGANIZADO\"}]},{\"@type\":\"WebSite\",\"@id\":\"https:\/\/innoticiasbo.com\/#website\",\"url\":\"https:\/\/innoticiasbo.com\/\",\"name\":\"innoticiasbo.com\",\"description\":\"\",\"publisher\":{\"@id\":\"https:\/\/innoticiasbo.com\/#organization\"},\"potentialAction\":[{\"@type\":\"SearchAction\",\"target\":{\"@type\":\"EntryPoint\",\"urlTemplate\":\"https:\/\/innoticiasbo.com\/?s={search_term_string}\"},\"query-input\":{\"@type\":\"PropertyValueSpecification\",\"valueRequired\":true,\"valueName\":\"search_term_string\"}}],\"inLanguage\":\"es\"},{\"@type\":\"Organization\",\"@id\":\"https:\/\/innoticiasbo.com\/#organization\",\"name\":\"innoticiasbo.com\",\"url\":\"https:\/\/innoticiasbo.com\/\",\"logo\":{\"@type\":\"ImageObject\",\"inLanguage\":\"es\",\"@id\":\"https:\/\/innoticiasbo.com\/#\/schema\/logo\/image\/\",\"url\":\"https:\/\/i0.wp.com\/innoticiasbo.com\/wp-content\/uploads\/2026\/04\/cropped-IN-LOGO.png?fit=1476%2C1476&ssl=1\",\"contentUrl\":\"https:\/\/i0.wp.com\/innoticiasbo.com\/wp-content\/uploads\/2026\/04\/cropped-IN-LOGO.png?fit=1476%2C1476&ssl=1\",\"width\":1476,\"height\":1476,\"caption\":\"innoticiasbo.com\"},\"image\":{\"@id\":\"https:\/\/innoticiasbo.com\/#\/schema\/logo\/image\/\"},\"sameAs\":[\"https:\/\/www.facebook.com\/innoticiasbolivia\",\"https:\/\/x.com\/innoticiasbo\",\"https:\/\/www.instagram.com\/innoticiasbo\",\"https:\/\/www.youtube.com\/innoticiasbo\"]},{\"@type\":\"Person\",\"@id\":\"https:\/\/innoticiasbo.com\/#\/schema\/person\/0b28481e8d0316f83a13bc702311def5\",\"name\":\"Prensa 11\",\"image\":{\"@type\":\"ImageObject\",\"inLanguage\":\"es\",\"@id\":\"https:\/\/innoticiasbo.com\/#\/schema\/person\/image\/\",\"url\":\"https:\/\/secure.gravatar.com\/avatar\/696560c17349f1807a610bf83832bad0?s=96&d=mm&r=g\",\"contentUrl\":\"https:\/\/secure.gravatar.com\/avatar\/696560c17349f1807a610bf83832bad0?s=96&d=mm&r=g\",\"caption\":\"Prensa 11\"},\"sameAs\":[\"http:\/\/www.innoticiasbo.com\"],\"url\":\"https:\/\/innoticiasbo.com\/index.php\/author\/prensa-11\/\"}]}<\/script>\n<!-- \/ Yoast SEO plugin. -->","yoast_head_json":{"title":"BOLIVIA COOPERAR\u00c1 CON EEUU EN TEMAS DE MINERALES CR\u00cdTICOS, TIERRAS RARAS Y LUCHA CONTRA EL CRIMEN ORGANIZADO - innoticiasbo.com","robots":{"index":"index","follow":"follow","max-snippet":"max-snippet:-1","max-image-preview":"max-image-preview:large","max-video-preview":"max-video-preview:-1"},"canonical":"https:\/\/innoticiasbo.com\/index.php\/2026\/04\/29\/bolivia-cooperara-con-eeuu-en-temas-de-minerales-criticos-tierras-raras-y-lucha-contra-el-crimen-organizado\/","og_locale":"es_ES","og_type":"article","og_title":"BOLIVIA COOPERAR\u00c1 CON EEUU EN TEMAS DE MINERALES CR\u00cdTICOS, TIERRAS RARAS Y LUCHA CONTRA EL CRIMEN ORGANIZADO - innoticiasbo.com","og_description":"Pa\u00eds, 29 de Abril de 2026.- El canciller Fernando Aramayo afirm\u00f3, en entrevista con Urgente.bo, que Bolivia y Estados Unidos cooperar\u00e1n en temas de minerales cr\u00edticos, tierras raras y la lucha contra el crimen organizado. \u201cNo va a importar que tengamos las reservas m\u00e1s importantes a nivel global de minerales cr\u00edticos y tierras raras, si...","og_url":"https:\/\/innoticiasbo.com\/index.php\/2026\/04\/29\/bolivia-cooperara-con-eeuu-en-temas-de-minerales-criticos-tierras-raras-y-lucha-contra-el-crimen-organizado\/","og_site_name":"innoticiasbo.com","article_publisher":"https:\/\/www.facebook.com\/innoticiasbolivia","article_published_time":"2026-04-29T16:57:59+00:00","article_modified_time":"2026-04-29T16:58:01+00:00","og_image":[{"width":476,"height":281,"url":"https:\/\/innoticiasbo.com\/wp-content\/uploads\/2026\/04\/image-339.png","type":"image\/png"}],"author":"Prensa 11","twitter_card":"summary_large_image","twitter_creator":"@innoticiasbo","twitter_site":"@innoticiasbo","twitter_misc":{"Escrito por":"Prensa 11","Tiempo de lectura":"2 minutos"},"schema":{"@context":"https:\/\/schema.org","@graph":[{"@type":"Article","@id":"https:\/\/innoticiasbo.com\/index.php\/2026\/04\/29\/bolivia-cooperara-con-eeuu-en-temas-de-minerales-criticos-tierras-raras-y-lucha-contra-el-crimen-organizado\/#article","isPartOf":{"@id":"https:\/\/innoticiasbo.com\/index.php\/2026\/04\/29\/bolivia-cooperara-con-eeuu-en-temas-de-minerales-criticos-tierras-raras-y-lucha-contra-el-crimen-organizado\/"},"author":{"name":"Prensa 11","@id":"https:\/\/innoticiasbo.com\/#\/schema\/person\/0b28481e8d0316f83a13bc702311def5"},"headline":"BOLIVIA COOPERAR\u00c1 CON EEUU EN TEMAS DE MINERALES CR\u00cdTICOS, TIERRAS RARAS Y LUCHA CONTRA EL CRIMEN ORGANIZADO","datePublished":"2026-04-29T16:57:59+00:00","dateModified":"2026-04-29T16:58:01+00:00","mainEntityOfPage":{"@id":"https:\/\/innoticiasbo.com\/index.php\/2026\/04\/29\/bolivia-cooperara-con-eeuu-en-temas-de-minerales-criticos-tierras-raras-y-lucha-contra-el-crimen-organizado\/"},"wordCount":379,"commentCount":0,"publisher":{"@id":"https:\/\/innoticiasbo.com\/#organization"},"image":{"@id":"https:\/\/innoticiasbo.com\/index.php\/2026\/04\/29\/bolivia-cooperara-con-eeuu-en-temas-de-minerales-criticos-tierras-raras-y-lucha-contra-el-crimen-organizado\/#primaryimage"},"thumbnailUrl":"https:\/\/i0.wp.com\/innoticiasbo.com\/wp-content\/uploads\/2026\/04\/image-339.png?fit=476%2C281&ssl=1","keywords":["Bolivia","econom\u00eda","EE.UU","EEUU","Estados Unidos","lucha contra el crimen organizado","minerales cr\u00edticos","Relaciones Bolivia-EEUU","tierras raras"],"articleSection":["Econom\u00eda"],"inLanguage":"es","potentialAction":[{"@type":"CommentAction","name":"Comment","target":["https:\/\/innoticiasbo.com\/index.php\/2026\/04\/29\/bolivia-cooperara-con-eeuu-en-temas-de-minerales-criticos-tierras-raras-y-lucha-contra-el-crimen-organizado\/#respond"]}]},{"@type":"WebPage","@id":"https:\/\/innoticiasbo.com\/index.php\/2026\/04\/29\/bolivia-cooperara-con-eeuu-en-temas-de-minerales-criticos-tierras-raras-y-lucha-contra-el-crimen-organizado\/","url":"https:\/\/innoticiasbo.com\/index.php\/2026\/04\/29\/bolivia-cooperara-con-eeuu-en-temas-de-minerales-criticos-tierras-raras-y-lucha-contra-el-crimen-organizado\/","name":"BOLIVIA COOPERAR\u00c1 CON EEUU EN TEMAS DE MINERALES CR\u00cdTICOS, TIERRAS RARAS Y LUCHA CONTRA EL CRIMEN ORGANIZADO - innoticiasbo.com","isPartOf":{"@id":"https:\/\/innoticiasbo.com\/#website"},"primaryImageOfPage":{"@id":"https:\/\/innoticiasbo.com\/index.php\/2026\/04\/29\/bolivia-cooperara-con-eeuu-en-temas-de-minerales-criticos-tierras-raras-y-lucha-contra-el-crimen-organizado\/#primaryimage"},"image":{"@id":"https:\/\/innoticiasbo.com\/index.php\/2026\/04\/29\/bolivia-cooperara-con-eeuu-en-temas-de-minerales-criticos-tierras-raras-y-lucha-contra-el-crimen-organizado\/#primaryimage"},"thumbnailUrl":"https:\/\/i0.wp.com\/innoticiasbo.com\/wp-content\/uploads\/2026\/04\/image-339.png?fit=476%2C281&ssl=1","datePublished":"2026-04-29T16:57:59+00:00","dateModified":"2026-04-29T16:58:01+00:00","breadcrumb":{"@id":"https:\/\/innoticiasbo.com\/index.php\/2026\/04\/29\/bolivia-cooperara-con-eeuu-en-temas-de-minerales-criticos-tierras-raras-y-lucha-contra-el-crimen-organizado\/#breadcrumb"},"inLanguage":"es","potentialAction":[{"@type":"ReadAction","target":["https:\/\/innoticiasbo.com\/index.php\/2026\/04\/29\/bolivia-cooperara-con-eeuu-en-temas-de-minerales-criticos-tierras-raras-y-lucha-contra-el-crimen-organizado\/"]}]},{"@type":"ImageObject","inLanguage":"es","@id":"https:\/\/innoticiasbo.com\/index.php\/2026\/04\/29\/bolivia-cooperara-con-eeuu-en-temas-de-minerales-criticos-tierras-raras-y-lucha-contra-el-crimen-organizado\/#primaryimage","url":"https:\/\/i0.wp.com\/innoticiasbo.com\/wp-content\/uploads\/2026\/04\/image-339.png?fit=476%2C281&ssl=1","contentUrl":"https:\/\/i0.wp.com\/innoticiasbo.com\/wp-content\/uploads\/2026\/04\/image-339.png?fit=476%2C281&ssl=1","width":476,"height":281},{"@type":"BreadcrumbList","@id":"https:\/\/innoticiasbo.com\/index.php\/2026\/04\/29\/bolivia-cooperara-con-eeuu-en-temas-de-minerales-criticos-tierras-raras-y-lucha-contra-el-crimen-organizado\/#breadcrumb","itemListElement":[{"@type":"ListItem","position":1,"name":"Portada","item":"https:\/\/innoticiasbo.com\/"},{"@type":"ListItem","position":2,"name":"BOLIVIA COOPERAR\u00c1 CON EEUU EN TEMAS DE MINERALES CR\u00cdTICOS, TIERRAS RARAS Y LUCHA CONTRA EL CRIMEN ORGANIZADO"}]},{"@type":"WebSite","@id":"https:\/\/innoticiasbo.com\/#website","url":"https:\/\/innoticiasbo.com\/","name":"innoticiasbo.com","description":"","publisher":{"@id":"https:\/\/innoticiasbo.com\/#organization"},"potentialAction":[{"@type":"SearchAction","target":{"@type":"EntryPoint","urlTemplate":"https:\/\/innoticiasbo.com\/?s={search_term_string}"},"query-input":{"@type":"PropertyValueSpecification","valueRequired":true,"valueName":"search_term_string"}}],"inLanguage":"es"},{"@type":"Organization","@id":"https:\/\/innoticiasbo.com\/#organization","name":"innoticiasbo.com","url":"https:\/\/innoticiasbo.com\/","logo":{"@type":"ImageObject","inLanguage":"es","@id":"https:\/\/innoticiasbo.com\/#\/schema\/logo\/image\/","url":"https:\/\/i0.wp.com\/innoticiasbo.com\/wp-content\/uploads\/2026\/04\/cropped-IN-LOGO.png?fit=1476%2C1476&ssl=1","contentUrl":"https:\/\/i0.wp.com\/innoticiasbo.com\/wp-content\/uploads\/2026\/04\/cropped-IN-LOGO.png?fit=1476%2C1476&ssl=1","width":1476,"height":1476,"caption":"innoticiasbo.com"},"image":{"@id":"https:\/\/innoticiasbo.com\/#\/schema\/logo\/image\/"},"sameAs":["https:\/\/www.facebook.com\/innoticiasbolivia","https:\/\/x.com\/innoticiasbo","https:\/\/www.instagram.com\/innoticiasbo","https:\/\/www.youtube.com\/innoticiasbo"]},{"@type":"Person","@id":"https:\/\/innoticiasbo.com\/#\/schema\/person\/0b28481e8d0316f83a13bc702311def5","name":"Prensa 11","image":{"@type":"ImageObject","inLanguage":"es","@id":"https:\/\/innoticiasbo.com\/#\/schema\/person\/image\/","url":"https:\/\/secure.gravatar.com\/avatar\/696560c17349f1807a610bf83832bad0?s=96&d=mm&r=g","contentUrl":"https:\/\/secure.gravatar.com\/avatar\/696560c17349f1807a610bf83832bad0?s=96&d=mm&r=g","caption":"Prensa 11"},"sameAs":["http:\/\/www.innoticiasbo.com"],"url":"https:\/\/innoticiasbo.com\/index.php\/author\/prensa-11\/"}]}},"jetpack_featured_media_url":"https:\/\/i0.wp.com\/innoticiasbo.com\/wp-content\/uploads\/2026\/04\/image-339.png?fit=476%2C281&ssl=1","jetpack_likes_enabled":true,"jetpack_sharing_enabled":true,"jetpack_shortlink":"https:\/\/wp.me\/pg298x-30p","_links":{"self":[{"href":"https:\/\/innoticiasbo.com\/index.php\/wp-json\/wp\/v2\/posts\/11557","targetHints":{"allow":["GET"]}}],"collection":[{"href":"https:\/\/innoticiasbo.com\/index.php\/wp-json\/wp\/v2\/posts"}],"about":[{"href":"https:\/\/innoticiasbo.com\/index.php\/wp-json\/wp\/v2\/types\/post"}],"author":[{"embeddable":true,"href":"https:\/\/innoticiasbo.com\/index.php\/wp-json\/wp\/v2\/users\/11"}],"replies":[{"embeddable":true,"href":"https:\/\/innoticiasbo.com\/index.php\/wp-json\/wp\/v2\/comments?post=11557"}],"version-history":[{"count":1,"href":"https:\/\/innoticiasbo.com\/index.php\/wp-json\/wp\/v2\/posts\/11557\/revisions"}],"predecessor-version":[{"id":11559,"href":"https:\/\/innoticiasbo.com\/index.php\/wp-json\/wp\/v2\/posts\/11557\/revisions\/11559"}],"wp:featuredmedia":[{"embeddable":true,"href":"https:\/\/innoticiasbo.com\/index.php\/wp-json\/wp\/v2\/media\/11558"}],"wp:attachment":[{"href":"https:\/\/innoticiasbo.com\/index.php\/wp-json\/wp\/v2\/media?parent=11557"}],"wp:term":[{"taxonomy":"category","embeddable":true,"href":"https:\/\/innoticiasbo.com\/index.php\/wp-json\/wp\/v2\/categories?post=11557"},{"taxonomy":"post_tag","embeddable":true,"href":"https:\/\/innoticiasbo.com\/index.php\/wp-json\/wp\/v2\/tags?post=11557"}],"curies":[{"name":"wp","href":"https:\/\/api.w.org\/{rel}","templated":true}]}}