{"id":11554,"date":"2026-04-29T12:31:40","date_gmt":"2026-04-29T16:31:40","guid":{"rendered":"https:\/\/innoticiasbo.com\/?p=11554"},"modified":"2026-04-29T12:31:42","modified_gmt":"2026-04-29T16:31:42","slug":"cns-cumple-paro-nacional-de-24-horas-exige-mejores-condiciones-y-cambios-administrativos","status":"publish","type":"post","link":"https:\/\/innoticiasbo.com\/index.php\/2026\/04\/29\/cns-cumple-paro-nacional-de-24-horas-exige-mejores-condiciones-y-cambios-administrativos\/","title":{"rendered":"CNS CUMPLE PARO NACIONAL DE 24 HORAS; EXIGE MEJORES CONDICIONES Y CAMBIOS ADMINISTRATIVOS"},"content":{"rendered":"\n<figure class=\"wp-block-image size-large\"><img data-recalc-dims=\"1\" loading=\"lazy\" decoding=\"async\" width=\"640\" height=\"438\" src=\"https:\/\/i0.wp.com\/innoticiasbo.com\/wp-content\/uploads\/2026\/04\/image-338.png?resize=640%2C438&#038;ssl=1\" alt=\"\" class=\"wp-image-11555\" srcset=\"https:\/\/i0.wp.com\/innoticiasbo.com\/wp-content\/uploads\/2026\/04\/image-338.png?resize=1024%2C701&amp;ssl=1 1024w, https:\/\/i0.wp.com\/innoticiasbo.com\/wp-content\/uploads\/2026\/04\/image-338.png?resize=300%2C205&amp;ssl=1 300w, https:\/\/i0.wp.com\/innoticiasbo.com\/wp-content\/uploads\/2026\/04\/image-338.png?resize=768%2C526&amp;ssl=1 768w, https:\/\/i0.wp.com\/innoticiasbo.com\/wp-content\/uploads\/2026\/04\/image-338.png?resize=1536%2C1052&amp;ssl=1 1536w, https:\/\/i0.wp.com\/innoticiasbo.com\/wp-content\/uploads\/2026\/04\/image-338.png?w=1999&amp;ssl=1 1999w, https:\/\/i0.wp.com\/innoticiasbo.com\/wp-content\/uploads\/2026\/04\/image-338.png?w=1280&amp;ssl=1 1280w, https:\/\/i0.wp.com\/innoticiasbo.com\/wp-content\/uploads\/2026\/04\/image-338.png?w=1920&amp;ssl=1 1920w\" sizes=\"auto, (max-width: 640px) 100vw, 640px\" \/><\/figure>\n\n\n\n<p><strong>Pa\u00eds, 29 de Abril de 2026.-<\/strong> La Caja Nacional de Salud (CNS) cumple este mi\u00e9rcoles un paro de 24 horas a nivel nacional en demanda de mejores condiciones laborales y la destituci\u00f3n de administradores; la medida fue convocada por la Federaci\u00f3n de Sindicatos M\u00e9dicos (Simra).<\/p>\n\n\n\n<p>La protesta rige desde las 00:00 de esta jornada. El sector exige provisi\u00f3n de medicamentos, mayor personal y cambios administrativos. Asimismo, se\u00f1al\u00f3 que estas demandas se extienden a nivel nacional y espera ser convocado a un di\u00e1logo por las autoridades.<\/p>\n\n\n\n<p>\u201cLa Federaci\u00f3n de Sindicatos M\u00e9dicos y Ramas Afines de la Seguridad Social de la Caja Nacional de Salud FESIMRAS, en cumplimiento a las determinaciones del Consejo Ejecutivo Nacional Extraordinario, instruye a los SIMRA Regionales y Subregionales a cumplir estricta y contundentemente el: paro nacional de 24 horas\u201d, dice su instructivo.<\/p>\n\n\n\n<p>La medida contempla la suspensi\u00f3n de los servicios de salud; sin embargo, se mantiene la atenci\u00f3n en Emergencias. El personal m\u00e9dico de la CNS acata el paro en rechazo a la gesti\u00f3n administrativa y en exigencia de la destituci\u00f3n de autoridades regionales.<\/p>\n\n\n\n<p>La medida se cumple en ciudades como La Paz, Cochabamba y Santa Cruz, con la suspensi\u00f3n de la atenci\u00f3n regular y la habilitaci\u00f3n \u00fanicamente de servicios de emergencia.<\/p>\n\n\n\n<p>Los profesionales denuncian la falta de medicamentos, insumos m\u00e9dicos y personal especializado, lo que, seg\u00fan advierten, afecta directamente a los pacientes y evidencia una crisis en el sistema de salud.<\/p>\n\n\n\n<p>Fuente: Urgente.bo<\/p>\n","protected":false},"excerpt":{"rendered":"<p>Pa\u00eds, 29 de Abril de 2026.- La Caja Nacional de Salud (CNS) cumple este mi\u00e9rcoles un paro de 24 horas a nivel nacional en demanda de mejores condiciones laborales y la destituci\u00f3n de administradores; la medida fue convocada por la Federaci\u00f3n de Sindicatos M\u00e9dicos (Simra). La protesta rige desde las 00:00 de esta jornada. El&#8230;<\/p>\n","protected":false},"author":11,"featured_media":11555,"comment_status":"open","ping_status":"open","sticky":false,"template":"","format":"standard","meta":{"_jetpack_memberships_contains_paid_content":false,"footnotes":"","jetpack_publicize_message":"","jetpack_publicize_feature_enabled":true,"jetpack_social_post_already_shared":true,"jetpack_social_options":{"image_generator_settings":{"template":"highway","enabled":false},"version":2}},"categories":[1,16,187],"tags":[7,2739,699,2742,18,2743,2741,1396,2740,94],"class_list":["post-11554","post","type-post","status-publish","format-standard","has-post-thumbnail","hentry","category-bolivia","category-economia","category-salud","tag-bolivia","tag-caja-nacional-de-salud","tag-cns","tag-destitucion-de-administradores","tag-economia","tag-federacion-de-sindicatos-medicos","tag-mejores-condiciones-laborales","tag-paro-de-24-horas","tag-paro-nacional","tag-salud"],"jetpack_publicize_connections":[],"yoast_head":"<!-- This site is optimized with the Yoast SEO plugin v23.4 - https:\/\/yoast.com\/wordpress\/plugins\/seo\/ -->\n<title>CNS CUMPLE PARO NACIONAL DE 24 HORAS; EXIGE MEJORES CONDICIONES Y CAMBIOS ADMINISTRATIVOS - innoticiasbo.com<\/title>\n<meta name=\"robots\" content=\"index, follow, max-snippet:-1, max-image-preview:large, max-video-preview:-1\" \/>\n<link rel=\"canonical\" href=\"https:\/\/innoticiasbo.com\/index.php\/2026\/04\/29\/cns-cumple-paro-nacional-de-24-horas-exige-mejores-condiciones-y-cambios-administrativos\/\" \/>\n<meta property=\"og:locale\" content=\"es_ES\" \/>\n<meta property=\"og:type\" content=\"article\" \/>\n<meta property=\"og:title\" content=\"CNS CUMPLE PARO NACIONAL DE 24 HORAS; EXIGE MEJORES CONDICIONES Y CAMBIOS ADMINISTRATIVOS - innoticiasbo.com\" \/>\n<meta property=\"og:description\" content=\"Pa\u00eds, 29 de Abril de 2026.- La Caja Nacional de Salud (CNS) cumple este mi\u00e9rcoles un paro de 24 horas a nivel nacional en demanda de mejores condiciones laborales y la destituci\u00f3n de administradores; la medida fue convocada por la Federaci\u00f3n de Sindicatos M\u00e9dicos (Simra). La protesta rige desde las 00:00 de esta jornada. El...\" \/>\n<meta property=\"og:url\" content=\"https:\/\/innoticiasbo.com\/index.php\/2026\/04\/29\/cns-cumple-paro-nacional-de-24-horas-exige-mejores-condiciones-y-cambios-administrativos\/\" \/>\n<meta property=\"og:site_name\" content=\"innoticiasbo.com\" \/>\n<meta property=\"article:publisher\" content=\"https:\/\/www.facebook.com\/innoticiasbolivia\" \/>\n<meta property=\"article:published_time\" content=\"2026-04-29T16:31:40+00:00\" \/>\n<meta property=\"article:modified_time\" content=\"2026-04-29T16:31:42+00:00\" \/>\n<meta property=\"og:image\" content=\"https:\/\/innoticiasbo.com\/wp-content\/uploads\/2026\/04\/image-338-1024x701.png\" \/>\n\t<meta property=\"og:image:width\" content=\"1024\" \/>\n\t<meta property=\"og:image:height\" content=\"701\" \/>\n\t<meta property=\"og:image:type\" content=\"image\/png\" \/>\n<meta name=\"author\" content=\"Prensa 11\" \/>\n<meta name=\"twitter:card\" content=\"summary_large_image\" \/>\n<meta name=\"twitter:creator\" content=\"@innoticiasbo\" \/>\n<meta name=\"twitter:site\" content=\"@innoticiasbo\" \/>\n<meta name=\"twitter:label1\" content=\"Escrito por\" \/>\n\t<meta name=\"twitter:data1\" content=\"Prensa 11\" \/>\n\t<meta name=\"twitter:label2\" content=\"Tiempo de lectura\" \/>\n\t<meta name=\"twitter:data2\" content=\"2 minutos\" \/>\n<script type=\"application\/ld+json\" class=\"yoast-schema-graph\">{\"@context\":\"https:\/\/schema.org\",\"@graph\":[{\"@type\":\"Article\",\"@id\":\"https:\/\/innoticiasbo.com\/index.php\/2026\/04\/29\/cns-cumple-paro-nacional-de-24-horas-exige-mejores-condiciones-y-cambios-administrativos\/#article\",\"isPartOf\":{\"@id\":\"https:\/\/innoticiasbo.com\/index.php\/2026\/04\/29\/cns-cumple-paro-nacional-de-24-horas-exige-mejores-condiciones-y-cambios-administrativos\/\"},\"author\":{\"name\":\"Prensa 11\",\"@id\":\"https:\/\/innoticiasbo.com\/#\/schema\/person\/0b28481e8d0316f83a13bc702311def5\"},\"headline\":\"CNS CUMPLE PARO NACIONAL DE 24 HORAS; EXIGE MEJORES CONDICIONES Y CAMBIOS ADMINISTRATIVOS\",\"datePublished\":\"2026-04-29T16:31:40+00:00\",\"dateModified\":\"2026-04-29T16:31:42+00:00\",\"mainEntityOfPage\":{\"@id\":\"https:\/\/innoticiasbo.com\/index.php\/2026\/04\/29\/cns-cumple-paro-nacional-de-24-horas-exige-mejores-condiciones-y-cambios-administrativos\/\"},\"wordCount\":266,\"commentCount\":0,\"publisher\":{\"@id\":\"https:\/\/innoticiasbo.com\/#organization\"},\"image\":{\"@id\":\"https:\/\/innoticiasbo.com\/index.php\/2026\/04\/29\/cns-cumple-paro-nacional-de-24-horas-exige-mejores-condiciones-y-cambios-administrativos\/#primaryimage\"},\"thumbnailUrl\":\"https:\/\/i0.wp.com\/innoticiasbo.com\/wp-content\/uploads\/2026\/04\/image-338.png?fit=1999%2C1369&ssl=1\",\"keywords\":[\"Bolivia\",\"Caja Nacional de Salud\",\"CNS\",\"destituci\u00f3n de administradores\",\"econom\u00eda\",\"Federaci\u00f3n de Sindicatos M\u00e9dicos\",\"mejores condiciones laborales\",\"Paro de 24 horas\",\"Paro nacional\",\"Salud\"],\"articleSection\":[\"Bolivia\",\"Econom\u00eda\",\"Salud\"],\"inLanguage\":\"es\",\"potentialAction\":[{\"@type\":\"CommentAction\",\"name\":\"Comment\",\"target\":[\"https:\/\/innoticiasbo.com\/index.php\/2026\/04\/29\/cns-cumple-paro-nacional-de-24-horas-exige-mejores-condiciones-y-cambios-administrativos\/#respond\"]}]},{\"@type\":\"WebPage\",\"@id\":\"https:\/\/innoticiasbo.com\/index.php\/2026\/04\/29\/cns-cumple-paro-nacional-de-24-horas-exige-mejores-condiciones-y-cambios-administrativos\/\",\"url\":\"https:\/\/innoticiasbo.com\/index.php\/2026\/04\/29\/cns-cumple-paro-nacional-de-24-horas-exige-mejores-condiciones-y-cambios-administrativos\/\",\"name\":\"CNS CUMPLE PARO NACIONAL DE 24 HORAS; EXIGE MEJORES CONDICIONES Y CAMBIOS ADMINISTRATIVOS - innoticiasbo.com\",\"isPartOf\":{\"@id\":\"https:\/\/innoticiasbo.com\/#website\"},\"primaryImageOfPage\":{\"@id\":\"https:\/\/innoticiasbo.com\/index.php\/2026\/04\/29\/cns-cumple-paro-nacional-de-24-horas-exige-mejores-condiciones-y-cambios-administrativos\/#primaryimage\"},\"image\":{\"@id\":\"https:\/\/innoticiasbo.com\/index.php\/2026\/04\/29\/cns-cumple-paro-nacional-de-24-horas-exige-mejores-condiciones-y-cambios-administrativos\/#primaryimage\"},\"thumbnailUrl\":\"https:\/\/i0.wp.com\/innoticiasbo.com\/wp-content\/uploads\/2026\/04\/image-338.png?fit=1999%2C1369&ssl=1\",\"datePublished\":\"2026-04-29T16:31:40+00:00\",\"dateModified\":\"2026-04-29T16:31:42+00:00\",\"breadcrumb\":{\"@id\":\"https:\/\/innoticiasbo.com\/index.php\/2026\/04\/29\/cns-cumple-paro-nacional-de-24-horas-exige-mejores-condiciones-y-cambios-administrativos\/#breadcrumb\"},\"inLanguage\":\"es\",\"potentialAction\":[{\"@type\":\"ReadAction\",\"target\":[\"https:\/\/innoticiasbo.com\/index.php\/2026\/04\/29\/cns-cumple-paro-nacional-de-24-horas-exige-mejores-condiciones-y-cambios-administrativos\/\"]}]},{\"@type\":\"ImageObject\",\"inLanguage\":\"es\",\"@id\":\"https:\/\/innoticiasbo.com\/index.php\/2026\/04\/29\/cns-cumple-paro-nacional-de-24-horas-exige-mejores-condiciones-y-cambios-administrativos\/#primaryimage\",\"url\":\"https:\/\/i0.wp.com\/innoticiasbo.com\/wp-content\/uploads\/2026\/04\/image-338.png?fit=1999%2C1369&ssl=1\",\"contentUrl\":\"https:\/\/i0.wp.com\/innoticiasbo.com\/wp-content\/uploads\/2026\/04\/image-338.png?fit=1999%2C1369&ssl=1\",\"width\":1999,\"height\":1369},{\"@type\":\"BreadcrumbList\",\"@id\":\"https:\/\/innoticiasbo.com\/index.php\/2026\/04\/29\/cns-cumple-paro-nacional-de-24-horas-exige-mejores-condiciones-y-cambios-administrativos\/#breadcrumb\",\"itemListElement\":[{\"@type\":\"ListItem\",\"position\":1,\"name\":\"Portada\",\"item\":\"https:\/\/innoticiasbo.com\/\"},{\"@type\":\"ListItem\",\"position\":2,\"name\":\"CNS CUMPLE PARO NACIONAL DE 24 HORAS; EXIGE MEJORES CONDICIONES Y CAMBIOS ADMINISTRATIVOS\"}]},{\"@type\":\"WebSite\",\"@id\":\"https:\/\/innoticiasbo.com\/#website\",\"url\":\"https:\/\/innoticiasbo.com\/\",\"name\":\"innoticiasbo.com\",\"description\":\"\",\"publisher\":{\"@id\":\"https:\/\/innoticiasbo.com\/#organization\"},\"potentialAction\":[{\"@type\":\"SearchAction\",\"target\":{\"@type\":\"EntryPoint\",\"urlTemplate\":\"https:\/\/innoticiasbo.com\/?s={search_term_string}\"},\"query-input\":{\"@type\":\"PropertyValueSpecification\",\"valueRequired\":true,\"valueName\":\"search_term_string\"}}],\"inLanguage\":\"es\"},{\"@type\":\"Organization\",\"@id\":\"https:\/\/innoticiasbo.com\/#organization\",\"name\":\"innoticiasbo.com\",\"url\":\"https:\/\/innoticiasbo.com\/\",\"logo\":{\"@type\":\"ImageObject\",\"inLanguage\":\"es\",\"@id\":\"https:\/\/innoticiasbo.com\/#\/schema\/logo\/image\/\",\"url\":\"https:\/\/i0.wp.com\/innoticiasbo.com\/wp-content\/uploads\/2026\/04\/cropped-IN-LOGO.png?fit=1476%2C1476&ssl=1\",\"contentUrl\":\"https:\/\/i0.wp.com\/innoticiasbo.com\/wp-content\/uploads\/2026\/04\/cropped-IN-LOGO.png?fit=1476%2C1476&ssl=1\",\"width\":1476,\"height\":1476,\"caption\":\"innoticiasbo.com\"},\"image\":{\"@id\":\"https:\/\/innoticiasbo.com\/#\/schema\/logo\/image\/\"},\"sameAs\":[\"https:\/\/www.facebook.com\/innoticiasbolivia\",\"https:\/\/x.com\/innoticiasbo\",\"https:\/\/www.instagram.com\/innoticiasbo\",\"https:\/\/www.youtube.com\/innoticiasbo\"]},{\"@type\":\"Person\",\"@id\":\"https:\/\/innoticiasbo.com\/#\/schema\/person\/0b28481e8d0316f83a13bc702311def5\",\"name\":\"Prensa 11\",\"image\":{\"@type\":\"ImageObject\",\"inLanguage\":\"es\",\"@id\":\"https:\/\/innoticiasbo.com\/#\/schema\/person\/image\/\",\"url\":\"https:\/\/secure.gravatar.com\/avatar\/696560c17349f1807a610bf83832bad0?s=96&d=mm&r=g\",\"contentUrl\":\"https:\/\/secure.gravatar.com\/avatar\/696560c17349f1807a610bf83832bad0?s=96&d=mm&r=g\",\"caption\":\"Prensa 11\"},\"sameAs\":[\"http:\/\/www.innoticiasbo.com\"],\"url\":\"https:\/\/innoticiasbo.com\/index.php\/author\/prensa-11\/\"}]}<\/script>\n<!-- \/ Yoast SEO plugin. -->","yoast_head_json":{"title":"CNS CUMPLE PARO NACIONAL DE 24 HORAS; EXIGE MEJORES CONDICIONES Y CAMBIOS ADMINISTRATIVOS - innoticiasbo.com","robots":{"index":"index","follow":"follow","max-snippet":"max-snippet:-1","max-image-preview":"max-image-preview:large","max-video-preview":"max-video-preview:-1"},"canonical":"https:\/\/innoticiasbo.com\/index.php\/2026\/04\/29\/cns-cumple-paro-nacional-de-24-horas-exige-mejores-condiciones-y-cambios-administrativos\/","og_locale":"es_ES","og_type":"article","og_title":"CNS CUMPLE PARO NACIONAL DE 24 HORAS; EXIGE MEJORES CONDICIONES Y CAMBIOS ADMINISTRATIVOS - innoticiasbo.com","og_description":"Pa\u00eds, 29 de Abril de 2026.- La Caja Nacional de Salud (CNS) cumple este mi\u00e9rcoles un paro de 24 horas a nivel nacional en demanda de mejores condiciones laborales y la destituci\u00f3n de administradores; la medida fue convocada por la Federaci\u00f3n de Sindicatos M\u00e9dicos (Simra). La protesta rige desde las 00:00 de esta jornada. El...","og_url":"https:\/\/innoticiasbo.com\/index.php\/2026\/04\/29\/cns-cumple-paro-nacional-de-24-horas-exige-mejores-condiciones-y-cambios-administrativos\/","og_site_name":"innoticiasbo.com","article_publisher":"https:\/\/www.facebook.com\/innoticiasbolivia","article_published_time":"2026-04-29T16:31:40+00:00","article_modified_time":"2026-04-29T16:31:42+00:00","og_image":[{"width":1024,"height":701,"url":"https:\/\/innoticiasbo.com\/wp-content\/uploads\/2026\/04\/image-338-1024x701.png","type":"image\/png"}],"author":"Prensa 11","twitter_card":"summary_large_image","twitter_creator":"@innoticiasbo","twitter_site":"@innoticiasbo","twitter_misc":{"Escrito por":"Prensa 11","Tiempo de lectura":"2 minutos"},"schema":{"@context":"https:\/\/schema.org","@graph":[{"@type":"Article","@id":"https:\/\/innoticiasbo.com\/index.php\/2026\/04\/29\/cns-cumple-paro-nacional-de-24-horas-exige-mejores-condiciones-y-cambios-administrativos\/#article","isPartOf":{"@id":"https:\/\/innoticiasbo.com\/index.php\/2026\/04\/29\/cns-cumple-paro-nacional-de-24-horas-exige-mejores-condiciones-y-cambios-administrativos\/"},"author":{"name":"Prensa 11","@id":"https:\/\/innoticiasbo.com\/#\/schema\/person\/0b28481e8d0316f83a13bc702311def5"},"headline":"CNS CUMPLE PARO NACIONAL DE 24 HORAS; EXIGE MEJORES CONDICIONES Y CAMBIOS ADMINISTRATIVOS","datePublished":"2026-04-29T16:31:40+00:00","dateModified":"2026-04-29T16:31:42+00:00","mainEntityOfPage":{"@id":"https:\/\/innoticiasbo.com\/index.php\/2026\/04\/29\/cns-cumple-paro-nacional-de-24-horas-exige-mejores-condiciones-y-cambios-administrativos\/"},"wordCount":266,"commentCount":0,"publisher":{"@id":"https:\/\/innoticiasbo.com\/#organization"},"image":{"@id":"https:\/\/innoticiasbo.com\/index.php\/2026\/04\/29\/cns-cumple-paro-nacional-de-24-horas-exige-mejores-condiciones-y-cambios-administrativos\/#primaryimage"},"thumbnailUrl":"https:\/\/i0.wp.com\/innoticiasbo.com\/wp-content\/uploads\/2026\/04\/image-338.png?fit=1999%2C1369&ssl=1","keywords":["Bolivia","Caja Nacional de Salud","CNS","destituci\u00f3n de administradores","econom\u00eda","Federaci\u00f3n de Sindicatos M\u00e9dicos","mejores condiciones laborales","Paro de 24 horas","Paro nacional","Salud"],"articleSection":["Bolivia","Econom\u00eda","Salud"],"inLanguage":"es","potentialAction":[{"@type":"CommentAction","name":"Comment","target":["https:\/\/innoticiasbo.com\/index.php\/2026\/04\/29\/cns-cumple-paro-nacional-de-24-horas-exige-mejores-condiciones-y-cambios-administrativos\/#respond"]}]},{"@type":"WebPage","@id":"https:\/\/innoticiasbo.com\/index.php\/2026\/04\/29\/cns-cumple-paro-nacional-de-24-horas-exige-mejores-condiciones-y-cambios-administrativos\/","url":"https:\/\/innoticiasbo.com\/index.php\/2026\/04\/29\/cns-cumple-paro-nacional-de-24-horas-exige-mejores-condiciones-y-cambios-administrativos\/","name":"CNS CUMPLE PARO NACIONAL DE 24 HORAS; EXIGE MEJORES CONDICIONES Y CAMBIOS ADMINISTRATIVOS - innoticiasbo.com","isPartOf":{"@id":"https:\/\/innoticiasbo.com\/#website"},"primaryImageOfPage":{"@id":"https:\/\/innoticiasbo.com\/index.php\/2026\/04\/29\/cns-cumple-paro-nacional-de-24-horas-exige-mejores-condiciones-y-cambios-administrativos\/#primaryimage"},"image":{"@id":"https:\/\/innoticiasbo.com\/index.php\/2026\/04\/29\/cns-cumple-paro-nacional-de-24-horas-exige-mejores-condiciones-y-cambios-administrativos\/#primaryimage"},"thumbnailUrl":"https:\/\/i0.wp.com\/innoticiasbo.com\/wp-content\/uploads\/2026\/04\/image-338.png?fit=1999%2C1369&ssl=1","datePublished":"2026-04-29T16:31:40+00:00","dateModified":"2026-04-29T16:31:42+00:00","breadcrumb":{"@id":"https:\/\/innoticiasbo.com\/index.php\/2026\/04\/29\/cns-cumple-paro-nacional-de-24-horas-exige-mejores-condiciones-y-cambios-administrativos\/#breadcrumb"},"inLanguage":"es","potentialAction":[{"@type":"ReadAction","target":["https:\/\/innoticiasbo.com\/index.php\/2026\/04\/29\/cns-cumple-paro-nacional-de-24-horas-exige-mejores-condiciones-y-cambios-administrativos\/"]}]},{"@type":"ImageObject","inLanguage":"es","@id":"https:\/\/innoticiasbo.com\/index.php\/2026\/04\/29\/cns-cumple-paro-nacional-de-24-horas-exige-mejores-condiciones-y-cambios-administrativos\/#primaryimage","url":"https:\/\/i0.wp.com\/innoticiasbo.com\/wp-content\/uploads\/2026\/04\/image-338.png?fit=1999%2C1369&ssl=1","contentUrl":"https:\/\/i0.wp.com\/innoticiasbo.com\/wp-content\/uploads\/2026\/04\/image-338.png?fit=1999%2C1369&ssl=1","width":1999,"height":1369},{"@type":"BreadcrumbList","@id":"https:\/\/innoticiasbo.com\/index.php\/2026\/04\/29\/cns-cumple-paro-nacional-de-24-horas-exige-mejores-condiciones-y-cambios-administrativos\/#breadcrumb","itemListElement":[{"@type":"ListItem","position":1,"name":"Portada","item":"https:\/\/innoticiasbo.com\/"},{"@type":"ListItem","position":2,"name":"CNS CUMPLE PARO NACIONAL DE 24 HORAS; EXIGE MEJORES CONDICIONES Y CAMBIOS ADMINISTRATIVOS"}]},{"@type":"WebSite","@id":"https:\/\/innoticiasbo.com\/#website","url":"https:\/\/innoticiasbo.com\/","name":"innoticiasbo.com","description":"","publisher":{"@id":"https:\/\/innoticiasbo.com\/#organization"},"potentialAction":[{"@type":"SearchAction","target":{"@type":"EntryPoint","urlTemplate":"https:\/\/innoticiasbo.com\/?s={search_term_string}"},"query-input":{"@type":"PropertyValueSpecification","valueRequired":true,"valueName":"search_term_string"}}],"inLanguage":"es"},{"@type":"Organization","@id":"https:\/\/innoticiasbo.com\/#organization","name":"innoticiasbo.com","url":"https:\/\/innoticiasbo.com\/","logo":{"@type":"ImageObject","inLanguage":"es","@id":"https:\/\/innoticiasbo.com\/#\/schema\/logo\/image\/","url":"https:\/\/i0.wp.com\/innoticiasbo.com\/wp-content\/uploads\/2026\/04\/cropped-IN-LOGO.png?fit=1476%2C1476&ssl=1","contentUrl":"https:\/\/i0.wp.com\/innoticiasbo.com\/wp-content\/uploads\/2026\/04\/cropped-IN-LOGO.png?fit=1476%2C1476&ssl=1","width":1476,"height":1476,"caption":"innoticiasbo.com"},"image":{"@id":"https:\/\/innoticiasbo.com\/#\/schema\/logo\/image\/"},"sameAs":["https:\/\/www.facebook.com\/innoticiasbolivia","https:\/\/x.com\/innoticiasbo","https:\/\/www.instagram.com\/innoticiasbo","https:\/\/www.youtube.com\/innoticiasbo"]},{"@type":"Person","@id":"https:\/\/innoticiasbo.com\/#\/schema\/person\/0b28481e8d0316f83a13bc702311def5","name":"Prensa 11","image":{"@type":"ImageObject","inLanguage":"es","@id":"https:\/\/innoticiasbo.com\/#\/schema\/person\/image\/","url":"https:\/\/secure.gravatar.com\/avatar\/696560c17349f1807a610bf83832bad0?s=96&d=mm&r=g","contentUrl":"https:\/\/secure.gravatar.com\/avatar\/696560c17349f1807a610bf83832bad0?s=96&d=mm&r=g","caption":"Prensa 11"},"sameAs":["http:\/\/www.innoticiasbo.com"],"url":"https:\/\/innoticiasbo.com\/index.php\/author\/prensa-11\/"}]}},"jetpack_featured_media_url":"https:\/\/i0.wp.com\/innoticiasbo.com\/wp-content\/uploads\/2026\/04\/image-338.png?fit=1999%2C1369&ssl=1","jetpack_likes_enabled":true,"jetpack_sharing_enabled":true,"jetpack_shortlink":"https:\/\/wp.me\/pg298x-30m","_links":{"self":[{"href":"https:\/\/innoticiasbo.com\/index.php\/wp-json\/wp\/v2\/posts\/11554","targetHints":{"allow":["GET"]}}],"collection":[{"href":"https:\/\/innoticiasbo.com\/index.php\/wp-json\/wp\/v2\/posts"}],"about":[{"href":"https:\/\/innoticiasbo.com\/index.php\/wp-json\/wp\/v2\/types\/post"}],"author":[{"embeddable":true,"href":"https:\/\/innoticiasbo.com\/index.php\/wp-json\/wp\/v2\/users\/11"}],"replies":[{"embeddable":true,"href":"https:\/\/innoticiasbo.com\/index.php\/wp-json\/wp\/v2\/comments?post=11554"}],"version-history":[{"count":1,"href":"https:\/\/innoticiasbo.com\/index.php\/wp-json\/wp\/v2\/posts\/11554\/revisions"}],"predecessor-version":[{"id":11556,"href":"https:\/\/innoticiasbo.com\/index.php\/wp-json\/wp\/v2\/posts\/11554\/revisions\/11556"}],"wp:featuredmedia":[{"embeddable":true,"href":"https:\/\/innoticiasbo.com\/index.php\/wp-json\/wp\/v2\/media\/11555"}],"wp:attachment":[{"href":"https:\/\/innoticiasbo.com\/index.php\/wp-json\/wp\/v2\/media?parent=11554"}],"wp:term":[{"taxonomy":"category","embeddable":true,"href":"https:\/\/innoticiasbo.com\/index.php\/wp-json\/wp\/v2\/categories?post=11554"},{"taxonomy":"post_tag","embeddable":true,"href":"https:\/\/innoticiasbo.com\/index.php\/wp-json\/wp\/v2\/tags?post=11554"}],"curies":[{"name":"wp","href":"https:\/\/api.w.org\/{rel}","templated":true}]}}