{"id":11551,"date":"2026-04-29T12:07:57","date_gmt":"2026-04-29T16:07:57","guid":{"rendered":"https:\/\/innoticiasbo.com\/?p=11551"},"modified":"2026-04-29T12:07:59","modified_gmt":"2026-04-29T16:07:59","slug":"con-entrega-de-credenciales-culmina-ciclo-electoral-y-tse-alista-padron-y-ley","status":"publish","type":"post","link":"https:\/\/innoticiasbo.com\/index.php\/2026\/04\/29\/con-entrega-de-credenciales-culmina-ciclo-electoral-y-tse-alista-padron-y-ley\/","title":{"rendered":"CON ENTREGA DE CREDENCIALES CULMINA CICLO ELECTORAL Y TSE ALISTA PADR\u00d3N Y LEY"},"content":{"rendered":"\n<figure class=\"wp-block-image size-full\"><img data-recalc-dims=\"1\" loading=\"lazy\" decoding=\"async\" width=\"640\" height=\"357\" src=\"https:\/\/i0.wp.com\/innoticiasbo.com\/wp-content\/uploads\/2026\/04\/image-337.png?resize=640%2C357&#038;ssl=1\" alt=\"\" class=\"wp-image-11552\" srcset=\"https:\/\/i0.wp.com\/innoticiasbo.com\/wp-content\/uploads\/2026\/04\/image-337.png?w=770&amp;ssl=1 770w, https:\/\/i0.wp.com\/innoticiasbo.com\/wp-content\/uploads\/2026\/04\/image-337.png?resize=300%2C168&amp;ssl=1 300w, https:\/\/i0.wp.com\/innoticiasbo.com\/wp-content\/uploads\/2026\/04\/image-337.png?resize=768%2C429&amp;ssl=1 768w\" sizes=\"auto, (max-width: 640px) 100vw, 640px\" \/><\/figure>\n\n\n\n<p><strong>Pa\u00eds, 29 de Abril de 2026.-<\/strong> Ayer los Tribunales Electorales Departamentales (TED)\u00a0 entregaron credenciales a 5.400 autoridades subnacionales en todo el pa\u00eds.<\/p>\n\n\n\n<p>El documento,&nbsp; habilita a gobernadores, asamble\u00edstas departamentales, alcaldes y concejales a asumir funciones el pr\u00f3ximo 4 de mayo para el periodo 2026-2031.<\/p>\n\n\n\n<p>El presidente del&nbsp; Tribunal Supremo Electoral, Gustavo \u00c1vila, exhort\u00f3 a las nuevas autoridades a ejercer sus cargos con responsabilidad, \u00e9tica y vocaci\u00f3n de servicio, remarcando que tienen la tarea de promover el desarrollo, la inclusi\u00f3n y la convivencia democr\u00e1tica.<\/p>\n\n\n\n<p><strong>Pr\u00f3ximas tareas<\/strong><\/p>\n\n\n\n<p>\u00c1vila anunci\u00f3 dos compromisos institucionales: la promoci\u00f3n de una nueva Ley de R\u00e9gimen Electoral y la construcci\u00f3n de un nuevo padr\u00f3n electoral con mayores garant\u00edas de seguridad y acceso. \u201cAspiramos a una ley que fortalezca la democracia (&#8230;) y le hemos prometido a Bolivia un nuevo padr\u00f3n y le vamos a cumplir\u201d, enfatiz\u00f3.<\/p>\n\n\n\n<p><strong>Loza y Reyes Villa<\/strong><\/p>\n\n\n\n<p>El gobernador electo de Cochabamba, Leonardo Loza, y el alcalde reelecto de Cochabamba, Manfred Reyes Villa, estrecharon ayer martes sus manos en el acto de entrega de credenciales.<\/p>\n\n\n\n<p>El apret\u00f3n de manos ocurri\u00f3 despu\u00e9s de que Reyes Villa recibi\u00f3 su credencial y luego se dirigi\u00f3 a saludar a Loza, quien se encontraba sentado en primera fila de los asistentes.<\/p>\n\n\n\n<p>En Cochabamba tambi\u00e9n llam\u00f3 la atenci\u00f3n la entrega de credenciales a los representantes ind\u00edgenas Yuqui y Yuracar\u00e9 en la asamblea legislativa, quienes acudieron a la cita con sus trajes t\u00edpicos.<\/p>\n\n\n\n<p>Fuente: Los Tiempos<\/p>\n","protected":false},"excerpt":{"rendered":"<p>Pa\u00eds, 29 de Abril de 2026.- Ayer los Tribunales Electorales Departamentales (TED)\u00a0 entregaron credenciales a 5.400 autoridades subnacionales en todo el pa\u00eds. El documento,&nbsp; habilita a gobernadores, asamble\u00edstas departamentales, alcaldes y concejales a asumir funciones el pr\u00f3ximo 4 de mayo para el periodo 2026-2031. El presidente del&nbsp; Tribunal Supremo Electoral, Gustavo \u00c1vila, exhort\u00f3 a las&#8230;<\/p>\n","protected":false},"author":11,"featured_media":11552,"comment_status":"open","ping_status":"open","sticky":false,"template":"","format":"standard","meta":{"_jetpack_memberships_contains_paid_content":false,"footnotes":"","jetpack_publicize_message":"","jetpack_publicize_feature_enabled":true,"jetpack_social_post_already_shared":true,"jetpack_social_options":{"image_generator_settings":{"template":"highway","enabled":false},"version":2}},"categories":[3],"tags":[2616,7,10,1011,1256,587],"class_list":["post-11551","post","type-post","status-publish","format-standard","has-post-thumbnail","hentry","category-politica","tag-autoridades-electas","tag-bolivia","tag-politica","tag-subnacionales","tag-subnacionales-2026","tag-ted"],"jetpack_publicize_connections":[],"yoast_head":"<!-- This site is optimized with the Yoast SEO plugin v23.4 - https:\/\/yoast.com\/wordpress\/plugins\/seo\/ -->\n<title>CON ENTREGA DE CREDENCIALES CULMINA CICLO ELECTORAL Y TSE ALISTA PADR\u00d3N Y LEY - innoticiasbo.com<\/title>\n<meta name=\"robots\" content=\"index, follow, max-snippet:-1, max-image-preview:large, max-video-preview:-1\" \/>\n<link rel=\"canonical\" href=\"https:\/\/innoticiasbo.com\/index.php\/2026\/04\/29\/con-entrega-de-credenciales-culmina-ciclo-electoral-y-tse-alista-padron-y-ley\/\" \/>\n<meta property=\"og:locale\" content=\"es_ES\" \/>\n<meta property=\"og:type\" content=\"article\" \/>\n<meta property=\"og:title\" content=\"CON ENTREGA DE CREDENCIALES CULMINA CICLO ELECTORAL Y TSE ALISTA PADR\u00d3N Y LEY - innoticiasbo.com\" \/>\n<meta property=\"og:description\" content=\"Pa\u00eds, 29 de Abril de 2026.- Ayer los Tribunales Electorales Departamentales (TED)\u00a0 entregaron credenciales a 5.400 autoridades subnacionales en todo el pa\u00eds. El documento,&nbsp; habilita a gobernadores, asamble\u00edstas departamentales, alcaldes y concejales a asumir funciones el pr\u00f3ximo 4 de mayo para el periodo 2026-2031. El presidente del&nbsp; Tribunal Supremo Electoral, Gustavo \u00c1vila, exhort\u00f3 a las...\" \/>\n<meta property=\"og:url\" content=\"https:\/\/innoticiasbo.com\/index.php\/2026\/04\/29\/con-entrega-de-credenciales-culmina-ciclo-electoral-y-tse-alista-padron-y-ley\/\" \/>\n<meta property=\"og:site_name\" content=\"innoticiasbo.com\" \/>\n<meta property=\"article:publisher\" content=\"https:\/\/www.facebook.com\/innoticiasbolivia\" \/>\n<meta property=\"article:published_time\" content=\"2026-04-29T16:07:57+00:00\" \/>\n<meta property=\"article:modified_time\" content=\"2026-04-29T16:07:59+00:00\" \/>\n<meta property=\"og:image\" content=\"https:\/\/innoticiasbo.com\/wp-content\/uploads\/2026\/04\/image-337.png\" \/>\n\t<meta property=\"og:image:width\" content=\"770\" \/>\n\t<meta property=\"og:image:height\" content=\"430\" \/>\n\t<meta property=\"og:image:type\" content=\"image\/png\" \/>\n<meta name=\"author\" content=\"Prensa 11\" \/>\n<meta name=\"twitter:card\" content=\"summary_large_image\" \/>\n<meta name=\"twitter:creator\" content=\"@innoticiasbo\" \/>\n<meta name=\"twitter:site\" content=\"@innoticiasbo\" \/>\n<meta name=\"twitter:label1\" content=\"Escrito por\" \/>\n\t<meta name=\"twitter:data1\" content=\"Prensa 11\" \/>\n\t<meta name=\"twitter:label2\" content=\"Tiempo de lectura\" \/>\n\t<meta name=\"twitter:data2\" content=\"2 minutos\" \/>\n<script type=\"application\/ld+json\" class=\"yoast-schema-graph\">{\"@context\":\"https:\/\/schema.org\",\"@graph\":[{\"@type\":\"Article\",\"@id\":\"https:\/\/innoticiasbo.com\/index.php\/2026\/04\/29\/con-entrega-de-credenciales-culmina-ciclo-electoral-y-tse-alista-padron-y-ley\/#article\",\"isPartOf\":{\"@id\":\"https:\/\/innoticiasbo.com\/index.php\/2026\/04\/29\/con-entrega-de-credenciales-culmina-ciclo-electoral-y-tse-alista-padron-y-ley\/\"},\"author\":{\"name\":\"Prensa 11\",\"@id\":\"https:\/\/innoticiasbo.com\/#\/schema\/person\/0b28481e8d0316f83a13bc702311def5\"},\"headline\":\"CON ENTREGA DE CREDENCIALES CULMINA CICLO ELECTORAL Y TSE ALISTA PADR\u00d3N Y LEY\",\"datePublished\":\"2026-04-29T16:07:57+00:00\",\"dateModified\":\"2026-04-29T16:07:59+00:00\",\"mainEntityOfPage\":{\"@id\":\"https:\/\/innoticiasbo.com\/index.php\/2026\/04\/29\/con-entrega-de-credenciales-culmina-ciclo-electoral-y-tse-alista-padron-y-ley\/\"},\"wordCount\":266,\"commentCount\":0,\"publisher\":{\"@id\":\"https:\/\/innoticiasbo.com\/#organization\"},\"image\":{\"@id\":\"https:\/\/innoticiasbo.com\/index.php\/2026\/04\/29\/con-entrega-de-credenciales-culmina-ciclo-electoral-y-tse-alista-padron-y-ley\/#primaryimage\"},\"thumbnailUrl\":\"https:\/\/i0.wp.com\/innoticiasbo.com\/wp-content\/uploads\/2026\/04\/image-337.png?fit=770%2C430&ssl=1\",\"keywords\":[\"autoridades electas\",\"Bolivia\",\"Pol\u00edtica\",\"subnacionales\",\"Subnacionales 2026\",\"TED\"],\"articleSection\":[\"Pol\u00edtica\"],\"inLanguage\":\"es\",\"potentialAction\":[{\"@type\":\"CommentAction\",\"name\":\"Comment\",\"target\":[\"https:\/\/innoticiasbo.com\/index.php\/2026\/04\/29\/con-entrega-de-credenciales-culmina-ciclo-electoral-y-tse-alista-padron-y-ley\/#respond\"]}]},{\"@type\":\"WebPage\",\"@id\":\"https:\/\/innoticiasbo.com\/index.php\/2026\/04\/29\/con-entrega-de-credenciales-culmina-ciclo-electoral-y-tse-alista-padron-y-ley\/\",\"url\":\"https:\/\/innoticiasbo.com\/index.php\/2026\/04\/29\/con-entrega-de-credenciales-culmina-ciclo-electoral-y-tse-alista-padron-y-ley\/\",\"name\":\"CON ENTREGA DE CREDENCIALES CULMINA CICLO ELECTORAL Y TSE ALISTA PADR\u00d3N Y LEY - innoticiasbo.com\",\"isPartOf\":{\"@id\":\"https:\/\/innoticiasbo.com\/#website\"},\"primaryImageOfPage\":{\"@id\":\"https:\/\/innoticiasbo.com\/index.php\/2026\/04\/29\/con-entrega-de-credenciales-culmina-ciclo-electoral-y-tse-alista-padron-y-ley\/#primaryimage\"},\"image\":{\"@id\":\"https:\/\/innoticiasbo.com\/index.php\/2026\/04\/29\/con-entrega-de-credenciales-culmina-ciclo-electoral-y-tse-alista-padron-y-ley\/#primaryimage\"},\"thumbnailUrl\":\"https:\/\/i0.wp.com\/innoticiasbo.com\/wp-content\/uploads\/2026\/04\/image-337.png?fit=770%2C430&ssl=1\",\"datePublished\":\"2026-04-29T16:07:57+00:00\",\"dateModified\":\"2026-04-29T16:07:59+00:00\",\"breadcrumb\":{\"@id\":\"https:\/\/innoticiasbo.com\/index.php\/2026\/04\/29\/con-entrega-de-credenciales-culmina-ciclo-electoral-y-tse-alista-padron-y-ley\/#breadcrumb\"},\"inLanguage\":\"es\",\"potentialAction\":[{\"@type\":\"ReadAction\",\"target\":[\"https:\/\/innoticiasbo.com\/index.php\/2026\/04\/29\/con-entrega-de-credenciales-culmina-ciclo-electoral-y-tse-alista-padron-y-ley\/\"]}]},{\"@type\":\"ImageObject\",\"inLanguage\":\"es\",\"@id\":\"https:\/\/innoticiasbo.com\/index.php\/2026\/04\/29\/con-entrega-de-credenciales-culmina-ciclo-electoral-y-tse-alista-padron-y-ley\/#primaryimage\",\"url\":\"https:\/\/i0.wp.com\/innoticiasbo.com\/wp-content\/uploads\/2026\/04\/image-337.png?fit=770%2C430&ssl=1\",\"contentUrl\":\"https:\/\/i0.wp.com\/innoticiasbo.com\/wp-content\/uploads\/2026\/04\/image-337.png?fit=770%2C430&ssl=1\",\"width\":770,\"height\":430},{\"@type\":\"BreadcrumbList\",\"@id\":\"https:\/\/innoticiasbo.com\/index.php\/2026\/04\/29\/con-entrega-de-credenciales-culmina-ciclo-electoral-y-tse-alista-padron-y-ley\/#breadcrumb\",\"itemListElement\":[{\"@type\":\"ListItem\",\"position\":1,\"name\":\"Portada\",\"item\":\"https:\/\/innoticiasbo.com\/\"},{\"@type\":\"ListItem\",\"position\":2,\"name\":\"CON ENTREGA DE CREDENCIALES CULMINA CICLO ELECTORAL Y TSE ALISTA PADR\u00d3N Y LEY\"}]},{\"@type\":\"WebSite\",\"@id\":\"https:\/\/innoticiasbo.com\/#website\",\"url\":\"https:\/\/innoticiasbo.com\/\",\"name\":\"innoticiasbo.com\",\"description\":\"\",\"publisher\":{\"@id\":\"https:\/\/innoticiasbo.com\/#organization\"},\"potentialAction\":[{\"@type\":\"SearchAction\",\"target\":{\"@type\":\"EntryPoint\",\"urlTemplate\":\"https:\/\/innoticiasbo.com\/?s={search_term_string}\"},\"query-input\":{\"@type\":\"PropertyValueSpecification\",\"valueRequired\":true,\"valueName\":\"search_term_string\"}}],\"inLanguage\":\"es\"},{\"@type\":\"Organization\",\"@id\":\"https:\/\/innoticiasbo.com\/#organization\",\"name\":\"innoticiasbo.com\",\"url\":\"https:\/\/innoticiasbo.com\/\",\"logo\":{\"@type\":\"ImageObject\",\"inLanguage\":\"es\",\"@id\":\"https:\/\/innoticiasbo.com\/#\/schema\/logo\/image\/\",\"url\":\"https:\/\/i0.wp.com\/innoticiasbo.com\/wp-content\/uploads\/2026\/04\/cropped-IN-LOGO.png?fit=1476%2C1476&ssl=1\",\"contentUrl\":\"https:\/\/i0.wp.com\/innoticiasbo.com\/wp-content\/uploads\/2026\/04\/cropped-IN-LOGO.png?fit=1476%2C1476&ssl=1\",\"width\":1476,\"height\":1476,\"caption\":\"innoticiasbo.com\"},\"image\":{\"@id\":\"https:\/\/innoticiasbo.com\/#\/schema\/logo\/image\/\"},\"sameAs\":[\"https:\/\/www.facebook.com\/innoticiasbolivia\",\"https:\/\/x.com\/innoticiasbo\",\"https:\/\/www.instagram.com\/innoticiasbo\",\"https:\/\/www.youtube.com\/innoticiasbo\"]},{\"@type\":\"Person\",\"@id\":\"https:\/\/innoticiasbo.com\/#\/schema\/person\/0b28481e8d0316f83a13bc702311def5\",\"name\":\"Prensa 11\",\"image\":{\"@type\":\"ImageObject\",\"inLanguage\":\"es\",\"@id\":\"https:\/\/innoticiasbo.com\/#\/schema\/person\/image\/\",\"url\":\"https:\/\/secure.gravatar.com\/avatar\/696560c17349f1807a610bf83832bad0?s=96&d=mm&r=g\",\"contentUrl\":\"https:\/\/secure.gravatar.com\/avatar\/696560c17349f1807a610bf83832bad0?s=96&d=mm&r=g\",\"caption\":\"Prensa 11\"},\"sameAs\":[\"http:\/\/www.innoticiasbo.com\"],\"url\":\"https:\/\/innoticiasbo.com\/index.php\/author\/prensa-11\/\"}]}<\/script>\n<!-- \/ Yoast SEO plugin. -->","yoast_head_json":{"title":"CON ENTREGA DE CREDENCIALES CULMINA CICLO ELECTORAL Y TSE ALISTA PADR\u00d3N Y LEY - innoticiasbo.com","robots":{"index":"index","follow":"follow","max-snippet":"max-snippet:-1","max-image-preview":"max-image-preview:large","max-video-preview":"max-video-preview:-1"},"canonical":"https:\/\/innoticiasbo.com\/index.php\/2026\/04\/29\/con-entrega-de-credenciales-culmina-ciclo-electoral-y-tse-alista-padron-y-ley\/","og_locale":"es_ES","og_type":"article","og_title":"CON ENTREGA DE CREDENCIALES CULMINA CICLO ELECTORAL Y TSE ALISTA PADR\u00d3N Y LEY - innoticiasbo.com","og_description":"Pa\u00eds, 29 de Abril de 2026.- Ayer los Tribunales Electorales Departamentales (TED)\u00a0 entregaron credenciales a 5.400 autoridades subnacionales en todo el pa\u00eds. El documento,&nbsp; habilita a gobernadores, asamble\u00edstas departamentales, alcaldes y concejales a asumir funciones el pr\u00f3ximo 4 de mayo para el periodo 2026-2031. El presidente del&nbsp; Tribunal Supremo Electoral, Gustavo \u00c1vila, exhort\u00f3 a las...","og_url":"https:\/\/innoticiasbo.com\/index.php\/2026\/04\/29\/con-entrega-de-credenciales-culmina-ciclo-electoral-y-tse-alista-padron-y-ley\/","og_site_name":"innoticiasbo.com","article_publisher":"https:\/\/www.facebook.com\/innoticiasbolivia","article_published_time":"2026-04-29T16:07:57+00:00","article_modified_time":"2026-04-29T16:07:59+00:00","og_image":[{"width":770,"height":430,"url":"https:\/\/innoticiasbo.com\/wp-content\/uploads\/2026\/04\/image-337.png","type":"image\/png"}],"author":"Prensa 11","twitter_card":"summary_large_image","twitter_creator":"@innoticiasbo","twitter_site":"@innoticiasbo","twitter_misc":{"Escrito por":"Prensa 11","Tiempo de lectura":"2 minutos"},"schema":{"@context":"https:\/\/schema.org","@graph":[{"@type":"Article","@id":"https:\/\/innoticiasbo.com\/index.php\/2026\/04\/29\/con-entrega-de-credenciales-culmina-ciclo-electoral-y-tse-alista-padron-y-ley\/#article","isPartOf":{"@id":"https:\/\/innoticiasbo.com\/index.php\/2026\/04\/29\/con-entrega-de-credenciales-culmina-ciclo-electoral-y-tse-alista-padron-y-ley\/"},"author":{"name":"Prensa 11","@id":"https:\/\/innoticiasbo.com\/#\/schema\/person\/0b28481e8d0316f83a13bc702311def5"},"headline":"CON ENTREGA DE CREDENCIALES CULMINA CICLO ELECTORAL Y TSE ALISTA PADR\u00d3N Y LEY","datePublished":"2026-04-29T16:07:57+00:00","dateModified":"2026-04-29T16:07:59+00:00","mainEntityOfPage":{"@id":"https:\/\/innoticiasbo.com\/index.php\/2026\/04\/29\/con-entrega-de-credenciales-culmina-ciclo-electoral-y-tse-alista-padron-y-ley\/"},"wordCount":266,"commentCount":0,"publisher":{"@id":"https:\/\/innoticiasbo.com\/#organization"},"image":{"@id":"https:\/\/innoticiasbo.com\/index.php\/2026\/04\/29\/con-entrega-de-credenciales-culmina-ciclo-electoral-y-tse-alista-padron-y-ley\/#primaryimage"},"thumbnailUrl":"https:\/\/i0.wp.com\/innoticiasbo.com\/wp-content\/uploads\/2026\/04\/image-337.png?fit=770%2C430&ssl=1","keywords":["autoridades electas","Bolivia","Pol\u00edtica","subnacionales","Subnacionales 2026","TED"],"articleSection":["Pol\u00edtica"],"inLanguage":"es","potentialAction":[{"@type":"CommentAction","name":"Comment","target":["https:\/\/innoticiasbo.com\/index.php\/2026\/04\/29\/con-entrega-de-credenciales-culmina-ciclo-electoral-y-tse-alista-padron-y-ley\/#respond"]}]},{"@type":"WebPage","@id":"https:\/\/innoticiasbo.com\/index.php\/2026\/04\/29\/con-entrega-de-credenciales-culmina-ciclo-electoral-y-tse-alista-padron-y-ley\/","url":"https:\/\/innoticiasbo.com\/index.php\/2026\/04\/29\/con-entrega-de-credenciales-culmina-ciclo-electoral-y-tse-alista-padron-y-ley\/","name":"CON ENTREGA DE CREDENCIALES CULMINA CICLO ELECTORAL Y TSE ALISTA PADR\u00d3N Y LEY - innoticiasbo.com","isPartOf":{"@id":"https:\/\/innoticiasbo.com\/#website"},"primaryImageOfPage":{"@id":"https:\/\/innoticiasbo.com\/index.php\/2026\/04\/29\/con-entrega-de-credenciales-culmina-ciclo-electoral-y-tse-alista-padron-y-ley\/#primaryimage"},"image":{"@id":"https:\/\/innoticiasbo.com\/index.php\/2026\/04\/29\/con-entrega-de-credenciales-culmina-ciclo-electoral-y-tse-alista-padron-y-ley\/#primaryimage"},"thumbnailUrl":"https:\/\/i0.wp.com\/innoticiasbo.com\/wp-content\/uploads\/2026\/04\/image-337.png?fit=770%2C430&ssl=1","datePublished":"2026-04-29T16:07:57+00:00","dateModified":"2026-04-29T16:07:59+00:00","breadcrumb":{"@id":"https:\/\/innoticiasbo.com\/index.php\/2026\/04\/29\/con-entrega-de-credenciales-culmina-ciclo-electoral-y-tse-alista-padron-y-ley\/#breadcrumb"},"inLanguage":"es","potentialAction":[{"@type":"ReadAction","target":["https:\/\/innoticiasbo.com\/index.php\/2026\/04\/29\/con-entrega-de-credenciales-culmina-ciclo-electoral-y-tse-alista-padron-y-ley\/"]}]},{"@type":"ImageObject","inLanguage":"es","@id":"https:\/\/innoticiasbo.com\/index.php\/2026\/04\/29\/con-entrega-de-credenciales-culmina-ciclo-electoral-y-tse-alista-padron-y-ley\/#primaryimage","url":"https:\/\/i0.wp.com\/innoticiasbo.com\/wp-content\/uploads\/2026\/04\/image-337.png?fit=770%2C430&ssl=1","contentUrl":"https:\/\/i0.wp.com\/innoticiasbo.com\/wp-content\/uploads\/2026\/04\/image-337.png?fit=770%2C430&ssl=1","width":770,"height":430},{"@type":"BreadcrumbList","@id":"https:\/\/innoticiasbo.com\/index.php\/2026\/04\/29\/con-entrega-de-credenciales-culmina-ciclo-electoral-y-tse-alista-padron-y-ley\/#breadcrumb","itemListElement":[{"@type":"ListItem","position":1,"name":"Portada","item":"https:\/\/innoticiasbo.com\/"},{"@type":"ListItem","position":2,"name":"CON ENTREGA DE CREDENCIALES CULMINA CICLO ELECTORAL Y TSE ALISTA PADR\u00d3N Y LEY"}]},{"@type":"WebSite","@id":"https:\/\/innoticiasbo.com\/#website","url":"https:\/\/innoticiasbo.com\/","name":"innoticiasbo.com","description":"","publisher":{"@id":"https:\/\/innoticiasbo.com\/#organization"},"potentialAction":[{"@type":"SearchAction","target":{"@type":"EntryPoint","urlTemplate":"https:\/\/innoticiasbo.com\/?s={search_term_string}"},"query-input":{"@type":"PropertyValueSpecification","valueRequired":true,"valueName":"search_term_string"}}],"inLanguage":"es"},{"@type":"Organization","@id":"https:\/\/innoticiasbo.com\/#organization","name":"innoticiasbo.com","url":"https:\/\/innoticiasbo.com\/","logo":{"@type":"ImageObject","inLanguage":"es","@id":"https:\/\/innoticiasbo.com\/#\/schema\/logo\/image\/","url":"https:\/\/i0.wp.com\/innoticiasbo.com\/wp-content\/uploads\/2026\/04\/cropped-IN-LOGO.png?fit=1476%2C1476&ssl=1","contentUrl":"https:\/\/i0.wp.com\/innoticiasbo.com\/wp-content\/uploads\/2026\/04\/cropped-IN-LOGO.png?fit=1476%2C1476&ssl=1","width":1476,"height":1476,"caption":"innoticiasbo.com"},"image":{"@id":"https:\/\/innoticiasbo.com\/#\/schema\/logo\/image\/"},"sameAs":["https:\/\/www.facebook.com\/innoticiasbolivia","https:\/\/x.com\/innoticiasbo","https:\/\/www.instagram.com\/innoticiasbo","https:\/\/www.youtube.com\/innoticiasbo"]},{"@type":"Person","@id":"https:\/\/innoticiasbo.com\/#\/schema\/person\/0b28481e8d0316f83a13bc702311def5","name":"Prensa 11","image":{"@type":"ImageObject","inLanguage":"es","@id":"https:\/\/innoticiasbo.com\/#\/schema\/person\/image\/","url":"https:\/\/secure.gravatar.com\/avatar\/696560c17349f1807a610bf83832bad0?s=96&d=mm&r=g","contentUrl":"https:\/\/secure.gravatar.com\/avatar\/696560c17349f1807a610bf83832bad0?s=96&d=mm&r=g","caption":"Prensa 11"},"sameAs":["http:\/\/www.innoticiasbo.com"],"url":"https:\/\/innoticiasbo.com\/index.php\/author\/prensa-11\/"}]}},"jetpack_featured_media_url":"https:\/\/i0.wp.com\/innoticiasbo.com\/wp-content\/uploads\/2026\/04\/image-337.png?fit=770%2C430&ssl=1","jetpack_likes_enabled":true,"jetpack_sharing_enabled":true,"jetpack_shortlink":"https:\/\/wp.me\/pg298x-30j","_links":{"self":[{"href":"https:\/\/innoticiasbo.com\/index.php\/wp-json\/wp\/v2\/posts\/11551","targetHints":{"allow":["GET"]}}],"collection":[{"href":"https:\/\/innoticiasbo.com\/index.php\/wp-json\/wp\/v2\/posts"}],"about":[{"href":"https:\/\/innoticiasbo.com\/index.php\/wp-json\/wp\/v2\/types\/post"}],"author":[{"embeddable":true,"href":"https:\/\/innoticiasbo.com\/index.php\/wp-json\/wp\/v2\/users\/11"}],"replies":[{"embeddable":true,"href":"https:\/\/innoticiasbo.com\/index.php\/wp-json\/wp\/v2\/comments?post=11551"}],"version-history":[{"count":1,"href":"https:\/\/innoticiasbo.com\/index.php\/wp-json\/wp\/v2\/posts\/11551\/revisions"}],"predecessor-version":[{"id":11553,"href":"https:\/\/innoticiasbo.com\/index.php\/wp-json\/wp\/v2\/posts\/11551\/revisions\/11553"}],"wp:featuredmedia":[{"embeddable":true,"href":"https:\/\/innoticiasbo.com\/index.php\/wp-json\/wp\/v2\/media\/11552"}],"wp:attachment":[{"href":"https:\/\/innoticiasbo.com\/index.php\/wp-json\/wp\/v2\/media?parent=11551"}],"wp:term":[{"taxonomy":"category","embeddable":true,"href":"https:\/\/innoticiasbo.com\/index.php\/wp-json\/wp\/v2\/categories?post=11551"},{"taxonomy":"post_tag","embeddable":true,"href":"https:\/\/innoticiasbo.com\/index.php\/wp-json\/wp\/v2\/tags?post=11551"}],"curies":[{"name":"wp","href":"https:\/\/api.w.org\/{rel}","templated":true}]}}