{"id":11548,"date":"2026-04-29T11:41:18","date_gmt":"2026-04-29T15:41:18","guid":{"rendered":"https:\/\/innoticiasbo.com\/?p=11548"},"modified":"2026-04-29T11:41:19","modified_gmt":"2026-04-29T15:41:19","slug":"el-18-de-mayo-se-reanudara-el-juicio-por-el-desfalco-millonario-al-banco-union","status":"publish","type":"post","link":"https:\/\/innoticiasbo.com\/index.php\/2026\/04\/29\/el-18-de-mayo-se-reanudara-el-juicio-por-el-desfalco-millonario-al-banco-union\/","title":{"rendered":"EL 18 DE MAYO SE REANUDAR\u00c1 EL JUICIO POR EL DESFALCO MILLONARIO AL BANCO UNI\u00d3N"},"content":{"rendered":"\n<figure class=\"wp-block-image size-large\"><img data-recalc-dims=\"1\" loading=\"lazy\" decoding=\"async\" width=\"640\" height=\"360\" src=\"https:\/\/i0.wp.com\/innoticiasbo.com\/wp-content\/uploads\/2026\/04\/image-336.png?resize=640%2C360&#038;ssl=1\" alt=\"\" class=\"wp-image-11549\" srcset=\"https:\/\/i0.wp.com\/innoticiasbo.com\/wp-content\/uploads\/2026\/04\/image-336.png?resize=1024%2C576&amp;ssl=1 1024w, https:\/\/i0.wp.com\/innoticiasbo.com\/wp-content\/uploads\/2026\/04\/image-336.png?resize=300%2C169&amp;ssl=1 300w, https:\/\/i0.wp.com\/innoticiasbo.com\/wp-content\/uploads\/2026\/04\/image-336.png?resize=768%2C432&amp;ssl=1 768w, https:\/\/i0.wp.com\/innoticiasbo.com\/wp-content\/uploads\/2026\/04\/image-336.png?w=1200&amp;ssl=1 1200w\" sizes=\"auto, (max-width: 640px) 100vw, 640px\" \/><\/figure>\n\n\n\n<p><strong>La Paz, 29 de Abril de 2026.-<\/strong> \u201cEsperando que termine esto nada m\u00e1s\u201d, dijo Juan Pari, el exfuncionario que desfalc\u00f3 37,6 millones al Banco Uni\u00f3n<\/p>\n\n\n\n<p>En el Tribunal Sexto de Sentencia de La Paz comenz\u00f3 el martes el<strong> juicio por el desfalco de 37,6 millones de bolivianos al Banco Uni\u00f3n<\/strong>, que fue descubierto en septiembre de 2017.<\/p>\n\n\n\n<p><strong>El principal acusado es Juan Pari <\/strong>Mamani, un <strong>ex funcionario de la entidad financiera<\/strong> afectada que cometi\u00f3 el delito <strong>cuando era jefe de operaciones <\/strong>de algunas agencias del banco en el altiplano pace\u00f1o.<\/p>\n\n\n\n<p>Se conoce que en este proceso <strong>est\u00e1n involucradas 22 personas<\/strong> (entre ellas Pari) y que en el primer d\u00eda del juicio se presentaron una serie de recursos judiciales.&nbsp;<\/p>\n\n\n\n<p>El abogado Eusebio Vera, defensor de uno de los acusados, dijo que&nbsp;en la etapa de incidentes, <strong>Pari y otras tres personas solicitaron acogerse a un procedimiento abreviado, <\/strong>pero que los jueces del Tribunal Sexto rechazaron.<\/p>\n\n\n\n<p>\u201cConsecuentemente, <strong>van a ir a un juicio ordinario<\/strong> y dentro de la tramitaci\u00f3n de estos incidentes, otros seis ciudadanos tambi\u00e9n interpusieron excepciones e incidentes. La audiencia ha sido todo el d\u00eda (\u2026) y <strong>se ha decretado un cuarto intermedio hasta el d\u00eda 18 de mayo<\/strong>\u201d, inform\u00f3 el jurista en Red Uno.<\/p>\n\n\n\n<p>Pari, en el momento en que sal\u00eda de su audiencia con custodia policial&nbsp;fue consultado por un periodista si ten\u00eda algo que decir y el acusado s\u00f3lo respondi\u00f3: \u201cesperando que termine esto nada m\u00e1s\u201d, seg\u00fan un video publicado por Erbol.<\/p>\n\n\n\n<p>De acuerdo con los antecedentes del caso,<strong> Pari manipulaba el sistema inform\u00e1tico simulando la transferencia de montos de dinero hacia un cajero autom\u00e1tico inexistente.<\/strong><\/p>\n\n\n\n<p><strong>Pari llevaba una vida ostentosa<\/strong>, hab\u00eda invertido el dinero robado en una serie de negocios y se conoce que incluso <strong>alquilaba aviones privados para algunos de sus viajes.<\/strong><\/p>\n\n\n\n<p>Fuente: El Deber<\/p>\n","protected":false},"excerpt":{"rendered":"<p>La Paz, 29 de Abril de 2026.- \u201cEsperando que termine esto nada m\u00e1s\u201d, dijo Juan Pari, el exfuncionario que desfalc\u00f3 37,6 millones al Banco Uni\u00f3n En el Tribunal Sexto de Sentencia de La Paz comenz\u00f3 el martes el juicio por el desfalco de 37,6 millones de bolivianos al Banco Uni\u00f3n, que fue descubierto en septiembre&#8230;<\/p>\n","protected":false},"author":11,"featured_media":11549,"comment_status":"open","ping_status":"open","sticky":false,"template":"","format":"standard","meta":{"_jetpack_memberships_contains_paid_content":false,"footnotes":"","jetpack_publicize_message":"","jetpack_publicize_feature_enabled":true,"jetpack_social_post_already_shared":true,"jetpack_social_options":{"image_generator_settings":{"template":"highway","enabled":false},"version":2}},"categories":[1,16,3],"tags":[1837,7,1836,18,1838,2738,925,2736,10,2737],"class_list":["post-11548","post","type-post","status-publish","format-standard","has-post-thumbnail","hentry","category-bolivia","category-economia","category-politica","tag-banco-union","tag-bolivia","tag-desfalco","tag-economia","tag-juan-pari","tag-juan-pari-mamani","tag-juicio","tag-juicio-en-curso","tag-politica","tag-reanudacion-de-juicio"],"jetpack_publicize_connections":[],"yoast_head":"<!-- This site is optimized with the Yoast SEO plugin v23.4 - https:\/\/yoast.com\/wordpress\/plugins\/seo\/ -->\n<title>EL 18 DE MAYO SE REANUDAR\u00c1 EL JUICIO POR EL DESFALCO MILLONARIO AL BANCO UNI\u00d3N - innoticiasbo.com<\/title>\n<meta name=\"robots\" content=\"index, follow, max-snippet:-1, max-image-preview:large, max-video-preview:-1\" \/>\n<link rel=\"canonical\" href=\"https:\/\/innoticiasbo.com\/index.php\/2026\/04\/29\/el-18-de-mayo-se-reanudara-el-juicio-por-el-desfalco-millonario-al-banco-union\/\" \/>\n<meta property=\"og:locale\" content=\"es_ES\" \/>\n<meta property=\"og:type\" content=\"article\" \/>\n<meta property=\"og:title\" content=\"EL 18 DE MAYO SE REANUDAR\u00c1 EL JUICIO POR EL DESFALCO MILLONARIO AL BANCO UNI\u00d3N - innoticiasbo.com\" \/>\n<meta property=\"og:description\" content=\"La Paz, 29 de Abril de 2026.- \u201cEsperando que termine esto nada m\u00e1s\u201d, dijo Juan Pari, el exfuncionario que desfalc\u00f3 37,6 millones al Banco Uni\u00f3n En el Tribunal Sexto de Sentencia de La Paz comenz\u00f3 el martes el juicio por el desfalco de 37,6 millones de bolivianos al Banco Uni\u00f3n, que fue descubierto en septiembre...\" \/>\n<meta property=\"og:url\" content=\"https:\/\/innoticiasbo.com\/index.php\/2026\/04\/29\/el-18-de-mayo-se-reanudara-el-juicio-por-el-desfalco-millonario-al-banco-union\/\" \/>\n<meta property=\"og:site_name\" content=\"innoticiasbo.com\" \/>\n<meta property=\"article:publisher\" content=\"https:\/\/www.facebook.com\/innoticiasbolivia\" \/>\n<meta property=\"article:published_time\" content=\"2026-04-29T15:41:18+00:00\" \/>\n<meta property=\"article:modified_time\" content=\"2026-04-29T15:41:19+00:00\" \/>\n<meta property=\"og:image\" content=\"https:\/\/innoticiasbo.com\/wp-content\/uploads\/2026\/04\/image-336.png\" \/>\n\t<meta property=\"og:image:width\" content=\"1200\" \/>\n\t<meta property=\"og:image:height\" content=\"675\" \/>\n\t<meta property=\"og:image:type\" content=\"image\/png\" \/>\n<meta name=\"author\" content=\"Prensa 11\" \/>\n<meta name=\"twitter:card\" content=\"summary_large_image\" \/>\n<meta name=\"twitter:creator\" content=\"@innoticiasbo\" \/>\n<meta name=\"twitter:site\" content=\"@innoticiasbo\" \/>\n<meta name=\"twitter:label1\" content=\"Escrito por\" \/>\n\t<meta name=\"twitter:data1\" content=\"Prensa 11\" \/>\n\t<meta name=\"twitter:label2\" content=\"Tiempo de lectura\" \/>\n\t<meta name=\"twitter:data2\" content=\"2 minutos\" \/>\n<script type=\"application\/ld+json\" class=\"yoast-schema-graph\">{\"@context\":\"https:\/\/schema.org\",\"@graph\":[{\"@type\":\"Article\",\"@id\":\"https:\/\/innoticiasbo.com\/index.php\/2026\/04\/29\/el-18-de-mayo-se-reanudara-el-juicio-por-el-desfalco-millonario-al-banco-union\/#article\",\"isPartOf\":{\"@id\":\"https:\/\/innoticiasbo.com\/index.php\/2026\/04\/29\/el-18-de-mayo-se-reanudara-el-juicio-por-el-desfalco-millonario-al-banco-union\/\"},\"author\":{\"name\":\"Prensa 11\",\"@id\":\"https:\/\/innoticiasbo.com\/#\/schema\/person\/0b28481e8d0316f83a13bc702311def5\"},\"headline\":\"EL 18 DE MAYO SE REANUDAR\u00c1 EL JUICIO POR EL DESFALCO MILLONARIO AL BANCO UNI\u00d3N\",\"datePublished\":\"2026-04-29T15:41:18+00:00\",\"dateModified\":\"2026-04-29T15:41:19+00:00\",\"mainEntityOfPage\":{\"@id\":\"https:\/\/innoticiasbo.com\/index.php\/2026\/04\/29\/el-18-de-mayo-se-reanudara-el-juicio-por-el-desfalco-millonario-al-banco-union\/\"},\"wordCount\":329,\"commentCount\":0,\"publisher\":{\"@id\":\"https:\/\/innoticiasbo.com\/#organization\"},\"image\":{\"@id\":\"https:\/\/innoticiasbo.com\/index.php\/2026\/04\/29\/el-18-de-mayo-se-reanudara-el-juicio-por-el-desfalco-millonario-al-banco-union\/#primaryimage\"},\"thumbnailUrl\":\"https:\/\/i0.wp.com\/innoticiasbo.com\/wp-content\/uploads\/2026\/04\/image-336.png?fit=1200%2C675&ssl=1\",\"keywords\":[\"Banco Uni\u00f3n\",\"Bolivia\",\"Desfalco\",\"econom\u00eda\",\"Juan Pari\",\"Juan Pari Mamani\",\"juicio\",\"juicio en curso\",\"Pol\u00edtica\",\"reanudaci\u00f3n de juicio\"],\"articleSection\":[\"Bolivia\",\"Econom\u00eda\",\"Pol\u00edtica\"],\"inLanguage\":\"es\",\"potentialAction\":[{\"@type\":\"CommentAction\",\"name\":\"Comment\",\"target\":[\"https:\/\/innoticiasbo.com\/index.php\/2026\/04\/29\/el-18-de-mayo-se-reanudara-el-juicio-por-el-desfalco-millonario-al-banco-union\/#respond\"]}]},{\"@type\":\"WebPage\",\"@id\":\"https:\/\/innoticiasbo.com\/index.php\/2026\/04\/29\/el-18-de-mayo-se-reanudara-el-juicio-por-el-desfalco-millonario-al-banco-union\/\",\"url\":\"https:\/\/innoticiasbo.com\/index.php\/2026\/04\/29\/el-18-de-mayo-se-reanudara-el-juicio-por-el-desfalco-millonario-al-banco-union\/\",\"name\":\"EL 18 DE MAYO SE REANUDAR\u00c1 EL JUICIO POR EL DESFALCO MILLONARIO AL BANCO UNI\u00d3N - innoticiasbo.com\",\"isPartOf\":{\"@id\":\"https:\/\/innoticiasbo.com\/#website\"},\"primaryImageOfPage\":{\"@id\":\"https:\/\/innoticiasbo.com\/index.php\/2026\/04\/29\/el-18-de-mayo-se-reanudara-el-juicio-por-el-desfalco-millonario-al-banco-union\/#primaryimage\"},\"image\":{\"@id\":\"https:\/\/innoticiasbo.com\/index.php\/2026\/04\/29\/el-18-de-mayo-se-reanudara-el-juicio-por-el-desfalco-millonario-al-banco-union\/#primaryimage\"},\"thumbnailUrl\":\"https:\/\/i0.wp.com\/innoticiasbo.com\/wp-content\/uploads\/2026\/04\/image-336.png?fit=1200%2C675&ssl=1\",\"datePublished\":\"2026-04-29T15:41:18+00:00\",\"dateModified\":\"2026-04-29T15:41:19+00:00\",\"breadcrumb\":{\"@id\":\"https:\/\/innoticiasbo.com\/index.php\/2026\/04\/29\/el-18-de-mayo-se-reanudara-el-juicio-por-el-desfalco-millonario-al-banco-union\/#breadcrumb\"},\"inLanguage\":\"es\",\"potentialAction\":[{\"@type\":\"ReadAction\",\"target\":[\"https:\/\/innoticiasbo.com\/index.php\/2026\/04\/29\/el-18-de-mayo-se-reanudara-el-juicio-por-el-desfalco-millonario-al-banco-union\/\"]}]},{\"@type\":\"ImageObject\",\"inLanguage\":\"es\",\"@id\":\"https:\/\/innoticiasbo.com\/index.php\/2026\/04\/29\/el-18-de-mayo-se-reanudara-el-juicio-por-el-desfalco-millonario-al-banco-union\/#primaryimage\",\"url\":\"https:\/\/i0.wp.com\/innoticiasbo.com\/wp-content\/uploads\/2026\/04\/image-336.png?fit=1200%2C675&ssl=1\",\"contentUrl\":\"https:\/\/i0.wp.com\/innoticiasbo.com\/wp-content\/uploads\/2026\/04\/image-336.png?fit=1200%2C675&ssl=1\",\"width\":1200,\"height\":675},{\"@type\":\"BreadcrumbList\",\"@id\":\"https:\/\/innoticiasbo.com\/index.php\/2026\/04\/29\/el-18-de-mayo-se-reanudara-el-juicio-por-el-desfalco-millonario-al-banco-union\/#breadcrumb\",\"itemListElement\":[{\"@type\":\"ListItem\",\"position\":1,\"name\":\"Portada\",\"item\":\"https:\/\/innoticiasbo.com\/\"},{\"@type\":\"ListItem\",\"position\":2,\"name\":\"EL 18 DE MAYO SE REANUDAR\u00c1 EL JUICIO POR EL DESFALCO MILLONARIO AL BANCO UNI\u00d3N\"}]},{\"@type\":\"WebSite\",\"@id\":\"https:\/\/innoticiasbo.com\/#website\",\"url\":\"https:\/\/innoticiasbo.com\/\",\"name\":\"innoticiasbo.com\",\"description\":\"\",\"publisher\":{\"@id\":\"https:\/\/innoticiasbo.com\/#organization\"},\"potentialAction\":[{\"@type\":\"SearchAction\",\"target\":{\"@type\":\"EntryPoint\",\"urlTemplate\":\"https:\/\/innoticiasbo.com\/?s={search_term_string}\"},\"query-input\":{\"@type\":\"PropertyValueSpecification\",\"valueRequired\":true,\"valueName\":\"search_term_string\"}}],\"inLanguage\":\"es\"},{\"@type\":\"Organization\",\"@id\":\"https:\/\/innoticiasbo.com\/#organization\",\"name\":\"innoticiasbo.com\",\"url\":\"https:\/\/innoticiasbo.com\/\",\"logo\":{\"@type\":\"ImageObject\",\"inLanguage\":\"es\",\"@id\":\"https:\/\/innoticiasbo.com\/#\/schema\/logo\/image\/\",\"url\":\"https:\/\/i0.wp.com\/innoticiasbo.com\/wp-content\/uploads\/2026\/04\/cropped-IN-LOGO.png?fit=1476%2C1476&ssl=1\",\"contentUrl\":\"https:\/\/i0.wp.com\/innoticiasbo.com\/wp-content\/uploads\/2026\/04\/cropped-IN-LOGO.png?fit=1476%2C1476&ssl=1\",\"width\":1476,\"height\":1476,\"caption\":\"innoticiasbo.com\"},\"image\":{\"@id\":\"https:\/\/innoticiasbo.com\/#\/schema\/logo\/image\/\"},\"sameAs\":[\"https:\/\/www.facebook.com\/innoticiasbolivia\",\"https:\/\/x.com\/innoticiasbo\",\"https:\/\/www.instagram.com\/innoticiasbo\",\"https:\/\/www.youtube.com\/innoticiasbo\"]},{\"@type\":\"Person\",\"@id\":\"https:\/\/innoticiasbo.com\/#\/schema\/person\/0b28481e8d0316f83a13bc702311def5\",\"name\":\"Prensa 11\",\"image\":{\"@type\":\"ImageObject\",\"inLanguage\":\"es\",\"@id\":\"https:\/\/innoticiasbo.com\/#\/schema\/person\/image\/\",\"url\":\"https:\/\/secure.gravatar.com\/avatar\/696560c17349f1807a610bf83832bad0?s=96&d=mm&r=g\",\"contentUrl\":\"https:\/\/secure.gravatar.com\/avatar\/696560c17349f1807a610bf83832bad0?s=96&d=mm&r=g\",\"caption\":\"Prensa 11\"},\"sameAs\":[\"http:\/\/www.innoticiasbo.com\"],\"url\":\"https:\/\/innoticiasbo.com\/index.php\/author\/prensa-11\/\"}]}<\/script>\n<!-- \/ Yoast SEO plugin. -->","yoast_head_json":{"title":"EL 18 DE MAYO SE REANUDAR\u00c1 EL JUICIO POR EL DESFALCO MILLONARIO AL BANCO UNI\u00d3N - innoticiasbo.com","robots":{"index":"index","follow":"follow","max-snippet":"max-snippet:-1","max-image-preview":"max-image-preview:large","max-video-preview":"max-video-preview:-1"},"canonical":"https:\/\/innoticiasbo.com\/index.php\/2026\/04\/29\/el-18-de-mayo-se-reanudara-el-juicio-por-el-desfalco-millonario-al-banco-union\/","og_locale":"es_ES","og_type":"article","og_title":"EL 18 DE MAYO SE REANUDAR\u00c1 EL JUICIO POR EL DESFALCO MILLONARIO AL BANCO UNI\u00d3N - innoticiasbo.com","og_description":"La Paz, 29 de Abril de 2026.- \u201cEsperando que termine esto nada m\u00e1s\u201d, dijo Juan Pari, el exfuncionario que desfalc\u00f3 37,6 millones al Banco Uni\u00f3n En el Tribunal Sexto de Sentencia de La Paz comenz\u00f3 el martes el juicio por el desfalco de 37,6 millones de bolivianos al Banco Uni\u00f3n, que fue descubierto en septiembre...","og_url":"https:\/\/innoticiasbo.com\/index.php\/2026\/04\/29\/el-18-de-mayo-se-reanudara-el-juicio-por-el-desfalco-millonario-al-banco-union\/","og_site_name":"innoticiasbo.com","article_publisher":"https:\/\/www.facebook.com\/innoticiasbolivia","article_published_time":"2026-04-29T15:41:18+00:00","article_modified_time":"2026-04-29T15:41:19+00:00","og_image":[{"width":1200,"height":675,"url":"https:\/\/innoticiasbo.com\/wp-content\/uploads\/2026\/04\/image-336.png","type":"image\/png"}],"author":"Prensa 11","twitter_card":"summary_large_image","twitter_creator":"@innoticiasbo","twitter_site":"@innoticiasbo","twitter_misc":{"Escrito por":"Prensa 11","Tiempo de lectura":"2 minutos"},"schema":{"@context":"https:\/\/schema.org","@graph":[{"@type":"Article","@id":"https:\/\/innoticiasbo.com\/index.php\/2026\/04\/29\/el-18-de-mayo-se-reanudara-el-juicio-por-el-desfalco-millonario-al-banco-union\/#article","isPartOf":{"@id":"https:\/\/innoticiasbo.com\/index.php\/2026\/04\/29\/el-18-de-mayo-se-reanudara-el-juicio-por-el-desfalco-millonario-al-banco-union\/"},"author":{"name":"Prensa 11","@id":"https:\/\/innoticiasbo.com\/#\/schema\/person\/0b28481e8d0316f83a13bc702311def5"},"headline":"EL 18 DE MAYO SE REANUDAR\u00c1 EL JUICIO POR EL DESFALCO MILLONARIO AL BANCO UNI\u00d3N","datePublished":"2026-04-29T15:41:18+00:00","dateModified":"2026-04-29T15:41:19+00:00","mainEntityOfPage":{"@id":"https:\/\/innoticiasbo.com\/index.php\/2026\/04\/29\/el-18-de-mayo-se-reanudara-el-juicio-por-el-desfalco-millonario-al-banco-union\/"},"wordCount":329,"commentCount":0,"publisher":{"@id":"https:\/\/innoticiasbo.com\/#organization"},"image":{"@id":"https:\/\/innoticiasbo.com\/index.php\/2026\/04\/29\/el-18-de-mayo-se-reanudara-el-juicio-por-el-desfalco-millonario-al-banco-union\/#primaryimage"},"thumbnailUrl":"https:\/\/i0.wp.com\/innoticiasbo.com\/wp-content\/uploads\/2026\/04\/image-336.png?fit=1200%2C675&ssl=1","keywords":["Banco Uni\u00f3n","Bolivia","Desfalco","econom\u00eda","Juan Pari","Juan Pari Mamani","juicio","juicio en curso","Pol\u00edtica","reanudaci\u00f3n de juicio"],"articleSection":["Bolivia","Econom\u00eda","Pol\u00edtica"],"inLanguage":"es","potentialAction":[{"@type":"CommentAction","name":"Comment","target":["https:\/\/innoticiasbo.com\/index.php\/2026\/04\/29\/el-18-de-mayo-se-reanudara-el-juicio-por-el-desfalco-millonario-al-banco-union\/#respond"]}]},{"@type":"WebPage","@id":"https:\/\/innoticiasbo.com\/index.php\/2026\/04\/29\/el-18-de-mayo-se-reanudara-el-juicio-por-el-desfalco-millonario-al-banco-union\/","url":"https:\/\/innoticiasbo.com\/index.php\/2026\/04\/29\/el-18-de-mayo-se-reanudara-el-juicio-por-el-desfalco-millonario-al-banco-union\/","name":"EL 18 DE MAYO SE REANUDAR\u00c1 EL JUICIO POR EL DESFALCO MILLONARIO AL BANCO UNI\u00d3N - innoticiasbo.com","isPartOf":{"@id":"https:\/\/innoticiasbo.com\/#website"},"primaryImageOfPage":{"@id":"https:\/\/innoticiasbo.com\/index.php\/2026\/04\/29\/el-18-de-mayo-se-reanudara-el-juicio-por-el-desfalco-millonario-al-banco-union\/#primaryimage"},"image":{"@id":"https:\/\/innoticiasbo.com\/index.php\/2026\/04\/29\/el-18-de-mayo-se-reanudara-el-juicio-por-el-desfalco-millonario-al-banco-union\/#primaryimage"},"thumbnailUrl":"https:\/\/i0.wp.com\/innoticiasbo.com\/wp-content\/uploads\/2026\/04\/image-336.png?fit=1200%2C675&ssl=1","datePublished":"2026-04-29T15:41:18+00:00","dateModified":"2026-04-29T15:41:19+00:00","breadcrumb":{"@id":"https:\/\/innoticiasbo.com\/index.php\/2026\/04\/29\/el-18-de-mayo-se-reanudara-el-juicio-por-el-desfalco-millonario-al-banco-union\/#breadcrumb"},"inLanguage":"es","potentialAction":[{"@type":"ReadAction","target":["https:\/\/innoticiasbo.com\/index.php\/2026\/04\/29\/el-18-de-mayo-se-reanudara-el-juicio-por-el-desfalco-millonario-al-banco-union\/"]}]},{"@type":"ImageObject","inLanguage":"es","@id":"https:\/\/innoticiasbo.com\/index.php\/2026\/04\/29\/el-18-de-mayo-se-reanudara-el-juicio-por-el-desfalco-millonario-al-banco-union\/#primaryimage","url":"https:\/\/i0.wp.com\/innoticiasbo.com\/wp-content\/uploads\/2026\/04\/image-336.png?fit=1200%2C675&ssl=1","contentUrl":"https:\/\/i0.wp.com\/innoticiasbo.com\/wp-content\/uploads\/2026\/04\/image-336.png?fit=1200%2C675&ssl=1","width":1200,"height":675},{"@type":"BreadcrumbList","@id":"https:\/\/innoticiasbo.com\/index.php\/2026\/04\/29\/el-18-de-mayo-se-reanudara-el-juicio-por-el-desfalco-millonario-al-banco-union\/#breadcrumb","itemListElement":[{"@type":"ListItem","position":1,"name":"Portada","item":"https:\/\/innoticiasbo.com\/"},{"@type":"ListItem","position":2,"name":"EL 18 DE MAYO SE REANUDAR\u00c1 EL JUICIO POR EL DESFALCO MILLONARIO AL BANCO UNI\u00d3N"}]},{"@type":"WebSite","@id":"https:\/\/innoticiasbo.com\/#website","url":"https:\/\/innoticiasbo.com\/","name":"innoticiasbo.com","description":"","publisher":{"@id":"https:\/\/innoticiasbo.com\/#organization"},"potentialAction":[{"@type":"SearchAction","target":{"@type":"EntryPoint","urlTemplate":"https:\/\/innoticiasbo.com\/?s={search_term_string}"},"query-input":{"@type":"PropertyValueSpecification","valueRequired":true,"valueName":"search_term_string"}}],"inLanguage":"es"},{"@type":"Organization","@id":"https:\/\/innoticiasbo.com\/#organization","name":"innoticiasbo.com","url":"https:\/\/innoticiasbo.com\/","logo":{"@type":"ImageObject","inLanguage":"es","@id":"https:\/\/innoticiasbo.com\/#\/schema\/logo\/image\/","url":"https:\/\/i0.wp.com\/innoticiasbo.com\/wp-content\/uploads\/2026\/04\/cropped-IN-LOGO.png?fit=1476%2C1476&ssl=1","contentUrl":"https:\/\/i0.wp.com\/innoticiasbo.com\/wp-content\/uploads\/2026\/04\/cropped-IN-LOGO.png?fit=1476%2C1476&ssl=1","width":1476,"height":1476,"caption":"innoticiasbo.com"},"image":{"@id":"https:\/\/innoticiasbo.com\/#\/schema\/logo\/image\/"},"sameAs":["https:\/\/www.facebook.com\/innoticiasbolivia","https:\/\/x.com\/innoticiasbo","https:\/\/www.instagram.com\/innoticiasbo","https:\/\/www.youtube.com\/innoticiasbo"]},{"@type":"Person","@id":"https:\/\/innoticiasbo.com\/#\/schema\/person\/0b28481e8d0316f83a13bc702311def5","name":"Prensa 11","image":{"@type":"ImageObject","inLanguage":"es","@id":"https:\/\/innoticiasbo.com\/#\/schema\/person\/image\/","url":"https:\/\/secure.gravatar.com\/avatar\/696560c17349f1807a610bf83832bad0?s=96&d=mm&r=g","contentUrl":"https:\/\/secure.gravatar.com\/avatar\/696560c17349f1807a610bf83832bad0?s=96&d=mm&r=g","caption":"Prensa 11"},"sameAs":["http:\/\/www.innoticiasbo.com"],"url":"https:\/\/innoticiasbo.com\/index.php\/author\/prensa-11\/"}]}},"jetpack_featured_media_url":"https:\/\/i0.wp.com\/innoticiasbo.com\/wp-content\/uploads\/2026\/04\/image-336.png?fit=1200%2C675&ssl=1","jetpack_likes_enabled":true,"jetpack_sharing_enabled":true,"jetpack_shortlink":"https:\/\/wp.me\/pg298x-30g","_links":{"self":[{"href":"https:\/\/innoticiasbo.com\/index.php\/wp-json\/wp\/v2\/posts\/11548","targetHints":{"allow":["GET"]}}],"collection":[{"href":"https:\/\/innoticiasbo.com\/index.php\/wp-json\/wp\/v2\/posts"}],"about":[{"href":"https:\/\/innoticiasbo.com\/index.php\/wp-json\/wp\/v2\/types\/post"}],"author":[{"embeddable":true,"href":"https:\/\/innoticiasbo.com\/index.php\/wp-json\/wp\/v2\/users\/11"}],"replies":[{"embeddable":true,"href":"https:\/\/innoticiasbo.com\/index.php\/wp-json\/wp\/v2\/comments?post=11548"}],"version-history":[{"count":1,"href":"https:\/\/innoticiasbo.com\/index.php\/wp-json\/wp\/v2\/posts\/11548\/revisions"}],"predecessor-version":[{"id":11550,"href":"https:\/\/innoticiasbo.com\/index.php\/wp-json\/wp\/v2\/posts\/11548\/revisions\/11550"}],"wp:featuredmedia":[{"embeddable":true,"href":"https:\/\/innoticiasbo.com\/index.php\/wp-json\/wp\/v2\/media\/11549"}],"wp:attachment":[{"href":"https:\/\/innoticiasbo.com\/index.php\/wp-json\/wp\/v2\/media?parent=11548"}],"wp:term":[{"taxonomy":"category","embeddable":true,"href":"https:\/\/innoticiasbo.com\/index.php\/wp-json\/wp\/v2\/categories?post=11548"},{"taxonomy":"post_tag","embeddable":true,"href":"https:\/\/innoticiasbo.com\/index.php\/wp-json\/wp\/v2\/tags?post=11548"}],"curies":[{"name":"wp","href":"https:\/\/api.w.org\/{rel}","templated":true}]}}