{"id":11539,"date":"2026-04-28T22:10:56","date_gmt":"2026-04-29T02:10:56","guid":{"rendered":"https:\/\/innoticiasbo.com\/?p=11539"},"modified":"2026-04-28T22:10:58","modified_gmt":"2026-04-29T02:10:58","slug":"la-alianza-libre-interpelara-a-oviedo-el-5-de-mayo-por-las-32-maletas-y-el-caso-marset","status":"publish","type":"post","link":"https:\/\/innoticiasbo.com\/index.php\/2026\/04\/28\/la-alianza-libre-interpelara-a-oviedo-el-5-de-mayo-por-las-32-maletas-y-el-caso-marset\/","title":{"rendered":"LA ALIANZA LIBRE INTERPELAR\u00c1 A OVIEDO EL 5 DE MAYO POR LAS 32 MALETAS Y EL CASO MARSET"},"content":{"rendered":"\n<figure class=\"wp-block-image size-full\"><img data-recalc-dims=\"1\" loading=\"lazy\" decoding=\"async\" width=\"640\" height=\"355\" src=\"https:\/\/i0.wp.com\/innoticiasbo.com\/wp-content\/uploads\/2026\/04\/image-333.png?resize=640%2C355&#038;ssl=1\" alt=\"\" class=\"wp-image-11540\" srcset=\"https:\/\/i0.wp.com\/innoticiasbo.com\/wp-content\/uploads\/2026\/04\/image-333.png?w=845&amp;ssl=1 845w, https:\/\/i0.wp.com\/innoticiasbo.com\/wp-content\/uploads\/2026\/04\/image-333.png?resize=300%2C167&amp;ssl=1 300w, https:\/\/i0.wp.com\/innoticiasbo.com\/wp-content\/uploads\/2026\/04\/image-333.png?resize=768%2C426&amp;ssl=1 768w\" sizes=\"auto, (max-width: 640px) 100vw, 640px\" \/><\/figure>\n\n\n\n<p><strong>La Paz, 28 de Abril de 2026.-<\/strong> La jefa de Bancada de la opositora Libre en el Senado, Tomasa Yarhui, inform\u00f3 este martes que el Vicepresidente del Estado, Edmand Lara, confirm\u00f3 la interpelaci\u00f3n del ministro de Gobierno, Marco Antonio Oviedo, para el pr\u00f3ximo martes 5 de mayo a partir de las 9:00 am, por el caso de las 32 maletas ingresadas irregularmente al pa\u00eds por el aeropuerto de Viru Viru.<\/p>\n\n\n\n<p>\u201cExactamente, en el caso del ministro de Gobierno, Marco Antonio Oviedo s\u00ed; efectivamente esa interpelaci\u00f3n corre por parte de la Bancada Libre que se efectuar\u00e1 el 5 de mayo, hemos sido notificados que se trata de las 32 maletas y todas las preguntas que est\u00e1n desarrolladas en base a este tema y tambi\u00e9n estamos preguntando del caso Marset y la caja fuerte que apareci\u00f3 despu\u00e9s que no apareci\u00f3, lo que hablaron los ayudantes, los chats, todo\u201d, adelant\u00f3 la legisladora.<\/p>\n\n\n\n<p>El pliego interpelatorio al ministro de Gobierno fue presentado por los senadores de Libre Tomasa Yarhui, Betty Canaviri, Ana Crisp\u00edn (PDC), Abd\u00f3n Porcel, Jos\u00e9 S\u00e1nchez y Jos\u00e9 Manuel Ormachea; adem\u00e1s de los diputados Sergio V\u00e1squez, Rodrigo Antonio&nbsp;<\/p>\n\n\n\n<p>Asimismo, la legisladora por Chuquisaca aclar\u00f3 que la interpelaci\u00f3n al ministro de Hidrocarburos, Carlos Blanco, por el combustible de mala calidad, fijado para este jueves 30 de abril corresponde a parlamentarios del PDC.<\/p>\n\n\n\n<p>\u201cEn este caso Libre no ha interpelado, es de su propio gobierno; es decir han interpelado los diputados del propio gobierno, han interpelado a su ministro los propios diputados del PDC, partido de gobierno de Rodrigo Paz\u201d, a\u00f1adi\u00f3.<\/p>\n\n\n\n<p>Fuente: Urgente.bo<\/p>\n","protected":false},"excerpt":{"rendered":"<p>La Paz, 28 de Abril de 2026.- La jefa de Bancada de la opositora Libre en el Senado, Tomasa Yarhui, inform\u00f3 este martes que el Vicepresidente del Estado, Edmand Lara, confirm\u00f3 la interpelaci\u00f3n del ministro de Gobierno, Marco Antonio Oviedo, para el pr\u00f3ximo martes 5 de mayo a partir de las 9:00 am, por el&#8230;<\/p>\n","protected":false},"author":11,"featured_media":11540,"comment_status":"open","ping_status":"open","sticky":false,"template":"","format":"standard","meta":{"_jetpack_memberships_contains_paid_content":false,"footnotes":"","jetpack_publicize_message":"","jetpack_publicize_feature_enabled":true,"jetpack_social_post_already_shared":true,"jetpack_social_options":{"image_generator_settings":{"template":"highway","enabled":false},"version":2}},"categories":[3],"tags":[7,1126,1583,1413,1018,1070,2344,10,563,1274,2478],"class_list":["post-11539","post","type-post","status-publish","format-standard","has-post-thumbnail","hentry","category-politica","tag-bolivia","tag-caso-maletas","tag-caso-marset","tag-interpelacion","tag-libre","tag-marco-antonio-oviedo","tag-oviedo","tag-politica","tag-sebastian-marset","tag-senado","tag-tomasa-yarhui"],"jetpack_publicize_connections":[],"yoast_head":"<!-- This site is optimized with the Yoast SEO plugin v23.4 - https:\/\/yoast.com\/wordpress\/plugins\/seo\/ -->\n<title>LA ALIANZA LIBRE INTERPELAR\u00c1 A OVIEDO EL 5 DE MAYO POR LAS 32 MALETAS Y EL CASO MARSET - innoticiasbo.com<\/title>\n<meta name=\"robots\" content=\"index, follow, max-snippet:-1, max-image-preview:large, max-video-preview:-1\" \/>\n<link rel=\"canonical\" href=\"https:\/\/innoticiasbo.com\/index.php\/2026\/04\/28\/la-alianza-libre-interpelara-a-oviedo-el-5-de-mayo-por-las-32-maletas-y-el-caso-marset\/\" \/>\n<meta property=\"og:locale\" content=\"es_ES\" \/>\n<meta property=\"og:type\" content=\"article\" \/>\n<meta property=\"og:title\" content=\"LA ALIANZA LIBRE INTERPELAR\u00c1 A OVIEDO EL 5 DE MAYO POR LAS 32 MALETAS Y EL CASO MARSET - innoticiasbo.com\" \/>\n<meta property=\"og:description\" content=\"La Paz, 28 de Abril de 2026.- La jefa de Bancada de la opositora Libre en el Senado, Tomasa Yarhui, inform\u00f3 este martes que el Vicepresidente del Estado, Edmand Lara, confirm\u00f3 la interpelaci\u00f3n del ministro de Gobierno, Marco Antonio Oviedo, para el pr\u00f3ximo martes 5 de mayo a partir de las 9:00 am, por el...\" \/>\n<meta property=\"og:url\" content=\"https:\/\/innoticiasbo.com\/index.php\/2026\/04\/28\/la-alianza-libre-interpelara-a-oviedo-el-5-de-mayo-por-las-32-maletas-y-el-caso-marset\/\" \/>\n<meta property=\"og:site_name\" content=\"innoticiasbo.com\" \/>\n<meta property=\"article:publisher\" content=\"https:\/\/www.facebook.com\/innoticiasbolivia\" \/>\n<meta property=\"article:published_time\" content=\"2026-04-29T02:10:56+00:00\" \/>\n<meta property=\"article:modified_time\" content=\"2026-04-29T02:10:58+00:00\" \/>\n<meta property=\"og:image\" content=\"https:\/\/innoticiasbo.com\/wp-content\/uploads\/2026\/04\/image-333.png\" \/>\n\t<meta property=\"og:image:width\" content=\"845\" \/>\n\t<meta property=\"og:image:height\" content=\"469\" \/>\n\t<meta property=\"og:image:type\" content=\"image\/png\" \/>\n<meta name=\"author\" content=\"Prensa 11\" \/>\n<meta name=\"twitter:card\" content=\"summary_large_image\" \/>\n<meta name=\"twitter:creator\" content=\"@innoticiasbo\" \/>\n<meta name=\"twitter:site\" content=\"@innoticiasbo\" \/>\n<meta name=\"twitter:label1\" content=\"Escrito por\" \/>\n\t<meta name=\"twitter:data1\" content=\"Prensa 11\" \/>\n\t<meta name=\"twitter:label2\" content=\"Tiempo de lectura\" \/>\n\t<meta name=\"twitter:data2\" content=\"2 minutos\" \/>\n<script type=\"application\/ld+json\" class=\"yoast-schema-graph\">{\"@context\":\"https:\/\/schema.org\",\"@graph\":[{\"@type\":\"Article\",\"@id\":\"https:\/\/innoticiasbo.com\/index.php\/2026\/04\/28\/la-alianza-libre-interpelara-a-oviedo-el-5-de-mayo-por-las-32-maletas-y-el-caso-marset\/#article\",\"isPartOf\":{\"@id\":\"https:\/\/innoticiasbo.com\/index.php\/2026\/04\/28\/la-alianza-libre-interpelara-a-oviedo-el-5-de-mayo-por-las-32-maletas-y-el-caso-marset\/\"},\"author\":{\"name\":\"Prensa 11\",\"@id\":\"https:\/\/innoticiasbo.com\/#\/schema\/person\/0b28481e8d0316f83a13bc702311def5\"},\"headline\":\"LA ALIANZA LIBRE INTERPELAR\u00c1 A OVIEDO EL 5 DE MAYO POR LAS 32 MALETAS Y EL CASO MARSET\",\"datePublished\":\"2026-04-29T02:10:56+00:00\",\"dateModified\":\"2026-04-29T02:10:58+00:00\",\"mainEntityOfPage\":{\"@id\":\"https:\/\/innoticiasbo.com\/index.php\/2026\/04\/28\/la-alianza-libre-interpelara-a-oviedo-el-5-de-mayo-por-las-32-maletas-y-el-caso-marset\/\"},\"wordCount\":284,\"commentCount\":0,\"publisher\":{\"@id\":\"https:\/\/innoticiasbo.com\/#organization\"},\"image\":{\"@id\":\"https:\/\/innoticiasbo.com\/index.php\/2026\/04\/28\/la-alianza-libre-interpelara-a-oviedo-el-5-de-mayo-por-las-32-maletas-y-el-caso-marset\/#primaryimage\"},\"thumbnailUrl\":\"https:\/\/i0.wp.com\/innoticiasbo.com\/wp-content\/uploads\/2026\/04\/image-333.png?fit=845%2C469&ssl=1\",\"keywords\":[\"Bolivia\",\"caso maletas\",\"Caso Marset\",\"interpelaci\u00f3n\",\"Libre\",\"Marco Antonio Oviedo\",\"Oviedo\",\"Pol\u00edtica\",\"Sebasti\u00e1n Marset\",\"Senado\",\"Tomasa Yarhui\"],\"articleSection\":[\"Pol\u00edtica\"],\"inLanguage\":\"es\",\"potentialAction\":[{\"@type\":\"CommentAction\",\"name\":\"Comment\",\"target\":[\"https:\/\/innoticiasbo.com\/index.php\/2026\/04\/28\/la-alianza-libre-interpelara-a-oviedo-el-5-de-mayo-por-las-32-maletas-y-el-caso-marset\/#respond\"]}]},{\"@type\":\"WebPage\",\"@id\":\"https:\/\/innoticiasbo.com\/index.php\/2026\/04\/28\/la-alianza-libre-interpelara-a-oviedo-el-5-de-mayo-por-las-32-maletas-y-el-caso-marset\/\",\"url\":\"https:\/\/innoticiasbo.com\/index.php\/2026\/04\/28\/la-alianza-libre-interpelara-a-oviedo-el-5-de-mayo-por-las-32-maletas-y-el-caso-marset\/\",\"name\":\"LA ALIANZA LIBRE INTERPELAR\u00c1 A OVIEDO EL 5 DE MAYO POR LAS 32 MALETAS Y EL CASO MARSET - innoticiasbo.com\",\"isPartOf\":{\"@id\":\"https:\/\/innoticiasbo.com\/#website\"},\"primaryImageOfPage\":{\"@id\":\"https:\/\/innoticiasbo.com\/index.php\/2026\/04\/28\/la-alianza-libre-interpelara-a-oviedo-el-5-de-mayo-por-las-32-maletas-y-el-caso-marset\/#primaryimage\"},\"image\":{\"@id\":\"https:\/\/innoticiasbo.com\/index.php\/2026\/04\/28\/la-alianza-libre-interpelara-a-oviedo-el-5-de-mayo-por-las-32-maletas-y-el-caso-marset\/#primaryimage\"},\"thumbnailUrl\":\"https:\/\/i0.wp.com\/innoticiasbo.com\/wp-content\/uploads\/2026\/04\/image-333.png?fit=845%2C469&ssl=1\",\"datePublished\":\"2026-04-29T02:10:56+00:00\",\"dateModified\":\"2026-04-29T02:10:58+00:00\",\"breadcrumb\":{\"@id\":\"https:\/\/innoticiasbo.com\/index.php\/2026\/04\/28\/la-alianza-libre-interpelara-a-oviedo-el-5-de-mayo-por-las-32-maletas-y-el-caso-marset\/#breadcrumb\"},\"inLanguage\":\"es\",\"potentialAction\":[{\"@type\":\"ReadAction\",\"target\":[\"https:\/\/innoticiasbo.com\/index.php\/2026\/04\/28\/la-alianza-libre-interpelara-a-oviedo-el-5-de-mayo-por-las-32-maletas-y-el-caso-marset\/\"]}]},{\"@type\":\"ImageObject\",\"inLanguage\":\"es\",\"@id\":\"https:\/\/innoticiasbo.com\/index.php\/2026\/04\/28\/la-alianza-libre-interpelara-a-oviedo-el-5-de-mayo-por-las-32-maletas-y-el-caso-marset\/#primaryimage\",\"url\":\"https:\/\/i0.wp.com\/innoticiasbo.com\/wp-content\/uploads\/2026\/04\/image-333.png?fit=845%2C469&ssl=1\",\"contentUrl\":\"https:\/\/i0.wp.com\/innoticiasbo.com\/wp-content\/uploads\/2026\/04\/image-333.png?fit=845%2C469&ssl=1\",\"width\":845,\"height\":469},{\"@type\":\"BreadcrumbList\",\"@id\":\"https:\/\/innoticiasbo.com\/index.php\/2026\/04\/28\/la-alianza-libre-interpelara-a-oviedo-el-5-de-mayo-por-las-32-maletas-y-el-caso-marset\/#breadcrumb\",\"itemListElement\":[{\"@type\":\"ListItem\",\"position\":1,\"name\":\"Portada\",\"item\":\"https:\/\/innoticiasbo.com\/\"},{\"@type\":\"ListItem\",\"position\":2,\"name\":\"LA ALIANZA LIBRE INTERPELAR\u00c1 A OVIEDO EL 5 DE MAYO POR LAS 32 MALETAS Y EL CASO MARSET\"}]},{\"@type\":\"WebSite\",\"@id\":\"https:\/\/innoticiasbo.com\/#website\",\"url\":\"https:\/\/innoticiasbo.com\/\",\"name\":\"innoticiasbo.com\",\"description\":\"\",\"publisher\":{\"@id\":\"https:\/\/innoticiasbo.com\/#organization\"},\"potentialAction\":[{\"@type\":\"SearchAction\",\"target\":{\"@type\":\"EntryPoint\",\"urlTemplate\":\"https:\/\/innoticiasbo.com\/?s={search_term_string}\"},\"query-input\":{\"@type\":\"PropertyValueSpecification\",\"valueRequired\":true,\"valueName\":\"search_term_string\"}}],\"inLanguage\":\"es\"},{\"@type\":\"Organization\",\"@id\":\"https:\/\/innoticiasbo.com\/#organization\",\"name\":\"innoticiasbo.com\",\"url\":\"https:\/\/innoticiasbo.com\/\",\"logo\":{\"@type\":\"ImageObject\",\"inLanguage\":\"es\",\"@id\":\"https:\/\/innoticiasbo.com\/#\/schema\/logo\/image\/\",\"url\":\"https:\/\/i0.wp.com\/innoticiasbo.com\/wp-content\/uploads\/2026\/04\/cropped-IN-LOGO.png?fit=1476%2C1476&ssl=1\",\"contentUrl\":\"https:\/\/i0.wp.com\/innoticiasbo.com\/wp-content\/uploads\/2026\/04\/cropped-IN-LOGO.png?fit=1476%2C1476&ssl=1\",\"width\":1476,\"height\":1476,\"caption\":\"innoticiasbo.com\"},\"image\":{\"@id\":\"https:\/\/innoticiasbo.com\/#\/schema\/logo\/image\/\"},\"sameAs\":[\"https:\/\/www.facebook.com\/innoticiasbolivia\",\"https:\/\/x.com\/innoticiasbo\",\"https:\/\/www.instagram.com\/innoticiasbo\",\"https:\/\/www.youtube.com\/innoticiasbo\"]},{\"@type\":\"Person\",\"@id\":\"https:\/\/innoticiasbo.com\/#\/schema\/person\/0b28481e8d0316f83a13bc702311def5\",\"name\":\"Prensa 11\",\"image\":{\"@type\":\"ImageObject\",\"inLanguage\":\"es\",\"@id\":\"https:\/\/innoticiasbo.com\/#\/schema\/person\/image\/\",\"url\":\"https:\/\/secure.gravatar.com\/avatar\/696560c17349f1807a610bf83832bad0?s=96&d=mm&r=g\",\"contentUrl\":\"https:\/\/secure.gravatar.com\/avatar\/696560c17349f1807a610bf83832bad0?s=96&d=mm&r=g\",\"caption\":\"Prensa 11\"},\"sameAs\":[\"http:\/\/www.innoticiasbo.com\"],\"url\":\"https:\/\/innoticiasbo.com\/index.php\/author\/prensa-11\/\"}]}<\/script>\n<!-- \/ Yoast SEO plugin. -->","yoast_head_json":{"title":"LA ALIANZA LIBRE INTERPELAR\u00c1 A OVIEDO EL 5 DE MAYO POR LAS 32 MALETAS Y EL CASO MARSET - innoticiasbo.com","robots":{"index":"index","follow":"follow","max-snippet":"max-snippet:-1","max-image-preview":"max-image-preview:large","max-video-preview":"max-video-preview:-1"},"canonical":"https:\/\/innoticiasbo.com\/index.php\/2026\/04\/28\/la-alianza-libre-interpelara-a-oviedo-el-5-de-mayo-por-las-32-maletas-y-el-caso-marset\/","og_locale":"es_ES","og_type":"article","og_title":"LA ALIANZA LIBRE INTERPELAR\u00c1 A OVIEDO EL 5 DE MAYO POR LAS 32 MALETAS Y EL CASO MARSET - innoticiasbo.com","og_description":"La Paz, 28 de Abril de 2026.- La jefa de Bancada de la opositora Libre en el Senado, Tomasa Yarhui, inform\u00f3 este martes que el Vicepresidente del Estado, Edmand Lara, confirm\u00f3 la interpelaci\u00f3n del ministro de Gobierno, Marco Antonio Oviedo, para el pr\u00f3ximo martes 5 de mayo a partir de las 9:00 am, por el...","og_url":"https:\/\/innoticiasbo.com\/index.php\/2026\/04\/28\/la-alianza-libre-interpelara-a-oviedo-el-5-de-mayo-por-las-32-maletas-y-el-caso-marset\/","og_site_name":"innoticiasbo.com","article_publisher":"https:\/\/www.facebook.com\/innoticiasbolivia","article_published_time":"2026-04-29T02:10:56+00:00","article_modified_time":"2026-04-29T02:10:58+00:00","og_image":[{"width":845,"height":469,"url":"https:\/\/innoticiasbo.com\/wp-content\/uploads\/2026\/04\/image-333.png","type":"image\/png"}],"author":"Prensa 11","twitter_card":"summary_large_image","twitter_creator":"@innoticiasbo","twitter_site":"@innoticiasbo","twitter_misc":{"Escrito por":"Prensa 11","Tiempo de lectura":"2 minutos"},"schema":{"@context":"https:\/\/schema.org","@graph":[{"@type":"Article","@id":"https:\/\/innoticiasbo.com\/index.php\/2026\/04\/28\/la-alianza-libre-interpelara-a-oviedo-el-5-de-mayo-por-las-32-maletas-y-el-caso-marset\/#article","isPartOf":{"@id":"https:\/\/innoticiasbo.com\/index.php\/2026\/04\/28\/la-alianza-libre-interpelara-a-oviedo-el-5-de-mayo-por-las-32-maletas-y-el-caso-marset\/"},"author":{"name":"Prensa 11","@id":"https:\/\/innoticiasbo.com\/#\/schema\/person\/0b28481e8d0316f83a13bc702311def5"},"headline":"LA ALIANZA LIBRE INTERPELAR\u00c1 A OVIEDO EL 5 DE MAYO POR LAS 32 MALETAS Y EL CASO MARSET","datePublished":"2026-04-29T02:10:56+00:00","dateModified":"2026-04-29T02:10:58+00:00","mainEntityOfPage":{"@id":"https:\/\/innoticiasbo.com\/index.php\/2026\/04\/28\/la-alianza-libre-interpelara-a-oviedo-el-5-de-mayo-por-las-32-maletas-y-el-caso-marset\/"},"wordCount":284,"commentCount":0,"publisher":{"@id":"https:\/\/innoticiasbo.com\/#organization"},"image":{"@id":"https:\/\/innoticiasbo.com\/index.php\/2026\/04\/28\/la-alianza-libre-interpelara-a-oviedo-el-5-de-mayo-por-las-32-maletas-y-el-caso-marset\/#primaryimage"},"thumbnailUrl":"https:\/\/i0.wp.com\/innoticiasbo.com\/wp-content\/uploads\/2026\/04\/image-333.png?fit=845%2C469&ssl=1","keywords":["Bolivia","caso maletas","Caso Marset","interpelaci\u00f3n","Libre","Marco Antonio Oviedo","Oviedo","Pol\u00edtica","Sebasti\u00e1n Marset","Senado","Tomasa Yarhui"],"articleSection":["Pol\u00edtica"],"inLanguage":"es","potentialAction":[{"@type":"CommentAction","name":"Comment","target":["https:\/\/innoticiasbo.com\/index.php\/2026\/04\/28\/la-alianza-libre-interpelara-a-oviedo-el-5-de-mayo-por-las-32-maletas-y-el-caso-marset\/#respond"]}]},{"@type":"WebPage","@id":"https:\/\/innoticiasbo.com\/index.php\/2026\/04\/28\/la-alianza-libre-interpelara-a-oviedo-el-5-de-mayo-por-las-32-maletas-y-el-caso-marset\/","url":"https:\/\/innoticiasbo.com\/index.php\/2026\/04\/28\/la-alianza-libre-interpelara-a-oviedo-el-5-de-mayo-por-las-32-maletas-y-el-caso-marset\/","name":"LA ALIANZA LIBRE INTERPELAR\u00c1 A OVIEDO EL 5 DE MAYO POR LAS 32 MALETAS Y EL CASO MARSET - innoticiasbo.com","isPartOf":{"@id":"https:\/\/innoticiasbo.com\/#website"},"primaryImageOfPage":{"@id":"https:\/\/innoticiasbo.com\/index.php\/2026\/04\/28\/la-alianza-libre-interpelara-a-oviedo-el-5-de-mayo-por-las-32-maletas-y-el-caso-marset\/#primaryimage"},"image":{"@id":"https:\/\/innoticiasbo.com\/index.php\/2026\/04\/28\/la-alianza-libre-interpelara-a-oviedo-el-5-de-mayo-por-las-32-maletas-y-el-caso-marset\/#primaryimage"},"thumbnailUrl":"https:\/\/i0.wp.com\/innoticiasbo.com\/wp-content\/uploads\/2026\/04\/image-333.png?fit=845%2C469&ssl=1","datePublished":"2026-04-29T02:10:56+00:00","dateModified":"2026-04-29T02:10:58+00:00","breadcrumb":{"@id":"https:\/\/innoticiasbo.com\/index.php\/2026\/04\/28\/la-alianza-libre-interpelara-a-oviedo-el-5-de-mayo-por-las-32-maletas-y-el-caso-marset\/#breadcrumb"},"inLanguage":"es","potentialAction":[{"@type":"ReadAction","target":["https:\/\/innoticiasbo.com\/index.php\/2026\/04\/28\/la-alianza-libre-interpelara-a-oviedo-el-5-de-mayo-por-las-32-maletas-y-el-caso-marset\/"]}]},{"@type":"ImageObject","inLanguage":"es","@id":"https:\/\/innoticiasbo.com\/index.php\/2026\/04\/28\/la-alianza-libre-interpelara-a-oviedo-el-5-de-mayo-por-las-32-maletas-y-el-caso-marset\/#primaryimage","url":"https:\/\/i0.wp.com\/innoticiasbo.com\/wp-content\/uploads\/2026\/04\/image-333.png?fit=845%2C469&ssl=1","contentUrl":"https:\/\/i0.wp.com\/innoticiasbo.com\/wp-content\/uploads\/2026\/04\/image-333.png?fit=845%2C469&ssl=1","width":845,"height":469},{"@type":"BreadcrumbList","@id":"https:\/\/innoticiasbo.com\/index.php\/2026\/04\/28\/la-alianza-libre-interpelara-a-oviedo-el-5-de-mayo-por-las-32-maletas-y-el-caso-marset\/#breadcrumb","itemListElement":[{"@type":"ListItem","position":1,"name":"Portada","item":"https:\/\/innoticiasbo.com\/"},{"@type":"ListItem","position":2,"name":"LA ALIANZA LIBRE INTERPELAR\u00c1 A OVIEDO EL 5 DE MAYO POR LAS 32 MALETAS Y EL CASO MARSET"}]},{"@type":"WebSite","@id":"https:\/\/innoticiasbo.com\/#website","url":"https:\/\/innoticiasbo.com\/","name":"innoticiasbo.com","description":"","publisher":{"@id":"https:\/\/innoticiasbo.com\/#organization"},"potentialAction":[{"@type":"SearchAction","target":{"@type":"EntryPoint","urlTemplate":"https:\/\/innoticiasbo.com\/?s={search_term_string}"},"query-input":{"@type":"PropertyValueSpecification","valueRequired":true,"valueName":"search_term_string"}}],"inLanguage":"es"},{"@type":"Organization","@id":"https:\/\/innoticiasbo.com\/#organization","name":"innoticiasbo.com","url":"https:\/\/innoticiasbo.com\/","logo":{"@type":"ImageObject","inLanguage":"es","@id":"https:\/\/innoticiasbo.com\/#\/schema\/logo\/image\/","url":"https:\/\/i0.wp.com\/innoticiasbo.com\/wp-content\/uploads\/2026\/04\/cropped-IN-LOGO.png?fit=1476%2C1476&ssl=1","contentUrl":"https:\/\/i0.wp.com\/innoticiasbo.com\/wp-content\/uploads\/2026\/04\/cropped-IN-LOGO.png?fit=1476%2C1476&ssl=1","width":1476,"height":1476,"caption":"innoticiasbo.com"},"image":{"@id":"https:\/\/innoticiasbo.com\/#\/schema\/logo\/image\/"},"sameAs":["https:\/\/www.facebook.com\/innoticiasbolivia","https:\/\/x.com\/innoticiasbo","https:\/\/www.instagram.com\/innoticiasbo","https:\/\/www.youtube.com\/innoticiasbo"]},{"@type":"Person","@id":"https:\/\/innoticiasbo.com\/#\/schema\/person\/0b28481e8d0316f83a13bc702311def5","name":"Prensa 11","image":{"@type":"ImageObject","inLanguage":"es","@id":"https:\/\/innoticiasbo.com\/#\/schema\/person\/image\/","url":"https:\/\/secure.gravatar.com\/avatar\/696560c17349f1807a610bf83832bad0?s=96&d=mm&r=g","contentUrl":"https:\/\/secure.gravatar.com\/avatar\/696560c17349f1807a610bf83832bad0?s=96&d=mm&r=g","caption":"Prensa 11"},"sameAs":["http:\/\/www.innoticiasbo.com"],"url":"https:\/\/innoticiasbo.com\/index.php\/author\/prensa-11\/"}]}},"jetpack_featured_media_url":"https:\/\/i0.wp.com\/innoticiasbo.com\/wp-content\/uploads\/2026\/04\/image-333.png?fit=845%2C469&ssl=1","jetpack_likes_enabled":true,"jetpack_sharing_enabled":true,"jetpack_shortlink":"https:\/\/wp.me\/pg298x-307","_links":{"self":[{"href":"https:\/\/innoticiasbo.com\/index.php\/wp-json\/wp\/v2\/posts\/11539","targetHints":{"allow":["GET"]}}],"collection":[{"href":"https:\/\/innoticiasbo.com\/index.php\/wp-json\/wp\/v2\/posts"}],"about":[{"href":"https:\/\/innoticiasbo.com\/index.php\/wp-json\/wp\/v2\/types\/post"}],"author":[{"embeddable":true,"href":"https:\/\/innoticiasbo.com\/index.php\/wp-json\/wp\/v2\/users\/11"}],"replies":[{"embeddable":true,"href":"https:\/\/innoticiasbo.com\/index.php\/wp-json\/wp\/v2\/comments?post=11539"}],"version-history":[{"count":1,"href":"https:\/\/innoticiasbo.com\/index.php\/wp-json\/wp\/v2\/posts\/11539\/revisions"}],"predecessor-version":[{"id":11541,"href":"https:\/\/innoticiasbo.com\/index.php\/wp-json\/wp\/v2\/posts\/11539\/revisions\/11541"}],"wp:featuredmedia":[{"embeddable":true,"href":"https:\/\/innoticiasbo.com\/index.php\/wp-json\/wp\/v2\/media\/11540"}],"wp:attachment":[{"href":"https:\/\/innoticiasbo.com\/index.php\/wp-json\/wp\/v2\/media?parent=11539"}],"wp:term":[{"taxonomy":"category","embeddable":true,"href":"https:\/\/innoticiasbo.com\/index.php\/wp-json\/wp\/v2\/categories?post=11539"},{"taxonomy":"post_tag","embeddable":true,"href":"https:\/\/innoticiasbo.com\/index.php\/wp-json\/wp\/v2\/tags?post=11539"}],"curies":[{"name":"wp","href":"https:\/\/api.w.org\/{rel}","templated":true}]}}