{"id":11533,"date":"2026-04-28T21:04:55","date_gmt":"2026-04-29T01:04:55","guid":{"rendered":"https:\/\/innoticiasbo.com\/?p=11533"},"modified":"2026-04-28T21:04:56","modified_gmt":"2026-04-29T01:04:56","slug":"ypfb-anuncia-evaluacion-de-personal-y-apoyo-internacional-para-la-reestructuracion","status":"publish","type":"post","link":"https:\/\/innoticiasbo.com\/index.php\/2026\/04\/28\/ypfb-anuncia-evaluacion-de-personal-y-apoyo-internacional-para-la-reestructuracion\/","title":{"rendered":"YPFB ANUNCIA EVALUACI\u00d3N DE PERSONAL Y APOYO INTERNACIONAL PARA LA REESTRUCTURACI\u00d3N"},"content":{"rendered":"\n<figure class=\"wp-block-image size-full is-resized\"><img data-recalc-dims=\"1\" loading=\"lazy\" decoding=\"async\" width=\"640\" height=\"357\" src=\"https:\/\/i0.wp.com\/innoticiasbo.com\/wp-content\/uploads\/2026\/04\/image-331.png?resize=640%2C357&#038;ssl=1\" alt=\"\" class=\"wp-image-11534\" style=\"width:840px;height:auto\" srcset=\"https:\/\/i0.wp.com\/innoticiasbo.com\/wp-content\/uploads\/2026\/04\/image-331.png?w=770&amp;ssl=1 770w, https:\/\/i0.wp.com\/innoticiasbo.com\/wp-content\/uploads\/2026\/04\/image-331.png?resize=300%2C168&amp;ssl=1 300w, https:\/\/i0.wp.com\/innoticiasbo.com\/wp-content\/uploads\/2026\/04\/image-331.png?resize=768%2C429&amp;ssl=1 768w\" sizes=\"auto, (max-width: 640px) 100vw, 640px\" \/><\/figure>\n\n\n\n<p><strong>Pa\u00eds, 28 de Abril de 2026.-<\/strong> El presidente de YPFB, Sebasti\u00e1n Daroca, anunci\u00f3 este martes que se inicia un proceso de reestructuraci\u00f3n en la estatal, tras cuestionamientos y casos de corrupci\u00f3n en la anterior gesti\u00f3n. La autoridad dijo que se evaluar\u00e1 al personal y se contratar\u00e1 un equipo para un apoyo t\u00e9cnico.<\/p>\n\n\n\n<p>Detall\u00f3 que se iniciar\u00e1, de manera inmediata, una evaluaci\u00f3n exhaustiva y profunda de todo el personal de YPFB, desde los cargos ejecutivos m\u00e1s altos, pasando por las direcciones operativas, hasta el \u00faltimo trabajador. \u00abUna evaluaci\u00f3n con criterios t\u00e9cnicos, meritocr\u00e1ticos y de unidad profesional\u00bb.<\/p>\n\n\n\n<p>\u00abEs muy importante para nosotros empezar esta nueva gesti\u00f3n evaluando a todo nuestro personal. Sabemos que hay gente valiosa que tiene una carrera hecha en YPFB, pero tambi\u00e9n sabemos que hay gente que ha estado incrustada en esta instituci\u00f3n, en esta empresa, haciendo da\u00f1o\u00bb, expuso.<\/p>\n\n\n\n<p>Asimismo, sostuvo que se ha emitido un instructivo para que todo el personal, desde la vicepresidencia, las gerencias hasta las direcciones distritales, pongan a disposici\u00f3n sus cargos ante la presidencia ejecutiva.<\/p>\n\n\n\n<p>El proceso de evaluaci\u00f3n tendr\u00e1 un periodo de entre 15 y 20 d\u00edas h\u00e1biles, a partir de un equipo t\u00e9cnico especializado que har\u00e1 una evaluaci\u00f3n de la empresa.<\/p>\n\n\n\n<p>\u00abCreemos que esta es una primera medida concreta que es necesaria para poder optimizar y para poder darle tambi\u00e9n la certeza a todos los bolivianos que vamos a trabajar con las personas m\u00e1s id\u00f3neas para poder sacar adelante esta empresa\u00bb.<\/p>\n\n\n\n<p>Asimismo, la autoridad dijo que, durante este fin de semana, se empez\u00f3 a tomar contacto con instituciones internacionales para tener un apoyo t\u00e9cnico en el proceso de reestructuraci\u00f3n, modernizaci\u00f3n y reforma integral de la empresa.<\/p>\n\n\n\n<p>\u00abEste apoyo se va a consolidar en los pr\u00f3ximos d\u00edas a partir ya de la contrataci\u00f3n de un estudio, de un equipo de profesionales que van a empezar a hacer este trabajo en forma inmediata\u00bb, agreg\u00f3.<\/p>\n\n\n\n<p>Con ello, afirm\u00f3 que se aproxima una nueva era en Bolivia, que estar\u00e1 marcada por la nueva ley de hidrocarburos.<\/p>\n\n\n\n<p>Fuente: Los Tiempos<\/p>\n","protected":false},"excerpt":{"rendered":"<p>Pa\u00eds, 28 de Abril de 2026.- El presidente de YPFB, Sebasti\u00e1n Daroca, anunci\u00f3 este martes que se inicia un proceso de reestructuraci\u00f3n en la estatal, tras cuestionamientos y casos de corrupci\u00f3n en la anterior gesti\u00f3n. La autoridad dijo que se evaluar\u00e1 al personal y se contratar\u00e1 un equipo para un apoyo t\u00e9cnico. Detall\u00f3 que se&#8230;<\/p>\n","protected":false},"author":11,"featured_media":11534,"comment_status":"open","ping_status":"open","sticky":false,"template":"","format":"standard","meta":{"_jetpack_memberships_contains_paid_content":false,"footnotes":"","jetpack_publicize_message":"","jetpack_publicize_feature_enabled":true,"jetpack_social_post_already_shared":true,"jetpack_social_options":{"image_generator_settings":{"template":"highway","enabled":false},"version":2}},"categories":[1,16],"tags":[7,18,2730,2673,2366,159],"class_list":["post-11533","post","type-post","status-publish","format-standard","has-post-thumbnail","hentry","category-bolivia","category-economia","tag-bolivia","tag-economia","tag-presidente-de-ypfb","tag-reestructuracion","tag-sebastian-daroca","tag-ypfb"],"jetpack_publicize_connections":[],"yoast_head":"<!-- This site is optimized with the Yoast SEO plugin v23.4 - https:\/\/yoast.com\/wordpress\/plugins\/seo\/ -->\n<title>YPFB ANUNCIA EVALUACI\u00d3N DE PERSONAL Y APOYO INTERNACIONAL PARA LA REESTRUCTURACI\u00d3N - innoticiasbo.com<\/title>\n<meta name=\"robots\" content=\"index, follow, max-snippet:-1, max-image-preview:large, max-video-preview:-1\" \/>\n<link rel=\"canonical\" href=\"https:\/\/innoticiasbo.com\/index.php\/2026\/04\/28\/ypfb-anuncia-evaluacion-de-personal-y-apoyo-internacional-para-la-reestructuracion\/\" \/>\n<meta property=\"og:locale\" content=\"es_ES\" \/>\n<meta property=\"og:type\" content=\"article\" \/>\n<meta property=\"og:title\" content=\"YPFB ANUNCIA EVALUACI\u00d3N DE PERSONAL Y APOYO INTERNACIONAL PARA LA REESTRUCTURACI\u00d3N - innoticiasbo.com\" \/>\n<meta property=\"og:description\" content=\"Pa\u00eds, 28 de Abril de 2026.- El presidente de YPFB, Sebasti\u00e1n Daroca, anunci\u00f3 este martes que se inicia un proceso de reestructuraci\u00f3n en la estatal, tras cuestionamientos y casos de corrupci\u00f3n en la anterior gesti\u00f3n. La autoridad dijo que se evaluar\u00e1 al personal y se contratar\u00e1 un equipo para un apoyo t\u00e9cnico. Detall\u00f3 que se...\" \/>\n<meta property=\"og:url\" content=\"https:\/\/innoticiasbo.com\/index.php\/2026\/04\/28\/ypfb-anuncia-evaluacion-de-personal-y-apoyo-internacional-para-la-reestructuracion\/\" \/>\n<meta property=\"og:site_name\" content=\"innoticiasbo.com\" \/>\n<meta property=\"article:publisher\" content=\"https:\/\/www.facebook.com\/innoticiasbolivia\" \/>\n<meta property=\"article:published_time\" content=\"2026-04-29T01:04:55+00:00\" \/>\n<meta property=\"article:modified_time\" content=\"2026-04-29T01:04:56+00:00\" \/>\n<meta property=\"og:image\" content=\"https:\/\/innoticiasbo.com\/wp-content\/uploads\/2026\/04\/image-331.png\" \/>\n\t<meta property=\"og:image:width\" content=\"770\" \/>\n\t<meta property=\"og:image:height\" content=\"430\" \/>\n\t<meta property=\"og:image:type\" content=\"image\/png\" \/>\n<meta name=\"author\" content=\"Prensa 11\" \/>\n<meta name=\"twitter:card\" content=\"summary_large_image\" \/>\n<meta name=\"twitter:creator\" content=\"@innoticiasbo\" \/>\n<meta name=\"twitter:site\" content=\"@innoticiasbo\" \/>\n<meta name=\"twitter:label1\" content=\"Escrito por\" \/>\n\t<meta name=\"twitter:data1\" content=\"Prensa 11\" \/>\n\t<meta name=\"twitter:label2\" content=\"Tiempo de lectura\" \/>\n\t<meta name=\"twitter:data2\" content=\"2 minutos\" \/>\n<script type=\"application\/ld+json\" class=\"yoast-schema-graph\">{\"@context\":\"https:\/\/schema.org\",\"@graph\":[{\"@type\":\"Article\",\"@id\":\"https:\/\/innoticiasbo.com\/index.php\/2026\/04\/28\/ypfb-anuncia-evaluacion-de-personal-y-apoyo-internacional-para-la-reestructuracion\/#article\",\"isPartOf\":{\"@id\":\"https:\/\/innoticiasbo.com\/index.php\/2026\/04\/28\/ypfb-anuncia-evaluacion-de-personal-y-apoyo-internacional-para-la-reestructuracion\/\"},\"author\":{\"name\":\"Prensa 11\",\"@id\":\"https:\/\/innoticiasbo.com\/#\/schema\/person\/0b28481e8d0316f83a13bc702311def5\"},\"headline\":\"YPFB ANUNCIA EVALUACI\u00d3N DE PERSONAL Y APOYO INTERNACIONAL PARA LA REESTRUCTURACI\u00d3N\",\"datePublished\":\"2026-04-29T01:04:55+00:00\",\"dateModified\":\"2026-04-29T01:04:56+00:00\",\"mainEntityOfPage\":{\"@id\":\"https:\/\/innoticiasbo.com\/index.php\/2026\/04\/28\/ypfb-anuncia-evaluacion-de-personal-y-apoyo-internacional-para-la-reestructuracion\/\"},\"wordCount\":373,\"commentCount\":0,\"publisher\":{\"@id\":\"https:\/\/innoticiasbo.com\/#organization\"},\"image\":{\"@id\":\"https:\/\/innoticiasbo.com\/index.php\/2026\/04\/28\/ypfb-anuncia-evaluacion-de-personal-y-apoyo-internacional-para-la-reestructuracion\/#primaryimage\"},\"thumbnailUrl\":\"https:\/\/i0.wp.com\/innoticiasbo.com\/wp-content\/uploads\/2026\/04\/image-331.png?fit=770%2C430&ssl=1\",\"keywords\":[\"Bolivia\",\"econom\u00eda\",\"presidente de YPFB\",\"reestructuraci\u00f3n\",\"Sebasti\u00e1n Daroca\",\"YPFB\"],\"articleSection\":[\"Bolivia\",\"Econom\u00eda\"],\"inLanguage\":\"es\",\"potentialAction\":[{\"@type\":\"CommentAction\",\"name\":\"Comment\",\"target\":[\"https:\/\/innoticiasbo.com\/index.php\/2026\/04\/28\/ypfb-anuncia-evaluacion-de-personal-y-apoyo-internacional-para-la-reestructuracion\/#respond\"]}]},{\"@type\":\"WebPage\",\"@id\":\"https:\/\/innoticiasbo.com\/index.php\/2026\/04\/28\/ypfb-anuncia-evaluacion-de-personal-y-apoyo-internacional-para-la-reestructuracion\/\",\"url\":\"https:\/\/innoticiasbo.com\/index.php\/2026\/04\/28\/ypfb-anuncia-evaluacion-de-personal-y-apoyo-internacional-para-la-reestructuracion\/\",\"name\":\"YPFB ANUNCIA EVALUACI\u00d3N DE PERSONAL Y APOYO INTERNACIONAL PARA LA REESTRUCTURACI\u00d3N - innoticiasbo.com\",\"isPartOf\":{\"@id\":\"https:\/\/innoticiasbo.com\/#website\"},\"primaryImageOfPage\":{\"@id\":\"https:\/\/innoticiasbo.com\/index.php\/2026\/04\/28\/ypfb-anuncia-evaluacion-de-personal-y-apoyo-internacional-para-la-reestructuracion\/#primaryimage\"},\"image\":{\"@id\":\"https:\/\/innoticiasbo.com\/index.php\/2026\/04\/28\/ypfb-anuncia-evaluacion-de-personal-y-apoyo-internacional-para-la-reestructuracion\/#primaryimage\"},\"thumbnailUrl\":\"https:\/\/i0.wp.com\/innoticiasbo.com\/wp-content\/uploads\/2026\/04\/image-331.png?fit=770%2C430&ssl=1\",\"datePublished\":\"2026-04-29T01:04:55+00:00\",\"dateModified\":\"2026-04-29T01:04:56+00:00\",\"breadcrumb\":{\"@id\":\"https:\/\/innoticiasbo.com\/index.php\/2026\/04\/28\/ypfb-anuncia-evaluacion-de-personal-y-apoyo-internacional-para-la-reestructuracion\/#breadcrumb\"},\"inLanguage\":\"es\",\"potentialAction\":[{\"@type\":\"ReadAction\",\"target\":[\"https:\/\/innoticiasbo.com\/index.php\/2026\/04\/28\/ypfb-anuncia-evaluacion-de-personal-y-apoyo-internacional-para-la-reestructuracion\/\"]}]},{\"@type\":\"ImageObject\",\"inLanguage\":\"es\",\"@id\":\"https:\/\/innoticiasbo.com\/index.php\/2026\/04\/28\/ypfb-anuncia-evaluacion-de-personal-y-apoyo-internacional-para-la-reestructuracion\/#primaryimage\",\"url\":\"https:\/\/i0.wp.com\/innoticiasbo.com\/wp-content\/uploads\/2026\/04\/image-331.png?fit=770%2C430&ssl=1\",\"contentUrl\":\"https:\/\/i0.wp.com\/innoticiasbo.com\/wp-content\/uploads\/2026\/04\/image-331.png?fit=770%2C430&ssl=1\",\"width\":770,\"height\":430},{\"@type\":\"BreadcrumbList\",\"@id\":\"https:\/\/innoticiasbo.com\/index.php\/2026\/04\/28\/ypfb-anuncia-evaluacion-de-personal-y-apoyo-internacional-para-la-reestructuracion\/#breadcrumb\",\"itemListElement\":[{\"@type\":\"ListItem\",\"position\":1,\"name\":\"Portada\",\"item\":\"https:\/\/innoticiasbo.com\/\"},{\"@type\":\"ListItem\",\"position\":2,\"name\":\"YPFB ANUNCIA EVALUACI\u00d3N DE PERSONAL Y APOYO INTERNACIONAL PARA LA REESTRUCTURACI\u00d3N\"}]},{\"@type\":\"WebSite\",\"@id\":\"https:\/\/innoticiasbo.com\/#website\",\"url\":\"https:\/\/innoticiasbo.com\/\",\"name\":\"innoticiasbo.com\",\"description\":\"\",\"publisher\":{\"@id\":\"https:\/\/innoticiasbo.com\/#organization\"},\"potentialAction\":[{\"@type\":\"SearchAction\",\"target\":{\"@type\":\"EntryPoint\",\"urlTemplate\":\"https:\/\/innoticiasbo.com\/?s={search_term_string}\"},\"query-input\":{\"@type\":\"PropertyValueSpecification\",\"valueRequired\":true,\"valueName\":\"search_term_string\"}}],\"inLanguage\":\"es\"},{\"@type\":\"Organization\",\"@id\":\"https:\/\/innoticiasbo.com\/#organization\",\"name\":\"innoticiasbo.com\",\"url\":\"https:\/\/innoticiasbo.com\/\",\"logo\":{\"@type\":\"ImageObject\",\"inLanguage\":\"es\",\"@id\":\"https:\/\/innoticiasbo.com\/#\/schema\/logo\/image\/\",\"url\":\"https:\/\/i0.wp.com\/innoticiasbo.com\/wp-content\/uploads\/2026\/04\/cropped-IN-LOGO.png?fit=1476%2C1476&ssl=1\",\"contentUrl\":\"https:\/\/i0.wp.com\/innoticiasbo.com\/wp-content\/uploads\/2026\/04\/cropped-IN-LOGO.png?fit=1476%2C1476&ssl=1\",\"width\":1476,\"height\":1476,\"caption\":\"innoticiasbo.com\"},\"image\":{\"@id\":\"https:\/\/innoticiasbo.com\/#\/schema\/logo\/image\/\"},\"sameAs\":[\"https:\/\/www.facebook.com\/innoticiasbolivia\",\"https:\/\/x.com\/innoticiasbo\",\"https:\/\/www.instagram.com\/innoticiasbo\",\"https:\/\/www.youtube.com\/innoticiasbo\"]},{\"@type\":\"Person\",\"@id\":\"https:\/\/innoticiasbo.com\/#\/schema\/person\/0b28481e8d0316f83a13bc702311def5\",\"name\":\"Prensa 11\",\"image\":{\"@type\":\"ImageObject\",\"inLanguage\":\"es\",\"@id\":\"https:\/\/innoticiasbo.com\/#\/schema\/person\/image\/\",\"url\":\"https:\/\/secure.gravatar.com\/avatar\/696560c17349f1807a610bf83832bad0?s=96&d=mm&r=g\",\"contentUrl\":\"https:\/\/secure.gravatar.com\/avatar\/696560c17349f1807a610bf83832bad0?s=96&d=mm&r=g\",\"caption\":\"Prensa 11\"},\"sameAs\":[\"http:\/\/www.innoticiasbo.com\"],\"url\":\"https:\/\/innoticiasbo.com\/index.php\/author\/prensa-11\/\"}]}<\/script>\n<!-- \/ Yoast SEO plugin. -->","yoast_head_json":{"title":"YPFB ANUNCIA EVALUACI\u00d3N DE PERSONAL Y APOYO INTERNACIONAL PARA LA REESTRUCTURACI\u00d3N - innoticiasbo.com","robots":{"index":"index","follow":"follow","max-snippet":"max-snippet:-1","max-image-preview":"max-image-preview:large","max-video-preview":"max-video-preview:-1"},"canonical":"https:\/\/innoticiasbo.com\/index.php\/2026\/04\/28\/ypfb-anuncia-evaluacion-de-personal-y-apoyo-internacional-para-la-reestructuracion\/","og_locale":"es_ES","og_type":"article","og_title":"YPFB ANUNCIA EVALUACI\u00d3N DE PERSONAL Y APOYO INTERNACIONAL PARA LA REESTRUCTURACI\u00d3N - innoticiasbo.com","og_description":"Pa\u00eds, 28 de Abril de 2026.- El presidente de YPFB, Sebasti\u00e1n Daroca, anunci\u00f3 este martes que se inicia un proceso de reestructuraci\u00f3n en la estatal, tras cuestionamientos y casos de corrupci\u00f3n en la anterior gesti\u00f3n. La autoridad dijo que se evaluar\u00e1 al personal y se contratar\u00e1 un equipo para un apoyo t\u00e9cnico. Detall\u00f3 que se...","og_url":"https:\/\/innoticiasbo.com\/index.php\/2026\/04\/28\/ypfb-anuncia-evaluacion-de-personal-y-apoyo-internacional-para-la-reestructuracion\/","og_site_name":"innoticiasbo.com","article_publisher":"https:\/\/www.facebook.com\/innoticiasbolivia","article_published_time":"2026-04-29T01:04:55+00:00","article_modified_time":"2026-04-29T01:04:56+00:00","og_image":[{"width":770,"height":430,"url":"https:\/\/innoticiasbo.com\/wp-content\/uploads\/2026\/04\/image-331.png","type":"image\/png"}],"author":"Prensa 11","twitter_card":"summary_large_image","twitter_creator":"@innoticiasbo","twitter_site":"@innoticiasbo","twitter_misc":{"Escrito por":"Prensa 11","Tiempo de lectura":"2 minutos"},"schema":{"@context":"https:\/\/schema.org","@graph":[{"@type":"Article","@id":"https:\/\/innoticiasbo.com\/index.php\/2026\/04\/28\/ypfb-anuncia-evaluacion-de-personal-y-apoyo-internacional-para-la-reestructuracion\/#article","isPartOf":{"@id":"https:\/\/innoticiasbo.com\/index.php\/2026\/04\/28\/ypfb-anuncia-evaluacion-de-personal-y-apoyo-internacional-para-la-reestructuracion\/"},"author":{"name":"Prensa 11","@id":"https:\/\/innoticiasbo.com\/#\/schema\/person\/0b28481e8d0316f83a13bc702311def5"},"headline":"YPFB ANUNCIA EVALUACI\u00d3N DE PERSONAL Y APOYO INTERNACIONAL PARA LA REESTRUCTURACI\u00d3N","datePublished":"2026-04-29T01:04:55+00:00","dateModified":"2026-04-29T01:04:56+00:00","mainEntityOfPage":{"@id":"https:\/\/innoticiasbo.com\/index.php\/2026\/04\/28\/ypfb-anuncia-evaluacion-de-personal-y-apoyo-internacional-para-la-reestructuracion\/"},"wordCount":373,"commentCount":0,"publisher":{"@id":"https:\/\/innoticiasbo.com\/#organization"},"image":{"@id":"https:\/\/innoticiasbo.com\/index.php\/2026\/04\/28\/ypfb-anuncia-evaluacion-de-personal-y-apoyo-internacional-para-la-reestructuracion\/#primaryimage"},"thumbnailUrl":"https:\/\/i0.wp.com\/innoticiasbo.com\/wp-content\/uploads\/2026\/04\/image-331.png?fit=770%2C430&ssl=1","keywords":["Bolivia","econom\u00eda","presidente de YPFB","reestructuraci\u00f3n","Sebasti\u00e1n Daroca","YPFB"],"articleSection":["Bolivia","Econom\u00eda"],"inLanguage":"es","potentialAction":[{"@type":"CommentAction","name":"Comment","target":["https:\/\/innoticiasbo.com\/index.php\/2026\/04\/28\/ypfb-anuncia-evaluacion-de-personal-y-apoyo-internacional-para-la-reestructuracion\/#respond"]}]},{"@type":"WebPage","@id":"https:\/\/innoticiasbo.com\/index.php\/2026\/04\/28\/ypfb-anuncia-evaluacion-de-personal-y-apoyo-internacional-para-la-reestructuracion\/","url":"https:\/\/innoticiasbo.com\/index.php\/2026\/04\/28\/ypfb-anuncia-evaluacion-de-personal-y-apoyo-internacional-para-la-reestructuracion\/","name":"YPFB ANUNCIA EVALUACI\u00d3N DE PERSONAL Y APOYO INTERNACIONAL PARA LA REESTRUCTURACI\u00d3N - innoticiasbo.com","isPartOf":{"@id":"https:\/\/innoticiasbo.com\/#website"},"primaryImageOfPage":{"@id":"https:\/\/innoticiasbo.com\/index.php\/2026\/04\/28\/ypfb-anuncia-evaluacion-de-personal-y-apoyo-internacional-para-la-reestructuracion\/#primaryimage"},"image":{"@id":"https:\/\/innoticiasbo.com\/index.php\/2026\/04\/28\/ypfb-anuncia-evaluacion-de-personal-y-apoyo-internacional-para-la-reestructuracion\/#primaryimage"},"thumbnailUrl":"https:\/\/i0.wp.com\/innoticiasbo.com\/wp-content\/uploads\/2026\/04\/image-331.png?fit=770%2C430&ssl=1","datePublished":"2026-04-29T01:04:55+00:00","dateModified":"2026-04-29T01:04:56+00:00","breadcrumb":{"@id":"https:\/\/innoticiasbo.com\/index.php\/2026\/04\/28\/ypfb-anuncia-evaluacion-de-personal-y-apoyo-internacional-para-la-reestructuracion\/#breadcrumb"},"inLanguage":"es","potentialAction":[{"@type":"ReadAction","target":["https:\/\/innoticiasbo.com\/index.php\/2026\/04\/28\/ypfb-anuncia-evaluacion-de-personal-y-apoyo-internacional-para-la-reestructuracion\/"]}]},{"@type":"ImageObject","inLanguage":"es","@id":"https:\/\/innoticiasbo.com\/index.php\/2026\/04\/28\/ypfb-anuncia-evaluacion-de-personal-y-apoyo-internacional-para-la-reestructuracion\/#primaryimage","url":"https:\/\/i0.wp.com\/innoticiasbo.com\/wp-content\/uploads\/2026\/04\/image-331.png?fit=770%2C430&ssl=1","contentUrl":"https:\/\/i0.wp.com\/innoticiasbo.com\/wp-content\/uploads\/2026\/04\/image-331.png?fit=770%2C430&ssl=1","width":770,"height":430},{"@type":"BreadcrumbList","@id":"https:\/\/innoticiasbo.com\/index.php\/2026\/04\/28\/ypfb-anuncia-evaluacion-de-personal-y-apoyo-internacional-para-la-reestructuracion\/#breadcrumb","itemListElement":[{"@type":"ListItem","position":1,"name":"Portada","item":"https:\/\/innoticiasbo.com\/"},{"@type":"ListItem","position":2,"name":"YPFB ANUNCIA EVALUACI\u00d3N DE PERSONAL Y APOYO INTERNACIONAL PARA LA REESTRUCTURACI\u00d3N"}]},{"@type":"WebSite","@id":"https:\/\/innoticiasbo.com\/#website","url":"https:\/\/innoticiasbo.com\/","name":"innoticiasbo.com","description":"","publisher":{"@id":"https:\/\/innoticiasbo.com\/#organization"},"potentialAction":[{"@type":"SearchAction","target":{"@type":"EntryPoint","urlTemplate":"https:\/\/innoticiasbo.com\/?s={search_term_string}"},"query-input":{"@type":"PropertyValueSpecification","valueRequired":true,"valueName":"search_term_string"}}],"inLanguage":"es"},{"@type":"Organization","@id":"https:\/\/innoticiasbo.com\/#organization","name":"innoticiasbo.com","url":"https:\/\/innoticiasbo.com\/","logo":{"@type":"ImageObject","inLanguage":"es","@id":"https:\/\/innoticiasbo.com\/#\/schema\/logo\/image\/","url":"https:\/\/i0.wp.com\/innoticiasbo.com\/wp-content\/uploads\/2026\/04\/cropped-IN-LOGO.png?fit=1476%2C1476&ssl=1","contentUrl":"https:\/\/i0.wp.com\/innoticiasbo.com\/wp-content\/uploads\/2026\/04\/cropped-IN-LOGO.png?fit=1476%2C1476&ssl=1","width":1476,"height":1476,"caption":"innoticiasbo.com"},"image":{"@id":"https:\/\/innoticiasbo.com\/#\/schema\/logo\/image\/"},"sameAs":["https:\/\/www.facebook.com\/innoticiasbolivia","https:\/\/x.com\/innoticiasbo","https:\/\/www.instagram.com\/innoticiasbo","https:\/\/www.youtube.com\/innoticiasbo"]},{"@type":"Person","@id":"https:\/\/innoticiasbo.com\/#\/schema\/person\/0b28481e8d0316f83a13bc702311def5","name":"Prensa 11","image":{"@type":"ImageObject","inLanguage":"es","@id":"https:\/\/innoticiasbo.com\/#\/schema\/person\/image\/","url":"https:\/\/secure.gravatar.com\/avatar\/696560c17349f1807a610bf83832bad0?s=96&d=mm&r=g","contentUrl":"https:\/\/secure.gravatar.com\/avatar\/696560c17349f1807a610bf83832bad0?s=96&d=mm&r=g","caption":"Prensa 11"},"sameAs":["http:\/\/www.innoticiasbo.com"],"url":"https:\/\/innoticiasbo.com\/index.php\/author\/prensa-11\/"}]}},"jetpack_featured_media_url":"https:\/\/i0.wp.com\/innoticiasbo.com\/wp-content\/uploads\/2026\/04\/image-331.png?fit=770%2C430&ssl=1","jetpack_likes_enabled":true,"jetpack_sharing_enabled":true,"jetpack_shortlink":"https:\/\/wp.me\/pg298x-301","_links":{"self":[{"href":"https:\/\/innoticiasbo.com\/index.php\/wp-json\/wp\/v2\/posts\/11533","targetHints":{"allow":["GET"]}}],"collection":[{"href":"https:\/\/innoticiasbo.com\/index.php\/wp-json\/wp\/v2\/posts"}],"about":[{"href":"https:\/\/innoticiasbo.com\/index.php\/wp-json\/wp\/v2\/types\/post"}],"author":[{"embeddable":true,"href":"https:\/\/innoticiasbo.com\/index.php\/wp-json\/wp\/v2\/users\/11"}],"replies":[{"embeddable":true,"href":"https:\/\/innoticiasbo.com\/index.php\/wp-json\/wp\/v2\/comments?post=11533"}],"version-history":[{"count":1,"href":"https:\/\/innoticiasbo.com\/index.php\/wp-json\/wp\/v2\/posts\/11533\/revisions"}],"predecessor-version":[{"id":11535,"href":"https:\/\/innoticiasbo.com\/index.php\/wp-json\/wp\/v2\/posts\/11533\/revisions\/11535"}],"wp:featuredmedia":[{"embeddable":true,"href":"https:\/\/innoticiasbo.com\/index.php\/wp-json\/wp\/v2\/media\/11534"}],"wp:attachment":[{"href":"https:\/\/innoticiasbo.com\/index.php\/wp-json\/wp\/v2\/media?parent=11533"}],"wp:term":[{"taxonomy":"category","embeddable":true,"href":"https:\/\/innoticiasbo.com\/index.php\/wp-json\/wp\/v2\/categories?post=11533"},{"taxonomy":"post_tag","embeddable":true,"href":"https:\/\/innoticiasbo.com\/index.php\/wp-json\/wp\/v2\/tags?post=11533"}],"curies":[{"name":"wp","href":"https:\/\/api.w.org\/{rel}","templated":true}]}}