{"id":11530,"date":"2026-04-28T20:45:44","date_gmt":"2026-04-29T00:45:44","guid":{"rendered":"https:\/\/innoticiasbo.com\/?p=11530"},"modified":"2026-04-28T20:45:46","modified_gmt":"2026-04-29T00:45:46","slug":"canciller-bolivia-despierta-interes-del-mundo-pero-el-legado-del-mas-genera-una-situacion-compleja","status":"publish","type":"post","link":"https:\/\/innoticiasbo.com\/index.php\/2026\/04\/28\/canciller-bolivia-despierta-interes-del-mundo-pero-el-legado-del-mas-genera-una-situacion-compleja\/","title":{"rendered":"CANCILLER: BOLIVIA DESPIERTA INTER\u00c9S DEL MUNDO, PERO EL LEGADO DEL MAS GENERA UNA &#8216;SITUACI\u00d3N COMPLEJA&#8217;"},"content":{"rendered":"\n<figure class=\"wp-block-image size-large\"><img data-recalc-dims=\"1\" loading=\"lazy\" decoding=\"async\" width=\"640\" height=\"360\" src=\"https:\/\/i0.wp.com\/innoticiasbo.com\/wp-content\/uploads\/2026\/04\/image-330.png?resize=640%2C360&#038;ssl=1\" alt=\"\" class=\"wp-image-11531\" srcset=\"https:\/\/i0.wp.com\/innoticiasbo.com\/wp-content\/uploads\/2026\/04\/image-330.png?resize=1024%2C576&amp;ssl=1 1024w, https:\/\/i0.wp.com\/innoticiasbo.com\/wp-content\/uploads\/2026\/04\/image-330.png?resize=300%2C169&amp;ssl=1 300w, https:\/\/i0.wp.com\/innoticiasbo.com\/wp-content\/uploads\/2026\/04\/image-330.png?resize=768%2C432&amp;ssl=1 768w, https:\/\/i0.wp.com\/innoticiasbo.com\/wp-content\/uploads\/2026\/04\/image-330.png?resize=1536%2C864&amp;ssl=1 1536w, https:\/\/i0.wp.com\/innoticiasbo.com\/wp-content\/uploads\/2026\/04\/image-330.png?w=1599&amp;ssl=1 1599w, https:\/\/i0.wp.com\/innoticiasbo.com\/wp-content\/uploads\/2026\/04\/image-330.png?w=1280&amp;ssl=1 1280w\" sizes=\"auto, (max-width: 640px) 100vw, 640px\" \/><figcaption class=\"wp-element-caption\">Foto: Urgente.bo<\/figcaption><\/figure>\n\n\n\n<p><strong>La Paz, 28 de Abril de 2026.-<\/strong> El canciller Fernando Aramayo afirm\u00f3, en entrevista con Urgente.bo, que Bolivia despert\u00f3 el inter\u00e9s y fue muy bien recibido por el mundo; sin embargo, se encuentra en una \u201csituaci\u00f3n compleja\u201d por el legado que dej\u00f3 el Gobierno del Movimiento Al Socialismo (MAS).<\/p>\n\n\n\n<p>\u201cEstamos en un escenario en el que nos est\u00e1 tocando atender todo lo que los gobiernos del Movimiento Al Socialismo (MAS) no atendieron. La sociedad est\u00e1 con un ansia de ser atendida en todos los niveles\u201d, dijo la autoridad.<\/p>\n\n\n\n<p>El canciller Armayo&nbsp;subray\u00f3 que el pa\u00eds fue recibido con mucho optimismo, luego de pasar desapercibido durante 20 a\u00f1os. Adem\u00e1s, afirm\u00f3 que Bolivia es un ejemplo de madurez ciudadana. \u201cBolivia no es conflicto, no es paro, no es bloqueo, esas son minor\u00edas. La gran mayor\u00eda de los bolivianos queremos futuro, el futuro que se nos arrebat\u00f3\u201d, expres\u00f3.<\/p>\n\n\n\n<p>No obstante, Aramayo asever\u00f3 que el pa\u00eds necesita muchos cambios, entre ellos&nbsp;una reforma judicial que incluya la predictibilidad, previsibilidad y seguridad jur\u00eddica a los ciudadanos. Sin embargo, mencion\u00f3, que este tema no le concierne al Poder Ejecutivo, ya que el Poder Judicial tiene independencia.<\/p>\n\n\n\n<p>Asimismo, dijo que es necesario estabilizar la econom\u00eda, ya que el anterior Gobierno dej\u00f3 al pa\u00eds con una deuda bilateral y a proveedores en los ministerios, sin reservas internacionales netas y con una \u201ceconom\u00eda comprometida\u201d.<\/p>\n\n\n\n<p>De igual forma, el canciller indic\u00f3 que es necesario reformar el sistema educativo y sanitario de pa\u00eds. \u201c\u00bfC\u00f3mo es posible que, a partir de los resultados del censo, vemos que tenemos un bono demogr\u00e1fico y nuestros j\u00f3venes no est\u00e9n formados como para ser competitivos en el mercado global de las tecnolog\u00edas?\u201d, asever\u00f3 la autoridad.<\/p>\n\n\n\n<p>En ese sentido, remarc\u00f3 que hoy en d\u00eda hay buena tecnolog\u00eda y educaci\u00f3n para la inserci\u00f3n laboral en muchos pa\u00edses del mundo. En ese contexto, Aramayo se\u00f1al\u00f3 que es imprescindible hacer acuerdos pol\u00edticos serios y reales.<\/p>\n\n\n\n<p>\u201cNo puede ser que la aspiraci\u00f3n de unos cuantos l\u00edderes que quedaron en el camino, hoy en d\u00eda est\u00e9n generando desestabilidad al Estado y a la sociedad\u201d, asever\u00f3.<\/p>\n\n\n\n<p>De igual forma, la autoridad sostuvo que desde el \u201cd\u00eda cero\u201d de su gesti\u00f3n tomaron decisiones dif\u00edciles con el levantamiento de subsidio, la liberaci\u00f3n de ciertos aranceles, la presentaci\u00f3n de leyes ante la Asamblea Legislativa Plurinacional (ALP) sobre inversiones, econom\u00eda y miner\u00eda.<\/p>\n\n\n\n<p>Asimismo, anunci\u00f3 que hay $us 7.500 millones comprometidos del Banco Interamericano de Desarrollo (IBD) y de la Corporaci\u00f3n Andina de Fomento (CAF), que ya han sido suscritos y firmados. Adem\u00e1s, de $us 290 millones que ser\u00e1n negociados por el Ministerio de Planificaci\u00f3n del Desarrollo y otros ministerios sectoriales con la Asamblea Legislativa Plurinacional.<\/p>\n\n\n\n<p>Adem\u00e1s, Aramayo destac\u00f3 la participaci\u00f3n de Bolivia en eventos y foros internacionales importantes. \u201cAcabo de venir del Foro de la Diplomacia en Antalya, Turqu\u00eda. \u00bfCu\u00e1ndo hab\u00edamos participado de un foro as\u00ed? Fui panelista. \u00bfCu\u00e1ndo hab\u00edamos sido panelistas para discutir los asuntos de la Am\u00e9rica Latina y el Caribe, los desaf\u00edos de la miner\u00eda cr\u00edtica, de la revoluci\u00f3n energ\u00e9tica, tecnol\u00f3gica? Hoy en d\u00eda s\u00ed se escucha nuestra voz\u201d, manifest\u00f3.<\/p>\n\n\n\n<p>Fuente: Urgente.bo<\/p>\n","protected":false},"excerpt":{"rendered":"<p>La Paz, 28 de Abril de 2026.- El canciller Fernando Aramayo afirm\u00f3, en entrevista con Urgente.bo, que Bolivia despert\u00f3 el inter\u00e9s y fue muy bien recibido por el mundo; sin embargo, se encuentra en una \u201csituaci\u00f3n compleja\u201d por el legado que dej\u00f3 el Gobierno del Movimiento Al Socialismo (MAS). \u201cEstamos en un escenario en el&#8230;<\/p>\n","protected":false},"author":11,"featured_media":11531,"comment_status":"open","ping_status":"open","sticky":false,"template":"","format":"standard","meta":{"_jetpack_memberships_contains_paid_content":false,"footnotes":"","jetpack_publicize_message":"","jetpack_publicize_feature_enabled":true,"jetpack_social_post_already_shared":true,"jetpack_social_options":{"image_generator_settings":{"template":"highway","enabled":false},"version":2}},"categories":[3],"tags":[1385,59,7,69,2727,1082,328,2728,10,2729],"class_list":["post-11530","post","type-post","status-publish","format-standard","has-post-thumbnail","hentry","category-politica","tag-alp","tag-asamblea-legislativa","tag-bolivia","tag-evo-morales","tag-fernando-aramayo","tag-legado","tag-mas","tag-movimiento-al-socialismo","tag-politica","tag-situacion-compleja"],"jetpack_publicize_connections":[],"yoast_head":"<!-- This site is optimized with the Yoast SEO plugin v23.4 - https:\/\/yoast.com\/wordpress\/plugins\/seo\/ -->\n<title>CANCILLER: BOLIVIA DESPIERTA INTER\u00c9S DEL MUNDO, PERO EL LEGADO DEL MAS GENERA UNA &#039;SITUACI\u00d3N COMPLEJA&#039; - innoticiasbo.com<\/title>\n<meta name=\"robots\" content=\"index, follow, max-snippet:-1, max-image-preview:large, max-video-preview:-1\" \/>\n<link rel=\"canonical\" href=\"https:\/\/innoticiasbo.com\/index.php\/2026\/04\/28\/canciller-bolivia-despierta-interes-del-mundo-pero-el-legado-del-mas-genera-una-situacion-compleja\/\" \/>\n<meta property=\"og:locale\" content=\"es_ES\" \/>\n<meta property=\"og:type\" content=\"article\" \/>\n<meta property=\"og:title\" content=\"CANCILLER: BOLIVIA DESPIERTA INTER\u00c9S DEL MUNDO, PERO EL LEGADO DEL MAS GENERA UNA &#039;SITUACI\u00d3N COMPLEJA&#039; - innoticiasbo.com\" \/>\n<meta property=\"og:description\" content=\"La Paz, 28 de Abril de 2026.- El canciller Fernando Aramayo afirm\u00f3, en entrevista con Urgente.bo, que Bolivia despert\u00f3 el inter\u00e9s y fue muy bien recibido por el mundo; sin embargo, se encuentra en una \u201csituaci\u00f3n compleja\u201d por el legado que dej\u00f3 el Gobierno del Movimiento Al Socialismo (MAS). \u201cEstamos en un escenario en el...\" \/>\n<meta property=\"og:url\" content=\"https:\/\/innoticiasbo.com\/index.php\/2026\/04\/28\/canciller-bolivia-despierta-interes-del-mundo-pero-el-legado-del-mas-genera-una-situacion-compleja\/\" \/>\n<meta property=\"og:site_name\" content=\"innoticiasbo.com\" \/>\n<meta property=\"article:publisher\" content=\"https:\/\/www.facebook.com\/innoticiasbolivia\" \/>\n<meta property=\"article:published_time\" content=\"2026-04-29T00:45:44+00:00\" \/>\n<meta property=\"article:modified_time\" content=\"2026-04-29T00:45:46+00:00\" \/>\n<meta property=\"og:image\" content=\"https:\/\/innoticiasbo.com\/wp-content\/uploads\/2026\/04\/image-330.png\" \/>\n\t<meta property=\"og:image:width\" content=\"1599\" \/>\n\t<meta property=\"og:image:height\" content=\"899\" \/>\n\t<meta property=\"og:image:type\" content=\"image\/png\" \/>\n<meta name=\"author\" content=\"Prensa 11\" \/>\n<meta name=\"twitter:card\" content=\"summary_large_image\" \/>\n<meta name=\"twitter:creator\" content=\"@innoticiasbo\" \/>\n<meta name=\"twitter:site\" content=\"@innoticiasbo\" \/>\n<meta name=\"twitter:label1\" content=\"Escrito por\" \/>\n\t<meta name=\"twitter:data1\" content=\"Prensa 11\" \/>\n\t<meta name=\"twitter:label2\" content=\"Tiempo de lectura\" \/>\n\t<meta name=\"twitter:data2\" content=\"3 minutos\" \/>\n<script type=\"application\/ld+json\" class=\"yoast-schema-graph\">{\"@context\":\"https:\/\/schema.org\",\"@graph\":[{\"@type\":\"Article\",\"@id\":\"https:\/\/innoticiasbo.com\/index.php\/2026\/04\/28\/canciller-bolivia-despierta-interes-del-mundo-pero-el-legado-del-mas-genera-una-situacion-compleja\/#article\",\"isPartOf\":{\"@id\":\"https:\/\/innoticiasbo.com\/index.php\/2026\/04\/28\/canciller-bolivia-despierta-interes-del-mundo-pero-el-legado-del-mas-genera-una-situacion-compleja\/\"},\"author\":{\"name\":\"Prensa 11\",\"@id\":\"https:\/\/innoticiasbo.com\/#\/schema\/person\/0b28481e8d0316f83a13bc702311def5\"},\"headline\":\"CANCILLER: BOLIVIA DESPIERTA INTER\u00c9S DEL MUNDO, PERO EL LEGADO DEL MAS GENERA UNA &#8216;SITUACI\u00d3N COMPLEJA&#8217;\",\"datePublished\":\"2026-04-29T00:45:44+00:00\",\"dateModified\":\"2026-04-29T00:45:46+00:00\",\"mainEntityOfPage\":{\"@id\":\"https:\/\/innoticiasbo.com\/index.php\/2026\/04\/28\/canciller-bolivia-despierta-interes-del-mundo-pero-el-legado-del-mas-genera-una-situacion-compleja\/\"},\"wordCount\":583,\"commentCount\":0,\"publisher\":{\"@id\":\"https:\/\/innoticiasbo.com\/#organization\"},\"image\":{\"@id\":\"https:\/\/innoticiasbo.com\/index.php\/2026\/04\/28\/canciller-bolivia-despierta-interes-del-mundo-pero-el-legado-del-mas-genera-una-situacion-compleja\/#primaryimage\"},\"thumbnailUrl\":\"https:\/\/i0.wp.com\/innoticiasbo.com\/wp-content\/uploads\/2026\/04\/image-330.png?fit=1599%2C899&ssl=1\",\"keywords\":[\"ALP\",\"Asamblea Legislativa\",\"Bolivia\",\"Evo Morales\",\"Fernando Aramayo\",\"legado\",\"MAS\",\"Movimiento Al Socialismo\",\"Pol\u00edtica\",\"situaci\u00f3n compleja\"],\"articleSection\":[\"Pol\u00edtica\"],\"inLanguage\":\"es\",\"potentialAction\":[{\"@type\":\"CommentAction\",\"name\":\"Comment\",\"target\":[\"https:\/\/innoticiasbo.com\/index.php\/2026\/04\/28\/canciller-bolivia-despierta-interes-del-mundo-pero-el-legado-del-mas-genera-una-situacion-compleja\/#respond\"]}]},{\"@type\":\"WebPage\",\"@id\":\"https:\/\/innoticiasbo.com\/index.php\/2026\/04\/28\/canciller-bolivia-despierta-interes-del-mundo-pero-el-legado-del-mas-genera-una-situacion-compleja\/\",\"url\":\"https:\/\/innoticiasbo.com\/index.php\/2026\/04\/28\/canciller-bolivia-despierta-interes-del-mundo-pero-el-legado-del-mas-genera-una-situacion-compleja\/\",\"name\":\"CANCILLER: BOLIVIA DESPIERTA INTER\u00c9S DEL MUNDO, PERO EL LEGADO DEL MAS GENERA UNA 'SITUACI\u00d3N COMPLEJA' - innoticiasbo.com\",\"isPartOf\":{\"@id\":\"https:\/\/innoticiasbo.com\/#website\"},\"primaryImageOfPage\":{\"@id\":\"https:\/\/innoticiasbo.com\/index.php\/2026\/04\/28\/canciller-bolivia-despierta-interes-del-mundo-pero-el-legado-del-mas-genera-una-situacion-compleja\/#primaryimage\"},\"image\":{\"@id\":\"https:\/\/innoticiasbo.com\/index.php\/2026\/04\/28\/canciller-bolivia-despierta-interes-del-mundo-pero-el-legado-del-mas-genera-una-situacion-compleja\/#primaryimage\"},\"thumbnailUrl\":\"https:\/\/i0.wp.com\/innoticiasbo.com\/wp-content\/uploads\/2026\/04\/image-330.png?fit=1599%2C899&ssl=1\",\"datePublished\":\"2026-04-29T00:45:44+00:00\",\"dateModified\":\"2026-04-29T00:45:46+00:00\",\"breadcrumb\":{\"@id\":\"https:\/\/innoticiasbo.com\/index.php\/2026\/04\/28\/canciller-bolivia-despierta-interes-del-mundo-pero-el-legado-del-mas-genera-una-situacion-compleja\/#breadcrumb\"},\"inLanguage\":\"es\",\"potentialAction\":[{\"@type\":\"ReadAction\",\"target\":[\"https:\/\/innoticiasbo.com\/index.php\/2026\/04\/28\/canciller-bolivia-despierta-interes-del-mundo-pero-el-legado-del-mas-genera-una-situacion-compleja\/\"]}]},{\"@type\":\"ImageObject\",\"inLanguage\":\"es\",\"@id\":\"https:\/\/innoticiasbo.com\/index.php\/2026\/04\/28\/canciller-bolivia-despierta-interes-del-mundo-pero-el-legado-del-mas-genera-una-situacion-compleja\/#primaryimage\",\"url\":\"https:\/\/i0.wp.com\/innoticiasbo.com\/wp-content\/uploads\/2026\/04\/image-330.png?fit=1599%2C899&ssl=1\",\"contentUrl\":\"https:\/\/i0.wp.com\/innoticiasbo.com\/wp-content\/uploads\/2026\/04\/image-330.png?fit=1599%2C899&ssl=1\",\"width\":1599,\"height\":899},{\"@type\":\"BreadcrumbList\",\"@id\":\"https:\/\/innoticiasbo.com\/index.php\/2026\/04\/28\/canciller-bolivia-despierta-interes-del-mundo-pero-el-legado-del-mas-genera-una-situacion-compleja\/#breadcrumb\",\"itemListElement\":[{\"@type\":\"ListItem\",\"position\":1,\"name\":\"Portada\",\"item\":\"https:\/\/innoticiasbo.com\/\"},{\"@type\":\"ListItem\",\"position\":2,\"name\":\"CANCILLER: BOLIVIA DESPIERTA INTER\u00c9S DEL MUNDO, PERO EL LEGADO DEL MAS GENERA UNA &#8216;SITUACI\u00d3N COMPLEJA&#8217;\"}]},{\"@type\":\"WebSite\",\"@id\":\"https:\/\/innoticiasbo.com\/#website\",\"url\":\"https:\/\/innoticiasbo.com\/\",\"name\":\"innoticiasbo.com\",\"description\":\"\",\"publisher\":{\"@id\":\"https:\/\/innoticiasbo.com\/#organization\"},\"potentialAction\":[{\"@type\":\"SearchAction\",\"target\":{\"@type\":\"EntryPoint\",\"urlTemplate\":\"https:\/\/innoticiasbo.com\/?s={search_term_string}\"},\"query-input\":{\"@type\":\"PropertyValueSpecification\",\"valueRequired\":true,\"valueName\":\"search_term_string\"}}],\"inLanguage\":\"es\"},{\"@type\":\"Organization\",\"@id\":\"https:\/\/innoticiasbo.com\/#organization\",\"name\":\"innoticiasbo.com\",\"url\":\"https:\/\/innoticiasbo.com\/\",\"logo\":{\"@type\":\"ImageObject\",\"inLanguage\":\"es\",\"@id\":\"https:\/\/innoticiasbo.com\/#\/schema\/logo\/image\/\",\"url\":\"https:\/\/i0.wp.com\/innoticiasbo.com\/wp-content\/uploads\/2026\/04\/cropped-IN-LOGO.png?fit=1476%2C1476&ssl=1\",\"contentUrl\":\"https:\/\/i0.wp.com\/innoticiasbo.com\/wp-content\/uploads\/2026\/04\/cropped-IN-LOGO.png?fit=1476%2C1476&ssl=1\",\"width\":1476,\"height\":1476,\"caption\":\"innoticiasbo.com\"},\"image\":{\"@id\":\"https:\/\/innoticiasbo.com\/#\/schema\/logo\/image\/\"},\"sameAs\":[\"https:\/\/www.facebook.com\/innoticiasbolivia\",\"https:\/\/x.com\/innoticiasbo\",\"https:\/\/www.instagram.com\/innoticiasbo\",\"https:\/\/www.youtube.com\/innoticiasbo\"]},{\"@type\":\"Person\",\"@id\":\"https:\/\/innoticiasbo.com\/#\/schema\/person\/0b28481e8d0316f83a13bc702311def5\",\"name\":\"Prensa 11\",\"image\":{\"@type\":\"ImageObject\",\"inLanguage\":\"es\",\"@id\":\"https:\/\/innoticiasbo.com\/#\/schema\/person\/image\/\",\"url\":\"https:\/\/secure.gravatar.com\/avatar\/696560c17349f1807a610bf83832bad0?s=96&d=mm&r=g\",\"contentUrl\":\"https:\/\/secure.gravatar.com\/avatar\/696560c17349f1807a610bf83832bad0?s=96&d=mm&r=g\",\"caption\":\"Prensa 11\"},\"sameAs\":[\"http:\/\/www.innoticiasbo.com\"],\"url\":\"https:\/\/innoticiasbo.com\/index.php\/author\/prensa-11\/\"}]}<\/script>\n<!-- \/ Yoast SEO plugin. -->","yoast_head_json":{"title":"CANCILLER: BOLIVIA DESPIERTA INTER\u00c9S DEL MUNDO, PERO EL LEGADO DEL MAS GENERA UNA 'SITUACI\u00d3N COMPLEJA' - innoticiasbo.com","robots":{"index":"index","follow":"follow","max-snippet":"max-snippet:-1","max-image-preview":"max-image-preview:large","max-video-preview":"max-video-preview:-1"},"canonical":"https:\/\/innoticiasbo.com\/index.php\/2026\/04\/28\/canciller-bolivia-despierta-interes-del-mundo-pero-el-legado-del-mas-genera-una-situacion-compleja\/","og_locale":"es_ES","og_type":"article","og_title":"CANCILLER: BOLIVIA DESPIERTA INTER\u00c9S DEL MUNDO, PERO EL LEGADO DEL MAS GENERA UNA 'SITUACI\u00d3N COMPLEJA' - innoticiasbo.com","og_description":"La Paz, 28 de Abril de 2026.- El canciller Fernando Aramayo afirm\u00f3, en entrevista con Urgente.bo, que Bolivia despert\u00f3 el inter\u00e9s y fue muy bien recibido por el mundo; sin embargo, se encuentra en una \u201csituaci\u00f3n compleja\u201d por el legado que dej\u00f3 el Gobierno del Movimiento Al Socialismo (MAS). \u201cEstamos en un escenario en el...","og_url":"https:\/\/innoticiasbo.com\/index.php\/2026\/04\/28\/canciller-bolivia-despierta-interes-del-mundo-pero-el-legado-del-mas-genera-una-situacion-compleja\/","og_site_name":"innoticiasbo.com","article_publisher":"https:\/\/www.facebook.com\/innoticiasbolivia","article_published_time":"2026-04-29T00:45:44+00:00","article_modified_time":"2026-04-29T00:45:46+00:00","og_image":[{"width":1599,"height":899,"url":"https:\/\/innoticiasbo.com\/wp-content\/uploads\/2026\/04\/image-330.png","type":"image\/png"}],"author":"Prensa 11","twitter_card":"summary_large_image","twitter_creator":"@innoticiasbo","twitter_site":"@innoticiasbo","twitter_misc":{"Escrito por":"Prensa 11","Tiempo de lectura":"3 minutos"},"schema":{"@context":"https:\/\/schema.org","@graph":[{"@type":"Article","@id":"https:\/\/innoticiasbo.com\/index.php\/2026\/04\/28\/canciller-bolivia-despierta-interes-del-mundo-pero-el-legado-del-mas-genera-una-situacion-compleja\/#article","isPartOf":{"@id":"https:\/\/innoticiasbo.com\/index.php\/2026\/04\/28\/canciller-bolivia-despierta-interes-del-mundo-pero-el-legado-del-mas-genera-una-situacion-compleja\/"},"author":{"name":"Prensa 11","@id":"https:\/\/innoticiasbo.com\/#\/schema\/person\/0b28481e8d0316f83a13bc702311def5"},"headline":"CANCILLER: BOLIVIA DESPIERTA INTER\u00c9S DEL MUNDO, PERO EL LEGADO DEL MAS GENERA UNA &#8216;SITUACI\u00d3N COMPLEJA&#8217;","datePublished":"2026-04-29T00:45:44+00:00","dateModified":"2026-04-29T00:45:46+00:00","mainEntityOfPage":{"@id":"https:\/\/innoticiasbo.com\/index.php\/2026\/04\/28\/canciller-bolivia-despierta-interes-del-mundo-pero-el-legado-del-mas-genera-una-situacion-compleja\/"},"wordCount":583,"commentCount":0,"publisher":{"@id":"https:\/\/innoticiasbo.com\/#organization"},"image":{"@id":"https:\/\/innoticiasbo.com\/index.php\/2026\/04\/28\/canciller-bolivia-despierta-interes-del-mundo-pero-el-legado-del-mas-genera-una-situacion-compleja\/#primaryimage"},"thumbnailUrl":"https:\/\/i0.wp.com\/innoticiasbo.com\/wp-content\/uploads\/2026\/04\/image-330.png?fit=1599%2C899&ssl=1","keywords":["ALP","Asamblea Legislativa","Bolivia","Evo Morales","Fernando Aramayo","legado","MAS","Movimiento Al Socialismo","Pol\u00edtica","situaci\u00f3n compleja"],"articleSection":["Pol\u00edtica"],"inLanguage":"es","potentialAction":[{"@type":"CommentAction","name":"Comment","target":["https:\/\/innoticiasbo.com\/index.php\/2026\/04\/28\/canciller-bolivia-despierta-interes-del-mundo-pero-el-legado-del-mas-genera-una-situacion-compleja\/#respond"]}]},{"@type":"WebPage","@id":"https:\/\/innoticiasbo.com\/index.php\/2026\/04\/28\/canciller-bolivia-despierta-interes-del-mundo-pero-el-legado-del-mas-genera-una-situacion-compleja\/","url":"https:\/\/innoticiasbo.com\/index.php\/2026\/04\/28\/canciller-bolivia-despierta-interes-del-mundo-pero-el-legado-del-mas-genera-una-situacion-compleja\/","name":"CANCILLER: BOLIVIA DESPIERTA INTER\u00c9S DEL MUNDO, PERO EL LEGADO DEL MAS GENERA UNA 'SITUACI\u00d3N COMPLEJA' - innoticiasbo.com","isPartOf":{"@id":"https:\/\/innoticiasbo.com\/#website"},"primaryImageOfPage":{"@id":"https:\/\/innoticiasbo.com\/index.php\/2026\/04\/28\/canciller-bolivia-despierta-interes-del-mundo-pero-el-legado-del-mas-genera-una-situacion-compleja\/#primaryimage"},"image":{"@id":"https:\/\/innoticiasbo.com\/index.php\/2026\/04\/28\/canciller-bolivia-despierta-interes-del-mundo-pero-el-legado-del-mas-genera-una-situacion-compleja\/#primaryimage"},"thumbnailUrl":"https:\/\/i0.wp.com\/innoticiasbo.com\/wp-content\/uploads\/2026\/04\/image-330.png?fit=1599%2C899&ssl=1","datePublished":"2026-04-29T00:45:44+00:00","dateModified":"2026-04-29T00:45:46+00:00","breadcrumb":{"@id":"https:\/\/innoticiasbo.com\/index.php\/2026\/04\/28\/canciller-bolivia-despierta-interes-del-mundo-pero-el-legado-del-mas-genera-una-situacion-compleja\/#breadcrumb"},"inLanguage":"es","potentialAction":[{"@type":"ReadAction","target":["https:\/\/innoticiasbo.com\/index.php\/2026\/04\/28\/canciller-bolivia-despierta-interes-del-mundo-pero-el-legado-del-mas-genera-una-situacion-compleja\/"]}]},{"@type":"ImageObject","inLanguage":"es","@id":"https:\/\/innoticiasbo.com\/index.php\/2026\/04\/28\/canciller-bolivia-despierta-interes-del-mundo-pero-el-legado-del-mas-genera-una-situacion-compleja\/#primaryimage","url":"https:\/\/i0.wp.com\/innoticiasbo.com\/wp-content\/uploads\/2026\/04\/image-330.png?fit=1599%2C899&ssl=1","contentUrl":"https:\/\/i0.wp.com\/innoticiasbo.com\/wp-content\/uploads\/2026\/04\/image-330.png?fit=1599%2C899&ssl=1","width":1599,"height":899},{"@type":"BreadcrumbList","@id":"https:\/\/innoticiasbo.com\/index.php\/2026\/04\/28\/canciller-bolivia-despierta-interes-del-mundo-pero-el-legado-del-mas-genera-una-situacion-compleja\/#breadcrumb","itemListElement":[{"@type":"ListItem","position":1,"name":"Portada","item":"https:\/\/innoticiasbo.com\/"},{"@type":"ListItem","position":2,"name":"CANCILLER: BOLIVIA DESPIERTA INTER\u00c9S DEL MUNDO, PERO EL LEGADO DEL MAS GENERA UNA &#8216;SITUACI\u00d3N COMPLEJA&#8217;"}]},{"@type":"WebSite","@id":"https:\/\/innoticiasbo.com\/#website","url":"https:\/\/innoticiasbo.com\/","name":"innoticiasbo.com","description":"","publisher":{"@id":"https:\/\/innoticiasbo.com\/#organization"},"potentialAction":[{"@type":"SearchAction","target":{"@type":"EntryPoint","urlTemplate":"https:\/\/innoticiasbo.com\/?s={search_term_string}"},"query-input":{"@type":"PropertyValueSpecification","valueRequired":true,"valueName":"search_term_string"}}],"inLanguage":"es"},{"@type":"Organization","@id":"https:\/\/innoticiasbo.com\/#organization","name":"innoticiasbo.com","url":"https:\/\/innoticiasbo.com\/","logo":{"@type":"ImageObject","inLanguage":"es","@id":"https:\/\/innoticiasbo.com\/#\/schema\/logo\/image\/","url":"https:\/\/i0.wp.com\/innoticiasbo.com\/wp-content\/uploads\/2026\/04\/cropped-IN-LOGO.png?fit=1476%2C1476&ssl=1","contentUrl":"https:\/\/i0.wp.com\/innoticiasbo.com\/wp-content\/uploads\/2026\/04\/cropped-IN-LOGO.png?fit=1476%2C1476&ssl=1","width":1476,"height":1476,"caption":"innoticiasbo.com"},"image":{"@id":"https:\/\/innoticiasbo.com\/#\/schema\/logo\/image\/"},"sameAs":["https:\/\/www.facebook.com\/innoticiasbolivia","https:\/\/x.com\/innoticiasbo","https:\/\/www.instagram.com\/innoticiasbo","https:\/\/www.youtube.com\/innoticiasbo"]},{"@type":"Person","@id":"https:\/\/innoticiasbo.com\/#\/schema\/person\/0b28481e8d0316f83a13bc702311def5","name":"Prensa 11","image":{"@type":"ImageObject","inLanguage":"es","@id":"https:\/\/innoticiasbo.com\/#\/schema\/person\/image\/","url":"https:\/\/secure.gravatar.com\/avatar\/696560c17349f1807a610bf83832bad0?s=96&d=mm&r=g","contentUrl":"https:\/\/secure.gravatar.com\/avatar\/696560c17349f1807a610bf83832bad0?s=96&d=mm&r=g","caption":"Prensa 11"},"sameAs":["http:\/\/www.innoticiasbo.com"],"url":"https:\/\/innoticiasbo.com\/index.php\/author\/prensa-11\/"}]}},"jetpack_featured_media_url":"https:\/\/i0.wp.com\/innoticiasbo.com\/wp-content\/uploads\/2026\/04\/image-330.png?fit=1599%2C899&ssl=1","jetpack_likes_enabled":true,"jetpack_sharing_enabled":true,"jetpack_shortlink":"https:\/\/wp.me\/pg298x-2ZY","_links":{"self":[{"href":"https:\/\/innoticiasbo.com\/index.php\/wp-json\/wp\/v2\/posts\/11530","targetHints":{"allow":["GET"]}}],"collection":[{"href":"https:\/\/innoticiasbo.com\/index.php\/wp-json\/wp\/v2\/posts"}],"about":[{"href":"https:\/\/innoticiasbo.com\/index.php\/wp-json\/wp\/v2\/types\/post"}],"author":[{"embeddable":true,"href":"https:\/\/innoticiasbo.com\/index.php\/wp-json\/wp\/v2\/users\/11"}],"replies":[{"embeddable":true,"href":"https:\/\/innoticiasbo.com\/index.php\/wp-json\/wp\/v2\/comments?post=11530"}],"version-history":[{"count":1,"href":"https:\/\/innoticiasbo.com\/index.php\/wp-json\/wp\/v2\/posts\/11530\/revisions"}],"predecessor-version":[{"id":11532,"href":"https:\/\/innoticiasbo.com\/index.php\/wp-json\/wp\/v2\/posts\/11530\/revisions\/11532"}],"wp:featuredmedia":[{"embeddable":true,"href":"https:\/\/innoticiasbo.com\/index.php\/wp-json\/wp\/v2\/media\/11531"}],"wp:attachment":[{"href":"https:\/\/innoticiasbo.com\/index.php\/wp-json\/wp\/v2\/media?parent=11530"}],"wp:term":[{"taxonomy":"category","embeddable":true,"href":"https:\/\/innoticiasbo.com\/index.php\/wp-json\/wp\/v2\/categories?post=11530"},{"taxonomy":"post_tag","embeddable":true,"href":"https:\/\/innoticiasbo.com\/index.php\/wp-json\/wp\/v2\/tags?post=11530"}],"curies":[{"name":"wp","href":"https:\/\/api.w.org\/{rel}","templated":true}]}}