{"id":11525,"date":"2026-04-28T20:26:56","date_gmt":"2026-04-29T00:26:56","guid":{"rendered":"https:\/\/innoticiasbo.com\/?p=11525"},"modified":"2026-04-28T20:26:56","modified_gmt":"2026-04-29T00:26:56","slug":"biocidio-en-cochabamba-indignacion-dolor-y-rabia-por-el-envenenamiento-sistematico-de-gatos-en-la-avenida-america-oeste","status":"publish","type":"post","link":"https:\/\/innoticiasbo.com\/index.php\/2026\/04\/28\/biocidio-en-cochabamba-indignacion-dolor-y-rabia-por-el-envenenamiento-sistematico-de-gatos-en-la-avenida-america-oeste\/","title":{"rendered":"\u00a1BIOCIDIO EN COCHABAMBA! INDIGNACI\u00d3N, DOLOR Y RABIA POR EL ENVENENAMIENTO SISTEM\u00c1TICO DE GATOS EN LA AVENIDA AM\u00c9RICA OESTE"},"content":{"rendered":"\n<figure class=\"wp-block-image size-full is-resized\"><img data-recalc-dims=\"1\" loading=\"lazy\" decoding=\"async\" width=\"489\" height=\"615\" src=\"https:\/\/i0.wp.com\/innoticiasbo.com\/wp-content\/uploads\/2026\/04\/image-327.png?resize=489%2C615&#038;ssl=1\" alt=\"\" class=\"wp-image-11526\" style=\"width:840px;height:auto\" srcset=\"https:\/\/i0.wp.com\/innoticiasbo.com\/wp-content\/uploads\/2026\/04\/image-327.png?w=489&amp;ssl=1 489w, https:\/\/i0.wp.com\/innoticiasbo.com\/wp-content\/uploads\/2026\/04\/image-327.png?resize=239%2C300&amp;ssl=1 239w\" sizes=\"auto, (max-width: 489px) 100vw, 489px\" \/><\/figure>\n\n\n\n<p><strong>Cochabamba, 28 de Abril de 2026.-<\/strong> Bolivia. Vecinos de la avenida Am\u00e9rica Oeste, en inmediaciones del ingreso al barrio Profesional, han alzado su voz de protesta ante lo que denuncian como un caso de biocidio que esta ocurriendo en la zona. A trav\u00e9s de desgarradores letreros colocados en postes y paredes, las familias afectadas relatan la p\u00e9rdida de sus mascotas, envenenadas por manos desconocidas.<br>Los carteles, visibles a lo largo de la avenida, contienen mensajes cargados de dolor, indignaci\u00f3n y un llamado urgente a detener estos actos. En ellos, los vecinos denuncian que algunas personas estar\u00edan dejando comida con veneno, provocando la muerte de gatos dom\u00e9sticos.<br>ENVENENARON AL GATO \u00abCALCET\u00cdN \u00ab<br>Uno de los casos m\u00e1s conmovedores es el de \u201cCalcet\u00edn\u201d, un gato rescatado y criado desde peque\u00f1o, que se convirti\u00f3 en un miembro fundamental de su familia. El mensaje dirigido \u201ca la persona que deja comida con veneno\u201d expresa:<br>\u201cMi gatito est\u00e1 muerto por su causa, le quedaban m\u00e1s de 10 a\u00f1os de vida. Mi coraz\u00f3n est\u00e1 hecho pedazos y no est\u00e1 mi compa\u00f1ero para consolarme. \u00c9l era un inconveniente para usted y decidi\u00f3 lidiar con \u00e9l de la forma m\u00e1s cruel, inhumana y despiadada\u201d.<br>ENVENENARON A KEVIN\u00bb<br>Otra denuncia corresponde a \u201cKevin\u201d, cuya familia tambi\u00e9n decidi\u00f3 hacer p\u00fablica su p\u00e9rdida:<br>\u201cMi gatito no era solo un gato, era parte de la familia, creci\u00f3 conmigo y llenaba de vida mi casa\u2026 su partida no fue natural, no fue un accidente, fue algo que alguien decidi\u00f3 hacer. Kevin confiaba, era inocente, no hac\u00eda nada malo, no merec\u00eda irse as\u00ed. Si usted est\u00e1 leyendo esto, por favor le pido algo desde el fondo de mi coraz\u00f3n: det\u00e9ngase\u201d.<\/p>\n\n\n\n<figure class=\"wp-block-image size-large\"><img data-recalc-dims=\"1\" loading=\"lazy\" decoding=\"async\" width=\"640\" height=\"905\" src=\"https:\/\/i0.wp.com\/innoticiasbo.com\/wp-content\/uploads\/2026\/04\/image-328.png?resize=640%2C905&#038;ssl=1\" alt=\"\" class=\"wp-image-11527\" srcset=\"https:\/\/i0.wp.com\/innoticiasbo.com\/wp-content\/uploads\/2026\/04\/image-328.png?resize=724%2C1024&amp;ssl=1 724w, https:\/\/i0.wp.com\/innoticiasbo.com\/wp-content\/uploads\/2026\/04\/image-328.png?resize=212%2C300&amp;ssl=1 212w, https:\/\/i0.wp.com\/innoticiasbo.com\/wp-content\/uploads\/2026\/04\/image-328.png?resize=768%2C1086&amp;ssl=1 768w, https:\/\/i0.wp.com\/innoticiasbo.com\/wp-content\/uploads\/2026\/04\/image-328.png?resize=1086%2C1536&amp;ssl=1 1086w, https:\/\/i0.wp.com\/innoticiasbo.com\/wp-content\/uploads\/2026\/04\/image-328.png?w=1131&amp;ssl=1 1131w\" sizes=\"auto, (max-width: 640px) 100vw, 640px\" \/><\/figure>\n\n\n\n<p><br>ENVENENARON A \u00abGATITA COMPA\u00d1ERA:<br>Un tercer cartel advierte:<br>\u201cAlerta, nos est\u00e1n quitando nuestros gatos. A mi gatita le quitaron la vida de la peor forma, la envenenaron. Alguien decidi\u00f3 hacerle da\u00f1o a un ser indefenso que nunca le hizo da\u00f1o a nadie. Ella era parte de mi vida, de mi hogar y hoy ya no est\u00e1\u2026 Vamos a descubrir qui\u00e9n est\u00e1 haciendo esto y a denunciarlo, porque la crueldad no puede quedar impune\u201d.<br>El ambiente en la zona es de profundo dolor y creciente indignaci\u00f3n. Los vecinos recuerdan que en Bolivia el biocidio est\u00e1 penalizado por ley, por lo que exigen una investigaci\u00f3n inmediata para identificar a los responsables.<\/p>\n\n\n\n<figure class=\"wp-block-image size-large\"><img data-recalc-dims=\"1\" loading=\"lazy\" decoding=\"async\" width=\"640\" height=\"905\" src=\"https:\/\/i0.wp.com\/innoticiasbo.com\/wp-content\/uploads\/2026\/04\/image-329.png?resize=640%2C905&#038;ssl=1\" alt=\"\" class=\"wp-image-11528\" srcset=\"https:\/\/i0.wp.com\/innoticiasbo.com\/wp-content\/uploads\/2026\/04\/image-329.png?resize=724%2C1024&amp;ssl=1 724w, https:\/\/i0.wp.com\/innoticiasbo.com\/wp-content\/uploads\/2026\/04\/image-329.png?resize=212%2C300&amp;ssl=1 212w, https:\/\/i0.wp.com\/innoticiasbo.com\/wp-content\/uploads\/2026\/04\/image-329.png?resize=768%2C1086&amp;ssl=1 768w, https:\/\/i0.wp.com\/innoticiasbo.com\/wp-content\/uploads\/2026\/04\/image-329.png?resize=1086%2C1536&amp;ssl=1 1086w, https:\/\/i0.wp.com\/innoticiasbo.com\/wp-content\/uploads\/2026\/04\/image-329.png?w=1131&amp;ssl=1 1131w\" sizes=\"auto, (max-width: 640px) 100vw, 640px\" \/><\/figure>\n\n\n\n<p><br>Asimismo, solicitan la intervenci\u00f3n urgente de Zoonosis de la Alcald\u00eda, ante el temor de que estos envenenamientos contin\u00faen y cobren m\u00e1s v\u00edctimas.<br>La comunidad permanece en alerta y no descarta organizarse para dar con los responsables, insistiendo en que estos actos de crueldad no deben quedar impunes.<\/p>\n","protected":false},"excerpt":{"rendered":"<p>Cochabamba, 28 de Abril de 2026.- Bolivia. Vecinos de la avenida Am\u00e9rica Oeste, en inmediaciones del ingreso al barrio Profesional, han alzado su voz de protesta ante lo que denuncian como un caso de biocidio que esta ocurriendo en la zona. A trav\u00e9s de desgarradores letreros colocados en postes y paredes, las familias afectadas relatan&#8230;<\/p>\n","protected":false},"author":11,"featured_media":11526,"comment_status":"open","ping_status":"open","sticky":false,"template":"","format":"standard","meta":{"_jetpack_memberships_contains_paid_content":false,"footnotes":"","jetpack_publicize_message":"","jetpack_publicize_feature_enabled":true,"jetpack_social_post_already_shared":true,"jetpack_social_options":{"image_generator_settings":{"template":"highway","enabled":false},"version":2}},"categories":[2],"tags":[123,281,2726,2725,6,2723,2724,22,235,1291,971],"class_list":["post-11525","post","type-post","status-publish","format-standard","has-post-thumbnail","hentry","category-cochabamba","tag-alcaldia","tag-alcaldia-de-cochabamba","tag-avenida-america","tag-biocidio","tag-cochabamba","tag-envenenamiento","tag-envenenamiento-de-gatos","tag-innoticias","tag-seguridad","tag-zona-norte","tag-zoonosis"],"jetpack_publicize_connections":[],"yoast_head":"<!-- This site is optimized with the Yoast SEO plugin v23.4 - https:\/\/yoast.com\/wordpress\/plugins\/seo\/ -->\n<title>\u00a1BIOCIDIO EN COCHABAMBA! INDIGNACI\u00d3N, DOLOR Y RABIA POR EL ENVENENAMIENTO SISTEM\u00c1TICO DE GATOS EN LA AVENIDA AM\u00c9RICA OESTE - innoticiasbo.com<\/title>\n<meta name=\"robots\" content=\"index, follow, max-snippet:-1, max-image-preview:large, max-video-preview:-1\" \/>\n<link rel=\"canonical\" href=\"https:\/\/innoticiasbo.com\/index.php\/2026\/04\/28\/biocidio-en-cochabamba-indignacion-dolor-y-rabia-por-el-envenenamiento-sistematico-de-gatos-en-la-avenida-america-oeste\/\" \/>\n<meta property=\"og:locale\" content=\"es_ES\" \/>\n<meta property=\"og:type\" content=\"article\" \/>\n<meta property=\"og:title\" content=\"\u00a1BIOCIDIO EN COCHABAMBA! INDIGNACI\u00d3N, DOLOR Y RABIA POR EL ENVENENAMIENTO SISTEM\u00c1TICO DE GATOS EN LA AVENIDA AM\u00c9RICA OESTE - innoticiasbo.com\" \/>\n<meta property=\"og:description\" content=\"Cochabamba, 28 de Abril de 2026.- Bolivia. Vecinos de la avenida Am\u00e9rica Oeste, en inmediaciones del ingreso al barrio Profesional, han alzado su voz de protesta ante lo que denuncian como un caso de biocidio que esta ocurriendo en la zona. A trav\u00e9s de desgarradores letreros colocados en postes y paredes, las familias afectadas relatan...\" \/>\n<meta property=\"og:url\" content=\"https:\/\/innoticiasbo.com\/index.php\/2026\/04\/28\/biocidio-en-cochabamba-indignacion-dolor-y-rabia-por-el-envenenamiento-sistematico-de-gatos-en-la-avenida-america-oeste\/\" \/>\n<meta property=\"og:site_name\" content=\"innoticiasbo.com\" \/>\n<meta property=\"article:publisher\" content=\"https:\/\/www.facebook.com\/innoticiasbolivia\" \/>\n<meta property=\"article:published_time\" content=\"2026-04-29T00:26:56+00:00\" \/>\n<meta property=\"og:image\" content=\"https:\/\/innoticiasbo.com\/wp-content\/uploads\/2026\/04\/image-327.png\" \/>\n\t<meta property=\"og:image:width\" content=\"489\" \/>\n\t<meta property=\"og:image:height\" content=\"615\" \/>\n\t<meta property=\"og:image:type\" content=\"image\/png\" \/>\n<meta name=\"author\" content=\"Prensa 11\" \/>\n<meta name=\"twitter:card\" content=\"summary_large_image\" \/>\n<meta name=\"twitter:creator\" content=\"@innoticiasbo\" \/>\n<meta name=\"twitter:site\" content=\"@innoticiasbo\" \/>\n<meta name=\"twitter:label1\" content=\"Escrito por\" \/>\n\t<meta name=\"twitter:data1\" content=\"Prensa 11\" \/>\n\t<meta name=\"twitter:label2\" content=\"Tiempo de lectura\" \/>\n\t<meta name=\"twitter:data2\" content=\"3 minutos\" \/>\n<script type=\"application\/ld+json\" class=\"yoast-schema-graph\">{\"@context\":\"https:\/\/schema.org\",\"@graph\":[{\"@type\":\"Article\",\"@id\":\"https:\/\/innoticiasbo.com\/index.php\/2026\/04\/28\/biocidio-en-cochabamba-indignacion-dolor-y-rabia-por-el-envenenamiento-sistematico-de-gatos-en-la-avenida-america-oeste\/#article\",\"isPartOf\":{\"@id\":\"https:\/\/innoticiasbo.com\/index.php\/2026\/04\/28\/biocidio-en-cochabamba-indignacion-dolor-y-rabia-por-el-envenenamiento-sistematico-de-gatos-en-la-avenida-america-oeste\/\"},\"author\":{\"name\":\"Prensa 11\",\"@id\":\"https:\/\/innoticiasbo.com\/#\/schema\/person\/0b28481e8d0316f83a13bc702311def5\"},\"headline\":\"\u00a1BIOCIDIO EN COCHABAMBA! INDIGNACI\u00d3N, DOLOR Y RABIA POR EL ENVENENAMIENTO SISTEM\u00c1TICO DE GATOS EN LA AVENIDA AM\u00c9RICA OESTE\",\"datePublished\":\"2026-04-29T00:26:56+00:00\",\"dateModified\":\"2026-04-29T00:26:56+00:00\",\"mainEntityOfPage\":{\"@id\":\"https:\/\/innoticiasbo.com\/index.php\/2026\/04\/28\/biocidio-en-cochabamba-indignacion-dolor-y-rabia-por-el-envenenamiento-sistematico-de-gatos-en-la-avenida-america-oeste\/\"},\"wordCount\":484,\"commentCount\":0,\"publisher\":{\"@id\":\"https:\/\/innoticiasbo.com\/#organization\"},\"image\":{\"@id\":\"https:\/\/innoticiasbo.com\/index.php\/2026\/04\/28\/biocidio-en-cochabamba-indignacion-dolor-y-rabia-por-el-envenenamiento-sistematico-de-gatos-en-la-avenida-america-oeste\/#primaryimage\"},\"thumbnailUrl\":\"https:\/\/i0.wp.com\/innoticiasbo.com\/wp-content\/uploads\/2026\/04\/image-327.png?fit=489%2C615&ssl=1\",\"keywords\":[\"Alcald\u00eda\",\"Alcald\u00eda de Cochabamba\",\"Avenida Am\u00e9rica\",\"biocidio\",\"Cochabamba\",\"envenenamiento\",\"envenenamiento de gatos\",\"innoticias\",\"seguridad\",\"Zona Norte\",\"zoonosis\"],\"articleSection\":[\"Cochabamba\"],\"inLanguage\":\"es\",\"potentialAction\":[{\"@type\":\"CommentAction\",\"name\":\"Comment\",\"target\":[\"https:\/\/innoticiasbo.com\/index.php\/2026\/04\/28\/biocidio-en-cochabamba-indignacion-dolor-y-rabia-por-el-envenenamiento-sistematico-de-gatos-en-la-avenida-america-oeste\/#respond\"]}]},{\"@type\":\"WebPage\",\"@id\":\"https:\/\/innoticiasbo.com\/index.php\/2026\/04\/28\/biocidio-en-cochabamba-indignacion-dolor-y-rabia-por-el-envenenamiento-sistematico-de-gatos-en-la-avenida-america-oeste\/\",\"url\":\"https:\/\/innoticiasbo.com\/index.php\/2026\/04\/28\/biocidio-en-cochabamba-indignacion-dolor-y-rabia-por-el-envenenamiento-sistematico-de-gatos-en-la-avenida-america-oeste\/\",\"name\":\"\u00a1BIOCIDIO EN COCHABAMBA! INDIGNACI\u00d3N, DOLOR Y RABIA POR EL ENVENENAMIENTO SISTEM\u00c1TICO DE GATOS EN LA AVENIDA AM\u00c9RICA OESTE - innoticiasbo.com\",\"isPartOf\":{\"@id\":\"https:\/\/innoticiasbo.com\/#website\"},\"primaryImageOfPage\":{\"@id\":\"https:\/\/innoticiasbo.com\/index.php\/2026\/04\/28\/biocidio-en-cochabamba-indignacion-dolor-y-rabia-por-el-envenenamiento-sistematico-de-gatos-en-la-avenida-america-oeste\/#primaryimage\"},\"image\":{\"@id\":\"https:\/\/innoticiasbo.com\/index.php\/2026\/04\/28\/biocidio-en-cochabamba-indignacion-dolor-y-rabia-por-el-envenenamiento-sistematico-de-gatos-en-la-avenida-america-oeste\/#primaryimage\"},\"thumbnailUrl\":\"https:\/\/i0.wp.com\/innoticiasbo.com\/wp-content\/uploads\/2026\/04\/image-327.png?fit=489%2C615&ssl=1\",\"datePublished\":\"2026-04-29T00:26:56+00:00\",\"dateModified\":\"2026-04-29T00:26:56+00:00\",\"breadcrumb\":{\"@id\":\"https:\/\/innoticiasbo.com\/index.php\/2026\/04\/28\/biocidio-en-cochabamba-indignacion-dolor-y-rabia-por-el-envenenamiento-sistematico-de-gatos-en-la-avenida-america-oeste\/#breadcrumb\"},\"inLanguage\":\"es\",\"potentialAction\":[{\"@type\":\"ReadAction\",\"target\":[\"https:\/\/innoticiasbo.com\/index.php\/2026\/04\/28\/biocidio-en-cochabamba-indignacion-dolor-y-rabia-por-el-envenenamiento-sistematico-de-gatos-en-la-avenida-america-oeste\/\"]}]},{\"@type\":\"ImageObject\",\"inLanguage\":\"es\",\"@id\":\"https:\/\/innoticiasbo.com\/index.php\/2026\/04\/28\/biocidio-en-cochabamba-indignacion-dolor-y-rabia-por-el-envenenamiento-sistematico-de-gatos-en-la-avenida-america-oeste\/#primaryimage\",\"url\":\"https:\/\/i0.wp.com\/innoticiasbo.com\/wp-content\/uploads\/2026\/04\/image-327.png?fit=489%2C615&ssl=1\",\"contentUrl\":\"https:\/\/i0.wp.com\/innoticiasbo.com\/wp-content\/uploads\/2026\/04\/image-327.png?fit=489%2C615&ssl=1\",\"width\":489,\"height\":615},{\"@type\":\"BreadcrumbList\",\"@id\":\"https:\/\/innoticiasbo.com\/index.php\/2026\/04\/28\/biocidio-en-cochabamba-indignacion-dolor-y-rabia-por-el-envenenamiento-sistematico-de-gatos-en-la-avenida-america-oeste\/#breadcrumb\",\"itemListElement\":[{\"@type\":\"ListItem\",\"position\":1,\"name\":\"Portada\",\"item\":\"https:\/\/innoticiasbo.com\/\"},{\"@type\":\"ListItem\",\"position\":2,\"name\":\"\u00a1BIOCIDIO EN COCHABAMBA! INDIGNACI\u00d3N, DOLOR Y RABIA POR EL ENVENENAMIENTO SISTEM\u00c1TICO DE GATOS EN LA AVENIDA AM\u00c9RICA OESTE\"}]},{\"@type\":\"WebSite\",\"@id\":\"https:\/\/innoticiasbo.com\/#website\",\"url\":\"https:\/\/innoticiasbo.com\/\",\"name\":\"innoticiasbo.com\",\"description\":\"\",\"publisher\":{\"@id\":\"https:\/\/innoticiasbo.com\/#organization\"},\"potentialAction\":[{\"@type\":\"SearchAction\",\"target\":{\"@type\":\"EntryPoint\",\"urlTemplate\":\"https:\/\/innoticiasbo.com\/?s={search_term_string}\"},\"query-input\":{\"@type\":\"PropertyValueSpecification\",\"valueRequired\":true,\"valueName\":\"search_term_string\"}}],\"inLanguage\":\"es\"},{\"@type\":\"Organization\",\"@id\":\"https:\/\/innoticiasbo.com\/#organization\",\"name\":\"innoticiasbo.com\",\"url\":\"https:\/\/innoticiasbo.com\/\",\"logo\":{\"@type\":\"ImageObject\",\"inLanguage\":\"es\",\"@id\":\"https:\/\/innoticiasbo.com\/#\/schema\/logo\/image\/\",\"url\":\"https:\/\/i0.wp.com\/innoticiasbo.com\/wp-content\/uploads\/2026\/04\/cropped-IN-LOGO.png?fit=1476%2C1476&ssl=1\",\"contentUrl\":\"https:\/\/i0.wp.com\/innoticiasbo.com\/wp-content\/uploads\/2026\/04\/cropped-IN-LOGO.png?fit=1476%2C1476&ssl=1\",\"width\":1476,\"height\":1476,\"caption\":\"innoticiasbo.com\"},\"image\":{\"@id\":\"https:\/\/innoticiasbo.com\/#\/schema\/logo\/image\/\"},\"sameAs\":[\"https:\/\/www.facebook.com\/innoticiasbolivia\",\"https:\/\/x.com\/innoticiasbo\",\"https:\/\/www.instagram.com\/innoticiasbo\",\"https:\/\/www.youtube.com\/innoticiasbo\"]},{\"@type\":\"Person\",\"@id\":\"https:\/\/innoticiasbo.com\/#\/schema\/person\/0b28481e8d0316f83a13bc702311def5\",\"name\":\"Prensa 11\",\"image\":{\"@type\":\"ImageObject\",\"inLanguage\":\"es\",\"@id\":\"https:\/\/innoticiasbo.com\/#\/schema\/person\/image\/\",\"url\":\"https:\/\/secure.gravatar.com\/avatar\/696560c17349f1807a610bf83832bad0?s=96&d=mm&r=g\",\"contentUrl\":\"https:\/\/secure.gravatar.com\/avatar\/696560c17349f1807a610bf83832bad0?s=96&d=mm&r=g\",\"caption\":\"Prensa 11\"},\"sameAs\":[\"http:\/\/www.innoticiasbo.com\"],\"url\":\"https:\/\/innoticiasbo.com\/index.php\/author\/prensa-11\/\"}]}<\/script>\n<!-- \/ Yoast SEO plugin. -->","yoast_head_json":{"title":"\u00a1BIOCIDIO EN COCHABAMBA! INDIGNACI\u00d3N, DOLOR Y RABIA POR EL ENVENENAMIENTO SISTEM\u00c1TICO DE GATOS EN LA AVENIDA AM\u00c9RICA OESTE - innoticiasbo.com","robots":{"index":"index","follow":"follow","max-snippet":"max-snippet:-1","max-image-preview":"max-image-preview:large","max-video-preview":"max-video-preview:-1"},"canonical":"https:\/\/innoticiasbo.com\/index.php\/2026\/04\/28\/biocidio-en-cochabamba-indignacion-dolor-y-rabia-por-el-envenenamiento-sistematico-de-gatos-en-la-avenida-america-oeste\/","og_locale":"es_ES","og_type":"article","og_title":"\u00a1BIOCIDIO EN COCHABAMBA! INDIGNACI\u00d3N, DOLOR Y RABIA POR EL ENVENENAMIENTO SISTEM\u00c1TICO DE GATOS EN LA AVENIDA AM\u00c9RICA OESTE - innoticiasbo.com","og_description":"Cochabamba, 28 de Abril de 2026.- Bolivia. Vecinos de la avenida Am\u00e9rica Oeste, en inmediaciones del ingreso al barrio Profesional, han alzado su voz de protesta ante lo que denuncian como un caso de biocidio que esta ocurriendo en la zona. A trav\u00e9s de desgarradores letreros colocados en postes y paredes, las familias afectadas relatan...","og_url":"https:\/\/innoticiasbo.com\/index.php\/2026\/04\/28\/biocidio-en-cochabamba-indignacion-dolor-y-rabia-por-el-envenenamiento-sistematico-de-gatos-en-la-avenida-america-oeste\/","og_site_name":"innoticiasbo.com","article_publisher":"https:\/\/www.facebook.com\/innoticiasbolivia","article_published_time":"2026-04-29T00:26:56+00:00","og_image":[{"width":489,"height":615,"url":"https:\/\/innoticiasbo.com\/wp-content\/uploads\/2026\/04\/image-327.png","type":"image\/png"}],"author":"Prensa 11","twitter_card":"summary_large_image","twitter_creator":"@innoticiasbo","twitter_site":"@innoticiasbo","twitter_misc":{"Escrito por":"Prensa 11","Tiempo de lectura":"3 minutos"},"schema":{"@context":"https:\/\/schema.org","@graph":[{"@type":"Article","@id":"https:\/\/innoticiasbo.com\/index.php\/2026\/04\/28\/biocidio-en-cochabamba-indignacion-dolor-y-rabia-por-el-envenenamiento-sistematico-de-gatos-en-la-avenida-america-oeste\/#article","isPartOf":{"@id":"https:\/\/innoticiasbo.com\/index.php\/2026\/04\/28\/biocidio-en-cochabamba-indignacion-dolor-y-rabia-por-el-envenenamiento-sistematico-de-gatos-en-la-avenida-america-oeste\/"},"author":{"name":"Prensa 11","@id":"https:\/\/innoticiasbo.com\/#\/schema\/person\/0b28481e8d0316f83a13bc702311def5"},"headline":"\u00a1BIOCIDIO EN COCHABAMBA! INDIGNACI\u00d3N, DOLOR Y RABIA POR EL ENVENENAMIENTO SISTEM\u00c1TICO DE GATOS EN LA AVENIDA AM\u00c9RICA OESTE","datePublished":"2026-04-29T00:26:56+00:00","dateModified":"2026-04-29T00:26:56+00:00","mainEntityOfPage":{"@id":"https:\/\/innoticiasbo.com\/index.php\/2026\/04\/28\/biocidio-en-cochabamba-indignacion-dolor-y-rabia-por-el-envenenamiento-sistematico-de-gatos-en-la-avenida-america-oeste\/"},"wordCount":484,"commentCount":0,"publisher":{"@id":"https:\/\/innoticiasbo.com\/#organization"},"image":{"@id":"https:\/\/innoticiasbo.com\/index.php\/2026\/04\/28\/biocidio-en-cochabamba-indignacion-dolor-y-rabia-por-el-envenenamiento-sistematico-de-gatos-en-la-avenida-america-oeste\/#primaryimage"},"thumbnailUrl":"https:\/\/i0.wp.com\/innoticiasbo.com\/wp-content\/uploads\/2026\/04\/image-327.png?fit=489%2C615&ssl=1","keywords":["Alcald\u00eda","Alcald\u00eda de Cochabamba","Avenida Am\u00e9rica","biocidio","Cochabamba","envenenamiento","envenenamiento de gatos","innoticias","seguridad","Zona Norte","zoonosis"],"articleSection":["Cochabamba"],"inLanguage":"es","potentialAction":[{"@type":"CommentAction","name":"Comment","target":["https:\/\/innoticiasbo.com\/index.php\/2026\/04\/28\/biocidio-en-cochabamba-indignacion-dolor-y-rabia-por-el-envenenamiento-sistematico-de-gatos-en-la-avenida-america-oeste\/#respond"]}]},{"@type":"WebPage","@id":"https:\/\/innoticiasbo.com\/index.php\/2026\/04\/28\/biocidio-en-cochabamba-indignacion-dolor-y-rabia-por-el-envenenamiento-sistematico-de-gatos-en-la-avenida-america-oeste\/","url":"https:\/\/innoticiasbo.com\/index.php\/2026\/04\/28\/biocidio-en-cochabamba-indignacion-dolor-y-rabia-por-el-envenenamiento-sistematico-de-gatos-en-la-avenida-america-oeste\/","name":"\u00a1BIOCIDIO EN COCHABAMBA! INDIGNACI\u00d3N, DOLOR Y RABIA POR EL ENVENENAMIENTO SISTEM\u00c1TICO DE GATOS EN LA AVENIDA AM\u00c9RICA OESTE - innoticiasbo.com","isPartOf":{"@id":"https:\/\/innoticiasbo.com\/#website"},"primaryImageOfPage":{"@id":"https:\/\/innoticiasbo.com\/index.php\/2026\/04\/28\/biocidio-en-cochabamba-indignacion-dolor-y-rabia-por-el-envenenamiento-sistematico-de-gatos-en-la-avenida-america-oeste\/#primaryimage"},"image":{"@id":"https:\/\/innoticiasbo.com\/index.php\/2026\/04\/28\/biocidio-en-cochabamba-indignacion-dolor-y-rabia-por-el-envenenamiento-sistematico-de-gatos-en-la-avenida-america-oeste\/#primaryimage"},"thumbnailUrl":"https:\/\/i0.wp.com\/innoticiasbo.com\/wp-content\/uploads\/2026\/04\/image-327.png?fit=489%2C615&ssl=1","datePublished":"2026-04-29T00:26:56+00:00","dateModified":"2026-04-29T00:26:56+00:00","breadcrumb":{"@id":"https:\/\/innoticiasbo.com\/index.php\/2026\/04\/28\/biocidio-en-cochabamba-indignacion-dolor-y-rabia-por-el-envenenamiento-sistematico-de-gatos-en-la-avenida-america-oeste\/#breadcrumb"},"inLanguage":"es","potentialAction":[{"@type":"ReadAction","target":["https:\/\/innoticiasbo.com\/index.php\/2026\/04\/28\/biocidio-en-cochabamba-indignacion-dolor-y-rabia-por-el-envenenamiento-sistematico-de-gatos-en-la-avenida-america-oeste\/"]}]},{"@type":"ImageObject","inLanguage":"es","@id":"https:\/\/innoticiasbo.com\/index.php\/2026\/04\/28\/biocidio-en-cochabamba-indignacion-dolor-y-rabia-por-el-envenenamiento-sistematico-de-gatos-en-la-avenida-america-oeste\/#primaryimage","url":"https:\/\/i0.wp.com\/innoticiasbo.com\/wp-content\/uploads\/2026\/04\/image-327.png?fit=489%2C615&ssl=1","contentUrl":"https:\/\/i0.wp.com\/innoticiasbo.com\/wp-content\/uploads\/2026\/04\/image-327.png?fit=489%2C615&ssl=1","width":489,"height":615},{"@type":"BreadcrumbList","@id":"https:\/\/innoticiasbo.com\/index.php\/2026\/04\/28\/biocidio-en-cochabamba-indignacion-dolor-y-rabia-por-el-envenenamiento-sistematico-de-gatos-en-la-avenida-america-oeste\/#breadcrumb","itemListElement":[{"@type":"ListItem","position":1,"name":"Portada","item":"https:\/\/innoticiasbo.com\/"},{"@type":"ListItem","position":2,"name":"\u00a1BIOCIDIO EN COCHABAMBA! INDIGNACI\u00d3N, DOLOR Y RABIA POR EL ENVENENAMIENTO SISTEM\u00c1TICO DE GATOS EN LA AVENIDA AM\u00c9RICA OESTE"}]},{"@type":"WebSite","@id":"https:\/\/innoticiasbo.com\/#website","url":"https:\/\/innoticiasbo.com\/","name":"innoticiasbo.com","description":"","publisher":{"@id":"https:\/\/innoticiasbo.com\/#organization"},"potentialAction":[{"@type":"SearchAction","target":{"@type":"EntryPoint","urlTemplate":"https:\/\/innoticiasbo.com\/?s={search_term_string}"},"query-input":{"@type":"PropertyValueSpecification","valueRequired":true,"valueName":"search_term_string"}}],"inLanguage":"es"},{"@type":"Organization","@id":"https:\/\/innoticiasbo.com\/#organization","name":"innoticiasbo.com","url":"https:\/\/innoticiasbo.com\/","logo":{"@type":"ImageObject","inLanguage":"es","@id":"https:\/\/innoticiasbo.com\/#\/schema\/logo\/image\/","url":"https:\/\/i0.wp.com\/innoticiasbo.com\/wp-content\/uploads\/2026\/04\/cropped-IN-LOGO.png?fit=1476%2C1476&ssl=1","contentUrl":"https:\/\/i0.wp.com\/innoticiasbo.com\/wp-content\/uploads\/2026\/04\/cropped-IN-LOGO.png?fit=1476%2C1476&ssl=1","width":1476,"height":1476,"caption":"innoticiasbo.com"},"image":{"@id":"https:\/\/innoticiasbo.com\/#\/schema\/logo\/image\/"},"sameAs":["https:\/\/www.facebook.com\/innoticiasbolivia","https:\/\/x.com\/innoticiasbo","https:\/\/www.instagram.com\/innoticiasbo","https:\/\/www.youtube.com\/innoticiasbo"]},{"@type":"Person","@id":"https:\/\/innoticiasbo.com\/#\/schema\/person\/0b28481e8d0316f83a13bc702311def5","name":"Prensa 11","image":{"@type":"ImageObject","inLanguage":"es","@id":"https:\/\/innoticiasbo.com\/#\/schema\/person\/image\/","url":"https:\/\/secure.gravatar.com\/avatar\/696560c17349f1807a610bf83832bad0?s=96&d=mm&r=g","contentUrl":"https:\/\/secure.gravatar.com\/avatar\/696560c17349f1807a610bf83832bad0?s=96&d=mm&r=g","caption":"Prensa 11"},"sameAs":["http:\/\/www.innoticiasbo.com"],"url":"https:\/\/innoticiasbo.com\/index.php\/author\/prensa-11\/"}]}},"jetpack_featured_media_url":"https:\/\/i0.wp.com\/innoticiasbo.com\/wp-content\/uploads\/2026\/04\/image-327.png?fit=489%2C615&ssl=1","jetpack_likes_enabled":true,"jetpack_sharing_enabled":true,"jetpack_shortlink":"https:\/\/wp.me\/pg298x-2ZT","_links":{"self":[{"href":"https:\/\/innoticiasbo.com\/index.php\/wp-json\/wp\/v2\/posts\/11525","targetHints":{"allow":["GET"]}}],"collection":[{"href":"https:\/\/innoticiasbo.com\/index.php\/wp-json\/wp\/v2\/posts"}],"about":[{"href":"https:\/\/innoticiasbo.com\/index.php\/wp-json\/wp\/v2\/types\/post"}],"author":[{"embeddable":true,"href":"https:\/\/innoticiasbo.com\/index.php\/wp-json\/wp\/v2\/users\/11"}],"replies":[{"embeddable":true,"href":"https:\/\/innoticiasbo.com\/index.php\/wp-json\/wp\/v2\/comments?post=11525"}],"version-history":[{"count":1,"href":"https:\/\/innoticiasbo.com\/index.php\/wp-json\/wp\/v2\/posts\/11525\/revisions"}],"predecessor-version":[{"id":11529,"href":"https:\/\/innoticiasbo.com\/index.php\/wp-json\/wp\/v2\/posts\/11525\/revisions\/11529"}],"wp:featuredmedia":[{"embeddable":true,"href":"https:\/\/innoticiasbo.com\/index.php\/wp-json\/wp\/v2\/media\/11526"}],"wp:attachment":[{"href":"https:\/\/innoticiasbo.com\/index.php\/wp-json\/wp\/v2\/media?parent=11525"}],"wp:term":[{"taxonomy":"category","embeddable":true,"href":"https:\/\/innoticiasbo.com\/index.php\/wp-json\/wp\/v2\/categories?post=11525"},{"taxonomy":"post_tag","embeddable":true,"href":"https:\/\/innoticiasbo.com\/index.php\/wp-json\/wp\/v2\/tags?post=11525"}],"curies":[{"name":"wp","href":"https:\/\/api.w.org\/{rel}","templated":true}]}}