{"id":11522,"date":"2026-04-28T20:16:01","date_gmt":"2026-04-29T00:16:01","guid":{"rendered":"https:\/\/innoticiasbo.com\/?p=11522"},"modified":"2026-04-28T20:16:01","modified_gmt":"2026-04-29T00:16:01","slug":"aprehenden-al-expresidente-del-bcb-y-a-tres-exejecutivos-por-dano-economico","status":"publish","type":"post","link":"https:\/\/innoticiasbo.com\/index.php\/2026\/04\/28\/aprehenden-al-expresidente-del-bcb-y-a-tres-exejecutivos-por-dano-economico\/","title":{"rendered":"APREHENDEN AL EXPRESIDENTE DEL BCB Y A TRES EXEJECUTIVOS POR DA\u00d1O ECON\u00d3MICO"},"content":{"rendered":"\n<figure class=\"wp-block-image size-full\"><img data-recalc-dims=\"1\" loading=\"lazy\" decoding=\"async\" width=\"640\" height=\"360\" src=\"https:\/\/i0.wp.com\/innoticiasbo.com\/wp-content\/uploads\/2026\/04\/image-326.png?resize=640%2C360&#038;ssl=1\" alt=\"\" class=\"wp-image-11523\" srcset=\"https:\/\/i0.wp.com\/innoticiasbo.com\/wp-content\/uploads\/2026\/04\/image-326.png?w=992&amp;ssl=1 992w, https:\/\/i0.wp.com\/innoticiasbo.com\/wp-content\/uploads\/2026\/04\/image-326.png?resize=300%2C169&amp;ssl=1 300w, https:\/\/i0.wp.com\/innoticiasbo.com\/wp-content\/uploads\/2026\/04\/image-326.png?resize=768%2C432&amp;ssl=1 768w\" sizes=\"auto, (max-width: 640px) 100vw, 640px\" \/><\/figure>\n\n\n\n<p><strong>Pa\u00eds, 28 de Abril de 2026.-<\/strong> En las \u00faltimas horas, se hizo la aprehensi\u00f3n de cuatro personas que anteriormente trabajaban en el Banco Central de Bolivia (BCB), uno de ellos es el expresidente del BCB, Edwin Rojas.<\/p>\n\n\n\n<p>Desde la Fiscal\u00eda informaron que se tiene elementos de convicci\u00f3n de que estas personas realizaron transacciones irregulares cuando trabajaban en dicha entidad. El da\u00f1o econ\u00f3mico es de 124 millones de d\u00f3lares contra el BCB.&nbsp;<\/p>\n\n\n\n<p>Los otros aprehendidos fung\u00edan como gerentes de dicha entidad. De acuerdo a la Fiscal\u00eda, el 2024, estas personas realizaron un reglamento sobre operaciones, a trav\u00e9s del cual realizaron siete intercambios de bonos soberanos en diferentes entidades bancarias.<\/p>\n\n\n\n<p>\u00abHan vendido y comprado bonos de montos mayores a los que estaban establecidos. La denuncia fue presentada por el Banco Central de Bolivia\u00bb, indic\u00f3 el fiscal Miguel Cardozo.&nbsp;<\/p>\n\n\n\n<p>Los tres exgerentes declararon en la ma\u00f1ana y posteriormente fueron aprehendidos, ahora se encuentran en celdas policiales. Mientras que Rojas present\u00f3 su declaraci\u00f3n en la tarde.&nbsp;<\/p>\n\n\n\n<p>Seg\u00fan la fiscal\u00eda, los hechos se remontan a la administraci\u00f3n de 2024, cuando los ahora investigados habr\u00edan aprobado un reglamento sobre operaciones financieras que permit\u00eda el intercambio de siete bonos soberanos con distintas entidades bancarias. \u00abEllos mismos habr\u00edan redactado un reglamento sobre las operaciones y en \u00e9l habr\u00edan permitido el intercambio de siete bonos soberanos con distintas entidades bancarias\u00bb, explic\u00f3 el fiscal.<\/p>\n\n\n\n<p>Fuente: Urgente.bo<\/p>\n","protected":false},"excerpt":{"rendered":"<p>Pa\u00eds, 28 de Abril de 2026.- En las \u00faltimas horas, se hizo la aprehensi\u00f3n de cuatro personas que anteriormente trabajaban en el Banco Central de Bolivia (BCB), uno de ellos es el expresidente del BCB, Edwin Rojas. Desde la Fiscal\u00eda informaron que se tiene elementos de convicci\u00f3n de que estas personas realizaron transacciones irregulares cuando&#8230;<\/p>\n","protected":false},"author":11,"featured_media":11523,"comment_status":"open","ping_status":"open","sticky":false,"template":"","format":"standard","meta":{"_jetpack_memberships_contains_paid_content":false,"footnotes":"","jetpack_publicize_message":"","jetpack_publicize_feature_enabled":true,"jetpack_social_post_already_shared":true,"jetpack_social_options":{"image_generator_settings":{"template":"highway","enabled":false},"version":2}},"categories":[16],"tags":[2472,76,7,2567,18,2722,370],"class_list":["post-11522","post","type-post","status-publish","format-standard","has-post-thumbnail","hentry","category-economia","tag-aprehendidos","tag-aprehension","tag-bolivia","tag-dano-economico","tag-economia","tag-exejecutivos","tag-expresidente"],"jetpack_publicize_connections":[],"yoast_head":"<!-- This site is optimized with the Yoast SEO plugin v23.4 - https:\/\/yoast.com\/wordpress\/plugins\/seo\/ -->\n<title>APREHENDEN AL EXPRESIDENTE DEL BCB Y A TRES EXEJECUTIVOS POR DA\u00d1O ECON\u00d3MICO - innoticiasbo.com<\/title>\n<meta name=\"robots\" content=\"index, follow, max-snippet:-1, max-image-preview:large, max-video-preview:-1\" \/>\n<link rel=\"canonical\" href=\"https:\/\/innoticiasbo.com\/index.php\/2026\/04\/28\/aprehenden-al-expresidente-del-bcb-y-a-tres-exejecutivos-por-dano-economico\/\" \/>\n<meta property=\"og:locale\" content=\"es_ES\" \/>\n<meta property=\"og:type\" content=\"article\" \/>\n<meta property=\"og:title\" content=\"APREHENDEN AL EXPRESIDENTE DEL BCB Y A TRES EXEJECUTIVOS POR DA\u00d1O ECON\u00d3MICO - innoticiasbo.com\" \/>\n<meta property=\"og:description\" content=\"Pa\u00eds, 28 de Abril de 2026.- En las \u00faltimas horas, se hizo la aprehensi\u00f3n de cuatro personas que anteriormente trabajaban en el Banco Central de Bolivia (BCB), uno de ellos es el expresidente del BCB, Edwin Rojas. Desde la Fiscal\u00eda informaron que se tiene elementos de convicci\u00f3n de que estas personas realizaron transacciones irregulares cuando...\" \/>\n<meta property=\"og:url\" content=\"https:\/\/innoticiasbo.com\/index.php\/2026\/04\/28\/aprehenden-al-expresidente-del-bcb-y-a-tres-exejecutivos-por-dano-economico\/\" \/>\n<meta property=\"og:site_name\" content=\"innoticiasbo.com\" \/>\n<meta property=\"article:publisher\" content=\"https:\/\/www.facebook.com\/innoticiasbolivia\" \/>\n<meta property=\"article:published_time\" content=\"2026-04-29T00:16:01+00:00\" \/>\n<meta property=\"og:image\" content=\"https:\/\/innoticiasbo.com\/wp-content\/uploads\/2026\/04\/image-326.png\" \/>\n\t<meta property=\"og:image:width\" content=\"992\" \/>\n\t<meta property=\"og:image:height\" content=\"558\" \/>\n\t<meta property=\"og:image:type\" content=\"image\/png\" \/>\n<meta name=\"author\" content=\"Prensa 11\" \/>\n<meta name=\"twitter:card\" content=\"summary_large_image\" \/>\n<meta name=\"twitter:creator\" content=\"@innoticiasbo\" \/>\n<meta name=\"twitter:site\" content=\"@innoticiasbo\" \/>\n<meta name=\"twitter:label1\" content=\"Escrito por\" \/>\n\t<meta name=\"twitter:data1\" content=\"Prensa 11\" \/>\n\t<meta name=\"twitter:label2\" content=\"Tiempo de lectura\" \/>\n\t<meta name=\"twitter:data2\" content=\"2 minutos\" \/>\n<script type=\"application\/ld+json\" class=\"yoast-schema-graph\">{\"@context\":\"https:\/\/schema.org\",\"@graph\":[{\"@type\":\"Article\",\"@id\":\"https:\/\/innoticiasbo.com\/index.php\/2026\/04\/28\/aprehenden-al-expresidente-del-bcb-y-a-tres-exejecutivos-por-dano-economico\/#article\",\"isPartOf\":{\"@id\":\"https:\/\/innoticiasbo.com\/index.php\/2026\/04\/28\/aprehenden-al-expresidente-del-bcb-y-a-tres-exejecutivos-por-dano-economico\/\"},\"author\":{\"name\":\"Prensa 11\",\"@id\":\"https:\/\/innoticiasbo.com\/#\/schema\/person\/0b28481e8d0316f83a13bc702311def5\"},\"headline\":\"APREHENDEN AL EXPRESIDENTE DEL BCB Y A TRES EXEJECUTIVOS POR DA\u00d1O ECON\u00d3MICO\",\"datePublished\":\"2026-04-29T00:16:01+00:00\",\"dateModified\":\"2026-04-29T00:16:01+00:00\",\"mainEntityOfPage\":{\"@id\":\"https:\/\/innoticiasbo.com\/index.php\/2026\/04\/28\/aprehenden-al-expresidente-del-bcb-y-a-tres-exejecutivos-por-dano-economico\/\"},\"wordCount\":259,\"commentCount\":0,\"publisher\":{\"@id\":\"https:\/\/innoticiasbo.com\/#organization\"},\"image\":{\"@id\":\"https:\/\/innoticiasbo.com\/index.php\/2026\/04\/28\/aprehenden-al-expresidente-del-bcb-y-a-tres-exejecutivos-por-dano-economico\/#primaryimage\"},\"thumbnailUrl\":\"https:\/\/i0.wp.com\/innoticiasbo.com\/wp-content\/uploads\/2026\/04\/image-326.png?fit=992%2C558&ssl=1\",\"keywords\":[\"aprehendidos\",\"aprehensi\u00f3n\",\"Bolivia\",\"da\u00f1o econ\u00f3mico\",\"econom\u00eda\",\"exejecutivos\",\"expresidente\"],\"articleSection\":[\"Econom\u00eda\"],\"inLanguage\":\"es\",\"potentialAction\":[{\"@type\":\"CommentAction\",\"name\":\"Comment\",\"target\":[\"https:\/\/innoticiasbo.com\/index.php\/2026\/04\/28\/aprehenden-al-expresidente-del-bcb-y-a-tres-exejecutivos-por-dano-economico\/#respond\"]}]},{\"@type\":\"WebPage\",\"@id\":\"https:\/\/innoticiasbo.com\/index.php\/2026\/04\/28\/aprehenden-al-expresidente-del-bcb-y-a-tres-exejecutivos-por-dano-economico\/\",\"url\":\"https:\/\/innoticiasbo.com\/index.php\/2026\/04\/28\/aprehenden-al-expresidente-del-bcb-y-a-tres-exejecutivos-por-dano-economico\/\",\"name\":\"APREHENDEN AL EXPRESIDENTE DEL BCB Y A TRES EXEJECUTIVOS POR DA\u00d1O ECON\u00d3MICO - innoticiasbo.com\",\"isPartOf\":{\"@id\":\"https:\/\/innoticiasbo.com\/#website\"},\"primaryImageOfPage\":{\"@id\":\"https:\/\/innoticiasbo.com\/index.php\/2026\/04\/28\/aprehenden-al-expresidente-del-bcb-y-a-tres-exejecutivos-por-dano-economico\/#primaryimage\"},\"image\":{\"@id\":\"https:\/\/innoticiasbo.com\/index.php\/2026\/04\/28\/aprehenden-al-expresidente-del-bcb-y-a-tres-exejecutivos-por-dano-economico\/#primaryimage\"},\"thumbnailUrl\":\"https:\/\/i0.wp.com\/innoticiasbo.com\/wp-content\/uploads\/2026\/04\/image-326.png?fit=992%2C558&ssl=1\",\"datePublished\":\"2026-04-29T00:16:01+00:00\",\"dateModified\":\"2026-04-29T00:16:01+00:00\",\"breadcrumb\":{\"@id\":\"https:\/\/innoticiasbo.com\/index.php\/2026\/04\/28\/aprehenden-al-expresidente-del-bcb-y-a-tres-exejecutivos-por-dano-economico\/#breadcrumb\"},\"inLanguage\":\"es\",\"potentialAction\":[{\"@type\":\"ReadAction\",\"target\":[\"https:\/\/innoticiasbo.com\/index.php\/2026\/04\/28\/aprehenden-al-expresidente-del-bcb-y-a-tres-exejecutivos-por-dano-economico\/\"]}]},{\"@type\":\"ImageObject\",\"inLanguage\":\"es\",\"@id\":\"https:\/\/innoticiasbo.com\/index.php\/2026\/04\/28\/aprehenden-al-expresidente-del-bcb-y-a-tres-exejecutivos-por-dano-economico\/#primaryimage\",\"url\":\"https:\/\/i0.wp.com\/innoticiasbo.com\/wp-content\/uploads\/2026\/04\/image-326.png?fit=992%2C558&ssl=1\",\"contentUrl\":\"https:\/\/i0.wp.com\/innoticiasbo.com\/wp-content\/uploads\/2026\/04\/image-326.png?fit=992%2C558&ssl=1\",\"width\":992,\"height\":558},{\"@type\":\"BreadcrumbList\",\"@id\":\"https:\/\/innoticiasbo.com\/index.php\/2026\/04\/28\/aprehenden-al-expresidente-del-bcb-y-a-tres-exejecutivos-por-dano-economico\/#breadcrumb\",\"itemListElement\":[{\"@type\":\"ListItem\",\"position\":1,\"name\":\"Portada\",\"item\":\"https:\/\/innoticiasbo.com\/\"},{\"@type\":\"ListItem\",\"position\":2,\"name\":\"APREHENDEN AL EXPRESIDENTE DEL BCB Y A TRES EXEJECUTIVOS POR DA\u00d1O ECON\u00d3MICO\"}]},{\"@type\":\"WebSite\",\"@id\":\"https:\/\/innoticiasbo.com\/#website\",\"url\":\"https:\/\/innoticiasbo.com\/\",\"name\":\"innoticiasbo.com\",\"description\":\"\",\"publisher\":{\"@id\":\"https:\/\/innoticiasbo.com\/#organization\"},\"potentialAction\":[{\"@type\":\"SearchAction\",\"target\":{\"@type\":\"EntryPoint\",\"urlTemplate\":\"https:\/\/innoticiasbo.com\/?s={search_term_string}\"},\"query-input\":{\"@type\":\"PropertyValueSpecification\",\"valueRequired\":true,\"valueName\":\"search_term_string\"}}],\"inLanguage\":\"es\"},{\"@type\":\"Organization\",\"@id\":\"https:\/\/innoticiasbo.com\/#organization\",\"name\":\"innoticiasbo.com\",\"url\":\"https:\/\/innoticiasbo.com\/\",\"logo\":{\"@type\":\"ImageObject\",\"inLanguage\":\"es\",\"@id\":\"https:\/\/innoticiasbo.com\/#\/schema\/logo\/image\/\",\"url\":\"https:\/\/i0.wp.com\/innoticiasbo.com\/wp-content\/uploads\/2026\/04\/cropped-IN-LOGO.png?fit=1476%2C1476&ssl=1\",\"contentUrl\":\"https:\/\/i0.wp.com\/innoticiasbo.com\/wp-content\/uploads\/2026\/04\/cropped-IN-LOGO.png?fit=1476%2C1476&ssl=1\",\"width\":1476,\"height\":1476,\"caption\":\"innoticiasbo.com\"},\"image\":{\"@id\":\"https:\/\/innoticiasbo.com\/#\/schema\/logo\/image\/\"},\"sameAs\":[\"https:\/\/www.facebook.com\/innoticiasbolivia\",\"https:\/\/x.com\/innoticiasbo\",\"https:\/\/www.instagram.com\/innoticiasbo\",\"https:\/\/www.youtube.com\/innoticiasbo\"]},{\"@type\":\"Person\",\"@id\":\"https:\/\/innoticiasbo.com\/#\/schema\/person\/0b28481e8d0316f83a13bc702311def5\",\"name\":\"Prensa 11\",\"image\":{\"@type\":\"ImageObject\",\"inLanguage\":\"es\",\"@id\":\"https:\/\/innoticiasbo.com\/#\/schema\/person\/image\/\",\"url\":\"https:\/\/secure.gravatar.com\/avatar\/696560c17349f1807a610bf83832bad0?s=96&d=mm&r=g\",\"contentUrl\":\"https:\/\/secure.gravatar.com\/avatar\/696560c17349f1807a610bf83832bad0?s=96&d=mm&r=g\",\"caption\":\"Prensa 11\"},\"sameAs\":[\"http:\/\/www.innoticiasbo.com\"],\"url\":\"https:\/\/innoticiasbo.com\/index.php\/author\/prensa-11\/\"}]}<\/script>\n<!-- \/ Yoast SEO plugin. -->","yoast_head_json":{"title":"APREHENDEN AL EXPRESIDENTE DEL BCB Y A TRES EXEJECUTIVOS POR DA\u00d1O ECON\u00d3MICO - innoticiasbo.com","robots":{"index":"index","follow":"follow","max-snippet":"max-snippet:-1","max-image-preview":"max-image-preview:large","max-video-preview":"max-video-preview:-1"},"canonical":"https:\/\/innoticiasbo.com\/index.php\/2026\/04\/28\/aprehenden-al-expresidente-del-bcb-y-a-tres-exejecutivos-por-dano-economico\/","og_locale":"es_ES","og_type":"article","og_title":"APREHENDEN AL EXPRESIDENTE DEL BCB Y A TRES EXEJECUTIVOS POR DA\u00d1O ECON\u00d3MICO - innoticiasbo.com","og_description":"Pa\u00eds, 28 de Abril de 2026.- En las \u00faltimas horas, se hizo la aprehensi\u00f3n de cuatro personas que anteriormente trabajaban en el Banco Central de Bolivia (BCB), uno de ellos es el expresidente del BCB, Edwin Rojas. Desde la Fiscal\u00eda informaron que se tiene elementos de convicci\u00f3n de que estas personas realizaron transacciones irregulares cuando...","og_url":"https:\/\/innoticiasbo.com\/index.php\/2026\/04\/28\/aprehenden-al-expresidente-del-bcb-y-a-tres-exejecutivos-por-dano-economico\/","og_site_name":"innoticiasbo.com","article_publisher":"https:\/\/www.facebook.com\/innoticiasbolivia","article_published_time":"2026-04-29T00:16:01+00:00","og_image":[{"width":992,"height":558,"url":"https:\/\/innoticiasbo.com\/wp-content\/uploads\/2026\/04\/image-326.png","type":"image\/png"}],"author":"Prensa 11","twitter_card":"summary_large_image","twitter_creator":"@innoticiasbo","twitter_site":"@innoticiasbo","twitter_misc":{"Escrito por":"Prensa 11","Tiempo de lectura":"2 minutos"},"schema":{"@context":"https:\/\/schema.org","@graph":[{"@type":"Article","@id":"https:\/\/innoticiasbo.com\/index.php\/2026\/04\/28\/aprehenden-al-expresidente-del-bcb-y-a-tres-exejecutivos-por-dano-economico\/#article","isPartOf":{"@id":"https:\/\/innoticiasbo.com\/index.php\/2026\/04\/28\/aprehenden-al-expresidente-del-bcb-y-a-tres-exejecutivos-por-dano-economico\/"},"author":{"name":"Prensa 11","@id":"https:\/\/innoticiasbo.com\/#\/schema\/person\/0b28481e8d0316f83a13bc702311def5"},"headline":"APREHENDEN AL EXPRESIDENTE DEL BCB Y A TRES EXEJECUTIVOS POR DA\u00d1O ECON\u00d3MICO","datePublished":"2026-04-29T00:16:01+00:00","dateModified":"2026-04-29T00:16:01+00:00","mainEntityOfPage":{"@id":"https:\/\/innoticiasbo.com\/index.php\/2026\/04\/28\/aprehenden-al-expresidente-del-bcb-y-a-tres-exejecutivos-por-dano-economico\/"},"wordCount":259,"commentCount":0,"publisher":{"@id":"https:\/\/innoticiasbo.com\/#organization"},"image":{"@id":"https:\/\/innoticiasbo.com\/index.php\/2026\/04\/28\/aprehenden-al-expresidente-del-bcb-y-a-tres-exejecutivos-por-dano-economico\/#primaryimage"},"thumbnailUrl":"https:\/\/i0.wp.com\/innoticiasbo.com\/wp-content\/uploads\/2026\/04\/image-326.png?fit=992%2C558&ssl=1","keywords":["aprehendidos","aprehensi\u00f3n","Bolivia","da\u00f1o econ\u00f3mico","econom\u00eda","exejecutivos","expresidente"],"articleSection":["Econom\u00eda"],"inLanguage":"es","potentialAction":[{"@type":"CommentAction","name":"Comment","target":["https:\/\/innoticiasbo.com\/index.php\/2026\/04\/28\/aprehenden-al-expresidente-del-bcb-y-a-tres-exejecutivos-por-dano-economico\/#respond"]}]},{"@type":"WebPage","@id":"https:\/\/innoticiasbo.com\/index.php\/2026\/04\/28\/aprehenden-al-expresidente-del-bcb-y-a-tres-exejecutivos-por-dano-economico\/","url":"https:\/\/innoticiasbo.com\/index.php\/2026\/04\/28\/aprehenden-al-expresidente-del-bcb-y-a-tres-exejecutivos-por-dano-economico\/","name":"APREHENDEN AL EXPRESIDENTE DEL BCB Y A TRES EXEJECUTIVOS POR DA\u00d1O ECON\u00d3MICO - innoticiasbo.com","isPartOf":{"@id":"https:\/\/innoticiasbo.com\/#website"},"primaryImageOfPage":{"@id":"https:\/\/innoticiasbo.com\/index.php\/2026\/04\/28\/aprehenden-al-expresidente-del-bcb-y-a-tres-exejecutivos-por-dano-economico\/#primaryimage"},"image":{"@id":"https:\/\/innoticiasbo.com\/index.php\/2026\/04\/28\/aprehenden-al-expresidente-del-bcb-y-a-tres-exejecutivos-por-dano-economico\/#primaryimage"},"thumbnailUrl":"https:\/\/i0.wp.com\/innoticiasbo.com\/wp-content\/uploads\/2026\/04\/image-326.png?fit=992%2C558&ssl=1","datePublished":"2026-04-29T00:16:01+00:00","dateModified":"2026-04-29T00:16:01+00:00","breadcrumb":{"@id":"https:\/\/innoticiasbo.com\/index.php\/2026\/04\/28\/aprehenden-al-expresidente-del-bcb-y-a-tres-exejecutivos-por-dano-economico\/#breadcrumb"},"inLanguage":"es","potentialAction":[{"@type":"ReadAction","target":["https:\/\/innoticiasbo.com\/index.php\/2026\/04\/28\/aprehenden-al-expresidente-del-bcb-y-a-tres-exejecutivos-por-dano-economico\/"]}]},{"@type":"ImageObject","inLanguage":"es","@id":"https:\/\/innoticiasbo.com\/index.php\/2026\/04\/28\/aprehenden-al-expresidente-del-bcb-y-a-tres-exejecutivos-por-dano-economico\/#primaryimage","url":"https:\/\/i0.wp.com\/innoticiasbo.com\/wp-content\/uploads\/2026\/04\/image-326.png?fit=992%2C558&ssl=1","contentUrl":"https:\/\/i0.wp.com\/innoticiasbo.com\/wp-content\/uploads\/2026\/04\/image-326.png?fit=992%2C558&ssl=1","width":992,"height":558},{"@type":"BreadcrumbList","@id":"https:\/\/innoticiasbo.com\/index.php\/2026\/04\/28\/aprehenden-al-expresidente-del-bcb-y-a-tres-exejecutivos-por-dano-economico\/#breadcrumb","itemListElement":[{"@type":"ListItem","position":1,"name":"Portada","item":"https:\/\/innoticiasbo.com\/"},{"@type":"ListItem","position":2,"name":"APREHENDEN AL EXPRESIDENTE DEL BCB Y A TRES EXEJECUTIVOS POR DA\u00d1O ECON\u00d3MICO"}]},{"@type":"WebSite","@id":"https:\/\/innoticiasbo.com\/#website","url":"https:\/\/innoticiasbo.com\/","name":"innoticiasbo.com","description":"","publisher":{"@id":"https:\/\/innoticiasbo.com\/#organization"},"potentialAction":[{"@type":"SearchAction","target":{"@type":"EntryPoint","urlTemplate":"https:\/\/innoticiasbo.com\/?s={search_term_string}"},"query-input":{"@type":"PropertyValueSpecification","valueRequired":true,"valueName":"search_term_string"}}],"inLanguage":"es"},{"@type":"Organization","@id":"https:\/\/innoticiasbo.com\/#organization","name":"innoticiasbo.com","url":"https:\/\/innoticiasbo.com\/","logo":{"@type":"ImageObject","inLanguage":"es","@id":"https:\/\/innoticiasbo.com\/#\/schema\/logo\/image\/","url":"https:\/\/i0.wp.com\/innoticiasbo.com\/wp-content\/uploads\/2026\/04\/cropped-IN-LOGO.png?fit=1476%2C1476&ssl=1","contentUrl":"https:\/\/i0.wp.com\/innoticiasbo.com\/wp-content\/uploads\/2026\/04\/cropped-IN-LOGO.png?fit=1476%2C1476&ssl=1","width":1476,"height":1476,"caption":"innoticiasbo.com"},"image":{"@id":"https:\/\/innoticiasbo.com\/#\/schema\/logo\/image\/"},"sameAs":["https:\/\/www.facebook.com\/innoticiasbolivia","https:\/\/x.com\/innoticiasbo","https:\/\/www.instagram.com\/innoticiasbo","https:\/\/www.youtube.com\/innoticiasbo"]},{"@type":"Person","@id":"https:\/\/innoticiasbo.com\/#\/schema\/person\/0b28481e8d0316f83a13bc702311def5","name":"Prensa 11","image":{"@type":"ImageObject","inLanguage":"es","@id":"https:\/\/innoticiasbo.com\/#\/schema\/person\/image\/","url":"https:\/\/secure.gravatar.com\/avatar\/696560c17349f1807a610bf83832bad0?s=96&d=mm&r=g","contentUrl":"https:\/\/secure.gravatar.com\/avatar\/696560c17349f1807a610bf83832bad0?s=96&d=mm&r=g","caption":"Prensa 11"},"sameAs":["http:\/\/www.innoticiasbo.com"],"url":"https:\/\/innoticiasbo.com\/index.php\/author\/prensa-11\/"}]}},"jetpack_featured_media_url":"https:\/\/i0.wp.com\/innoticiasbo.com\/wp-content\/uploads\/2026\/04\/image-326.png?fit=992%2C558&ssl=1","jetpack_likes_enabled":true,"jetpack_sharing_enabled":true,"jetpack_shortlink":"https:\/\/wp.me\/pg298x-2ZQ","_links":{"self":[{"href":"https:\/\/innoticiasbo.com\/index.php\/wp-json\/wp\/v2\/posts\/11522","targetHints":{"allow":["GET"]}}],"collection":[{"href":"https:\/\/innoticiasbo.com\/index.php\/wp-json\/wp\/v2\/posts"}],"about":[{"href":"https:\/\/innoticiasbo.com\/index.php\/wp-json\/wp\/v2\/types\/post"}],"author":[{"embeddable":true,"href":"https:\/\/innoticiasbo.com\/index.php\/wp-json\/wp\/v2\/users\/11"}],"replies":[{"embeddable":true,"href":"https:\/\/innoticiasbo.com\/index.php\/wp-json\/wp\/v2\/comments?post=11522"}],"version-history":[{"count":1,"href":"https:\/\/innoticiasbo.com\/index.php\/wp-json\/wp\/v2\/posts\/11522\/revisions"}],"predecessor-version":[{"id":11524,"href":"https:\/\/innoticiasbo.com\/index.php\/wp-json\/wp\/v2\/posts\/11522\/revisions\/11524"}],"wp:featuredmedia":[{"embeddable":true,"href":"https:\/\/innoticiasbo.com\/index.php\/wp-json\/wp\/v2\/media\/11523"}],"wp:attachment":[{"href":"https:\/\/innoticiasbo.com\/index.php\/wp-json\/wp\/v2\/media?parent=11522"}],"wp:term":[{"taxonomy":"category","embeddable":true,"href":"https:\/\/innoticiasbo.com\/index.php\/wp-json\/wp\/v2\/categories?post=11522"},{"taxonomy":"post_tag","embeddable":true,"href":"https:\/\/innoticiasbo.com\/index.php\/wp-json\/wp\/v2\/tags?post=11522"}],"curies":[{"name":"wp","href":"https:\/\/api.w.org\/{rel}","templated":true}]}}