{"id":11498,"date":"2026-04-28T11:23:09","date_gmt":"2026-04-28T15:23:09","guid":{"rendered":"https:\/\/innoticiasbo.com\/?p=11498"},"modified":"2026-04-28T11:23:11","modified_gmt":"2026-04-28T15:23:11","slug":"la-leche-sube-en-mercados-tras-eliminacion-de-la-banda-de-precios","status":"publish","type":"post","link":"https:\/\/innoticiasbo.com\/index.php\/2026\/04\/28\/la-leche-sube-en-mercados-tras-eliminacion-de-la-banda-de-precios\/","title":{"rendered":"LA LECHE SUBE EN MERCADOS TRAS ELIMINACI\u00d3N DE LA BANDA DE PRECIOS"},"content":{"rendered":"\n<figure class=\"wp-block-image size-large\"><img data-recalc-dims=\"1\" loading=\"lazy\" decoding=\"async\" width=\"640\" height=\"360\" src=\"https:\/\/i0.wp.com\/innoticiasbo.com\/wp-content\/uploads\/2026\/04\/image-320.png?resize=640%2C360&#038;ssl=1\" alt=\"\" class=\"wp-image-11499\" srcset=\"https:\/\/i0.wp.com\/innoticiasbo.com\/wp-content\/uploads\/2026\/04\/image-320.png?resize=1024%2C576&amp;ssl=1 1024w, https:\/\/i0.wp.com\/innoticiasbo.com\/wp-content\/uploads\/2026\/04\/image-320.png?resize=300%2C169&amp;ssl=1 300w, https:\/\/i0.wp.com\/innoticiasbo.com\/wp-content\/uploads\/2026\/04\/image-320.png?resize=768%2C432&amp;ssl=1 768w, https:\/\/i0.wp.com\/innoticiasbo.com\/wp-content\/uploads\/2026\/04\/image-320.png?w=1200&amp;ssl=1 1200w\" sizes=\"auto, (max-width: 640px) 100vw, 640px\" \/><\/figure>\n\n\n\n<p><strong>Pa\u00eds, 28 de Abril de 2026.-<\/strong> El precio del alimento y sus derivados registra incrementos en los mercados del pa\u00eds, en un contexto en el que el Gobierno dej\u00f3 sin efecto la banda de precios que regulaba la cadena l\u00e1ctea.<\/p>\n\n\n\n<p>Sigue el alza de precios de algunos art\u00edculos de primera necesidad. En la actualidad, la leche se comercializa alrededor de 9 bolivianos por litro y registra incrementos continuos \u2014seg\u00fan comerciantes\u2014 en mercados del pa\u00eds, en un escenario marcado por la eliminaci\u00f3n de la banda de precios que regulaba la cadena l\u00e1ctea.<\/p>\n\n\n\n<p>La medida fue establecida mediante una resoluci\u00f3n del Ministerio de Desarrollo Productivo y Econom\u00eda Plural, que <strong>anul\u00f3 la Resoluci\u00f3n Bi-Ministerial 003\/2025, norma que fijaba rangos de referencia para la comercializaci\u00f3n.<\/strong> En paralelo, se instruy\u00f3 a Pro-Bolivia implementar un sistema de monitoreo de precios y conformar una mesa de coordinaci\u00f3n con actores del sector.<\/p>\n\n\n\n<p>En los mercados, los precios muestran variaciones. De acuerdo con el sondeo realizado por una cadena televisiva, la leche se comercializa alrededor de&nbsp;9 bolivianos por litro, <strong>mientras que el queso alcanza hasta&nbsp;54 bolivianos, dependiendo del peso y la procedencia.<\/strong> Comerciantes consultados se\u00f1alan que los incrementos se han registrado de forma progresiva en las \u00faltimas semanas.<\/p>\n\n\n\n<p>Entre los factores mencionados por los vendedores est\u00e1 la reducci\u00f3n de la oferta durante la temporada de invierno, que incide en la producci\u00f3n y disponibilidad del producto. <strong>Tambi\u00e9n indican que los precios tienden a ajustarse seg\u00fan el origen y el volumen de comercializaci\u00f3n.<\/strong><\/p>\n\n\n\n<p>La resoluci\u00f3n vigente no establece nuevos rangos de precios, sino que plantea un esquema de seguimiento y coordinaci\u00f3n. <strong>Hasta el momento, estas disposiciones no se reflejan en controles directos en los puntos de venta en los diferentes mercados.<\/strong><\/p>\n\n\n\n<p>La eliminaci\u00f3n de la banda de precios responde a un pedido sostenido del sector lechero, que en los \u00faltimos meses advirti\u00f3 una ca\u00edda en la producci\u00f3n y en la cantidad de productores.<\/p>\n\n\n\n<p>De acuerdo con productores organizados, la producci\u00f3n nacional se redujo en los \u00faltimos a\u00f1os y<strong> varias unidades productivas dejaron de operar, en un contexto que atribuyen, entre otros factores, a la regulaci\u00f3n vigente desde 2012.<\/strong><\/p>\n\n\n\n<p>El sector se\u00f1ala que los precios fijados dentro de la banda no cubr\u00edan los costos de producci\u00f3n, afectados por el encarecimiento de insumos, transporte y alimentaci\u00f3n del ganado.<\/p>\n\n\n\n<p>Tambi\u00e9n sostienen que la regulaci\u00f3n limitaba la rentabilidad y desincentivaba la inversi\u00f3n, lo que habr\u00eda incidido en un retroceso progresivo de la actividad.<\/p>\n\n\n\n<p>En ese escenario, los productores plantearon eliminar la banda de precios y permitir que el mercado funcione bajo condiciones de oferta y demanda, como una forma de recuperar la producci\u00f3n y sostener el abastecimiento interno.<\/p>\n\n\n\n<p>Fuente: El Deber<\/p>\n","protected":false},"excerpt":{"rendered":"<p>Pa\u00eds, 28 de Abril de 2026.- El precio del alimento y sus derivados registra incrementos en los mercados del pa\u00eds, en un contexto en el que el Gobierno dej\u00f3 sin efecto la banda de precios que regulaba la cadena l\u00e1ctea. Sigue el alza de precios de algunos art\u00edculos de primera necesidad. En la actualidad, la&#8230;<\/p>\n","protected":false},"author":11,"featured_media":11499,"comment_status":"open","ping_status":"open","sticky":false,"template":"","format":"standard","meta":{"_jetpack_memberships_contains_paid_content":false,"footnotes":"","jetpack_publicize_message":"","jetpack_publicize_feature_enabled":true,"jetpack_social_post_already_shared":true,"jetpack_social_options":{"image_generator_settings":{"template":"highway","enabled":false},"version":2}},"categories":[16],"tags":[2718,7,2102,18,2716,2717,594],"class_list":["post-11498","post","type-post","status-publish","format-standard","has-post-thumbnail","hentry","category-economia","tag-aumento-de-precios","tag-bolivia","tag-crisis-economica","tag-economia","tag-leche","tag-precio-de-la-leche","tag-precios"],"jetpack_publicize_connections":[],"yoast_head":"<!-- This site is optimized with the Yoast SEO plugin v23.4 - https:\/\/yoast.com\/wordpress\/plugins\/seo\/ -->\n<title>LA LECHE SUBE EN MERCADOS TRAS ELIMINACI\u00d3N DE LA BANDA DE PRECIOS - innoticiasbo.com<\/title>\n<meta name=\"robots\" content=\"index, follow, max-snippet:-1, max-image-preview:large, max-video-preview:-1\" \/>\n<link rel=\"canonical\" href=\"https:\/\/innoticiasbo.com\/index.php\/2026\/04\/28\/la-leche-sube-en-mercados-tras-eliminacion-de-la-banda-de-precios\/\" \/>\n<meta property=\"og:locale\" content=\"es_ES\" \/>\n<meta property=\"og:type\" content=\"article\" \/>\n<meta property=\"og:title\" content=\"LA LECHE SUBE EN MERCADOS TRAS ELIMINACI\u00d3N DE LA BANDA DE PRECIOS - innoticiasbo.com\" \/>\n<meta property=\"og:description\" content=\"Pa\u00eds, 28 de Abril de 2026.- El precio del alimento y sus derivados registra incrementos en los mercados del pa\u00eds, en un contexto en el que el Gobierno dej\u00f3 sin efecto la banda de precios que regulaba la cadena l\u00e1ctea. Sigue el alza de precios de algunos art\u00edculos de primera necesidad. En la actualidad, la...\" \/>\n<meta property=\"og:url\" content=\"https:\/\/innoticiasbo.com\/index.php\/2026\/04\/28\/la-leche-sube-en-mercados-tras-eliminacion-de-la-banda-de-precios\/\" \/>\n<meta property=\"og:site_name\" content=\"innoticiasbo.com\" \/>\n<meta property=\"article:publisher\" content=\"https:\/\/www.facebook.com\/innoticiasbolivia\" \/>\n<meta property=\"article:published_time\" content=\"2026-04-28T15:23:09+00:00\" \/>\n<meta property=\"article:modified_time\" content=\"2026-04-28T15:23:11+00:00\" \/>\n<meta property=\"og:image\" content=\"https:\/\/innoticiasbo.com\/wp-content\/uploads\/2026\/04\/image-320.png\" \/>\n\t<meta property=\"og:image:width\" content=\"1200\" \/>\n\t<meta property=\"og:image:height\" content=\"675\" \/>\n\t<meta property=\"og:image:type\" content=\"image\/png\" \/>\n<meta name=\"author\" content=\"Prensa 11\" \/>\n<meta name=\"twitter:card\" content=\"summary_large_image\" \/>\n<meta name=\"twitter:creator\" content=\"@innoticiasbo\" \/>\n<meta name=\"twitter:site\" content=\"@innoticiasbo\" \/>\n<meta name=\"twitter:label1\" content=\"Escrito por\" \/>\n\t<meta name=\"twitter:data1\" content=\"Prensa 11\" \/>\n\t<meta name=\"twitter:label2\" content=\"Tiempo de lectura\" \/>\n\t<meta name=\"twitter:data2\" content=\"3 minutos\" \/>\n<script type=\"application\/ld+json\" class=\"yoast-schema-graph\">{\"@context\":\"https:\/\/schema.org\",\"@graph\":[{\"@type\":\"Article\",\"@id\":\"https:\/\/innoticiasbo.com\/index.php\/2026\/04\/28\/la-leche-sube-en-mercados-tras-eliminacion-de-la-banda-de-precios\/#article\",\"isPartOf\":{\"@id\":\"https:\/\/innoticiasbo.com\/index.php\/2026\/04\/28\/la-leche-sube-en-mercados-tras-eliminacion-de-la-banda-de-precios\/\"},\"author\":{\"name\":\"Prensa 11\",\"@id\":\"https:\/\/innoticiasbo.com\/#\/schema\/person\/0b28481e8d0316f83a13bc702311def5\"},\"headline\":\"LA LECHE SUBE EN MERCADOS TRAS ELIMINACI\u00d3N DE LA BANDA DE PRECIOS\",\"datePublished\":\"2026-04-28T15:23:09+00:00\",\"dateModified\":\"2026-04-28T15:23:11+00:00\",\"mainEntityOfPage\":{\"@id\":\"https:\/\/innoticiasbo.com\/index.php\/2026\/04\/28\/la-leche-sube-en-mercados-tras-eliminacion-de-la-banda-de-precios\/\"},\"wordCount\":483,\"commentCount\":0,\"publisher\":{\"@id\":\"https:\/\/innoticiasbo.com\/#organization\"},\"image\":{\"@id\":\"https:\/\/innoticiasbo.com\/index.php\/2026\/04\/28\/la-leche-sube-en-mercados-tras-eliminacion-de-la-banda-de-precios\/#primaryimage\"},\"thumbnailUrl\":\"https:\/\/i0.wp.com\/innoticiasbo.com\/wp-content\/uploads\/2026\/04\/image-320.png?fit=1200%2C675&ssl=1\",\"keywords\":[\"aumento de precios\",\"Bolivia\",\"crisis econ\u00f3mica\",\"econom\u00eda\",\"Leche\",\"Precio de la leche\",\"precios\"],\"articleSection\":[\"Econom\u00eda\"],\"inLanguage\":\"es\",\"potentialAction\":[{\"@type\":\"CommentAction\",\"name\":\"Comment\",\"target\":[\"https:\/\/innoticiasbo.com\/index.php\/2026\/04\/28\/la-leche-sube-en-mercados-tras-eliminacion-de-la-banda-de-precios\/#respond\"]}]},{\"@type\":\"WebPage\",\"@id\":\"https:\/\/innoticiasbo.com\/index.php\/2026\/04\/28\/la-leche-sube-en-mercados-tras-eliminacion-de-la-banda-de-precios\/\",\"url\":\"https:\/\/innoticiasbo.com\/index.php\/2026\/04\/28\/la-leche-sube-en-mercados-tras-eliminacion-de-la-banda-de-precios\/\",\"name\":\"LA LECHE SUBE EN MERCADOS TRAS ELIMINACI\u00d3N DE LA BANDA DE PRECIOS - innoticiasbo.com\",\"isPartOf\":{\"@id\":\"https:\/\/innoticiasbo.com\/#website\"},\"primaryImageOfPage\":{\"@id\":\"https:\/\/innoticiasbo.com\/index.php\/2026\/04\/28\/la-leche-sube-en-mercados-tras-eliminacion-de-la-banda-de-precios\/#primaryimage\"},\"image\":{\"@id\":\"https:\/\/innoticiasbo.com\/index.php\/2026\/04\/28\/la-leche-sube-en-mercados-tras-eliminacion-de-la-banda-de-precios\/#primaryimage\"},\"thumbnailUrl\":\"https:\/\/i0.wp.com\/innoticiasbo.com\/wp-content\/uploads\/2026\/04\/image-320.png?fit=1200%2C675&ssl=1\",\"datePublished\":\"2026-04-28T15:23:09+00:00\",\"dateModified\":\"2026-04-28T15:23:11+00:00\",\"breadcrumb\":{\"@id\":\"https:\/\/innoticiasbo.com\/index.php\/2026\/04\/28\/la-leche-sube-en-mercados-tras-eliminacion-de-la-banda-de-precios\/#breadcrumb\"},\"inLanguage\":\"es\",\"potentialAction\":[{\"@type\":\"ReadAction\",\"target\":[\"https:\/\/innoticiasbo.com\/index.php\/2026\/04\/28\/la-leche-sube-en-mercados-tras-eliminacion-de-la-banda-de-precios\/\"]}]},{\"@type\":\"ImageObject\",\"inLanguage\":\"es\",\"@id\":\"https:\/\/innoticiasbo.com\/index.php\/2026\/04\/28\/la-leche-sube-en-mercados-tras-eliminacion-de-la-banda-de-precios\/#primaryimage\",\"url\":\"https:\/\/i0.wp.com\/innoticiasbo.com\/wp-content\/uploads\/2026\/04\/image-320.png?fit=1200%2C675&ssl=1\",\"contentUrl\":\"https:\/\/i0.wp.com\/innoticiasbo.com\/wp-content\/uploads\/2026\/04\/image-320.png?fit=1200%2C675&ssl=1\",\"width\":1200,\"height\":675},{\"@type\":\"BreadcrumbList\",\"@id\":\"https:\/\/innoticiasbo.com\/index.php\/2026\/04\/28\/la-leche-sube-en-mercados-tras-eliminacion-de-la-banda-de-precios\/#breadcrumb\",\"itemListElement\":[{\"@type\":\"ListItem\",\"position\":1,\"name\":\"Portada\",\"item\":\"https:\/\/innoticiasbo.com\/\"},{\"@type\":\"ListItem\",\"position\":2,\"name\":\"LA LECHE SUBE EN MERCADOS TRAS ELIMINACI\u00d3N DE LA BANDA DE PRECIOS\"}]},{\"@type\":\"WebSite\",\"@id\":\"https:\/\/innoticiasbo.com\/#website\",\"url\":\"https:\/\/innoticiasbo.com\/\",\"name\":\"innoticiasbo.com\",\"description\":\"\",\"publisher\":{\"@id\":\"https:\/\/innoticiasbo.com\/#organization\"},\"potentialAction\":[{\"@type\":\"SearchAction\",\"target\":{\"@type\":\"EntryPoint\",\"urlTemplate\":\"https:\/\/innoticiasbo.com\/?s={search_term_string}\"},\"query-input\":{\"@type\":\"PropertyValueSpecification\",\"valueRequired\":true,\"valueName\":\"search_term_string\"}}],\"inLanguage\":\"es\"},{\"@type\":\"Organization\",\"@id\":\"https:\/\/innoticiasbo.com\/#organization\",\"name\":\"innoticiasbo.com\",\"url\":\"https:\/\/innoticiasbo.com\/\",\"logo\":{\"@type\":\"ImageObject\",\"inLanguage\":\"es\",\"@id\":\"https:\/\/innoticiasbo.com\/#\/schema\/logo\/image\/\",\"url\":\"https:\/\/i0.wp.com\/innoticiasbo.com\/wp-content\/uploads\/2026\/04\/cropped-IN-LOGO.png?fit=1476%2C1476&ssl=1\",\"contentUrl\":\"https:\/\/i0.wp.com\/innoticiasbo.com\/wp-content\/uploads\/2026\/04\/cropped-IN-LOGO.png?fit=1476%2C1476&ssl=1\",\"width\":1476,\"height\":1476,\"caption\":\"innoticiasbo.com\"},\"image\":{\"@id\":\"https:\/\/innoticiasbo.com\/#\/schema\/logo\/image\/\"},\"sameAs\":[\"https:\/\/www.facebook.com\/innoticiasbolivia\",\"https:\/\/x.com\/innoticiasbo\",\"https:\/\/www.instagram.com\/innoticiasbo\",\"https:\/\/www.youtube.com\/innoticiasbo\"]},{\"@type\":\"Person\",\"@id\":\"https:\/\/innoticiasbo.com\/#\/schema\/person\/0b28481e8d0316f83a13bc702311def5\",\"name\":\"Prensa 11\",\"image\":{\"@type\":\"ImageObject\",\"inLanguage\":\"es\",\"@id\":\"https:\/\/innoticiasbo.com\/#\/schema\/person\/image\/\",\"url\":\"https:\/\/secure.gravatar.com\/avatar\/696560c17349f1807a610bf83832bad0?s=96&d=mm&r=g\",\"contentUrl\":\"https:\/\/secure.gravatar.com\/avatar\/696560c17349f1807a610bf83832bad0?s=96&d=mm&r=g\",\"caption\":\"Prensa 11\"},\"sameAs\":[\"http:\/\/www.innoticiasbo.com\"],\"url\":\"https:\/\/innoticiasbo.com\/index.php\/author\/prensa-11\/\"}]}<\/script>\n<!-- \/ Yoast SEO plugin. -->","yoast_head_json":{"title":"LA LECHE SUBE EN MERCADOS TRAS ELIMINACI\u00d3N DE LA BANDA DE PRECIOS - innoticiasbo.com","robots":{"index":"index","follow":"follow","max-snippet":"max-snippet:-1","max-image-preview":"max-image-preview:large","max-video-preview":"max-video-preview:-1"},"canonical":"https:\/\/innoticiasbo.com\/index.php\/2026\/04\/28\/la-leche-sube-en-mercados-tras-eliminacion-de-la-banda-de-precios\/","og_locale":"es_ES","og_type":"article","og_title":"LA LECHE SUBE EN MERCADOS TRAS ELIMINACI\u00d3N DE LA BANDA DE PRECIOS - innoticiasbo.com","og_description":"Pa\u00eds, 28 de Abril de 2026.- El precio del alimento y sus derivados registra incrementos en los mercados del pa\u00eds, en un contexto en el que el Gobierno dej\u00f3 sin efecto la banda de precios que regulaba la cadena l\u00e1ctea. Sigue el alza de precios de algunos art\u00edculos de primera necesidad. En la actualidad, la...","og_url":"https:\/\/innoticiasbo.com\/index.php\/2026\/04\/28\/la-leche-sube-en-mercados-tras-eliminacion-de-la-banda-de-precios\/","og_site_name":"innoticiasbo.com","article_publisher":"https:\/\/www.facebook.com\/innoticiasbolivia","article_published_time":"2026-04-28T15:23:09+00:00","article_modified_time":"2026-04-28T15:23:11+00:00","og_image":[{"width":1200,"height":675,"url":"https:\/\/innoticiasbo.com\/wp-content\/uploads\/2026\/04\/image-320.png","type":"image\/png"}],"author":"Prensa 11","twitter_card":"summary_large_image","twitter_creator":"@innoticiasbo","twitter_site":"@innoticiasbo","twitter_misc":{"Escrito por":"Prensa 11","Tiempo de lectura":"3 minutos"},"schema":{"@context":"https:\/\/schema.org","@graph":[{"@type":"Article","@id":"https:\/\/innoticiasbo.com\/index.php\/2026\/04\/28\/la-leche-sube-en-mercados-tras-eliminacion-de-la-banda-de-precios\/#article","isPartOf":{"@id":"https:\/\/innoticiasbo.com\/index.php\/2026\/04\/28\/la-leche-sube-en-mercados-tras-eliminacion-de-la-banda-de-precios\/"},"author":{"name":"Prensa 11","@id":"https:\/\/innoticiasbo.com\/#\/schema\/person\/0b28481e8d0316f83a13bc702311def5"},"headline":"LA LECHE SUBE EN MERCADOS TRAS ELIMINACI\u00d3N DE LA BANDA DE PRECIOS","datePublished":"2026-04-28T15:23:09+00:00","dateModified":"2026-04-28T15:23:11+00:00","mainEntityOfPage":{"@id":"https:\/\/innoticiasbo.com\/index.php\/2026\/04\/28\/la-leche-sube-en-mercados-tras-eliminacion-de-la-banda-de-precios\/"},"wordCount":483,"commentCount":0,"publisher":{"@id":"https:\/\/innoticiasbo.com\/#organization"},"image":{"@id":"https:\/\/innoticiasbo.com\/index.php\/2026\/04\/28\/la-leche-sube-en-mercados-tras-eliminacion-de-la-banda-de-precios\/#primaryimage"},"thumbnailUrl":"https:\/\/i0.wp.com\/innoticiasbo.com\/wp-content\/uploads\/2026\/04\/image-320.png?fit=1200%2C675&ssl=1","keywords":["aumento de precios","Bolivia","crisis econ\u00f3mica","econom\u00eda","Leche","Precio de la leche","precios"],"articleSection":["Econom\u00eda"],"inLanguage":"es","potentialAction":[{"@type":"CommentAction","name":"Comment","target":["https:\/\/innoticiasbo.com\/index.php\/2026\/04\/28\/la-leche-sube-en-mercados-tras-eliminacion-de-la-banda-de-precios\/#respond"]}]},{"@type":"WebPage","@id":"https:\/\/innoticiasbo.com\/index.php\/2026\/04\/28\/la-leche-sube-en-mercados-tras-eliminacion-de-la-banda-de-precios\/","url":"https:\/\/innoticiasbo.com\/index.php\/2026\/04\/28\/la-leche-sube-en-mercados-tras-eliminacion-de-la-banda-de-precios\/","name":"LA LECHE SUBE EN MERCADOS TRAS ELIMINACI\u00d3N DE LA BANDA DE PRECIOS - innoticiasbo.com","isPartOf":{"@id":"https:\/\/innoticiasbo.com\/#website"},"primaryImageOfPage":{"@id":"https:\/\/innoticiasbo.com\/index.php\/2026\/04\/28\/la-leche-sube-en-mercados-tras-eliminacion-de-la-banda-de-precios\/#primaryimage"},"image":{"@id":"https:\/\/innoticiasbo.com\/index.php\/2026\/04\/28\/la-leche-sube-en-mercados-tras-eliminacion-de-la-banda-de-precios\/#primaryimage"},"thumbnailUrl":"https:\/\/i0.wp.com\/innoticiasbo.com\/wp-content\/uploads\/2026\/04\/image-320.png?fit=1200%2C675&ssl=1","datePublished":"2026-04-28T15:23:09+00:00","dateModified":"2026-04-28T15:23:11+00:00","breadcrumb":{"@id":"https:\/\/innoticiasbo.com\/index.php\/2026\/04\/28\/la-leche-sube-en-mercados-tras-eliminacion-de-la-banda-de-precios\/#breadcrumb"},"inLanguage":"es","potentialAction":[{"@type":"ReadAction","target":["https:\/\/innoticiasbo.com\/index.php\/2026\/04\/28\/la-leche-sube-en-mercados-tras-eliminacion-de-la-banda-de-precios\/"]}]},{"@type":"ImageObject","inLanguage":"es","@id":"https:\/\/innoticiasbo.com\/index.php\/2026\/04\/28\/la-leche-sube-en-mercados-tras-eliminacion-de-la-banda-de-precios\/#primaryimage","url":"https:\/\/i0.wp.com\/innoticiasbo.com\/wp-content\/uploads\/2026\/04\/image-320.png?fit=1200%2C675&ssl=1","contentUrl":"https:\/\/i0.wp.com\/innoticiasbo.com\/wp-content\/uploads\/2026\/04\/image-320.png?fit=1200%2C675&ssl=1","width":1200,"height":675},{"@type":"BreadcrumbList","@id":"https:\/\/innoticiasbo.com\/index.php\/2026\/04\/28\/la-leche-sube-en-mercados-tras-eliminacion-de-la-banda-de-precios\/#breadcrumb","itemListElement":[{"@type":"ListItem","position":1,"name":"Portada","item":"https:\/\/innoticiasbo.com\/"},{"@type":"ListItem","position":2,"name":"LA LECHE SUBE EN MERCADOS TRAS ELIMINACI\u00d3N DE LA BANDA DE PRECIOS"}]},{"@type":"WebSite","@id":"https:\/\/innoticiasbo.com\/#website","url":"https:\/\/innoticiasbo.com\/","name":"innoticiasbo.com","description":"","publisher":{"@id":"https:\/\/innoticiasbo.com\/#organization"},"potentialAction":[{"@type":"SearchAction","target":{"@type":"EntryPoint","urlTemplate":"https:\/\/innoticiasbo.com\/?s={search_term_string}"},"query-input":{"@type":"PropertyValueSpecification","valueRequired":true,"valueName":"search_term_string"}}],"inLanguage":"es"},{"@type":"Organization","@id":"https:\/\/innoticiasbo.com\/#organization","name":"innoticiasbo.com","url":"https:\/\/innoticiasbo.com\/","logo":{"@type":"ImageObject","inLanguage":"es","@id":"https:\/\/innoticiasbo.com\/#\/schema\/logo\/image\/","url":"https:\/\/i0.wp.com\/innoticiasbo.com\/wp-content\/uploads\/2026\/04\/cropped-IN-LOGO.png?fit=1476%2C1476&ssl=1","contentUrl":"https:\/\/i0.wp.com\/innoticiasbo.com\/wp-content\/uploads\/2026\/04\/cropped-IN-LOGO.png?fit=1476%2C1476&ssl=1","width":1476,"height":1476,"caption":"innoticiasbo.com"},"image":{"@id":"https:\/\/innoticiasbo.com\/#\/schema\/logo\/image\/"},"sameAs":["https:\/\/www.facebook.com\/innoticiasbolivia","https:\/\/x.com\/innoticiasbo","https:\/\/www.instagram.com\/innoticiasbo","https:\/\/www.youtube.com\/innoticiasbo"]},{"@type":"Person","@id":"https:\/\/innoticiasbo.com\/#\/schema\/person\/0b28481e8d0316f83a13bc702311def5","name":"Prensa 11","image":{"@type":"ImageObject","inLanguage":"es","@id":"https:\/\/innoticiasbo.com\/#\/schema\/person\/image\/","url":"https:\/\/secure.gravatar.com\/avatar\/696560c17349f1807a610bf83832bad0?s=96&d=mm&r=g","contentUrl":"https:\/\/secure.gravatar.com\/avatar\/696560c17349f1807a610bf83832bad0?s=96&d=mm&r=g","caption":"Prensa 11"},"sameAs":["http:\/\/www.innoticiasbo.com"],"url":"https:\/\/innoticiasbo.com\/index.php\/author\/prensa-11\/"}]}},"jetpack_featured_media_url":"https:\/\/i0.wp.com\/innoticiasbo.com\/wp-content\/uploads\/2026\/04\/image-320.png?fit=1200%2C675&ssl=1","jetpack_likes_enabled":true,"jetpack_sharing_enabled":true,"jetpack_shortlink":"https:\/\/wp.me\/pg298x-2Zs","_links":{"self":[{"href":"https:\/\/innoticiasbo.com\/index.php\/wp-json\/wp\/v2\/posts\/11498","targetHints":{"allow":["GET"]}}],"collection":[{"href":"https:\/\/innoticiasbo.com\/index.php\/wp-json\/wp\/v2\/posts"}],"about":[{"href":"https:\/\/innoticiasbo.com\/index.php\/wp-json\/wp\/v2\/types\/post"}],"author":[{"embeddable":true,"href":"https:\/\/innoticiasbo.com\/index.php\/wp-json\/wp\/v2\/users\/11"}],"replies":[{"embeddable":true,"href":"https:\/\/innoticiasbo.com\/index.php\/wp-json\/wp\/v2\/comments?post=11498"}],"version-history":[{"count":1,"href":"https:\/\/innoticiasbo.com\/index.php\/wp-json\/wp\/v2\/posts\/11498\/revisions"}],"predecessor-version":[{"id":11500,"href":"https:\/\/innoticiasbo.com\/index.php\/wp-json\/wp\/v2\/posts\/11498\/revisions\/11500"}],"wp:featuredmedia":[{"embeddable":true,"href":"https:\/\/innoticiasbo.com\/index.php\/wp-json\/wp\/v2\/media\/11499"}],"wp:attachment":[{"href":"https:\/\/innoticiasbo.com\/index.php\/wp-json\/wp\/v2\/media?parent=11498"}],"wp:term":[{"taxonomy":"category","embeddable":true,"href":"https:\/\/innoticiasbo.com\/index.php\/wp-json\/wp\/v2\/categories?post=11498"},{"taxonomy":"post_tag","embeddable":true,"href":"https:\/\/innoticiasbo.com\/index.php\/wp-json\/wp\/v2\/tags?post=11498"}],"curies":[{"name":"wp","href":"https:\/\/api.w.org\/{rel}","templated":true}]}}