{"id":11492,"date":"2026-04-28T10:54:09","date_gmt":"2026-04-28T14:54:09","guid":{"rendered":"https:\/\/innoticiasbo.com\/?p=11492"},"modified":"2026-04-28T10:54:10","modified_gmt":"2026-04-28T14:54:10","slug":"la-ilusion-de-biodiesel-por-sustitucion-no-es-real-advierten-que-plantas-carecen-de-materia-prima","status":"publish","type":"post","link":"https:\/\/innoticiasbo.com\/index.php\/2026\/04\/28\/la-ilusion-de-biodiesel-por-sustitucion-no-es-real-advierten-que-plantas-carecen-de-materia-prima\/","title":{"rendered":"\u00abLA ILUSI\u00d3N DE BIODI\u00c9SEL POR SUSTITUCI\u00d3N NO ES REAL\u00bb: ADVIERTEN QUE PLANTAS CARECEN DE MATERIA PRIMA"},"content":{"rendered":"\n<figure class=\"wp-block-image size-full is-resized\"><img data-recalc-dims=\"1\" loading=\"lazy\" decoding=\"async\" width=\"640\" height=\"356\" src=\"https:\/\/i0.wp.com\/innoticiasbo.com\/wp-content\/uploads\/2026\/04\/image-318.png?resize=640%2C356&#038;ssl=1\" alt=\"\" class=\"wp-image-11493\" style=\"width:840px;height:auto\" srcset=\"https:\/\/i0.wp.com\/innoticiasbo.com\/wp-content\/uploads\/2026\/04\/image-318.png?w=720&amp;ssl=1 720w, https:\/\/i0.wp.com\/innoticiasbo.com\/wp-content\/uploads\/2026\/04\/image-318.png?resize=300%2C167&amp;ssl=1 300w\" sizes=\"auto, (max-width: 640px) 100vw, 640px\" \/><\/figure>\n\n\n\n<p><strong>Pa\u00eds, 28 de Abril de 2026.-<\/strong> En el marco de las empresas deficitarias, el director ejecutivo de la Oficina T\u00e9cnica para el Fortalecimiento de la Empresa P\u00fablica (OFEP), Pablo Camacho, expuso que las plantas de biodi\u00e9sel cuentan con serios problemas, ya que no tienen\u00a0el insumo vital para funcionar.\u00a0<\/p>\n\n\n\n<p>Camacho expuso que el expresidente Luis Arce dijo en su momento que se estaba a punto de inaugurar una planta de biodi\u00e9sel en El Alto y otra que ya supuestamente funciona en el sur del pa\u00eds.<\/p>\n\n\n\n<p>No obstante, la planta procesadora de aceite vegetal y aditivos en Villamontes, Tarija, que es la que debe alimentar a dichas plantas, no cuenta con la materia prima. Esta planta tiene una inversi\u00f3n de Bs 81,4 millones. La piedra fundamental para su construcci\u00f3n fue anunciada en agosto del 2023.<\/p>\n\n\n\n<p>Dicha planta se enfoca en la producci\u00f3n de aceite crudo a partir de cultivos como el macoror\u00f3 y jatropha. Su funci\u00f3n es enviar aceite crudo a las plantas de Santa Cruz y El Alto.<\/p>\n\n\n\n<p>\u201c\u00bfCu\u00e1l es&nbsp;el problema?, que vamos a recibir una planta en las pr\u00f3ximas semanas, pero el macoror\u00f3 tarda m\u00e1s o menos cuatro a\u00f1os en&nbsp;ser cosechable. La palma africana, m\u00e1s o menos siete a\u00f1os. \u00bfQu\u00e9 hacemos con&nbsp;estas plantas (de biodi\u00e9sel)?\u201d, sostuvo Camacho a <strong>Urgente.bo.<\/strong><\/p>\n\n\n\n<p>En ese sentido, mencion\u00f3 que la ilusi\u00f3n de encontrar biodi\u00e9sel por sustituci\u00f3n, enganchados a temas ecol\u00f3gicos y medioambientales, no es real. \u201cNinguna de&nbsp;las plantas tiene materia prima\u201d.<\/p>\n\n\n\n<p>La planta de Biodi\u00e9sel II H\u00e9roes de Senkata comenz\u00f3 su construcci\u00f3n en agosto del 2023, con una inversi\u00f3n estimada de 40 a 65 millones de d\u00f3lares, con una capacidad estimada de 1.500 barriles por d\u00eda. La planta de biodi\u00e9sel en Santa Cruz est\u00e1 operativa desde el 2024.<\/p>\n\n\n\n<p>Fuente: Urgente.bo<\/p>\n","protected":false},"excerpt":{"rendered":"<p>Pa\u00eds, 28 de Abril de 2026.- En el marco de las empresas deficitarias, el director ejecutivo de la Oficina T\u00e9cnica para el Fortalecimiento de la Empresa P\u00fablica (OFEP), Pablo Camacho, expuso que las plantas de biodi\u00e9sel cuentan con serios problemas, ya que no tienen\u00a0el insumo vital para funcionar.\u00a0 Camacho expuso que el expresidente Luis Arce&#8230;<\/p>\n","protected":false},"author":11,"featured_media":11493,"comment_status":"open","ping_status":"open","sticky":false,"template":"","format":"standard","meta":{"_jetpack_memberships_contains_paid_content":false,"footnotes":"","jetpack_publicize_message":"","jetpack_publicize_feature_enabled":true,"jetpack_social_post_already_shared":true,"jetpack_social_options":{"image_generator_settings":{"template":"highway","enabled":false},"version":2}},"categories":[16],"tags":[2712,7,40,18,2714,2713,2656],"class_list":["post-11492","post","type-post","status-publish","format-standard","has-post-thumbnail","hentry","category-economia","tag-biodiesel","tag-bolivia","tag-combustible","tag-economia","tag-insuficiencia-de-materia-prima","tag-materia-prima","tag-ofep"],"jetpack_publicize_connections":[],"yoast_head":"<!-- This site is optimized with the Yoast SEO plugin v23.4 - https:\/\/yoast.com\/wordpress\/plugins\/seo\/ -->\n<title>&quot;LA ILUSI\u00d3N DE BIODI\u00c9SEL POR SUSTITUCI\u00d3N NO ES REAL&quot;: ADVIERTEN QUE PLANTAS CARECEN DE MATERIA PRIMA - innoticiasbo.com<\/title>\n<meta name=\"robots\" content=\"index, follow, max-snippet:-1, max-image-preview:large, max-video-preview:-1\" \/>\n<link rel=\"canonical\" href=\"https:\/\/innoticiasbo.com\/index.php\/2026\/04\/28\/la-ilusion-de-biodiesel-por-sustitucion-no-es-real-advierten-que-plantas-carecen-de-materia-prima\/\" \/>\n<meta property=\"og:locale\" content=\"es_ES\" \/>\n<meta property=\"og:type\" content=\"article\" \/>\n<meta property=\"og:title\" content=\"&quot;LA ILUSI\u00d3N DE BIODI\u00c9SEL POR SUSTITUCI\u00d3N NO ES REAL&quot;: ADVIERTEN QUE PLANTAS CARECEN DE MATERIA PRIMA - innoticiasbo.com\" \/>\n<meta property=\"og:description\" content=\"Pa\u00eds, 28 de Abril de 2026.- En el marco de las empresas deficitarias, el director ejecutivo de la Oficina T\u00e9cnica para el Fortalecimiento de la Empresa P\u00fablica (OFEP), Pablo Camacho, expuso que las plantas de biodi\u00e9sel cuentan con serios problemas, ya que no tienen\u00a0el insumo vital para funcionar.\u00a0 Camacho expuso que el expresidente Luis Arce...\" \/>\n<meta property=\"og:url\" content=\"https:\/\/innoticiasbo.com\/index.php\/2026\/04\/28\/la-ilusion-de-biodiesel-por-sustitucion-no-es-real-advierten-que-plantas-carecen-de-materia-prima\/\" \/>\n<meta property=\"og:site_name\" content=\"innoticiasbo.com\" \/>\n<meta property=\"article:publisher\" content=\"https:\/\/www.facebook.com\/innoticiasbolivia\" \/>\n<meta property=\"article:published_time\" content=\"2026-04-28T14:54:09+00:00\" \/>\n<meta property=\"article:modified_time\" content=\"2026-04-28T14:54:10+00:00\" \/>\n<meta property=\"og:image\" content=\"https:\/\/innoticiasbo.com\/wp-content\/uploads\/2026\/04\/image-318.png\" \/>\n\t<meta property=\"og:image:width\" content=\"720\" \/>\n\t<meta property=\"og:image:height\" content=\"400\" \/>\n\t<meta property=\"og:image:type\" content=\"image\/png\" \/>\n<meta name=\"author\" content=\"Prensa 11\" \/>\n<meta name=\"twitter:card\" content=\"summary_large_image\" \/>\n<meta name=\"twitter:creator\" content=\"@innoticiasbo\" \/>\n<meta name=\"twitter:site\" content=\"@innoticiasbo\" \/>\n<meta name=\"twitter:label1\" content=\"Escrito por\" \/>\n\t<meta name=\"twitter:data1\" content=\"Prensa 11\" \/>\n\t<meta name=\"twitter:label2\" content=\"Tiempo de lectura\" \/>\n\t<meta name=\"twitter:data2\" content=\"2 minutos\" \/>\n<script type=\"application\/ld+json\" class=\"yoast-schema-graph\">{\"@context\":\"https:\/\/schema.org\",\"@graph\":[{\"@type\":\"Article\",\"@id\":\"https:\/\/innoticiasbo.com\/index.php\/2026\/04\/28\/la-ilusion-de-biodiesel-por-sustitucion-no-es-real-advierten-que-plantas-carecen-de-materia-prima\/#article\",\"isPartOf\":{\"@id\":\"https:\/\/innoticiasbo.com\/index.php\/2026\/04\/28\/la-ilusion-de-biodiesel-por-sustitucion-no-es-real-advierten-que-plantas-carecen-de-materia-prima\/\"},\"author\":{\"name\":\"Prensa 11\",\"@id\":\"https:\/\/innoticiasbo.com\/#\/schema\/person\/0b28481e8d0316f83a13bc702311def5\"},\"headline\":\"\u00abLA ILUSI\u00d3N DE BIODI\u00c9SEL POR SUSTITUCI\u00d3N NO ES REAL\u00bb: ADVIERTEN QUE PLANTAS CARECEN DE MATERIA PRIMA\",\"datePublished\":\"2026-04-28T14:54:09+00:00\",\"dateModified\":\"2026-04-28T14:54:10+00:00\",\"mainEntityOfPage\":{\"@id\":\"https:\/\/innoticiasbo.com\/index.php\/2026\/04\/28\/la-ilusion-de-biodiesel-por-sustitucion-no-es-real-advierten-que-plantas-carecen-de-materia-prima\/\"},\"wordCount\":335,\"commentCount\":0,\"publisher\":{\"@id\":\"https:\/\/innoticiasbo.com\/#organization\"},\"image\":{\"@id\":\"https:\/\/innoticiasbo.com\/index.php\/2026\/04\/28\/la-ilusion-de-biodiesel-por-sustitucion-no-es-real-advierten-que-plantas-carecen-de-materia-prima\/#primaryimage\"},\"thumbnailUrl\":\"https:\/\/i0.wp.com\/innoticiasbo.com\/wp-content\/uploads\/2026\/04\/image-318.png?fit=720%2C400&ssl=1\",\"keywords\":[\"Biodi\u00e9sel\",\"Bolivia\",\"combustible\",\"econom\u00eda\",\"insuficiencia de materia prima\",\"materia prima\",\"OFEP\"],\"articleSection\":[\"Econom\u00eda\"],\"inLanguage\":\"es\",\"potentialAction\":[{\"@type\":\"CommentAction\",\"name\":\"Comment\",\"target\":[\"https:\/\/innoticiasbo.com\/index.php\/2026\/04\/28\/la-ilusion-de-biodiesel-por-sustitucion-no-es-real-advierten-que-plantas-carecen-de-materia-prima\/#respond\"]}]},{\"@type\":\"WebPage\",\"@id\":\"https:\/\/innoticiasbo.com\/index.php\/2026\/04\/28\/la-ilusion-de-biodiesel-por-sustitucion-no-es-real-advierten-que-plantas-carecen-de-materia-prima\/\",\"url\":\"https:\/\/innoticiasbo.com\/index.php\/2026\/04\/28\/la-ilusion-de-biodiesel-por-sustitucion-no-es-real-advierten-que-plantas-carecen-de-materia-prima\/\",\"name\":\"\\\"LA ILUSI\u00d3N DE BIODI\u00c9SEL POR SUSTITUCI\u00d3N NO ES REAL\\\": ADVIERTEN QUE PLANTAS CARECEN DE MATERIA PRIMA - innoticiasbo.com\",\"isPartOf\":{\"@id\":\"https:\/\/innoticiasbo.com\/#website\"},\"primaryImageOfPage\":{\"@id\":\"https:\/\/innoticiasbo.com\/index.php\/2026\/04\/28\/la-ilusion-de-biodiesel-por-sustitucion-no-es-real-advierten-que-plantas-carecen-de-materia-prima\/#primaryimage\"},\"image\":{\"@id\":\"https:\/\/innoticiasbo.com\/index.php\/2026\/04\/28\/la-ilusion-de-biodiesel-por-sustitucion-no-es-real-advierten-que-plantas-carecen-de-materia-prima\/#primaryimage\"},\"thumbnailUrl\":\"https:\/\/i0.wp.com\/innoticiasbo.com\/wp-content\/uploads\/2026\/04\/image-318.png?fit=720%2C400&ssl=1\",\"datePublished\":\"2026-04-28T14:54:09+00:00\",\"dateModified\":\"2026-04-28T14:54:10+00:00\",\"breadcrumb\":{\"@id\":\"https:\/\/innoticiasbo.com\/index.php\/2026\/04\/28\/la-ilusion-de-biodiesel-por-sustitucion-no-es-real-advierten-que-plantas-carecen-de-materia-prima\/#breadcrumb\"},\"inLanguage\":\"es\",\"potentialAction\":[{\"@type\":\"ReadAction\",\"target\":[\"https:\/\/innoticiasbo.com\/index.php\/2026\/04\/28\/la-ilusion-de-biodiesel-por-sustitucion-no-es-real-advierten-que-plantas-carecen-de-materia-prima\/\"]}]},{\"@type\":\"ImageObject\",\"inLanguage\":\"es\",\"@id\":\"https:\/\/innoticiasbo.com\/index.php\/2026\/04\/28\/la-ilusion-de-biodiesel-por-sustitucion-no-es-real-advierten-que-plantas-carecen-de-materia-prima\/#primaryimage\",\"url\":\"https:\/\/i0.wp.com\/innoticiasbo.com\/wp-content\/uploads\/2026\/04\/image-318.png?fit=720%2C400&ssl=1\",\"contentUrl\":\"https:\/\/i0.wp.com\/innoticiasbo.com\/wp-content\/uploads\/2026\/04\/image-318.png?fit=720%2C400&ssl=1\",\"width\":720,\"height\":400},{\"@type\":\"BreadcrumbList\",\"@id\":\"https:\/\/innoticiasbo.com\/index.php\/2026\/04\/28\/la-ilusion-de-biodiesel-por-sustitucion-no-es-real-advierten-que-plantas-carecen-de-materia-prima\/#breadcrumb\",\"itemListElement\":[{\"@type\":\"ListItem\",\"position\":1,\"name\":\"Portada\",\"item\":\"https:\/\/innoticiasbo.com\/\"},{\"@type\":\"ListItem\",\"position\":2,\"name\":\"\u00abLA ILUSI\u00d3N DE BIODI\u00c9SEL POR SUSTITUCI\u00d3N NO ES REAL\u00bb: ADVIERTEN QUE PLANTAS CARECEN DE MATERIA PRIMA\"}]},{\"@type\":\"WebSite\",\"@id\":\"https:\/\/innoticiasbo.com\/#website\",\"url\":\"https:\/\/innoticiasbo.com\/\",\"name\":\"innoticiasbo.com\",\"description\":\"\",\"publisher\":{\"@id\":\"https:\/\/innoticiasbo.com\/#organization\"},\"potentialAction\":[{\"@type\":\"SearchAction\",\"target\":{\"@type\":\"EntryPoint\",\"urlTemplate\":\"https:\/\/innoticiasbo.com\/?s={search_term_string}\"},\"query-input\":{\"@type\":\"PropertyValueSpecification\",\"valueRequired\":true,\"valueName\":\"search_term_string\"}}],\"inLanguage\":\"es\"},{\"@type\":\"Organization\",\"@id\":\"https:\/\/innoticiasbo.com\/#organization\",\"name\":\"innoticiasbo.com\",\"url\":\"https:\/\/innoticiasbo.com\/\",\"logo\":{\"@type\":\"ImageObject\",\"inLanguage\":\"es\",\"@id\":\"https:\/\/innoticiasbo.com\/#\/schema\/logo\/image\/\",\"url\":\"https:\/\/i0.wp.com\/innoticiasbo.com\/wp-content\/uploads\/2026\/04\/cropped-IN-LOGO.png?fit=1476%2C1476&ssl=1\",\"contentUrl\":\"https:\/\/i0.wp.com\/innoticiasbo.com\/wp-content\/uploads\/2026\/04\/cropped-IN-LOGO.png?fit=1476%2C1476&ssl=1\",\"width\":1476,\"height\":1476,\"caption\":\"innoticiasbo.com\"},\"image\":{\"@id\":\"https:\/\/innoticiasbo.com\/#\/schema\/logo\/image\/\"},\"sameAs\":[\"https:\/\/www.facebook.com\/innoticiasbolivia\",\"https:\/\/x.com\/innoticiasbo\",\"https:\/\/www.instagram.com\/innoticiasbo\",\"https:\/\/www.youtube.com\/innoticiasbo\"]},{\"@type\":\"Person\",\"@id\":\"https:\/\/innoticiasbo.com\/#\/schema\/person\/0b28481e8d0316f83a13bc702311def5\",\"name\":\"Prensa 11\",\"image\":{\"@type\":\"ImageObject\",\"inLanguage\":\"es\",\"@id\":\"https:\/\/innoticiasbo.com\/#\/schema\/person\/image\/\",\"url\":\"https:\/\/secure.gravatar.com\/avatar\/696560c17349f1807a610bf83832bad0?s=96&d=mm&r=g\",\"contentUrl\":\"https:\/\/secure.gravatar.com\/avatar\/696560c17349f1807a610bf83832bad0?s=96&d=mm&r=g\",\"caption\":\"Prensa 11\"},\"sameAs\":[\"http:\/\/www.innoticiasbo.com\"],\"url\":\"https:\/\/innoticiasbo.com\/index.php\/author\/prensa-11\/\"}]}<\/script>\n<!-- \/ Yoast SEO plugin. -->","yoast_head_json":{"title":"\"LA ILUSI\u00d3N DE BIODI\u00c9SEL POR SUSTITUCI\u00d3N NO ES REAL\": ADVIERTEN QUE PLANTAS CARECEN DE MATERIA PRIMA - innoticiasbo.com","robots":{"index":"index","follow":"follow","max-snippet":"max-snippet:-1","max-image-preview":"max-image-preview:large","max-video-preview":"max-video-preview:-1"},"canonical":"https:\/\/innoticiasbo.com\/index.php\/2026\/04\/28\/la-ilusion-de-biodiesel-por-sustitucion-no-es-real-advierten-que-plantas-carecen-de-materia-prima\/","og_locale":"es_ES","og_type":"article","og_title":"\"LA ILUSI\u00d3N DE BIODI\u00c9SEL POR SUSTITUCI\u00d3N NO ES REAL\": ADVIERTEN QUE PLANTAS CARECEN DE MATERIA PRIMA - innoticiasbo.com","og_description":"Pa\u00eds, 28 de Abril de 2026.- En el marco de las empresas deficitarias, el director ejecutivo de la Oficina T\u00e9cnica para el Fortalecimiento de la Empresa P\u00fablica (OFEP), Pablo Camacho, expuso que las plantas de biodi\u00e9sel cuentan con serios problemas, ya que no tienen\u00a0el insumo vital para funcionar.\u00a0 Camacho expuso que el expresidente Luis Arce...","og_url":"https:\/\/innoticiasbo.com\/index.php\/2026\/04\/28\/la-ilusion-de-biodiesel-por-sustitucion-no-es-real-advierten-que-plantas-carecen-de-materia-prima\/","og_site_name":"innoticiasbo.com","article_publisher":"https:\/\/www.facebook.com\/innoticiasbolivia","article_published_time":"2026-04-28T14:54:09+00:00","article_modified_time":"2026-04-28T14:54:10+00:00","og_image":[{"width":720,"height":400,"url":"https:\/\/innoticiasbo.com\/wp-content\/uploads\/2026\/04\/image-318.png","type":"image\/png"}],"author":"Prensa 11","twitter_card":"summary_large_image","twitter_creator":"@innoticiasbo","twitter_site":"@innoticiasbo","twitter_misc":{"Escrito por":"Prensa 11","Tiempo de lectura":"2 minutos"},"schema":{"@context":"https:\/\/schema.org","@graph":[{"@type":"Article","@id":"https:\/\/innoticiasbo.com\/index.php\/2026\/04\/28\/la-ilusion-de-biodiesel-por-sustitucion-no-es-real-advierten-que-plantas-carecen-de-materia-prima\/#article","isPartOf":{"@id":"https:\/\/innoticiasbo.com\/index.php\/2026\/04\/28\/la-ilusion-de-biodiesel-por-sustitucion-no-es-real-advierten-que-plantas-carecen-de-materia-prima\/"},"author":{"name":"Prensa 11","@id":"https:\/\/innoticiasbo.com\/#\/schema\/person\/0b28481e8d0316f83a13bc702311def5"},"headline":"\u00abLA ILUSI\u00d3N DE BIODI\u00c9SEL POR SUSTITUCI\u00d3N NO ES REAL\u00bb: ADVIERTEN QUE PLANTAS CARECEN DE MATERIA PRIMA","datePublished":"2026-04-28T14:54:09+00:00","dateModified":"2026-04-28T14:54:10+00:00","mainEntityOfPage":{"@id":"https:\/\/innoticiasbo.com\/index.php\/2026\/04\/28\/la-ilusion-de-biodiesel-por-sustitucion-no-es-real-advierten-que-plantas-carecen-de-materia-prima\/"},"wordCount":335,"commentCount":0,"publisher":{"@id":"https:\/\/innoticiasbo.com\/#organization"},"image":{"@id":"https:\/\/innoticiasbo.com\/index.php\/2026\/04\/28\/la-ilusion-de-biodiesel-por-sustitucion-no-es-real-advierten-que-plantas-carecen-de-materia-prima\/#primaryimage"},"thumbnailUrl":"https:\/\/i0.wp.com\/innoticiasbo.com\/wp-content\/uploads\/2026\/04\/image-318.png?fit=720%2C400&ssl=1","keywords":["Biodi\u00e9sel","Bolivia","combustible","econom\u00eda","insuficiencia de materia prima","materia prima","OFEP"],"articleSection":["Econom\u00eda"],"inLanguage":"es","potentialAction":[{"@type":"CommentAction","name":"Comment","target":["https:\/\/innoticiasbo.com\/index.php\/2026\/04\/28\/la-ilusion-de-biodiesel-por-sustitucion-no-es-real-advierten-que-plantas-carecen-de-materia-prima\/#respond"]}]},{"@type":"WebPage","@id":"https:\/\/innoticiasbo.com\/index.php\/2026\/04\/28\/la-ilusion-de-biodiesel-por-sustitucion-no-es-real-advierten-que-plantas-carecen-de-materia-prima\/","url":"https:\/\/innoticiasbo.com\/index.php\/2026\/04\/28\/la-ilusion-de-biodiesel-por-sustitucion-no-es-real-advierten-que-plantas-carecen-de-materia-prima\/","name":"\"LA ILUSI\u00d3N DE BIODI\u00c9SEL POR SUSTITUCI\u00d3N NO ES REAL\": ADVIERTEN QUE PLANTAS CARECEN DE MATERIA PRIMA - innoticiasbo.com","isPartOf":{"@id":"https:\/\/innoticiasbo.com\/#website"},"primaryImageOfPage":{"@id":"https:\/\/innoticiasbo.com\/index.php\/2026\/04\/28\/la-ilusion-de-biodiesel-por-sustitucion-no-es-real-advierten-que-plantas-carecen-de-materia-prima\/#primaryimage"},"image":{"@id":"https:\/\/innoticiasbo.com\/index.php\/2026\/04\/28\/la-ilusion-de-biodiesel-por-sustitucion-no-es-real-advierten-que-plantas-carecen-de-materia-prima\/#primaryimage"},"thumbnailUrl":"https:\/\/i0.wp.com\/innoticiasbo.com\/wp-content\/uploads\/2026\/04\/image-318.png?fit=720%2C400&ssl=1","datePublished":"2026-04-28T14:54:09+00:00","dateModified":"2026-04-28T14:54:10+00:00","breadcrumb":{"@id":"https:\/\/innoticiasbo.com\/index.php\/2026\/04\/28\/la-ilusion-de-biodiesel-por-sustitucion-no-es-real-advierten-que-plantas-carecen-de-materia-prima\/#breadcrumb"},"inLanguage":"es","potentialAction":[{"@type":"ReadAction","target":["https:\/\/innoticiasbo.com\/index.php\/2026\/04\/28\/la-ilusion-de-biodiesel-por-sustitucion-no-es-real-advierten-que-plantas-carecen-de-materia-prima\/"]}]},{"@type":"ImageObject","inLanguage":"es","@id":"https:\/\/innoticiasbo.com\/index.php\/2026\/04\/28\/la-ilusion-de-biodiesel-por-sustitucion-no-es-real-advierten-que-plantas-carecen-de-materia-prima\/#primaryimage","url":"https:\/\/i0.wp.com\/innoticiasbo.com\/wp-content\/uploads\/2026\/04\/image-318.png?fit=720%2C400&ssl=1","contentUrl":"https:\/\/i0.wp.com\/innoticiasbo.com\/wp-content\/uploads\/2026\/04\/image-318.png?fit=720%2C400&ssl=1","width":720,"height":400},{"@type":"BreadcrumbList","@id":"https:\/\/innoticiasbo.com\/index.php\/2026\/04\/28\/la-ilusion-de-biodiesel-por-sustitucion-no-es-real-advierten-que-plantas-carecen-de-materia-prima\/#breadcrumb","itemListElement":[{"@type":"ListItem","position":1,"name":"Portada","item":"https:\/\/innoticiasbo.com\/"},{"@type":"ListItem","position":2,"name":"\u00abLA ILUSI\u00d3N DE BIODI\u00c9SEL POR SUSTITUCI\u00d3N NO ES REAL\u00bb: ADVIERTEN QUE PLANTAS CARECEN DE MATERIA PRIMA"}]},{"@type":"WebSite","@id":"https:\/\/innoticiasbo.com\/#website","url":"https:\/\/innoticiasbo.com\/","name":"innoticiasbo.com","description":"","publisher":{"@id":"https:\/\/innoticiasbo.com\/#organization"},"potentialAction":[{"@type":"SearchAction","target":{"@type":"EntryPoint","urlTemplate":"https:\/\/innoticiasbo.com\/?s={search_term_string}"},"query-input":{"@type":"PropertyValueSpecification","valueRequired":true,"valueName":"search_term_string"}}],"inLanguage":"es"},{"@type":"Organization","@id":"https:\/\/innoticiasbo.com\/#organization","name":"innoticiasbo.com","url":"https:\/\/innoticiasbo.com\/","logo":{"@type":"ImageObject","inLanguage":"es","@id":"https:\/\/innoticiasbo.com\/#\/schema\/logo\/image\/","url":"https:\/\/i0.wp.com\/innoticiasbo.com\/wp-content\/uploads\/2026\/04\/cropped-IN-LOGO.png?fit=1476%2C1476&ssl=1","contentUrl":"https:\/\/i0.wp.com\/innoticiasbo.com\/wp-content\/uploads\/2026\/04\/cropped-IN-LOGO.png?fit=1476%2C1476&ssl=1","width":1476,"height":1476,"caption":"innoticiasbo.com"},"image":{"@id":"https:\/\/innoticiasbo.com\/#\/schema\/logo\/image\/"},"sameAs":["https:\/\/www.facebook.com\/innoticiasbolivia","https:\/\/x.com\/innoticiasbo","https:\/\/www.instagram.com\/innoticiasbo","https:\/\/www.youtube.com\/innoticiasbo"]},{"@type":"Person","@id":"https:\/\/innoticiasbo.com\/#\/schema\/person\/0b28481e8d0316f83a13bc702311def5","name":"Prensa 11","image":{"@type":"ImageObject","inLanguage":"es","@id":"https:\/\/innoticiasbo.com\/#\/schema\/person\/image\/","url":"https:\/\/secure.gravatar.com\/avatar\/696560c17349f1807a610bf83832bad0?s=96&d=mm&r=g","contentUrl":"https:\/\/secure.gravatar.com\/avatar\/696560c17349f1807a610bf83832bad0?s=96&d=mm&r=g","caption":"Prensa 11"},"sameAs":["http:\/\/www.innoticiasbo.com"],"url":"https:\/\/innoticiasbo.com\/index.php\/author\/prensa-11\/"}]}},"jetpack_featured_media_url":"https:\/\/i0.wp.com\/innoticiasbo.com\/wp-content\/uploads\/2026\/04\/image-318.png?fit=720%2C400&ssl=1","jetpack_likes_enabled":true,"jetpack_sharing_enabled":true,"jetpack_shortlink":"https:\/\/wp.me\/pg298x-2Zm","_links":{"self":[{"href":"https:\/\/innoticiasbo.com\/index.php\/wp-json\/wp\/v2\/posts\/11492","targetHints":{"allow":["GET"]}}],"collection":[{"href":"https:\/\/innoticiasbo.com\/index.php\/wp-json\/wp\/v2\/posts"}],"about":[{"href":"https:\/\/innoticiasbo.com\/index.php\/wp-json\/wp\/v2\/types\/post"}],"author":[{"embeddable":true,"href":"https:\/\/innoticiasbo.com\/index.php\/wp-json\/wp\/v2\/users\/11"}],"replies":[{"embeddable":true,"href":"https:\/\/innoticiasbo.com\/index.php\/wp-json\/wp\/v2\/comments?post=11492"}],"version-history":[{"count":1,"href":"https:\/\/innoticiasbo.com\/index.php\/wp-json\/wp\/v2\/posts\/11492\/revisions"}],"predecessor-version":[{"id":11494,"href":"https:\/\/innoticiasbo.com\/index.php\/wp-json\/wp\/v2\/posts\/11492\/revisions\/11494"}],"wp:featuredmedia":[{"embeddable":true,"href":"https:\/\/innoticiasbo.com\/index.php\/wp-json\/wp\/v2\/media\/11493"}],"wp:attachment":[{"href":"https:\/\/innoticiasbo.com\/index.php\/wp-json\/wp\/v2\/media?parent=11492"}],"wp:term":[{"taxonomy":"category","embeddable":true,"href":"https:\/\/innoticiasbo.com\/index.php\/wp-json\/wp\/v2\/categories?post=11492"},{"taxonomy":"post_tag","embeddable":true,"href":"https:\/\/innoticiasbo.com\/index.php\/wp-json\/wp\/v2\/tags?post=11492"}],"curies":[{"name":"wp","href":"https:\/\/api.w.org\/{rel}","templated":true}]}}