{"id":11489,"date":"2026-04-28T10:30:10","date_gmt":"2026-04-28T14:30:10","guid":{"rendered":"https:\/\/innoticiasbo.com\/?p=11489"},"modified":"2026-04-28T10:30:12","modified_gmt":"2026-04-28T14:30:12","slug":"vecinos-de-kara-kara-ratifican-el-cierre-del-botadero-en-mayo","status":"publish","type":"post","link":"https:\/\/innoticiasbo.com\/index.php\/2026\/04\/28\/vecinos-de-kara-kara-ratifican-el-cierre-del-botadero-en-mayo\/","title":{"rendered":"VECINOS DE K\u2019ARA K\u2019ARA RATIFICAN EL CIERRE DEL BOTADERO EN MAYO"},"content":{"rendered":"\n<figure class=\"wp-block-image size-full is-resized\"><img data-recalc-dims=\"1\" loading=\"lazy\" decoding=\"async\" width=\"640\" height=\"357\" src=\"https:\/\/i0.wp.com\/innoticiasbo.com\/wp-content\/uploads\/2026\/04\/image-317.png?resize=640%2C357&#038;ssl=1\" alt=\"\" class=\"wp-image-11490\" style=\"width:840px;height:auto\" srcset=\"https:\/\/i0.wp.com\/innoticiasbo.com\/wp-content\/uploads\/2026\/04\/image-317.png?w=770&amp;ssl=1 770w, https:\/\/i0.wp.com\/innoticiasbo.com\/wp-content\/uploads\/2026\/04\/image-317.png?resize=300%2C168&amp;ssl=1 300w, https:\/\/i0.wp.com\/innoticiasbo.com\/wp-content\/uploads\/2026\/04\/image-317.png?resize=768%2C429&amp;ssl=1 768w\" sizes=\"auto, (max-width: 640px) 100vw, 640px\" \/><\/figure>\n\n\n\n<p><strong>Cochabamba, 28 de Abril de 2026.-<\/strong> Los vecinos de K\u2019ara K\u2019ara, en el Distrito 15 del municipio de Cercado, anunciaron que por determinaci\u00f3n del cabildo realizado el d\u00eda domingo se ratifica el cierre del botadero y que el 1 de mayo se proceder\u00e1 al cierre del vertedero, como estableci\u00f3 el Tribunal Agroambiental en 2025, como el \u00faltimo plazo para el funcionamiento del lugar.<\/p>\n\n\n\n<p>La resoluci\u00f3n judicial ambiental se\u00f1ala: \u201cSe dispone ampliar el plazo de ingreso de residuos s\u00f3lidos al botadero de K\u2019ara K\u2019ara, hasta fecha 30 de abril del a\u00f1o 2026, de forma impostergable (\u2026) Debiendo el Gobierno Aut\u00f3nomo Municipal de Cochabamba tomar las previsiones necesarias que el caso amerite para lograr completar la conformaci\u00f3n final de la macro celda 2-3 hasta la fecha indicada, a efecto de no suscitar mayor necesidad de ingreso de basura, bajo absoluta responsabilidad funcionaria\u201d.<\/p>\n\n\n\n<p>Los vecinos ratificaron el plazo para el cierre el domingo en el cabildo realizado en la zona.<\/p>\n\n\n\n<p>Antes, el jefe de Prensa de la Alcald\u00eda de Cochabamba, Juan Jos\u00e9 Ayaviri, calific\u00f3 la determinaci\u00f3n de pol\u00edtica y asegur\u00f3 que la administraci\u00f3n municipal ya cuenta con un contrato con una empresa que a partir de mayo se encargar\u00e1 de los residuos s\u00f3lidos que genera la ciudad.<\/p>\n\n\n\n<p>Hasta ahora no se ha revelado el sitio para la disposici\u00f3n final, la separaci\u00f3n y la industrializaci\u00f3n de la basura.<\/p>\n\n\n\n<p>En tanto, la Alcald\u00eda de Colcapirhua advirti\u00f3 que no permitir\u00e1 que se depositen residuos de otro municipio en una celda de emergencia, ubicada en el l\u00edmite entre los dos municipios y activ\u00f3 un proceso en la justicia ambiental.<\/p>\n\n\n\n<p>El alcalde Nelson Gallinate dijo antes que rechazan el ingreso de la empresa Tunqui al sector.<\/p>\n\n\n\n<p>Fuente: Los Tiempos<\/p>\n","protected":false},"excerpt":{"rendered":"<p>Cochabamba, 28 de Abril de 2026.- Los vecinos de K\u2019ara K\u2019ara, en el Distrito 15 del municipio de Cercado, anunciaron que por determinaci\u00f3n del cabildo realizado el d\u00eda domingo se ratifica el cierre del botadero y que el 1 de mayo se proceder\u00e1 al cierre del vertedero, como estableci\u00f3 el Tribunal Agroambiental en 2025, como&#8230;<\/p>\n","protected":false},"author":11,"featured_media":11490,"comment_status":"open","ping_status":"open","sticky":false,"template":"","format":"standard","meta":{"_jetpack_memberships_contains_paid_content":false,"footnotes":"","jetpack_publicize_message":"","jetpack_publicize_feature_enabled":true,"jetpack_social_post_already_shared":true,"jetpack_social_options":{"image_generator_settings":{"template":"highway","enabled":false},"version":2}},"categories":[2],"tags":[65,2710,2711,6,297,130,1636,298,2185],"class_list":["post-11489","post","type-post","status-publish","format-standard","has-post-thumbnail","hentry","category-cochabamba","tag-basura","tag-botadero","tag-cierre-de-botadero","tag-cochabamba","tag-kara-kara-2","tag-medioambiente","tag-ratificacion","tag-tribunal-agroambiental","tag-vecinos"],"jetpack_publicize_connections":[],"yoast_head":"<!-- This site is optimized with the Yoast SEO plugin v23.4 - https:\/\/yoast.com\/wordpress\/plugins\/seo\/ -->\n<title>VECINOS DE K\u2019ARA K\u2019ARA RATIFICAN EL CIERRE DEL BOTADERO EN MAYO - innoticiasbo.com<\/title>\n<meta name=\"robots\" content=\"index, follow, max-snippet:-1, max-image-preview:large, max-video-preview:-1\" \/>\n<link rel=\"canonical\" href=\"https:\/\/innoticiasbo.com\/index.php\/2026\/04\/28\/vecinos-de-kara-kara-ratifican-el-cierre-del-botadero-en-mayo\/\" \/>\n<meta property=\"og:locale\" content=\"es_ES\" \/>\n<meta property=\"og:type\" content=\"article\" \/>\n<meta property=\"og:title\" content=\"VECINOS DE K\u2019ARA K\u2019ARA RATIFICAN EL CIERRE DEL BOTADERO EN MAYO - innoticiasbo.com\" \/>\n<meta property=\"og:description\" content=\"Cochabamba, 28 de Abril de 2026.- Los vecinos de K\u2019ara K\u2019ara, en el Distrito 15 del municipio de Cercado, anunciaron que por determinaci\u00f3n del cabildo realizado el d\u00eda domingo se ratifica el cierre del botadero y que el 1 de mayo se proceder\u00e1 al cierre del vertedero, como estableci\u00f3 el Tribunal Agroambiental en 2025, como...\" \/>\n<meta property=\"og:url\" content=\"https:\/\/innoticiasbo.com\/index.php\/2026\/04\/28\/vecinos-de-kara-kara-ratifican-el-cierre-del-botadero-en-mayo\/\" \/>\n<meta property=\"og:site_name\" content=\"innoticiasbo.com\" \/>\n<meta property=\"article:publisher\" content=\"https:\/\/www.facebook.com\/innoticiasbolivia\" \/>\n<meta property=\"article:published_time\" content=\"2026-04-28T14:30:10+00:00\" \/>\n<meta property=\"article:modified_time\" content=\"2026-04-28T14:30:12+00:00\" \/>\n<meta property=\"og:image\" content=\"https:\/\/innoticiasbo.com\/wp-content\/uploads\/2026\/04\/image-317.png\" \/>\n\t<meta property=\"og:image:width\" content=\"770\" \/>\n\t<meta property=\"og:image:height\" content=\"430\" \/>\n\t<meta property=\"og:image:type\" content=\"image\/png\" \/>\n<meta name=\"author\" content=\"Prensa 11\" \/>\n<meta name=\"twitter:card\" content=\"summary_large_image\" \/>\n<meta name=\"twitter:creator\" content=\"@innoticiasbo\" \/>\n<meta name=\"twitter:site\" content=\"@innoticiasbo\" \/>\n<meta name=\"twitter:label1\" content=\"Escrito por\" \/>\n\t<meta name=\"twitter:data1\" content=\"Prensa 11\" \/>\n\t<meta name=\"twitter:label2\" content=\"Tiempo de lectura\" \/>\n\t<meta name=\"twitter:data2\" content=\"2 minutos\" \/>\n<script type=\"application\/ld+json\" class=\"yoast-schema-graph\">{\"@context\":\"https:\/\/schema.org\",\"@graph\":[{\"@type\":\"Article\",\"@id\":\"https:\/\/innoticiasbo.com\/index.php\/2026\/04\/28\/vecinos-de-kara-kara-ratifican-el-cierre-del-botadero-en-mayo\/#article\",\"isPartOf\":{\"@id\":\"https:\/\/innoticiasbo.com\/index.php\/2026\/04\/28\/vecinos-de-kara-kara-ratifican-el-cierre-del-botadero-en-mayo\/\"},\"author\":{\"name\":\"Prensa 11\",\"@id\":\"https:\/\/innoticiasbo.com\/#\/schema\/person\/0b28481e8d0316f83a13bc702311def5\"},\"headline\":\"VECINOS DE K\u2019ARA K\u2019ARA RATIFICAN EL CIERRE DEL BOTADERO EN MAYO\",\"datePublished\":\"2026-04-28T14:30:10+00:00\",\"dateModified\":\"2026-04-28T14:30:12+00:00\",\"mainEntityOfPage\":{\"@id\":\"https:\/\/innoticiasbo.com\/index.php\/2026\/04\/28\/vecinos-de-kara-kara-ratifican-el-cierre-del-botadero-en-mayo\/\"},\"wordCount\":309,\"commentCount\":0,\"publisher\":{\"@id\":\"https:\/\/innoticiasbo.com\/#organization\"},\"image\":{\"@id\":\"https:\/\/innoticiasbo.com\/index.php\/2026\/04\/28\/vecinos-de-kara-kara-ratifican-el-cierre-del-botadero-en-mayo\/#primaryimage\"},\"thumbnailUrl\":\"https:\/\/i0.wp.com\/innoticiasbo.com\/wp-content\/uploads\/2026\/04\/image-317.png?fit=770%2C430&ssl=1\",\"keywords\":[\"basura\",\"botadero\",\"Cierre de botadero\",\"Cochabamba\",\"K\u2019ara K\u2019ara\",\"medioambiente\",\"Ratificaci\u00f3n\",\"Tribunal Agroambiental\",\"vecinos\"],\"articleSection\":[\"Cochabamba\"],\"inLanguage\":\"es\",\"potentialAction\":[{\"@type\":\"CommentAction\",\"name\":\"Comment\",\"target\":[\"https:\/\/innoticiasbo.com\/index.php\/2026\/04\/28\/vecinos-de-kara-kara-ratifican-el-cierre-del-botadero-en-mayo\/#respond\"]}]},{\"@type\":\"WebPage\",\"@id\":\"https:\/\/innoticiasbo.com\/index.php\/2026\/04\/28\/vecinos-de-kara-kara-ratifican-el-cierre-del-botadero-en-mayo\/\",\"url\":\"https:\/\/innoticiasbo.com\/index.php\/2026\/04\/28\/vecinos-de-kara-kara-ratifican-el-cierre-del-botadero-en-mayo\/\",\"name\":\"VECINOS DE K\u2019ARA K\u2019ARA RATIFICAN EL CIERRE DEL BOTADERO EN MAYO - innoticiasbo.com\",\"isPartOf\":{\"@id\":\"https:\/\/innoticiasbo.com\/#website\"},\"primaryImageOfPage\":{\"@id\":\"https:\/\/innoticiasbo.com\/index.php\/2026\/04\/28\/vecinos-de-kara-kara-ratifican-el-cierre-del-botadero-en-mayo\/#primaryimage\"},\"image\":{\"@id\":\"https:\/\/innoticiasbo.com\/index.php\/2026\/04\/28\/vecinos-de-kara-kara-ratifican-el-cierre-del-botadero-en-mayo\/#primaryimage\"},\"thumbnailUrl\":\"https:\/\/i0.wp.com\/innoticiasbo.com\/wp-content\/uploads\/2026\/04\/image-317.png?fit=770%2C430&ssl=1\",\"datePublished\":\"2026-04-28T14:30:10+00:00\",\"dateModified\":\"2026-04-28T14:30:12+00:00\",\"breadcrumb\":{\"@id\":\"https:\/\/innoticiasbo.com\/index.php\/2026\/04\/28\/vecinos-de-kara-kara-ratifican-el-cierre-del-botadero-en-mayo\/#breadcrumb\"},\"inLanguage\":\"es\",\"potentialAction\":[{\"@type\":\"ReadAction\",\"target\":[\"https:\/\/innoticiasbo.com\/index.php\/2026\/04\/28\/vecinos-de-kara-kara-ratifican-el-cierre-del-botadero-en-mayo\/\"]}]},{\"@type\":\"ImageObject\",\"inLanguage\":\"es\",\"@id\":\"https:\/\/innoticiasbo.com\/index.php\/2026\/04\/28\/vecinos-de-kara-kara-ratifican-el-cierre-del-botadero-en-mayo\/#primaryimage\",\"url\":\"https:\/\/i0.wp.com\/innoticiasbo.com\/wp-content\/uploads\/2026\/04\/image-317.png?fit=770%2C430&ssl=1\",\"contentUrl\":\"https:\/\/i0.wp.com\/innoticiasbo.com\/wp-content\/uploads\/2026\/04\/image-317.png?fit=770%2C430&ssl=1\",\"width\":770,\"height\":430},{\"@type\":\"BreadcrumbList\",\"@id\":\"https:\/\/innoticiasbo.com\/index.php\/2026\/04\/28\/vecinos-de-kara-kara-ratifican-el-cierre-del-botadero-en-mayo\/#breadcrumb\",\"itemListElement\":[{\"@type\":\"ListItem\",\"position\":1,\"name\":\"Portada\",\"item\":\"https:\/\/innoticiasbo.com\/\"},{\"@type\":\"ListItem\",\"position\":2,\"name\":\"VECINOS DE K\u2019ARA K\u2019ARA RATIFICAN EL CIERRE DEL BOTADERO EN MAYO\"}]},{\"@type\":\"WebSite\",\"@id\":\"https:\/\/innoticiasbo.com\/#website\",\"url\":\"https:\/\/innoticiasbo.com\/\",\"name\":\"innoticiasbo.com\",\"description\":\"\",\"publisher\":{\"@id\":\"https:\/\/innoticiasbo.com\/#organization\"},\"potentialAction\":[{\"@type\":\"SearchAction\",\"target\":{\"@type\":\"EntryPoint\",\"urlTemplate\":\"https:\/\/innoticiasbo.com\/?s={search_term_string}\"},\"query-input\":{\"@type\":\"PropertyValueSpecification\",\"valueRequired\":true,\"valueName\":\"search_term_string\"}}],\"inLanguage\":\"es\"},{\"@type\":\"Organization\",\"@id\":\"https:\/\/innoticiasbo.com\/#organization\",\"name\":\"innoticiasbo.com\",\"url\":\"https:\/\/innoticiasbo.com\/\",\"logo\":{\"@type\":\"ImageObject\",\"inLanguage\":\"es\",\"@id\":\"https:\/\/innoticiasbo.com\/#\/schema\/logo\/image\/\",\"url\":\"https:\/\/i0.wp.com\/innoticiasbo.com\/wp-content\/uploads\/2026\/04\/cropped-IN-LOGO.png?fit=1476%2C1476&ssl=1\",\"contentUrl\":\"https:\/\/i0.wp.com\/innoticiasbo.com\/wp-content\/uploads\/2026\/04\/cropped-IN-LOGO.png?fit=1476%2C1476&ssl=1\",\"width\":1476,\"height\":1476,\"caption\":\"innoticiasbo.com\"},\"image\":{\"@id\":\"https:\/\/innoticiasbo.com\/#\/schema\/logo\/image\/\"},\"sameAs\":[\"https:\/\/www.facebook.com\/innoticiasbolivia\",\"https:\/\/x.com\/innoticiasbo\",\"https:\/\/www.instagram.com\/innoticiasbo\",\"https:\/\/www.youtube.com\/innoticiasbo\"]},{\"@type\":\"Person\",\"@id\":\"https:\/\/innoticiasbo.com\/#\/schema\/person\/0b28481e8d0316f83a13bc702311def5\",\"name\":\"Prensa 11\",\"image\":{\"@type\":\"ImageObject\",\"inLanguage\":\"es\",\"@id\":\"https:\/\/innoticiasbo.com\/#\/schema\/person\/image\/\",\"url\":\"https:\/\/secure.gravatar.com\/avatar\/696560c17349f1807a610bf83832bad0?s=96&d=mm&r=g\",\"contentUrl\":\"https:\/\/secure.gravatar.com\/avatar\/696560c17349f1807a610bf83832bad0?s=96&d=mm&r=g\",\"caption\":\"Prensa 11\"},\"sameAs\":[\"http:\/\/www.innoticiasbo.com\"],\"url\":\"https:\/\/innoticiasbo.com\/index.php\/author\/prensa-11\/\"}]}<\/script>\n<!-- \/ Yoast SEO plugin. -->","yoast_head_json":{"title":"VECINOS DE K\u2019ARA K\u2019ARA RATIFICAN EL CIERRE DEL BOTADERO EN MAYO - innoticiasbo.com","robots":{"index":"index","follow":"follow","max-snippet":"max-snippet:-1","max-image-preview":"max-image-preview:large","max-video-preview":"max-video-preview:-1"},"canonical":"https:\/\/innoticiasbo.com\/index.php\/2026\/04\/28\/vecinos-de-kara-kara-ratifican-el-cierre-del-botadero-en-mayo\/","og_locale":"es_ES","og_type":"article","og_title":"VECINOS DE K\u2019ARA K\u2019ARA RATIFICAN EL CIERRE DEL BOTADERO EN MAYO - innoticiasbo.com","og_description":"Cochabamba, 28 de Abril de 2026.- Los vecinos de K\u2019ara K\u2019ara, en el Distrito 15 del municipio de Cercado, anunciaron que por determinaci\u00f3n del cabildo realizado el d\u00eda domingo se ratifica el cierre del botadero y que el 1 de mayo se proceder\u00e1 al cierre del vertedero, como estableci\u00f3 el Tribunal Agroambiental en 2025, como...","og_url":"https:\/\/innoticiasbo.com\/index.php\/2026\/04\/28\/vecinos-de-kara-kara-ratifican-el-cierre-del-botadero-en-mayo\/","og_site_name":"innoticiasbo.com","article_publisher":"https:\/\/www.facebook.com\/innoticiasbolivia","article_published_time":"2026-04-28T14:30:10+00:00","article_modified_time":"2026-04-28T14:30:12+00:00","og_image":[{"width":770,"height":430,"url":"https:\/\/innoticiasbo.com\/wp-content\/uploads\/2026\/04\/image-317.png","type":"image\/png"}],"author":"Prensa 11","twitter_card":"summary_large_image","twitter_creator":"@innoticiasbo","twitter_site":"@innoticiasbo","twitter_misc":{"Escrito por":"Prensa 11","Tiempo de lectura":"2 minutos"},"schema":{"@context":"https:\/\/schema.org","@graph":[{"@type":"Article","@id":"https:\/\/innoticiasbo.com\/index.php\/2026\/04\/28\/vecinos-de-kara-kara-ratifican-el-cierre-del-botadero-en-mayo\/#article","isPartOf":{"@id":"https:\/\/innoticiasbo.com\/index.php\/2026\/04\/28\/vecinos-de-kara-kara-ratifican-el-cierre-del-botadero-en-mayo\/"},"author":{"name":"Prensa 11","@id":"https:\/\/innoticiasbo.com\/#\/schema\/person\/0b28481e8d0316f83a13bc702311def5"},"headline":"VECINOS DE K\u2019ARA K\u2019ARA RATIFICAN EL CIERRE DEL BOTADERO EN MAYO","datePublished":"2026-04-28T14:30:10+00:00","dateModified":"2026-04-28T14:30:12+00:00","mainEntityOfPage":{"@id":"https:\/\/innoticiasbo.com\/index.php\/2026\/04\/28\/vecinos-de-kara-kara-ratifican-el-cierre-del-botadero-en-mayo\/"},"wordCount":309,"commentCount":0,"publisher":{"@id":"https:\/\/innoticiasbo.com\/#organization"},"image":{"@id":"https:\/\/innoticiasbo.com\/index.php\/2026\/04\/28\/vecinos-de-kara-kara-ratifican-el-cierre-del-botadero-en-mayo\/#primaryimage"},"thumbnailUrl":"https:\/\/i0.wp.com\/innoticiasbo.com\/wp-content\/uploads\/2026\/04\/image-317.png?fit=770%2C430&ssl=1","keywords":["basura","botadero","Cierre de botadero","Cochabamba","K\u2019ara K\u2019ara","medioambiente","Ratificaci\u00f3n","Tribunal Agroambiental","vecinos"],"articleSection":["Cochabamba"],"inLanguage":"es","potentialAction":[{"@type":"CommentAction","name":"Comment","target":["https:\/\/innoticiasbo.com\/index.php\/2026\/04\/28\/vecinos-de-kara-kara-ratifican-el-cierre-del-botadero-en-mayo\/#respond"]}]},{"@type":"WebPage","@id":"https:\/\/innoticiasbo.com\/index.php\/2026\/04\/28\/vecinos-de-kara-kara-ratifican-el-cierre-del-botadero-en-mayo\/","url":"https:\/\/innoticiasbo.com\/index.php\/2026\/04\/28\/vecinos-de-kara-kara-ratifican-el-cierre-del-botadero-en-mayo\/","name":"VECINOS DE K\u2019ARA K\u2019ARA RATIFICAN EL CIERRE DEL BOTADERO EN MAYO - innoticiasbo.com","isPartOf":{"@id":"https:\/\/innoticiasbo.com\/#website"},"primaryImageOfPage":{"@id":"https:\/\/innoticiasbo.com\/index.php\/2026\/04\/28\/vecinos-de-kara-kara-ratifican-el-cierre-del-botadero-en-mayo\/#primaryimage"},"image":{"@id":"https:\/\/innoticiasbo.com\/index.php\/2026\/04\/28\/vecinos-de-kara-kara-ratifican-el-cierre-del-botadero-en-mayo\/#primaryimage"},"thumbnailUrl":"https:\/\/i0.wp.com\/innoticiasbo.com\/wp-content\/uploads\/2026\/04\/image-317.png?fit=770%2C430&ssl=1","datePublished":"2026-04-28T14:30:10+00:00","dateModified":"2026-04-28T14:30:12+00:00","breadcrumb":{"@id":"https:\/\/innoticiasbo.com\/index.php\/2026\/04\/28\/vecinos-de-kara-kara-ratifican-el-cierre-del-botadero-en-mayo\/#breadcrumb"},"inLanguage":"es","potentialAction":[{"@type":"ReadAction","target":["https:\/\/innoticiasbo.com\/index.php\/2026\/04\/28\/vecinos-de-kara-kara-ratifican-el-cierre-del-botadero-en-mayo\/"]}]},{"@type":"ImageObject","inLanguage":"es","@id":"https:\/\/innoticiasbo.com\/index.php\/2026\/04\/28\/vecinos-de-kara-kara-ratifican-el-cierre-del-botadero-en-mayo\/#primaryimage","url":"https:\/\/i0.wp.com\/innoticiasbo.com\/wp-content\/uploads\/2026\/04\/image-317.png?fit=770%2C430&ssl=1","contentUrl":"https:\/\/i0.wp.com\/innoticiasbo.com\/wp-content\/uploads\/2026\/04\/image-317.png?fit=770%2C430&ssl=1","width":770,"height":430},{"@type":"BreadcrumbList","@id":"https:\/\/innoticiasbo.com\/index.php\/2026\/04\/28\/vecinos-de-kara-kara-ratifican-el-cierre-del-botadero-en-mayo\/#breadcrumb","itemListElement":[{"@type":"ListItem","position":1,"name":"Portada","item":"https:\/\/innoticiasbo.com\/"},{"@type":"ListItem","position":2,"name":"VECINOS DE K\u2019ARA K\u2019ARA RATIFICAN EL CIERRE DEL BOTADERO EN MAYO"}]},{"@type":"WebSite","@id":"https:\/\/innoticiasbo.com\/#website","url":"https:\/\/innoticiasbo.com\/","name":"innoticiasbo.com","description":"","publisher":{"@id":"https:\/\/innoticiasbo.com\/#organization"},"potentialAction":[{"@type":"SearchAction","target":{"@type":"EntryPoint","urlTemplate":"https:\/\/innoticiasbo.com\/?s={search_term_string}"},"query-input":{"@type":"PropertyValueSpecification","valueRequired":true,"valueName":"search_term_string"}}],"inLanguage":"es"},{"@type":"Organization","@id":"https:\/\/innoticiasbo.com\/#organization","name":"innoticiasbo.com","url":"https:\/\/innoticiasbo.com\/","logo":{"@type":"ImageObject","inLanguage":"es","@id":"https:\/\/innoticiasbo.com\/#\/schema\/logo\/image\/","url":"https:\/\/i0.wp.com\/innoticiasbo.com\/wp-content\/uploads\/2026\/04\/cropped-IN-LOGO.png?fit=1476%2C1476&ssl=1","contentUrl":"https:\/\/i0.wp.com\/innoticiasbo.com\/wp-content\/uploads\/2026\/04\/cropped-IN-LOGO.png?fit=1476%2C1476&ssl=1","width":1476,"height":1476,"caption":"innoticiasbo.com"},"image":{"@id":"https:\/\/innoticiasbo.com\/#\/schema\/logo\/image\/"},"sameAs":["https:\/\/www.facebook.com\/innoticiasbolivia","https:\/\/x.com\/innoticiasbo","https:\/\/www.instagram.com\/innoticiasbo","https:\/\/www.youtube.com\/innoticiasbo"]},{"@type":"Person","@id":"https:\/\/innoticiasbo.com\/#\/schema\/person\/0b28481e8d0316f83a13bc702311def5","name":"Prensa 11","image":{"@type":"ImageObject","inLanguage":"es","@id":"https:\/\/innoticiasbo.com\/#\/schema\/person\/image\/","url":"https:\/\/secure.gravatar.com\/avatar\/696560c17349f1807a610bf83832bad0?s=96&d=mm&r=g","contentUrl":"https:\/\/secure.gravatar.com\/avatar\/696560c17349f1807a610bf83832bad0?s=96&d=mm&r=g","caption":"Prensa 11"},"sameAs":["http:\/\/www.innoticiasbo.com"],"url":"https:\/\/innoticiasbo.com\/index.php\/author\/prensa-11\/"}]}},"jetpack_featured_media_url":"https:\/\/i0.wp.com\/innoticiasbo.com\/wp-content\/uploads\/2026\/04\/image-317.png?fit=770%2C430&ssl=1","jetpack_likes_enabled":true,"jetpack_sharing_enabled":true,"jetpack_shortlink":"https:\/\/wp.me\/pg298x-2Zj","_links":{"self":[{"href":"https:\/\/innoticiasbo.com\/index.php\/wp-json\/wp\/v2\/posts\/11489","targetHints":{"allow":["GET"]}}],"collection":[{"href":"https:\/\/innoticiasbo.com\/index.php\/wp-json\/wp\/v2\/posts"}],"about":[{"href":"https:\/\/innoticiasbo.com\/index.php\/wp-json\/wp\/v2\/types\/post"}],"author":[{"embeddable":true,"href":"https:\/\/innoticiasbo.com\/index.php\/wp-json\/wp\/v2\/users\/11"}],"replies":[{"embeddable":true,"href":"https:\/\/innoticiasbo.com\/index.php\/wp-json\/wp\/v2\/comments?post=11489"}],"version-history":[{"count":1,"href":"https:\/\/innoticiasbo.com\/index.php\/wp-json\/wp\/v2\/posts\/11489\/revisions"}],"predecessor-version":[{"id":11491,"href":"https:\/\/innoticiasbo.com\/index.php\/wp-json\/wp\/v2\/posts\/11489\/revisions\/11491"}],"wp:featuredmedia":[{"embeddable":true,"href":"https:\/\/innoticiasbo.com\/index.php\/wp-json\/wp\/v2\/media\/11490"}],"wp:attachment":[{"href":"https:\/\/innoticiasbo.com\/index.php\/wp-json\/wp\/v2\/media?parent=11489"}],"wp:term":[{"taxonomy":"category","embeddable":true,"href":"https:\/\/innoticiasbo.com\/index.php\/wp-json\/wp\/v2\/categories?post=11489"},{"taxonomy":"post_tag","embeddable":true,"href":"https:\/\/innoticiasbo.com\/index.php\/wp-json\/wp\/v2\/tags?post=11489"}],"curies":[{"name":"wp","href":"https:\/\/api.w.org\/{rel}","templated":true}]}}