{"id":11479,"date":"2026-04-27T12:09:53","date_gmt":"2026-04-27T16:09:53","guid":{"rendered":"https:\/\/innoticiasbo.com\/?p=11479"},"modified":"2026-04-27T12:09:55","modified_gmt":"2026-04-27T16:09:55","slug":"transicion-del-concejo-municipal-en-la-mira","status":"publish","type":"post","link":"https:\/\/innoticiasbo.com\/index.php\/2026\/04\/27\/transicion-del-concejo-municipal-en-la-mira\/","title":{"rendered":"TRANSICI\u00d3N DEL CONCEJO MUNICIPAL EN LA MIRA"},"content":{"rendered":"\n<figure class=\"wp-block-video\"><video controls src=\"https:\/\/innoticiasbo.com\/wp-content\/uploads\/2026\/04\/AQP2geAh8uapnlv5BpDTl2yqNqoGXNkoPMXdODm6p613D2PL-fIjEL-DbcnVamOkdQxU3LopNTVxJxUZPTF4qZ4YQS_kUJK1yvE60GJSCeZfpw11.mp4\"><\/video><\/figure>\n\n\n\n<p><strong>Cochabamba, 27 de Abril de 2026.-<\/strong> El concejal electo Adalid Alvarado denuncia una transici\u00f3n \u201csin transparencia\u201d en el Concejo Municipal, marcada por falta de informaci\u00f3n y reuniones sin contenido claro.<br>\u201cNosotros queremos transparencia\u201d y \u201cel pueblo de cochabamba merece respeto\u201d, afirm\u00f3, cuestionando la forma en la que se est\u00e1 llevando adelante el proceso.<br>Adem\u00e1s, remarc\u00f3 la legitimidad del nuevo Concejo: \u201clos 11 concejales somos electos\u201d y pidi\u00f3 dejar de lado intereses partidarios. \u201caqu\u00ed no se trata de color pol\u00edtico, sino de debatir ideas\u201d, sostuvo.<br>El proceso de transici\u00f3n queda bajo la lupa en medio de cuestionamientos y demandas de claridad.<\/p>\n\n\n\n<p><\/p>\n","protected":false},"excerpt":{"rendered":"<p>Cochabamba, 27 de Abril de 2026.- El concejal electo Adalid Alvarado denuncia una transici\u00f3n \u201csin transparencia\u201d en el Concejo Municipal, marcada por falta de informaci\u00f3n y reuniones sin contenido claro.\u201cNosotros queremos transparencia\u201d y \u201cel pueblo de cochabamba merece respeto\u201d, afirm\u00f3, cuestionando la forma en la que se est\u00e1 llevando adelante el proceso.Adem\u00e1s, remarc\u00f3 la legitimidad&#8230;<\/p>\n","protected":false},"author":11,"featured_media":11480,"comment_status":"open","ping_status":"open","sticky":false,"template":"","format":"standard","meta":{"_jetpack_memberships_contains_paid_content":false,"footnotes":"","jetpack_publicize_message":"","jetpack_publicize_feature_enabled":true,"jetpack_social_post_already_shared":true,"jetpack_social_options":{"image_generator_settings":{"template":"highway","enabled":false},"version":2}},"categories":[2,3],"tags":[6,293,1129,22,10,2382,1587],"class_list":["post-11479","post","type-post","status-publish","format-standard","has-post-thumbnail","hentry","category-cochabamba","category-politica","tag-cochabamba","tag-concejo-municipal","tag-el-avispero","tag-innoticias","tag-politica","tag-transicion","tag-transparencia"],"jetpack_publicize_connections":[],"yoast_head":"<!-- This site is optimized with the Yoast SEO plugin v23.4 - https:\/\/yoast.com\/wordpress\/plugins\/seo\/ -->\n<title>TRANSICI\u00d3N DEL CONCEJO MUNICIPAL EN LA MIRA - innoticiasbo.com<\/title>\n<meta name=\"robots\" content=\"index, follow, max-snippet:-1, max-image-preview:large, max-video-preview:-1\" \/>\n<link rel=\"canonical\" href=\"https:\/\/innoticiasbo.com\/index.php\/2026\/04\/27\/transicion-del-concejo-municipal-en-la-mira\/\" \/>\n<meta property=\"og:locale\" content=\"es_ES\" \/>\n<meta property=\"og:type\" content=\"article\" \/>\n<meta property=\"og:title\" content=\"TRANSICI\u00d3N DEL CONCEJO MUNICIPAL EN LA MIRA - innoticiasbo.com\" \/>\n<meta property=\"og:description\" content=\"Cochabamba, 27 de Abril de 2026.- El concejal electo Adalid Alvarado denuncia una transici\u00f3n \u201csin transparencia\u201d en el Concejo Municipal, marcada por falta de informaci\u00f3n y reuniones sin contenido claro.\u201cNosotros queremos transparencia\u201d y \u201cel pueblo de cochabamba merece respeto\u201d, afirm\u00f3, cuestionando la forma en la que se est\u00e1 llevando adelante el proceso.Adem\u00e1s, remarc\u00f3 la legitimidad...\" \/>\n<meta property=\"og:url\" content=\"https:\/\/innoticiasbo.com\/index.php\/2026\/04\/27\/transicion-del-concejo-municipal-en-la-mira\/\" \/>\n<meta property=\"og:site_name\" content=\"innoticiasbo.com\" \/>\n<meta property=\"article:publisher\" content=\"https:\/\/www.facebook.com\/innoticiasbolivia\" \/>\n<meta property=\"article:published_time\" content=\"2026-04-27T16:09:53+00:00\" \/>\n<meta property=\"article:modified_time\" content=\"2026-04-27T16:09:55+00:00\" \/>\n<meta property=\"og:image\" content=\"https:\/\/innoticiasbo.com\/wp-content\/uploads\/2026\/04\/image-314-1024x576.png\" \/>\n\t<meta property=\"og:image:width\" content=\"1024\" \/>\n\t<meta property=\"og:image:height\" content=\"576\" \/>\n\t<meta property=\"og:image:type\" content=\"image\/png\" \/>\n<meta name=\"author\" content=\"Prensa 11\" \/>\n<meta name=\"twitter:card\" content=\"summary_large_image\" \/>\n<meta name=\"twitter:creator\" content=\"@innoticiasbo\" \/>\n<meta name=\"twitter:site\" content=\"@innoticiasbo\" \/>\n<meta name=\"twitter:label1\" content=\"Escrito por\" \/>\n\t<meta name=\"twitter:data1\" content=\"Prensa 11\" \/>\n\t<meta name=\"twitter:label2\" content=\"Tiempo de lectura\" \/>\n\t<meta name=\"twitter:data2\" content=\"1 minuto\" \/>\n<script type=\"application\/ld+json\" class=\"yoast-schema-graph\">{\"@context\":\"https:\/\/schema.org\",\"@graph\":[{\"@type\":\"Article\",\"@id\":\"https:\/\/innoticiasbo.com\/index.php\/2026\/04\/27\/transicion-del-concejo-municipal-en-la-mira\/#article\",\"isPartOf\":{\"@id\":\"https:\/\/innoticiasbo.com\/index.php\/2026\/04\/27\/transicion-del-concejo-municipal-en-la-mira\/\"},\"author\":{\"name\":\"Prensa 11\",\"@id\":\"https:\/\/innoticiasbo.com\/#\/schema\/person\/0b28481e8d0316f83a13bc702311def5\"},\"headline\":\"TRANSICI\u00d3N DEL CONCEJO MUNICIPAL EN LA MIRA\",\"datePublished\":\"2026-04-27T16:09:53+00:00\",\"dateModified\":\"2026-04-27T16:09:55+00:00\",\"mainEntityOfPage\":{\"@id\":\"https:\/\/innoticiasbo.com\/index.php\/2026\/04\/27\/transicion-del-concejo-municipal-en-la-mira\/\"},\"wordCount\":111,\"commentCount\":0,\"publisher\":{\"@id\":\"https:\/\/innoticiasbo.com\/#organization\"},\"image\":{\"@id\":\"https:\/\/innoticiasbo.com\/index.php\/2026\/04\/27\/transicion-del-concejo-municipal-en-la-mira\/#primaryimage\"},\"thumbnailUrl\":\"https:\/\/i0.wp.com\/innoticiasbo.com\/wp-content\/uploads\/2026\/04\/image-314.png?fit=1920%2C1080&ssl=1\",\"keywords\":[\"Cochabamba\",\"Concejo Municipal\",\"El Avispero\",\"innoticias\",\"Pol\u00edtica\",\"transici\u00f3n\",\"transparencia\"],\"articleSection\":[\"Cochabamba\",\"Pol\u00edtica\"],\"inLanguage\":\"es\",\"potentialAction\":[{\"@type\":\"CommentAction\",\"name\":\"Comment\",\"target\":[\"https:\/\/innoticiasbo.com\/index.php\/2026\/04\/27\/transicion-del-concejo-municipal-en-la-mira\/#respond\"]}]},{\"@type\":\"WebPage\",\"@id\":\"https:\/\/innoticiasbo.com\/index.php\/2026\/04\/27\/transicion-del-concejo-municipal-en-la-mira\/\",\"url\":\"https:\/\/innoticiasbo.com\/index.php\/2026\/04\/27\/transicion-del-concejo-municipal-en-la-mira\/\",\"name\":\"TRANSICI\u00d3N DEL CONCEJO MUNICIPAL EN LA MIRA - innoticiasbo.com\",\"isPartOf\":{\"@id\":\"https:\/\/innoticiasbo.com\/#website\"},\"primaryImageOfPage\":{\"@id\":\"https:\/\/innoticiasbo.com\/index.php\/2026\/04\/27\/transicion-del-concejo-municipal-en-la-mira\/#primaryimage\"},\"image\":{\"@id\":\"https:\/\/innoticiasbo.com\/index.php\/2026\/04\/27\/transicion-del-concejo-municipal-en-la-mira\/#primaryimage\"},\"thumbnailUrl\":\"https:\/\/i0.wp.com\/innoticiasbo.com\/wp-content\/uploads\/2026\/04\/image-314.png?fit=1920%2C1080&ssl=1\",\"datePublished\":\"2026-04-27T16:09:53+00:00\",\"dateModified\":\"2026-04-27T16:09:55+00:00\",\"breadcrumb\":{\"@id\":\"https:\/\/innoticiasbo.com\/index.php\/2026\/04\/27\/transicion-del-concejo-municipal-en-la-mira\/#breadcrumb\"},\"inLanguage\":\"es\",\"potentialAction\":[{\"@type\":\"ReadAction\",\"target\":[\"https:\/\/innoticiasbo.com\/index.php\/2026\/04\/27\/transicion-del-concejo-municipal-en-la-mira\/\"]}]},{\"@type\":\"ImageObject\",\"inLanguage\":\"es\",\"@id\":\"https:\/\/innoticiasbo.com\/index.php\/2026\/04\/27\/transicion-del-concejo-municipal-en-la-mira\/#primaryimage\",\"url\":\"https:\/\/i0.wp.com\/innoticiasbo.com\/wp-content\/uploads\/2026\/04\/image-314.png?fit=1920%2C1080&ssl=1\",\"contentUrl\":\"https:\/\/i0.wp.com\/innoticiasbo.com\/wp-content\/uploads\/2026\/04\/image-314.png?fit=1920%2C1080&ssl=1\",\"width\":1920,\"height\":1080},{\"@type\":\"BreadcrumbList\",\"@id\":\"https:\/\/innoticiasbo.com\/index.php\/2026\/04\/27\/transicion-del-concejo-municipal-en-la-mira\/#breadcrumb\",\"itemListElement\":[{\"@type\":\"ListItem\",\"position\":1,\"name\":\"Portada\",\"item\":\"https:\/\/innoticiasbo.com\/\"},{\"@type\":\"ListItem\",\"position\":2,\"name\":\"TRANSICI\u00d3N DEL CONCEJO MUNICIPAL EN LA MIRA\"}]},{\"@type\":\"WebSite\",\"@id\":\"https:\/\/innoticiasbo.com\/#website\",\"url\":\"https:\/\/innoticiasbo.com\/\",\"name\":\"innoticiasbo.com\",\"description\":\"\",\"publisher\":{\"@id\":\"https:\/\/innoticiasbo.com\/#organization\"},\"potentialAction\":[{\"@type\":\"SearchAction\",\"target\":{\"@type\":\"EntryPoint\",\"urlTemplate\":\"https:\/\/innoticiasbo.com\/?s={search_term_string}\"},\"query-input\":{\"@type\":\"PropertyValueSpecification\",\"valueRequired\":true,\"valueName\":\"search_term_string\"}}],\"inLanguage\":\"es\"},{\"@type\":\"Organization\",\"@id\":\"https:\/\/innoticiasbo.com\/#organization\",\"name\":\"innoticiasbo.com\",\"url\":\"https:\/\/innoticiasbo.com\/\",\"logo\":{\"@type\":\"ImageObject\",\"inLanguage\":\"es\",\"@id\":\"https:\/\/innoticiasbo.com\/#\/schema\/logo\/image\/\",\"url\":\"https:\/\/i0.wp.com\/innoticiasbo.com\/wp-content\/uploads\/2026\/04\/cropped-IN-LOGO.png?fit=1476%2C1476&ssl=1\",\"contentUrl\":\"https:\/\/i0.wp.com\/innoticiasbo.com\/wp-content\/uploads\/2026\/04\/cropped-IN-LOGO.png?fit=1476%2C1476&ssl=1\",\"width\":1476,\"height\":1476,\"caption\":\"innoticiasbo.com\"},\"image\":{\"@id\":\"https:\/\/innoticiasbo.com\/#\/schema\/logo\/image\/\"},\"sameAs\":[\"https:\/\/www.facebook.com\/innoticiasbolivia\",\"https:\/\/x.com\/innoticiasbo\",\"https:\/\/www.instagram.com\/innoticiasbo\",\"https:\/\/www.youtube.com\/innoticiasbo\"]},{\"@type\":\"Person\",\"@id\":\"https:\/\/innoticiasbo.com\/#\/schema\/person\/0b28481e8d0316f83a13bc702311def5\",\"name\":\"Prensa 11\",\"image\":{\"@type\":\"ImageObject\",\"inLanguage\":\"es\",\"@id\":\"https:\/\/innoticiasbo.com\/#\/schema\/person\/image\/\",\"url\":\"https:\/\/secure.gravatar.com\/avatar\/696560c17349f1807a610bf83832bad0?s=96&d=mm&r=g\",\"contentUrl\":\"https:\/\/secure.gravatar.com\/avatar\/696560c17349f1807a610bf83832bad0?s=96&d=mm&r=g\",\"caption\":\"Prensa 11\"},\"sameAs\":[\"http:\/\/www.innoticiasbo.com\"],\"url\":\"https:\/\/innoticiasbo.com\/index.php\/author\/prensa-11\/\"}]}<\/script>\n<!-- \/ Yoast SEO plugin. -->","yoast_head_json":{"title":"TRANSICI\u00d3N DEL CONCEJO MUNICIPAL EN LA MIRA - innoticiasbo.com","robots":{"index":"index","follow":"follow","max-snippet":"max-snippet:-1","max-image-preview":"max-image-preview:large","max-video-preview":"max-video-preview:-1"},"canonical":"https:\/\/innoticiasbo.com\/index.php\/2026\/04\/27\/transicion-del-concejo-municipal-en-la-mira\/","og_locale":"es_ES","og_type":"article","og_title":"TRANSICI\u00d3N DEL CONCEJO MUNICIPAL EN LA MIRA - innoticiasbo.com","og_description":"Cochabamba, 27 de Abril de 2026.- El concejal electo Adalid Alvarado denuncia una transici\u00f3n \u201csin transparencia\u201d en el Concejo Municipal, marcada por falta de informaci\u00f3n y reuniones sin contenido claro.\u201cNosotros queremos transparencia\u201d y \u201cel pueblo de cochabamba merece respeto\u201d, afirm\u00f3, cuestionando la forma en la que se est\u00e1 llevando adelante el proceso.Adem\u00e1s, remarc\u00f3 la legitimidad...","og_url":"https:\/\/innoticiasbo.com\/index.php\/2026\/04\/27\/transicion-del-concejo-municipal-en-la-mira\/","og_site_name":"innoticiasbo.com","article_publisher":"https:\/\/www.facebook.com\/innoticiasbolivia","article_published_time":"2026-04-27T16:09:53+00:00","article_modified_time":"2026-04-27T16:09:55+00:00","og_image":[{"width":1024,"height":576,"url":"https:\/\/innoticiasbo.com\/wp-content\/uploads\/2026\/04\/image-314-1024x576.png","type":"image\/png"}],"author":"Prensa 11","twitter_card":"summary_large_image","twitter_creator":"@innoticiasbo","twitter_site":"@innoticiasbo","twitter_misc":{"Escrito por":"Prensa 11","Tiempo de lectura":"1 minuto"},"schema":{"@context":"https:\/\/schema.org","@graph":[{"@type":"Article","@id":"https:\/\/innoticiasbo.com\/index.php\/2026\/04\/27\/transicion-del-concejo-municipal-en-la-mira\/#article","isPartOf":{"@id":"https:\/\/innoticiasbo.com\/index.php\/2026\/04\/27\/transicion-del-concejo-municipal-en-la-mira\/"},"author":{"name":"Prensa 11","@id":"https:\/\/innoticiasbo.com\/#\/schema\/person\/0b28481e8d0316f83a13bc702311def5"},"headline":"TRANSICI\u00d3N DEL CONCEJO MUNICIPAL EN LA MIRA","datePublished":"2026-04-27T16:09:53+00:00","dateModified":"2026-04-27T16:09:55+00:00","mainEntityOfPage":{"@id":"https:\/\/innoticiasbo.com\/index.php\/2026\/04\/27\/transicion-del-concejo-municipal-en-la-mira\/"},"wordCount":111,"commentCount":0,"publisher":{"@id":"https:\/\/innoticiasbo.com\/#organization"},"image":{"@id":"https:\/\/innoticiasbo.com\/index.php\/2026\/04\/27\/transicion-del-concejo-municipal-en-la-mira\/#primaryimage"},"thumbnailUrl":"https:\/\/i0.wp.com\/innoticiasbo.com\/wp-content\/uploads\/2026\/04\/image-314.png?fit=1920%2C1080&ssl=1","keywords":["Cochabamba","Concejo Municipal","El Avispero","innoticias","Pol\u00edtica","transici\u00f3n","transparencia"],"articleSection":["Cochabamba","Pol\u00edtica"],"inLanguage":"es","potentialAction":[{"@type":"CommentAction","name":"Comment","target":["https:\/\/innoticiasbo.com\/index.php\/2026\/04\/27\/transicion-del-concejo-municipal-en-la-mira\/#respond"]}]},{"@type":"WebPage","@id":"https:\/\/innoticiasbo.com\/index.php\/2026\/04\/27\/transicion-del-concejo-municipal-en-la-mira\/","url":"https:\/\/innoticiasbo.com\/index.php\/2026\/04\/27\/transicion-del-concejo-municipal-en-la-mira\/","name":"TRANSICI\u00d3N DEL CONCEJO MUNICIPAL EN LA MIRA - innoticiasbo.com","isPartOf":{"@id":"https:\/\/innoticiasbo.com\/#website"},"primaryImageOfPage":{"@id":"https:\/\/innoticiasbo.com\/index.php\/2026\/04\/27\/transicion-del-concejo-municipal-en-la-mira\/#primaryimage"},"image":{"@id":"https:\/\/innoticiasbo.com\/index.php\/2026\/04\/27\/transicion-del-concejo-municipal-en-la-mira\/#primaryimage"},"thumbnailUrl":"https:\/\/i0.wp.com\/innoticiasbo.com\/wp-content\/uploads\/2026\/04\/image-314.png?fit=1920%2C1080&ssl=1","datePublished":"2026-04-27T16:09:53+00:00","dateModified":"2026-04-27T16:09:55+00:00","breadcrumb":{"@id":"https:\/\/innoticiasbo.com\/index.php\/2026\/04\/27\/transicion-del-concejo-municipal-en-la-mira\/#breadcrumb"},"inLanguage":"es","potentialAction":[{"@type":"ReadAction","target":["https:\/\/innoticiasbo.com\/index.php\/2026\/04\/27\/transicion-del-concejo-municipal-en-la-mira\/"]}]},{"@type":"ImageObject","inLanguage":"es","@id":"https:\/\/innoticiasbo.com\/index.php\/2026\/04\/27\/transicion-del-concejo-municipal-en-la-mira\/#primaryimage","url":"https:\/\/i0.wp.com\/innoticiasbo.com\/wp-content\/uploads\/2026\/04\/image-314.png?fit=1920%2C1080&ssl=1","contentUrl":"https:\/\/i0.wp.com\/innoticiasbo.com\/wp-content\/uploads\/2026\/04\/image-314.png?fit=1920%2C1080&ssl=1","width":1920,"height":1080},{"@type":"BreadcrumbList","@id":"https:\/\/innoticiasbo.com\/index.php\/2026\/04\/27\/transicion-del-concejo-municipal-en-la-mira\/#breadcrumb","itemListElement":[{"@type":"ListItem","position":1,"name":"Portada","item":"https:\/\/innoticiasbo.com\/"},{"@type":"ListItem","position":2,"name":"TRANSICI\u00d3N DEL CONCEJO MUNICIPAL EN LA MIRA"}]},{"@type":"WebSite","@id":"https:\/\/innoticiasbo.com\/#website","url":"https:\/\/innoticiasbo.com\/","name":"innoticiasbo.com","description":"","publisher":{"@id":"https:\/\/innoticiasbo.com\/#organization"},"potentialAction":[{"@type":"SearchAction","target":{"@type":"EntryPoint","urlTemplate":"https:\/\/innoticiasbo.com\/?s={search_term_string}"},"query-input":{"@type":"PropertyValueSpecification","valueRequired":true,"valueName":"search_term_string"}}],"inLanguage":"es"},{"@type":"Organization","@id":"https:\/\/innoticiasbo.com\/#organization","name":"innoticiasbo.com","url":"https:\/\/innoticiasbo.com\/","logo":{"@type":"ImageObject","inLanguage":"es","@id":"https:\/\/innoticiasbo.com\/#\/schema\/logo\/image\/","url":"https:\/\/i0.wp.com\/innoticiasbo.com\/wp-content\/uploads\/2026\/04\/cropped-IN-LOGO.png?fit=1476%2C1476&ssl=1","contentUrl":"https:\/\/i0.wp.com\/innoticiasbo.com\/wp-content\/uploads\/2026\/04\/cropped-IN-LOGO.png?fit=1476%2C1476&ssl=1","width":1476,"height":1476,"caption":"innoticiasbo.com"},"image":{"@id":"https:\/\/innoticiasbo.com\/#\/schema\/logo\/image\/"},"sameAs":["https:\/\/www.facebook.com\/innoticiasbolivia","https:\/\/x.com\/innoticiasbo","https:\/\/www.instagram.com\/innoticiasbo","https:\/\/www.youtube.com\/innoticiasbo"]},{"@type":"Person","@id":"https:\/\/innoticiasbo.com\/#\/schema\/person\/0b28481e8d0316f83a13bc702311def5","name":"Prensa 11","image":{"@type":"ImageObject","inLanguage":"es","@id":"https:\/\/innoticiasbo.com\/#\/schema\/person\/image\/","url":"https:\/\/secure.gravatar.com\/avatar\/696560c17349f1807a610bf83832bad0?s=96&d=mm&r=g","contentUrl":"https:\/\/secure.gravatar.com\/avatar\/696560c17349f1807a610bf83832bad0?s=96&d=mm&r=g","caption":"Prensa 11"},"sameAs":["http:\/\/www.innoticiasbo.com"],"url":"https:\/\/innoticiasbo.com\/index.php\/author\/prensa-11\/"}]}},"jetpack_featured_media_url":"https:\/\/i0.wp.com\/innoticiasbo.com\/wp-content\/uploads\/2026\/04\/image-314.png?fit=1920%2C1080&ssl=1","jetpack_likes_enabled":true,"jetpack_sharing_enabled":true,"jetpack_shortlink":"https:\/\/wp.me\/pg298x-2Z9","_links":{"self":[{"href":"https:\/\/innoticiasbo.com\/index.php\/wp-json\/wp\/v2\/posts\/11479","targetHints":{"allow":["GET"]}}],"collection":[{"href":"https:\/\/innoticiasbo.com\/index.php\/wp-json\/wp\/v2\/posts"}],"about":[{"href":"https:\/\/innoticiasbo.com\/index.php\/wp-json\/wp\/v2\/types\/post"}],"author":[{"embeddable":true,"href":"https:\/\/innoticiasbo.com\/index.php\/wp-json\/wp\/v2\/users\/11"}],"replies":[{"embeddable":true,"href":"https:\/\/innoticiasbo.com\/index.php\/wp-json\/wp\/v2\/comments?post=11479"}],"version-history":[{"count":1,"href":"https:\/\/innoticiasbo.com\/index.php\/wp-json\/wp\/v2\/posts\/11479\/revisions"}],"predecessor-version":[{"id":11482,"href":"https:\/\/innoticiasbo.com\/index.php\/wp-json\/wp\/v2\/posts\/11479\/revisions\/11482"}],"wp:featuredmedia":[{"embeddable":true,"href":"https:\/\/innoticiasbo.com\/index.php\/wp-json\/wp\/v2\/media\/11480"}],"wp:attachment":[{"href":"https:\/\/innoticiasbo.com\/index.php\/wp-json\/wp\/v2\/media?parent=11479"}],"wp:term":[{"taxonomy":"category","embeddable":true,"href":"https:\/\/innoticiasbo.com\/index.php\/wp-json\/wp\/v2\/categories?post=11479"},{"taxonomy":"post_tag","embeddable":true,"href":"https:\/\/innoticiasbo.com\/index.php\/wp-json\/wp\/v2\/tags?post=11479"}],"curies":[{"name":"wp","href":"https:\/\/api.w.org\/{rel}","templated":true}]}}