{"id":11476,"date":"2026-04-27T11:50:09","date_gmt":"2026-04-27T15:50:09","guid":{"rendered":"https:\/\/innoticiasbo.com\/?p=11476"},"modified":"2026-04-27T11:50:11","modified_gmt":"2026-04-27T15:50:11","slug":"emergencia-militar-quedan-aprehendidos-15-conscriptos-denuncian-que-los-instructores-no-estaban-la-noche-del-robo-de-armamento","status":"publish","type":"post","link":"https:\/\/innoticiasbo.com\/index.php\/2026\/04\/27\/emergencia-militar-quedan-aprehendidos-15-conscriptos-denuncian-que-los-instructores-no-estaban-la-noche-del-robo-de-armamento\/","title":{"rendered":"EMERGENCIA MILITAR: QUEDAN APREHENDIDOS 15 CONSCRIPTOS, DENUNCIAN QUE LOS INSTRUCTORES NO ESTABAN LA NOCHE DEL ROBO DE ARMAMENTO"},"content":{"rendered":"\n<figure class=\"wp-block-image size-large\"><img data-recalc-dims=\"1\" loading=\"lazy\" decoding=\"async\" width=\"640\" height=\"480\" src=\"https:\/\/i0.wp.com\/innoticiasbo.com\/wp-content\/uploads\/2026\/04\/image-313.png?resize=640%2C480&#038;ssl=1\" alt=\"\" class=\"wp-image-11477\" srcset=\"https:\/\/i0.wp.com\/innoticiasbo.com\/wp-content\/uploads\/2026\/04\/image-313.png?resize=1024%2C768&amp;ssl=1 1024w, https:\/\/i0.wp.com\/innoticiasbo.com\/wp-content\/uploads\/2026\/04\/image-313.png?resize=300%2C225&amp;ssl=1 300w, https:\/\/i0.wp.com\/innoticiasbo.com\/wp-content\/uploads\/2026\/04\/image-313.png?resize=768%2C576&amp;ssl=1 768w, https:\/\/i0.wp.com\/innoticiasbo.com\/wp-content\/uploads\/2026\/04\/image-313.png?w=1280&amp;ssl=1 1280w\" sizes=\"auto, (max-width: 640px) 100vw, 640px\" \/><\/figure>\n\n\n\n<p><strong>La Paz, 27 de Abril, 2026.-<\/strong> Padres de familia de conscriptos denuncian que al menos 15 marineros se encuentran en calidad de aprehendidos, tras ser citados a declarar tras el robo de armamento y munici\u00f3n registrado el pasado s\u00e1bado, en el Batall\u00f3n de Infanter\u00eda de Marina VI \u201cIndependencia\u201d, en la localidad de Chua Cocani, en La Paz.<\/p>\n\n\n\n<p>Tambi\u00e9n denuncia que los instructores no se encontraban en sus puestos de trabajo la noche que ocurri\u00f3 el robo.<\/p>\n\n\n\n<p>Seg\u00fan los familiares, los j\u00f3venes que estaban de guardia al momento del incidente, son quienes actualmente enfrentan las investigaciones, los progenitores cuestionan que el d\u00eda del suceso no se contaba con la presencia de instructores dentro del recinto militar.<\/p>\n\n\n\n<p>Asimismo, denunciaron que tras el hecho se determin\u00f3 la suspensi\u00f3n de todas las visitas al Batall\u00f3n. Esta situaci\u00f3n ha incrementado la incertidumbre y el temor de las familias. Aseguran no contar con informaci\u00f3n clara sobre el estado de los conscriptos.<\/p>\n\n\n\n<p>El armamento robado: 4 fusiles FAL, 4 fusiles ACA T-56-2, 3 escopetas Mossberg, 6 pistolas calibre 9 mm, 3 Norinco NP-22, 2 Glock 17, 1 Steyr L9-A1.<\/p>\n\n\n\n<p>INTENSA B\u00daSQUEDA<\/p>\n\n\n\n<p>La Armada Boliviana declar\u00f3 estado de emergencia y despleg\u00f3 unidades de \u00e9lite en Chua Cocani y zonas aleda\u00f1as tras el robo de material b\u00e9lico del Batall\u00f3n \u00abIndependencia\u00bb ocurrido el 25 de abril. El operativo, bajo instrucci\u00f3n del ministro de Defensa Ra\u00fal Marcelo Salinas, incluye Comandos Anfibios, buzos de altura y Polic\u00eda Militar Naval, con rastrillaje intensivo coordinado con la Polic\u00eda y el Ministerio P\u00fablico. Ya hay personas aprehendidas y se recolectaron indicios clave. Se pidi\u00f3 a la poblaci\u00f3n del sector del Lago Titicaca mantener la calma y colaborar con los controles m\u00f3viles y fijos.<\/p>\n\n\n\n<p><a href=\"https:\/\/www.facebook.com\/profile.php?id=100009011083615&amp;comment_id=Y29tbWVudDo5ODAxMjAxNTEyMDM5MDlfMTYxMjkxNzA4OTc5NzI4NA%3D%3D&amp;__cft__[0]=AZYr5mv2UfK337Ji-HsGAwLtwqdkRij-GNffzOCemGR6Yixt34XnnHVRKeE9fh4Q73dtmK12KmAgGUzfu8tpGU1slxpwQW-xPAowcqxF38WSBhmZGpPzULfikiAjf88IHBebd9nfIFkqX1r1-Otigijsqj9lq1J_fkaZy7gHlV_s2g&amp;__tn__=R]-R\"><\/a><\/p>\n","protected":false},"excerpt":{"rendered":"<p>La Paz, 27 de Abril, 2026.- Padres de familia de conscriptos denuncian que al menos 15 marineros se encuentran en calidad de aprehendidos, tras ser citados a declarar tras el robo de armamento y munici\u00f3n registrado el pasado s\u00e1bado, en el Batall\u00f3n de Infanter\u00eda de Marina VI \u201cIndependencia\u201d, en la localidad de Chua Cocani, en&#8230;<\/p>\n","protected":false},"author":11,"featured_media":11477,"comment_status":"open","ping_status":"open","sticky":false,"template":"","format":"standard","meta":{"_jetpack_memberships_contains_paid_content":false,"footnotes":"","jetpack_publicize_message":"","jetpack_publicize_feature_enabled":true,"jetpack_social_post_already_shared":true,"jetpack_social_options":{"image_generator_settings":{"template":"highway","enabled":false},"version":2}},"categories":[1,15],"tags":[2703,7,2702,615,1967,2704,235],"class_list":["post-11476","post","type-post","status-publish","format-standard","has-post-thumbnail","hentry","category-bolivia","category-seguridad","tag-batallon-de-infanteria-de-marina-vi-independencia","tag-bolivia","tag-emergencia-militar","tag-la-paz","tag-robo","tag-robo-de-armamento","tag-seguridad"],"jetpack_publicize_connections":[],"yoast_head":"<!-- This site is optimized with the Yoast SEO plugin v23.4 - https:\/\/yoast.com\/wordpress\/plugins\/seo\/ -->\n<title>EMERGENCIA MILITAR: QUEDAN APREHENDIDOS 15 CONSCRIPTOS, DENUNCIAN QUE LOS INSTRUCTORES NO ESTABAN LA NOCHE DEL ROBO DE ARMAMENTO - innoticiasbo.com<\/title>\n<meta name=\"robots\" content=\"index, follow, max-snippet:-1, max-image-preview:large, max-video-preview:-1\" \/>\n<link rel=\"canonical\" href=\"https:\/\/innoticiasbo.com\/index.php\/2026\/04\/27\/emergencia-militar-quedan-aprehendidos-15-conscriptos-denuncian-que-los-instructores-no-estaban-la-noche-del-robo-de-armamento\/\" \/>\n<meta property=\"og:locale\" content=\"es_ES\" \/>\n<meta property=\"og:type\" content=\"article\" \/>\n<meta property=\"og:title\" content=\"EMERGENCIA MILITAR: QUEDAN APREHENDIDOS 15 CONSCRIPTOS, DENUNCIAN QUE LOS INSTRUCTORES NO ESTABAN LA NOCHE DEL ROBO DE ARMAMENTO - innoticiasbo.com\" \/>\n<meta property=\"og:description\" content=\"La Paz, 27 de Abril, 2026.- Padres de familia de conscriptos denuncian que al menos 15 marineros se encuentran en calidad de aprehendidos, tras ser citados a declarar tras el robo de armamento y munici\u00f3n registrado el pasado s\u00e1bado, en el Batall\u00f3n de Infanter\u00eda de Marina VI \u201cIndependencia\u201d, en la localidad de Chua Cocani, en...\" \/>\n<meta property=\"og:url\" content=\"https:\/\/innoticiasbo.com\/index.php\/2026\/04\/27\/emergencia-militar-quedan-aprehendidos-15-conscriptos-denuncian-que-los-instructores-no-estaban-la-noche-del-robo-de-armamento\/\" \/>\n<meta property=\"og:site_name\" content=\"innoticiasbo.com\" \/>\n<meta property=\"article:publisher\" content=\"https:\/\/www.facebook.com\/innoticiasbolivia\" \/>\n<meta property=\"article:published_time\" content=\"2026-04-27T15:50:09+00:00\" \/>\n<meta property=\"article:modified_time\" content=\"2026-04-27T15:50:11+00:00\" \/>\n<meta property=\"og:image\" content=\"https:\/\/innoticiasbo.com\/wp-content\/uploads\/2026\/04\/image-313-1024x768.png\" \/>\n\t<meta property=\"og:image:width\" content=\"1024\" \/>\n\t<meta property=\"og:image:height\" content=\"768\" \/>\n\t<meta property=\"og:image:type\" content=\"image\/png\" \/>\n<meta name=\"author\" content=\"Prensa 11\" \/>\n<meta name=\"twitter:card\" content=\"summary_large_image\" \/>\n<meta name=\"twitter:creator\" content=\"@innoticiasbo\" \/>\n<meta name=\"twitter:site\" content=\"@innoticiasbo\" \/>\n<meta name=\"twitter:label1\" content=\"Escrito por\" \/>\n\t<meta name=\"twitter:data1\" content=\"Prensa 11\" \/>\n\t<meta name=\"twitter:label2\" content=\"Tiempo de lectura\" \/>\n\t<meta name=\"twitter:data2\" content=\"2 minutos\" \/>\n<script type=\"application\/ld+json\" class=\"yoast-schema-graph\">{\"@context\":\"https:\/\/schema.org\",\"@graph\":[{\"@type\":\"Article\",\"@id\":\"https:\/\/innoticiasbo.com\/index.php\/2026\/04\/27\/emergencia-militar-quedan-aprehendidos-15-conscriptos-denuncian-que-los-instructores-no-estaban-la-noche-del-robo-de-armamento\/#article\",\"isPartOf\":{\"@id\":\"https:\/\/innoticiasbo.com\/index.php\/2026\/04\/27\/emergencia-militar-quedan-aprehendidos-15-conscriptos-denuncian-que-los-instructores-no-estaban-la-noche-del-robo-de-armamento\/\"},\"author\":{\"name\":\"Prensa 11\",\"@id\":\"https:\/\/innoticiasbo.com\/#\/schema\/person\/0b28481e8d0316f83a13bc702311def5\"},\"headline\":\"EMERGENCIA MILITAR: QUEDAN APREHENDIDOS 15 CONSCRIPTOS, DENUNCIAN QUE LOS INSTRUCTORES NO ESTABAN LA NOCHE DEL ROBO DE ARMAMENTO\",\"datePublished\":\"2026-04-27T15:50:09+00:00\",\"dateModified\":\"2026-04-27T15:50:11+00:00\",\"mainEntityOfPage\":{\"@id\":\"https:\/\/innoticiasbo.com\/index.php\/2026\/04\/27\/emergencia-militar-quedan-aprehendidos-15-conscriptos-denuncian-que-los-instructores-no-estaban-la-noche-del-robo-de-armamento\/\"},\"wordCount\":308,\"commentCount\":0,\"publisher\":{\"@id\":\"https:\/\/innoticiasbo.com\/#organization\"},\"image\":{\"@id\":\"https:\/\/innoticiasbo.com\/index.php\/2026\/04\/27\/emergencia-militar-quedan-aprehendidos-15-conscriptos-denuncian-que-los-instructores-no-estaban-la-noche-del-robo-de-armamento\/#primaryimage\"},\"thumbnailUrl\":\"https:\/\/i0.wp.com\/innoticiasbo.com\/wp-content\/uploads\/2026\/04\/image-313.png?fit=1280%2C960&ssl=1\",\"keywords\":[\"Batall\u00f3n de Infanter\u00eda de Marina VI \u201cIndependencia\u201d\",\"Bolivia\",\"Emergencia militar\",\"La Paz\",\"robo\",\"robo de armamento\",\"seguridad\"],\"articleSection\":[\"Bolivia\",\"Seguridad\"],\"inLanguage\":\"es\",\"potentialAction\":[{\"@type\":\"CommentAction\",\"name\":\"Comment\",\"target\":[\"https:\/\/innoticiasbo.com\/index.php\/2026\/04\/27\/emergencia-militar-quedan-aprehendidos-15-conscriptos-denuncian-que-los-instructores-no-estaban-la-noche-del-robo-de-armamento\/#respond\"]}]},{\"@type\":\"WebPage\",\"@id\":\"https:\/\/innoticiasbo.com\/index.php\/2026\/04\/27\/emergencia-militar-quedan-aprehendidos-15-conscriptos-denuncian-que-los-instructores-no-estaban-la-noche-del-robo-de-armamento\/\",\"url\":\"https:\/\/innoticiasbo.com\/index.php\/2026\/04\/27\/emergencia-militar-quedan-aprehendidos-15-conscriptos-denuncian-que-los-instructores-no-estaban-la-noche-del-robo-de-armamento\/\",\"name\":\"EMERGENCIA MILITAR: QUEDAN APREHENDIDOS 15 CONSCRIPTOS, DENUNCIAN QUE LOS INSTRUCTORES NO ESTABAN LA NOCHE DEL ROBO DE ARMAMENTO - innoticiasbo.com\",\"isPartOf\":{\"@id\":\"https:\/\/innoticiasbo.com\/#website\"},\"primaryImageOfPage\":{\"@id\":\"https:\/\/innoticiasbo.com\/index.php\/2026\/04\/27\/emergencia-militar-quedan-aprehendidos-15-conscriptos-denuncian-que-los-instructores-no-estaban-la-noche-del-robo-de-armamento\/#primaryimage\"},\"image\":{\"@id\":\"https:\/\/innoticiasbo.com\/index.php\/2026\/04\/27\/emergencia-militar-quedan-aprehendidos-15-conscriptos-denuncian-que-los-instructores-no-estaban-la-noche-del-robo-de-armamento\/#primaryimage\"},\"thumbnailUrl\":\"https:\/\/i0.wp.com\/innoticiasbo.com\/wp-content\/uploads\/2026\/04\/image-313.png?fit=1280%2C960&ssl=1\",\"datePublished\":\"2026-04-27T15:50:09+00:00\",\"dateModified\":\"2026-04-27T15:50:11+00:00\",\"breadcrumb\":{\"@id\":\"https:\/\/innoticiasbo.com\/index.php\/2026\/04\/27\/emergencia-militar-quedan-aprehendidos-15-conscriptos-denuncian-que-los-instructores-no-estaban-la-noche-del-robo-de-armamento\/#breadcrumb\"},\"inLanguage\":\"es\",\"potentialAction\":[{\"@type\":\"ReadAction\",\"target\":[\"https:\/\/innoticiasbo.com\/index.php\/2026\/04\/27\/emergencia-militar-quedan-aprehendidos-15-conscriptos-denuncian-que-los-instructores-no-estaban-la-noche-del-robo-de-armamento\/\"]}]},{\"@type\":\"ImageObject\",\"inLanguage\":\"es\",\"@id\":\"https:\/\/innoticiasbo.com\/index.php\/2026\/04\/27\/emergencia-militar-quedan-aprehendidos-15-conscriptos-denuncian-que-los-instructores-no-estaban-la-noche-del-robo-de-armamento\/#primaryimage\",\"url\":\"https:\/\/i0.wp.com\/innoticiasbo.com\/wp-content\/uploads\/2026\/04\/image-313.png?fit=1280%2C960&ssl=1\",\"contentUrl\":\"https:\/\/i0.wp.com\/innoticiasbo.com\/wp-content\/uploads\/2026\/04\/image-313.png?fit=1280%2C960&ssl=1\",\"width\":1280,\"height\":960},{\"@type\":\"BreadcrumbList\",\"@id\":\"https:\/\/innoticiasbo.com\/index.php\/2026\/04\/27\/emergencia-militar-quedan-aprehendidos-15-conscriptos-denuncian-que-los-instructores-no-estaban-la-noche-del-robo-de-armamento\/#breadcrumb\",\"itemListElement\":[{\"@type\":\"ListItem\",\"position\":1,\"name\":\"Portada\",\"item\":\"https:\/\/innoticiasbo.com\/\"},{\"@type\":\"ListItem\",\"position\":2,\"name\":\"EMERGENCIA MILITAR: QUEDAN APREHENDIDOS 15 CONSCRIPTOS, DENUNCIAN QUE LOS INSTRUCTORES NO ESTABAN LA NOCHE DEL ROBO DE ARMAMENTO\"}]},{\"@type\":\"WebSite\",\"@id\":\"https:\/\/innoticiasbo.com\/#website\",\"url\":\"https:\/\/innoticiasbo.com\/\",\"name\":\"innoticiasbo.com\",\"description\":\"\",\"publisher\":{\"@id\":\"https:\/\/innoticiasbo.com\/#organization\"},\"potentialAction\":[{\"@type\":\"SearchAction\",\"target\":{\"@type\":\"EntryPoint\",\"urlTemplate\":\"https:\/\/innoticiasbo.com\/?s={search_term_string}\"},\"query-input\":{\"@type\":\"PropertyValueSpecification\",\"valueRequired\":true,\"valueName\":\"search_term_string\"}}],\"inLanguage\":\"es\"},{\"@type\":\"Organization\",\"@id\":\"https:\/\/innoticiasbo.com\/#organization\",\"name\":\"innoticiasbo.com\",\"url\":\"https:\/\/innoticiasbo.com\/\",\"logo\":{\"@type\":\"ImageObject\",\"inLanguage\":\"es\",\"@id\":\"https:\/\/innoticiasbo.com\/#\/schema\/logo\/image\/\",\"url\":\"https:\/\/i0.wp.com\/innoticiasbo.com\/wp-content\/uploads\/2026\/04\/cropped-IN-LOGO.png?fit=1476%2C1476&ssl=1\",\"contentUrl\":\"https:\/\/i0.wp.com\/innoticiasbo.com\/wp-content\/uploads\/2026\/04\/cropped-IN-LOGO.png?fit=1476%2C1476&ssl=1\",\"width\":1476,\"height\":1476,\"caption\":\"innoticiasbo.com\"},\"image\":{\"@id\":\"https:\/\/innoticiasbo.com\/#\/schema\/logo\/image\/\"},\"sameAs\":[\"https:\/\/www.facebook.com\/innoticiasbolivia\",\"https:\/\/x.com\/innoticiasbo\",\"https:\/\/www.instagram.com\/innoticiasbo\",\"https:\/\/www.youtube.com\/innoticiasbo\"]},{\"@type\":\"Person\",\"@id\":\"https:\/\/innoticiasbo.com\/#\/schema\/person\/0b28481e8d0316f83a13bc702311def5\",\"name\":\"Prensa 11\",\"image\":{\"@type\":\"ImageObject\",\"inLanguage\":\"es\",\"@id\":\"https:\/\/innoticiasbo.com\/#\/schema\/person\/image\/\",\"url\":\"https:\/\/secure.gravatar.com\/avatar\/696560c17349f1807a610bf83832bad0?s=96&d=mm&r=g\",\"contentUrl\":\"https:\/\/secure.gravatar.com\/avatar\/696560c17349f1807a610bf83832bad0?s=96&d=mm&r=g\",\"caption\":\"Prensa 11\"},\"sameAs\":[\"http:\/\/www.innoticiasbo.com\"],\"url\":\"https:\/\/innoticiasbo.com\/index.php\/author\/prensa-11\/\"}]}<\/script>\n<!-- \/ Yoast SEO plugin. -->","yoast_head_json":{"title":"EMERGENCIA MILITAR: QUEDAN APREHENDIDOS 15 CONSCRIPTOS, DENUNCIAN QUE LOS INSTRUCTORES NO ESTABAN LA NOCHE DEL ROBO DE ARMAMENTO - innoticiasbo.com","robots":{"index":"index","follow":"follow","max-snippet":"max-snippet:-1","max-image-preview":"max-image-preview:large","max-video-preview":"max-video-preview:-1"},"canonical":"https:\/\/innoticiasbo.com\/index.php\/2026\/04\/27\/emergencia-militar-quedan-aprehendidos-15-conscriptos-denuncian-que-los-instructores-no-estaban-la-noche-del-robo-de-armamento\/","og_locale":"es_ES","og_type":"article","og_title":"EMERGENCIA MILITAR: QUEDAN APREHENDIDOS 15 CONSCRIPTOS, DENUNCIAN QUE LOS INSTRUCTORES NO ESTABAN LA NOCHE DEL ROBO DE ARMAMENTO - innoticiasbo.com","og_description":"La Paz, 27 de Abril, 2026.- Padres de familia de conscriptos denuncian que al menos 15 marineros se encuentran en calidad de aprehendidos, tras ser citados a declarar tras el robo de armamento y munici\u00f3n registrado el pasado s\u00e1bado, en el Batall\u00f3n de Infanter\u00eda de Marina VI \u201cIndependencia\u201d, en la localidad de Chua Cocani, en...","og_url":"https:\/\/innoticiasbo.com\/index.php\/2026\/04\/27\/emergencia-militar-quedan-aprehendidos-15-conscriptos-denuncian-que-los-instructores-no-estaban-la-noche-del-robo-de-armamento\/","og_site_name":"innoticiasbo.com","article_publisher":"https:\/\/www.facebook.com\/innoticiasbolivia","article_published_time":"2026-04-27T15:50:09+00:00","article_modified_time":"2026-04-27T15:50:11+00:00","og_image":[{"width":1024,"height":768,"url":"https:\/\/innoticiasbo.com\/wp-content\/uploads\/2026\/04\/image-313-1024x768.png","type":"image\/png"}],"author":"Prensa 11","twitter_card":"summary_large_image","twitter_creator":"@innoticiasbo","twitter_site":"@innoticiasbo","twitter_misc":{"Escrito por":"Prensa 11","Tiempo de lectura":"2 minutos"},"schema":{"@context":"https:\/\/schema.org","@graph":[{"@type":"Article","@id":"https:\/\/innoticiasbo.com\/index.php\/2026\/04\/27\/emergencia-militar-quedan-aprehendidos-15-conscriptos-denuncian-que-los-instructores-no-estaban-la-noche-del-robo-de-armamento\/#article","isPartOf":{"@id":"https:\/\/innoticiasbo.com\/index.php\/2026\/04\/27\/emergencia-militar-quedan-aprehendidos-15-conscriptos-denuncian-que-los-instructores-no-estaban-la-noche-del-robo-de-armamento\/"},"author":{"name":"Prensa 11","@id":"https:\/\/innoticiasbo.com\/#\/schema\/person\/0b28481e8d0316f83a13bc702311def5"},"headline":"EMERGENCIA MILITAR: QUEDAN APREHENDIDOS 15 CONSCRIPTOS, DENUNCIAN QUE LOS INSTRUCTORES NO ESTABAN LA NOCHE DEL ROBO DE ARMAMENTO","datePublished":"2026-04-27T15:50:09+00:00","dateModified":"2026-04-27T15:50:11+00:00","mainEntityOfPage":{"@id":"https:\/\/innoticiasbo.com\/index.php\/2026\/04\/27\/emergencia-militar-quedan-aprehendidos-15-conscriptos-denuncian-que-los-instructores-no-estaban-la-noche-del-robo-de-armamento\/"},"wordCount":308,"commentCount":0,"publisher":{"@id":"https:\/\/innoticiasbo.com\/#organization"},"image":{"@id":"https:\/\/innoticiasbo.com\/index.php\/2026\/04\/27\/emergencia-militar-quedan-aprehendidos-15-conscriptos-denuncian-que-los-instructores-no-estaban-la-noche-del-robo-de-armamento\/#primaryimage"},"thumbnailUrl":"https:\/\/i0.wp.com\/innoticiasbo.com\/wp-content\/uploads\/2026\/04\/image-313.png?fit=1280%2C960&ssl=1","keywords":["Batall\u00f3n de Infanter\u00eda de Marina VI \u201cIndependencia\u201d","Bolivia","Emergencia militar","La Paz","robo","robo de armamento","seguridad"],"articleSection":["Bolivia","Seguridad"],"inLanguage":"es","potentialAction":[{"@type":"CommentAction","name":"Comment","target":["https:\/\/innoticiasbo.com\/index.php\/2026\/04\/27\/emergencia-militar-quedan-aprehendidos-15-conscriptos-denuncian-que-los-instructores-no-estaban-la-noche-del-robo-de-armamento\/#respond"]}]},{"@type":"WebPage","@id":"https:\/\/innoticiasbo.com\/index.php\/2026\/04\/27\/emergencia-militar-quedan-aprehendidos-15-conscriptos-denuncian-que-los-instructores-no-estaban-la-noche-del-robo-de-armamento\/","url":"https:\/\/innoticiasbo.com\/index.php\/2026\/04\/27\/emergencia-militar-quedan-aprehendidos-15-conscriptos-denuncian-que-los-instructores-no-estaban-la-noche-del-robo-de-armamento\/","name":"EMERGENCIA MILITAR: QUEDAN APREHENDIDOS 15 CONSCRIPTOS, DENUNCIAN QUE LOS INSTRUCTORES NO ESTABAN LA NOCHE DEL ROBO DE ARMAMENTO - innoticiasbo.com","isPartOf":{"@id":"https:\/\/innoticiasbo.com\/#website"},"primaryImageOfPage":{"@id":"https:\/\/innoticiasbo.com\/index.php\/2026\/04\/27\/emergencia-militar-quedan-aprehendidos-15-conscriptos-denuncian-que-los-instructores-no-estaban-la-noche-del-robo-de-armamento\/#primaryimage"},"image":{"@id":"https:\/\/innoticiasbo.com\/index.php\/2026\/04\/27\/emergencia-militar-quedan-aprehendidos-15-conscriptos-denuncian-que-los-instructores-no-estaban-la-noche-del-robo-de-armamento\/#primaryimage"},"thumbnailUrl":"https:\/\/i0.wp.com\/innoticiasbo.com\/wp-content\/uploads\/2026\/04\/image-313.png?fit=1280%2C960&ssl=1","datePublished":"2026-04-27T15:50:09+00:00","dateModified":"2026-04-27T15:50:11+00:00","breadcrumb":{"@id":"https:\/\/innoticiasbo.com\/index.php\/2026\/04\/27\/emergencia-militar-quedan-aprehendidos-15-conscriptos-denuncian-que-los-instructores-no-estaban-la-noche-del-robo-de-armamento\/#breadcrumb"},"inLanguage":"es","potentialAction":[{"@type":"ReadAction","target":["https:\/\/innoticiasbo.com\/index.php\/2026\/04\/27\/emergencia-militar-quedan-aprehendidos-15-conscriptos-denuncian-que-los-instructores-no-estaban-la-noche-del-robo-de-armamento\/"]}]},{"@type":"ImageObject","inLanguage":"es","@id":"https:\/\/innoticiasbo.com\/index.php\/2026\/04\/27\/emergencia-militar-quedan-aprehendidos-15-conscriptos-denuncian-que-los-instructores-no-estaban-la-noche-del-robo-de-armamento\/#primaryimage","url":"https:\/\/i0.wp.com\/innoticiasbo.com\/wp-content\/uploads\/2026\/04\/image-313.png?fit=1280%2C960&ssl=1","contentUrl":"https:\/\/i0.wp.com\/innoticiasbo.com\/wp-content\/uploads\/2026\/04\/image-313.png?fit=1280%2C960&ssl=1","width":1280,"height":960},{"@type":"BreadcrumbList","@id":"https:\/\/innoticiasbo.com\/index.php\/2026\/04\/27\/emergencia-militar-quedan-aprehendidos-15-conscriptos-denuncian-que-los-instructores-no-estaban-la-noche-del-robo-de-armamento\/#breadcrumb","itemListElement":[{"@type":"ListItem","position":1,"name":"Portada","item":"https:\/\/innoticiasbo.com\/"},{"@type":"ListItem","position":2,"name":"EMERGENCIA MILITAR: QUEDAN APREHENDIDOS 15 CONSCRIPTOS, DENUNCIAN QUE LOS INSTRUCTORES NO ESTABAN LA NOCHE DEL ROBO DE ARMAMENTO"}]},{"@type":"WebSite","@id":"https:\/\/innoticiasbo.com\/#website","url":"https:\/\/innoticiasbo.com\/","name":"innoticiasbo.com","description":"","publisher":{"@id":"https:\/\/innoticiasbo.com\/#organization"},"potentialAction":[{"@type":"SearchAction","target":{"@type":"EntryPoint","urlTemplate":"https:\/\/innoticiasbo.com\/?s={search_term_string}"},"query-input":{"@type":"PropertyValueSpecification","valueRequired":true,"valueName":"search_term_string"}}],"inLanguage":"es"},{"@type":"Organization","@id":"https:\/\/innoticiasbo.com\/#organization","name":"innoticiasbo.com","url":"https:\/\/innoticiasbo.com\/","logo":{"@type":"ImageObject","inLanguage":"es","@id":"https:\/\/innoticiasbo.com\/#\/schema\/logo\/image\/","url":"https:\/\/i0.wp.com\/innoticiasbo.com\/wp-content\/uploads\/2026\/04\/cropped-IN-LOGO.png?fit=1476%2C1476&ssl=1","contentUrl":"https:\/\/i0.wp.com\/innoticiasbo.com\/wp-content\/uploads\/2026\/04\/cropped-IN-LOGO.png?fit=1476%2C1476&ssl=1","width":1476,"height":1476,"caption":"innoticiasbo.com"},"image":{"@id":"https:\/\/innoticiasbo.com\/#\/schema\/logo\/image\/"},"sameAs":["https:\/\/www.facebook.com\/innoticiasbolivia","https:\/\/x.com\/innoticiasbo","https:\/\/www.instagram.com\/innoticiasbo","https:\/\/www.youtube.com\/innoticiasbo"]},{"@type":"Person","@id":"https:\/\/innoticiasbo.com\/#\/schema\/person\/0b28481e8d0316f83a13bc702311def5","name":"Prensa 11","image":{"@type":"ImageObject","inLanguage":"es","@id":"https:\/\/innoticiasbo.com\/#\/schema\/person\/image\/","url":"https:\/\/secure.gravatar.com\/avatar\/696560c17349f1807a610bf83832bad0?s=96&d=mm&r=g","contentUrl":"https:\/\/secure.gravatar.com\/avatar\/696560c17349f1807a610bf83832bad0?s=96&d=mm&r=g","caption":"Prensa 11"},"sameAs":["http:\/\/www.innoticiasbo.com"],"url":"https:\/\/innoticiasbo.com\/index.php\/author\/prensa-11\/"}]}},"jetpack_featured_media_url":"https:\/\/i0.wp.com\/innoticiasbo.com\/wp-content\/uploads\/2026\/04\/image-313.png?fit=1280%2C960&ssl=1","jetpack_likes_enabled":true,"jetpack_sharing_enabled":true,"jetpack_shortlink":"https:\/\/wp.me\/pg298x-2Z6","_links":{"self":[{"href":"https:\/\/innoticiasbo.com\/index.php\/wp-json\/wp\/v2\/posts\/11476","targetHints":{"allow":["GET"]}}],"collection":[{"href":"https:\/\/innoticiasbo.com\/index.php\/wp-json\/wp\/v2\/posts"}],"about":[{"href":"https:\/\/innoticiasbo.com\/index.php\/wp-json\/wp\/v2\/types\/post"}],"author":[{"embeddable":true,"href":"https:\/\/innoticiasbo.com\/index.php\/wp-json\/wp\/v2\/users\/11"}],"replies":[{"embeddable":true,"href":"https:\/\/innoticiasbo.com\/index.php\/wp-json\/wp\/v2\/comments?post=11476"}],"version-history":[{"count":1,"href":"https:\/\/innoticiasbo.com\/index.php\/wp-json\/wp\/v2\/posts\/11476\/revisions"}],"predecessor-version":[{"id":11478,"href":"https:\/\/innoticiasbo.com\/index.php\/wp-json\/wp\/v2\/posts\/11476\/revisions\/11478"}],"wp:featuredmedia":[{"embeddable":true,"href":"https:\/\/innoticiasbo.com\/index.php\/wp-json\/wp\/v2\/media\/11477"}],"wp:attachment":[{"href":"https:\/\/innoticiasbo.com\/index.php\/wp-json\/wp\/v2\/media?parent=11476"}],"wp:term":[{"taxonomy":"category","embeddable":true,"href":"https:\/\/innoticiasbo.com\/index.php\/wp-json\/wp\/v2\/categories?post=11476"},{"taxonomy":"post_tag","embeddable":true,"href":"https:\/\/innoticiasbo.com\/index.php\/wp-json\/wp\/v2\/tags?post=11476"}],"curies":[{"name":"wp","href":"https:\/\/api.w.org\/{rel}","templated":true}]}}