{"id":11470,"date":"2026-04-27T11:24:06","date_gmt":"2026-04-27T15:24:06","guid":{"rendered":"https:\/\/innoticiasbo.com\/?p=11470"},"modified":"2026-04-27T11:24:07","modified_gmt":"2026-04-27T15:24:07","slug":"transporte-paceno-se-paraliza-y-las-filas-por-diesel-no-dan-tregua-en-cochabamba","status":"publish","type":"post","link":"https:\/\/innoticiasbo.com\/index.php\/2026\/04\/27\/transporte-paceno-se-paraliza-y-las-filas-por-diesel-no-dan-tregua-en-cochabamba\/","title":{"rendered":"TRANSPORTE PACE\u00d1O SE PARALIZA Y LAS FILAS POR DI\u00c9SEL NO DAN TREGUA EN COCHABAMBA"},"content":{"rendered":"\n<figure class=\"wp-block-image size-full is-resized\"><img data-recalc-dims=\"1\" loading=\"lazy\" decoding=\"async\" width=\"640\" height=\"357\" src=\"https:\/\/i0.wp.com\/innoticiasbo.com\/wp-content\/uploads\/2026\/04\/image-311.png?resize=640%2C357&#038;ssl=1\" alt=\"\" class=\"wp-image-11471\" style=\"width:840px;height:auto\" srcset=\"https:\/\/i0.wp.com\/innoticiasbo.com\/wp-content\/uploads\/2026\/04\/image-311.png?w=770&amp;ssl=1 770w, https:\/\/i0.wp.com\/innoticiasbo.com\/wp-content\/uploads\/2026\/04\/image-311.png?resize=300%2C168&amp;ssl=1 300w, https:\/\/i0.wp.com\/innoticiasbo.com\/wp-content\/uploads\/2026\/04\/image-311.png?resize=768%2C429&amp;ssl=1 768w\" sizes=\"auto, (max-width: 640px) 100vw, 640px\" \/><\/figure>\n\n\n\n<p><strong>Pa\u00eds, 27 de Abril de 2026.- <\/strong>La semana se inicia con las medidas anunciada por los choferes del departamento de La Paz en protesta por la escasez de diesel. En tanto, en Cochabamba las filas para abasterse de este combustible contin\u00faan en las estaciones de servicio. Otro\u00a0 sectores como los maestros y la Central Obrera Boliviana (COB), tienen sus propias exigencies para el Gobierno nacional.<\/p>\n\n\n\n<p>La C\u00e1mara Departamental de Transporte de La Paz (Cadetran) determin\u00f3 iniciar este lunes un bloqueo sectorial tras advertir una falta de respuesta del Gobierno a sus demandas, con \u00e9nfasis en la regularizaci\u00f3n del abastecimiento de combustible, seg\u00fan reporte de Unitel.<\/p>\n\n\n\n<p>\u201cSe convoca a todas las empresas afiliadas y transportistas del departamento de La Paz a sumarse a estas medidas en defensa del sector, realiz\u00e1ndose marcha y bloqueo el d\u00eda lunes 27 de abril de 2026, con punto de concentraci\u00f3n en la extranca Senkata, a horas 07:00, para iniciar la movilizaci\u00f3n\u201d, reza el comunicado difundido este s\u00e1bado<\/p>\n\n\n\n<p>Los dirigentes instaron a la poblaci\u00f3n a abastecerse ante la radicalizaci\u00f3n de las medidas de presi\u00f3n ante la escasez de di\u00e9sel para las maquinarias.<\/p>\n\n\n\n<p>El viernes, el reci\u00e9n posesionado presidente interino de Yacimientos Petrol\u00edferos Fiscales Bolivianos (YPFB), Sebasti\u00e1n Daroca, inform\u00f3 que se tienen 1.200 cisternas en transito para atender la demanda de di\u00e9sel hasta el 28 de abril. En tanto, se ha incrementado el env\u00edo de di\u00e9sel en La Paz y Santa Cruz.<\/p>\n\n\n\n<p>En el caso del magisterio el di\u00e1logo con el Ministerio de Gobierno se rompi\u00f3 el passado viernes porque el sector que su pliego petitorio no es atendido en lo que se refiere al incremento salarial y regularizaci\u00f3n de \u00edtems.<\/p>\n\n\n\n<p>la Central Obrera Boliviana (COB), Mario Argollo, se\u00f1al\u00f3 que se prepara un cabildo en El Alto para este 1 de mayo, D\u00eda del Trabajador.<\/p>\n\n\n\n<p>\u201cEl d\u00eda primero de mayo estamos llamando a un cabildo nacional, hemos socializado a los diferentes sectores, a las afiliados y no afiliadas al ente matriz, y hemos recibido el apoyo y los sectores van a estar ingresando con marchas y diferentes maneras para llevar al cabildo\u201d, se\u00f1al\u00f3 Argollo, seg\u00fan Unitel.<\/p>\n\n\n\n<p>En el cabildo se pretende definir acciones en contra de las medidas y ajustes del Gobierno, adem\u00e1s de revindicar su pedido de incremento salarial. \u201cPr\u00e1cticamente la respuesta del Gobierno en un 80% es totalmente negativa y en un 20% evade y no responde\u201d, agreg\u00f3.<\/p>\n\n\n\n<p><strong>Marcha<\/strong><\/p>\n\n\n\n<p>La marcha ind\u00edgena lleg\u00f3 Caranavi, al norte de La Paz, y recibi\u00f3 el respaldo de distintos sectores sociales que anunciaron bloqueo de carreteras a partir de las 00:00 del lunes, en demanda de la abrogaci\u00f3n de la Ley 1720.<\/p>\n\n\n\n<p>\u201cCaranavi tambi\u00e9n ha sido explotado por este Gobierno. Ah\u00ed vamos a vencer esta lucha \u201d, dijo un dirigente de la poblaci\u00f3n<\/p>\n\n\n\n<p>Fuente: Los Tiempos<\/p>\n","protected":false},"excerpt":{"rendered":"<p>Pa\u00eds, 27 de Abril de 2026.- La semana se inicia con las medidas anunciada por los choferes del departamento de La Paz en protesta por la escasez de diesel. En tanto, en Cochabamba las filas para abasterse de este combustible contin\u00faan en las estaciones de servicio. Otro\u00a0 sectores como los maestros y la Central Obrera&#8230;<\/p>\n","protected":false},"author":11,"featured_media":11471,"comment_status":"open","ping_status":"open","sticky":false,"template":"","format":"standard","meta":{"_jetpack_memberships_contains_paid_content":false,"footnotes":"","jetpack_publicize_message":"","jetpack_publicize_feature_enabled":true,"jetpack_social_post_already_shared":true,"jetpack_social_options":{"image_generator_settings":{"template":"highway","enabled":false},"version":2}},"categories":[1],"tags":[7,174,6,625,18,702,615,471,2699],"class_list":["post-11470","post","type-post","status-publish","format-standard","has-post-thumbnail","hentry","category-bolivia","tag-bolivia","tag-cob","tag-cochabamba","tag-diesel","tag-economia","tag-gasolina","tag-la-paz","tag-transporte","tag-transportistas"],"jetpack_publicize_connections":[],"yoast_head":"<!-- This site is optimized with the Yoast SEO plugin v23.4 - https:\/\/yoast.com\/wordpress\/plugins\/seo\/ -->\n<title>TRANSPORTE PACE\u00d1O SE PARALIZA Y LAS FILAS POR DI\u00c9SEL NO DAN TREGUA EN COCHABAMBA - innoticiasbo.com<\/title>\n<meta name=\"robots\" content=\"index, follow, max-snippet:-1, max-image-preview:large, max-video-preview:-1\" \/>\n<link rel=\"canonical\" href=\"https:\/\/innoticiasbo.com\/index.php\/2026\/04\/27\/transporte-paceno-se-paraliza-y-las-filas-por-diesel-no-dan-tregua-en-cochabamba\/\" \/>\n<meta property=\"og:locale\" content=\"es_ES\" \/>\n<meta property=\"og:type\" content=\"article\" \/>\n<meta property=\"og:title\" content=\"TRANSPORTE PACE\u00d1O SE PARALIZA Y LAS FILAS POR DI\u00c9SEL NO DAN TREGUA EN COCHABAMBA - innoticiasbo.com\" \/>\n<meta property=\"og:description\" content=\"Pa\u00eds, 27 de Abril de 2026.- La semana se inicia con las medidas anunciada por los choferes del departamento de La Paz en protesta por la escasez de diesel. En tanto, en Cochabamba las filas para abasterse de este combustible contin\u00faan en las estaciones de servicio. Otro\u00a0 sectores como los maestros y la Central Obrera...\" \/>\n<meta property=\"og:url\" content=\"https:\/\/innoticiasbo.com\/index.php\/2026\/04\/27\/transporte-paceno-se-paraliza-y-las-filas-por-diesel-no-dan-tregua-en-cochabamba\/\" \/>\n<meta property=\"og:site_name\" content=\"innoticiasbo.com\" \/>\n<meta property=\"article:publisher\" content=\"https:\/\/www.facebook.com\/innoticiasbolivia\" \/>\n<meta property=\"article:published_time\" content=\"2026-04-27T15:24:06+00:00\" \/>\n<meta property=\"article:modified_time\" content=\"2026-04-27T15:24:07+00:00\" \/>\n<meta property=\"og:image\" content=\"https:\/\/innoticiasbo.com\/wp-content\/uploads\/2026\/04\/image-311.png\" \/>\n\t<meta property=\"og:image:width\" content=\"770\" \/>\n\t<meta property=\"og:image:height\" content=\"430\" \/>\n\t<meta property=\"og:image:type\" content=\"image\/png\" \/>\n<meta name=\"author\" content=\"Prensa 11\" \/>\n<meta name=\"twitter:card\" content=\"summary_large_image\" \/>\n<meta name=\"twitter:creator\" content=\"@innoticiasbo\" \/>\n<meta name=\"twitter:site\" content=\"@innoticiasbo\" \/>\n<meta name=\"twitter:label1\" content=\"Escrito por\" \/>\n\t<meta name=\"twitter:data1\" content=\"Prensa 11\" \/>\n\t<meta name=\"twitter:label2\" content=\"Tiempo de lectura\" \/>\n\t<meta name=\"twitter:data2\" content=\"3 minutos\" \/>\n<script type=\"application\/ld+json\" class=\"yoast-schema-graph\">{\"@context\":\"https:\/\/schema.org\",\"@graph\":[{\"@type\":\"Article\",\"@id\":\"https:\/\/innoticiasbo.com\/index.php\/2026\/04\/27\/transporte-paceno-se-paraliza-y-las-filas-por-diesel-no-dan-tregua-en-cochabamba\/#article\",\"isPartOf\":{\"@id\":\"https:\/\/innoticiasbo.com\/index.php\/2026\/04\/27\/transporte-paceno-se-paraliza-y-las-filas-por-diesel-no-dan-tregua-en-cochabamba\/\"},\"author\":{\"name\":\"Prensa 11\",\"@id\":\"https:\/\/innoticiasbo.com\/#\/schema\/person\/0b28481e8d0316f83a13bc702311def5\"},\"headline\":\"TRANSPORTE PACE\u00d1O SE PARALIZA Y LAS FILAS POR DI\u00c9SEL NO DAN TREGUA EN COCHABAMBA\",\"datePublished\":\"2026-04-27T15:24:06+00:00\",\"dateModified\":\"2026-04-27T15:24:07+00:00\",\"mainEntityOfPage\":{\"@id\":\"https:\/\/innoticiasbo.com\/index.php\/2026\/04\/27\/transporte-paceno-se-paraliza-y-las-filas-por-diesel-no-dan-tregua-en-cochabamba\/\"},\"wordCount\":493,\"commentCount\":0,\"publisher\":{\"@id\":\"https:\/\/innoticiasbo.com\/#organization\"},\"image\":{\"@id\":\"https:\/\/innoticiasbo.com\/index.php\/2026\/04\/27\/transporte-paceno-se-paraliza-y-las-filas-por-diesel-no-dan-tregua-en-cochabamba\/#primaryimage\"},\"thumbnailUrl\":\"https:\/\/i0.wp.com\/innoticiasbo.com\/wp-content\/uploads\/2026\/04\/image-311.png?fit=770%2C430&ssl=1\",\"keywords\":[\"Bolivia\",\"COB\",\"Cochabamba\",\"di\u00e9sel\",\"econom\u00eda\",\"gasolina\",\"La Paz\",\"transporte\",\"transportistas\"],\"articleSection\":[\"Bolivia\"],\"inLanguage\":\"es\",\"potentialAction\":[{\"@type\":\"CommentAction\",\"name\":\"Comment\",\"target\":[\"https:\/\/innoticiasbo.com\/index.php\/2026\/04\/27\/transporte-paceno-se-paraliza-y-las-filas-por-diesel-no-dan-tregua-en-cochabamba\/#respond\"]}]},{\"@type\":\"WebPage\",\"@id\":\"https:\/\/innoticiasbo.com\/index.php\/2026\/04\/27\/transporte-paceno-se-paraliza-y-las-filas-por-diesel-no-dan-tregua-en-cochabamba\/\",\"url\":\"https:\/\/innoticiasbo.com\/index.php\/2026\/04\/27\/transporte-paceno-se-paraliza-y-las-filas-por-diesel-no-dan-tregua-en-cochabamba\/\",\"name\":\"TRANSPORTE PACE\u00d1O SE PARALIZA Y LAS FILAS POR DI\u00c9SEL NO DAN TREGUA EN COCHABAMBA - innoticiasbo.com\",\"isPartOf\":{\"@id\":\"https:\/\/innoticiasbo.com\/#website\"},\"primaryImageOfPage\":{\"@id\":\"https:\/\/innoticiasbo.com\/index.php\/2026\/04\/27\/transporte-paceno-se-paraliza-y-las-filas-por-diesel-no-dan-tregua-en-cochabamba\/#primaryimage\"},\"image\":{\"@id\":\"https:\/\/innoticiasbo.com\/index.php\/2026\/04\/27\/transporte-paceno-se-paraliza-y-las-filas-por-diesel-no-dan-tregua-en-cochabamba\/#primaryimage\"},\"thumbnailUrl\":\"https:\/\/i0.wp.com\/innoticiasbo.com\/wp-content\/uploads\/2026\/04\/image-311.png?fit=770%2C430&ssl=1\",\"datePublished\":\"2026-04-27T15:24:06+00:00\",\"dateModified\":\"2026-04-27T15:24:07+00:00\",\"breadcrumb\":{\"@id\":\"https:\/\/innoticiasbo.com\/index.php\/2026\/04\/27\/transporte-paceno-se-paraliza-y-las-filas-por-diesel-no-dan-tregua-en-cochabamba\/#breadcrumb\"},\"inLanguage\":\"es\",\"potentialAction\":[{\"@type\":\"ReadAction\",\"target\":[\"https:\/\/innoticiasbo.com\/index.php\/2026\/04\/27\/transporte-paceno-se-paraliza-y-las-filas-por-diesel-no-dan-tregua-en-cochabamba\/\"]}]},{\"@type\":\"ImageObject\",\"inLanguage\":\"es\",\"@id\":\"https:\/\/innoticiasbo.com\/index.php\/2026\/04\/27\/transporte-paceno-se-paraliza-y-las-filas-por-diesel-no-dan-tregua-en-cochabamba\/#primaryimage\",\"url\":\"https:\/\/i0.wp.com\/innoticiasbo.com\/wp-content\/uploads\/2026\/04\/image-311.png?fit=770%2C430&ssl=1\",\"contentUrl\":\"https:\/\/i0.wp.com\/innoticiasbo.com\/wp-content\/uploads\/2026\/04\/image-311.png?fit=770%2C430&ssl=1\",\"width\":770,\"height\":430},{\"@type\":\"BreadcrumbList\",\"@id\":\"https:\/\/innoticiasbo.com\/index.php\/2026\/04\/27\/transporte-paceno-se-paraliza-y-las-filas-por-diesel-no-dan-tregua-en-cochabamba\/#breadcrumb\",\"itemListElement\":[{\"@type\":\"ListItem\",\"position\":1,\"name\":\"Portada\",\"item\":\"https:\/\/innoticiasbo.com\/\"},{\"@type\":\"ListItem\",\"position\":2,\"name\":\"TRANSPORTE PACE\u00d1O SE PARALIZA Y LAS FILAS POR DI\u00c9SEL NO DAN TREGUA EN COCHABAMBA\"}]},{\"@type\":\"WebSite\",\"@id\":\"https:\/\/innoticiasbo.com\/#website\",\"url\":\"https:\/\/innoticiasbo.com\/\",\"name\":\"innoticiasbo.com\",\"description\":\"\",\"publisher\":{\"@id\":\"https:\/\/innoticiasbo.com\/#organization\"},\"potentialAction\":[{\"@type\":\"SearchAction\",\"target\":{\"@type\":\"EntryPoint\",\"urlTemplate\":\"https:\/\/innoticiasbo.com\/?s={search_term_string}\"},\"query-input\":{\"@type\":\"PropertyValueSpecification\",\"valueRequired\":true,\"valueName\":\"search_term_string\"}}],\"inLanguage\":\"es\"},{\"@type\":\"Organization\",\"@id\":\"https:\/\/innoticiasbo.com\/#organization\",\"name\":\"innoticiasbo.com\",\"url\":\"https:\/\/innoticiasbo.com\/\",\"logo\":{\"@type\":\"ImageObject\",\"inLanguage\":\"es\",\"@id\":\"https:\/\/innoticiasbo.com\/#\/schema\/logo\/image\/\",\"url\":\"https:\/\/i0.wp.com\/innoticiasbo.com\/wp-content\/uploads\/2026\/04\/cropped-IN-LOGO.png?fit=1476%2C1476&ssl=1\",\"contentUrl\":\"https:\/\/i0.wp.com\/innoticiasbo.com\/wp-content\/uploads\/2026\/04\/cropped-IN-LOGO.png?fit=1476%2C1476&ssl=1\",\"width\":1476,\"height\":1476,\"caption\":\"innoticiasbo.com\"},\"image\":{\"@id\":\"https:\/\/innoticiasbo.com\/#\/schema\/logo\/image\/\"},\"sameAs\":[\"https:\/\/www.facebook.com\/innoticiasbolivia\",\"https:\/\/x.com\/innoticiasbo\",\"https:\/\/www.instagram.com\/innoticiasbo\",\"https:\/\/www.youtube.com\/innoticiasbo\"]},{\"@type\":\"Person\",\"@id\":\"https:\/\/innoticiasbo.com\/#\/schema\/person\/0b28481e8d0316f83a13bc702311def5\",\"name\":\"Prensa 11\",\"image\":{\"@type\":\"ImageObject\",\"inLanguage\":\"es\",\"@id\":\"https:\/\/innoticiasbo.com\/#\/schema\/person\/image\/\",\"url\":\"https:\/\/secure.gravatar.com\/avatar\/696560c17349f1807a610bf83832bad0?s=96&d=mm&r=g\",\"contentUrl\":\"https:\/\/secure.gravatar.com\/avatar\/696560c17349f1807a610bf83832bad0?s=96&d=mm&r=g\",\"caption\":\"Prensa 11\"},\"sameAs\":[\"http:\/\/www.innoticiasbo.com\"],\"url\":\"https:\/\/innoticiasbo.com\/index.php\/author\/prensa-11\/\"}]}<\/script>\n<!-- \/ Yoast SEO plugin. -->","yoast_head_json":{"title":"TRANSPORTE PACE\u00d1O SE PARALIZA Y LAS FILAS POR DI\u00c9SEL NO DAN TREGUA EN COCHABAMBA - innoticiasbo.com","robots":{"index":"index","follow":"follow","max-snippet":"max-snippet:-1","max-image-preview":"max-image-preview:large","max-video-preview":"max-video-preview:-1"},"canonical":"https:\/\/innoticiasbo.com\/index.php\/2026\/04\/27\/transporte-paceno-se-paraliza-y-las-filas-por-diesel-no-dan-tregua-en-cochabamba\/","og_locale":"es_ES","og_type":"article","og_title":"TRANSPORTE PACE\u00d1O SE PARALIZA Y LAS FILAS POR DI\u00c9SEL NO DAN TREGUA EN COCHABAMBA - innoticiasbo.com","og_description":"Pa\u00eds, 27 de Abril de 2026.- La semana se inicia con las medidas anunciada por los choferes del departamento de La Paz en protesta por la escasez de diesel. En tanto, en Cochabamba las filas para abasterse de este combustible contin\u00faan en las estaciones de servicio. Otro\u00a0 sectores como los maestros y la Central Obrera...","og_url":"https:\/\/innoticiasbo.com\/index.php\/2026\/04\/27\/transporte-paceno-se-paraliza-y-las-filas-por-diesel-no-dan-tregua-en-cochabamba\/","og_site_name":"innoticiasbo.com","article_publisher":"https:\/\/www.facebook.com\/innoticiasbolivia","article_published_time":"2026-04-27T15:24:06+00:00","article_modified_time":"2026-04-27T15:24:07+00:00","og_image":[{"width":770,"height":430,"url":"https:\/\/innoticiasbo.com\/wp-content\/uploads\/2026\/04\/image-311.png","type":"image\/png"}],"author":"Prensa 11","twitter_card":"summary_large_image","twitter_creator":"@innoticiasbo","twitter_site":"@innoticiasbo","twitter_misc":{"Escrito por":"Prensa 11","Tiempo de lectura":"3 minutos"},"schema":{"@context":"https:\/\/schema.org","@graph":[{"@type":"Article","@id":"https:\/\/innoticiasbo.com\/index.php\/2026\/04\/27\/transporte-paceno-se-paraliza-y-las-filas-por-diesel-no-dan-tregua-en-cochabamba\/#article","isPartOf":{"@id":"https:\/\/innoticiasbo.com\/index.php\/2026\/04\/27\/transporte-paceno-se-paraliza-y-las-filas-por-diesel-no-dan-tregua-en-cochabamba\/"},"author":{"name":"Prensa 11","@id":"https:\/\/innoticiasbo.com\/#\/schema\/person\/0b28481e8d0316f83a13bc702311def5"},"headline":"TRANSPORTE PACE\u00d1O SE PARALIZA Y LAS FILAS POR DI\u00c9SEL NO DAN TREGUA EN COCHABAMBA","datePublished":"2026-04-27T15:24:06+00:00","dateModified":"2026-04-27T15:24:07+00:00","mainEntityOfPage":{"@id":"https:\/\/innoticiasbo.com\/index.php\/2026\/04\/27\/transporte-paceno-se-paraliza-y-las-filas-por-diesel-no-dan-tregua-en-cochabamba\/"},"wordCount":493,"commentCount":0,"publisher":{"@id":"https:\/\/innoticiasbo.com\/#organization"},"image":{"@id":"https:\/\/innoticiasbo.com\/index.php\/2026\/04\/27\/transporte-paceno-se-paraliza-y-las-filas-por-diesel-no-dan-tregua-en-cochabamba\/#primaryimage"},"thumbnailUrl":"https:\/\/i0.wp.com\/innoticiasbo.com\/wp-content\/uploads\/2026\/04\/image-311.png?fit=770%2C430&ssl=1","keywords":["Bolivia","COB","Cochabamba","di\u00e9sel","econom\u00eda","gasolina","La Paz","transporte","transportistas"],"articleSection":["Bolivia"],"inLanguage":"es","potentialAction":[{"@type":"CommentAction","name":"Comment","target":["https:\/\/innoticiasbo.com\/index.php\/2026\/04\/27\/transporte-paceno-se-paraliza-y-las-filas-por-diesel-no-dan-tregua-en-cochabamba\/#respond"]}]},{"@type":"WebPage","@id":"https:\/\/innoticiasbo.com\/index.php\/2026\/04\/27\/transporte-paceno-se-paraliza-y-las-filas-por-diesel-no-dan-tregua-en-cochabamba\/","url":"https:\/\/innoticiasbo.com\/index.php\/2026\/04\/27\/transporte-paceno-se-paraliza-y-las-filas-por-diesel-no-dan-tregua-en-cochabamba\/","name":"TRANSPORTE PACE\u00d1O SE PARALIZA Y LAS FILAS POR DI\u00c9SEL NO DAN TREGUA EN COCHABAMBA - innoticiasbo.com","isPartOf":{"@id":"https:\/\/innoticiasbo.com\/#website"},"primaryImageOfPage":{"@id":"https:\/\/innoticiasbo.com\/index.php\/2026\/04\/27\/transporte-paceno-se-paraliza-y-las-filas-por-diesel-no-dan-tregua-en-cochabamba\/#primaryimage"},"image":{"@id":"https:\/\/innoticiasbo.com\/index.php\/2026\/04\/27\/transporte-paceno-se-paraliza-y-las-filas-por-diesel-no-dan-tregua-en-cochabamba\/#primaryimage"},"thumbnailUrl":"https:\/\/i0.wp.com\/innoticiasbo.com\/wp-content\/uploads\/2026\/04\/image-311.png?fit=770%2C430&ssl=1","datePublished":"2026-04-27T15:24:06+00:00","dateModified":"2026-04-27T15:24:07+00:00","breadcrumb":{"@id":"https:\/\/innoticiasbo.com\/index.php\/2026\/04\/27\/transporte-paceno-se-paraliza-y-las-filas-por-diesel-no-dan-tregua-en-cochabamba\/#breadcrumb"},"inLanguage":"es","potentialAction":[{"@type":"ReadAction","target":["https:\/\/innoticiasbo.com\/index.php\/2026\/04\/27\/transporte-paceno-se-paraliza-y-las-filas-por-diesel-no-dan-tregua-en-cochabamba\/"]}]},{"@type":"ImageObject","inLanguage":"es","@id":"https:\/\/innoticiasbo.com\/index.php\/2026\/04\/27\/transporte-paceno-se-paraliza-y-las-filas-por-diesel-no-dan-tregua-en-cochabamba\/#primaryimage","url":"https:\/\/i0.wp.com\/innoticiasbo.com\/wp-content\/uploads\/2026\/04\/image-311.png?fit=770%2C430&ssl=1","contentUrl":"https:\/\/i0.wp.com\/innoticiasbo.com\/wp-content\/uploads\/2026\/04\/image-311.png?fit=770%2C430&ssl=1","width":770,"height":430},{"@type":"BreadcrumbList","@id":"https:\/\/innoticiasbo.com\/index.php\/2026\/04\/27\/transporte-paceno-se-paraliza-y-las-filas-por-diesel-no-dan-tregua-en-cochabamba\/#breadcrumb","itemListElement":[{"@type":"ListItem","position":1,"name":"Portada","item":"https:\/\/innoticiasbo.com\/"},{"@type":"ListItem","position":2,"name":"TRANSPORTE PACE\u00d1O SE PARALIZA Y LAS FILAS POR DI\u00c9SEL NO DAN TREGUA EN COCHABAMBA"}]},{"@type":"WebSite","@id":"https:\/\/innoticiasbo.com\/#website","url":"https:\/\/innoticiasbo.com\/","name":"innoticiasbo.com","description":"","publisher":{"@id":"https:\/\/innoticiasbo.com\/#organization"},"potentialAction":[{"@type":"SearchAction","target":{"@type":"EntryPoint","urlTemplate":"https:\/\/innoticiasbo.com\/?s={search_term_string}"},"query-input":{"@type":"PropertyValueSpecification","valueRequired":true,"valueName":"search_term_string"}}],"inLanguage":"es"},{"@type":"Organization","@id":"https:\/\/innoticiasbo.com\/#organization","name":"innoticiasbo.com","url":"https:\/\/innoticiasbo.com\/","logo":{"@type":"ImageObject","inLanguage":"es","@id":"https:\/\/innoticiasbo.com\/#\/schema\/logo\/image\/","url":"https:\/\/i0.wp.com\/innoticiasbo.com\/wp-content\/uploads\/2026\/04\/cropped-IN-LOGO.png?fit=1476%2C1476&ssl=1","contentUrl":"https:\/\/i0.wp.com\/innoticiasbo.com\/wp-content\/uploads\/2026\/04\/cropped-IN-LOGO.png?fit=1476%2C1476&ssl=1","width":1476,"height":1476,"caption":"innoticiasbo.com"},"image":{"@id":"https:\/\/innoticiasbo.com\/#\/schema\/logo\/image\/"},"sameAs":["https:\/\/www.facebook.com\/innoticiasbolivia","https:\/\/x.com\/innoticiasbo","https:\/\/www.instagram.com\/innoticiasbo","https:\/\/www.youtube.com\/innoticiasbo"]},{"@type":"Person","@id":"https:\/\/innoticiasbo.com\/#\/schema\/person\/0b28481e8d0316f83a13bc702311def5","name":"Prensa 11","image":{"@type":"ImageObject","inLanguage":"es","@id":"https:\/\/innoticiasbo.com\/#\/schema\/person\/image\/","url":"https:\/\/secure.gravatar.com\/avatar\/696560c17349f1807a610bf83832bad0?s=96&d=mm&r=g","contentUrl":"https:\/\/secure.gravatar.com\/avatar\/696560c17349f1807a610bf83832bad0?s=96&d=mm&r=g","caption":"Prensa 11"},"sameAs":["http:\/\/www.innoticiasbo.com"],"url":"https:\/\/innoticiasbo.com\/index.php\/author\/prensa-11\/"}]}},"jetpack_featured_media_url":"https:\/\/i0.wp.com\/innoticiasbo.com\/wp-content\/uploads\/2026\/04\/image-311.png?fit=770%2C430&ssl=1","jetpack_likes_enabled":true,"jetpack_sharing_enabled":true,"jetpack_shortlink":"https:\/\/wp.me\/pg298x-2Z0","_links":{"self":[{"href":"https:\/\/innoticiasbo.com\/index.php\/wp-json\/wp\/v2\/posts\/11470","targetHints":{"allow":["GET"]}}],"collection":[{"href":"https:\/\/innoticiasbo.com\/index.php\/wp-json\/wp\/v2\/posts"}],"about":[{"href":"https:\/\/innoticiasbo.com\/index.php\/wp-json\/wp\/v2\/types\/post"}],"author":[{"embeddable":true,"href":"https:\/\/innoticiasbo.com\/index.php\/wp-json\/wp\/v2\/users\/11"}],"replies":[{"embeddable":true,"href":"https:\/\/innoticiasbo.com\/index.php\/wp-json\/wp\/v2\/comments?post=11470"}],"version-history":[{"count":1,"href":"https:\/\/innoticiasbo.com\/index.php\/wp-json\/wp\/v2\/posts\/11470\/revisions"}],"predecessor-version":[{"id":11472,"href":"https:\/\/innoticiasbo.com\/index.php\/wp-json\/wp\/v2\/posts\/11470\/revisions\/11472"}],"wp:featuredmedia":[{"embeddable":true,"href":"https:\/\/innoticiasbo.com\/index.php\/wp-json\/wp\/v2\/media\/11471"}],"wp:attachment":[{"href":"https:\/\/innoticiasbo.com\/index.php\/wp-json\/wp\/v2\/media?parent=11470"}],"wp:term":[{"taxonomy":"category","embeddable":true,"href":"https:\/\/innoticiasbo.com\/index.php\/wp-json\/wp\/v2\/categories?post=11470"},{"taxonomy":"post_tag","embeddable":true,"href":"https:\/\/innoticiasbo.com\/index.php\/wp-json\/wp\/v2\/tags?post=11470"}],"curies":[{"name":"wp","href":"https:\/\/api.w.org\/{rel}","templated":true}]}}