{"id":11467,"date":"2026-04-27T10:53:37","date_gmt":"2026-04-27T14:53:37","guid":{"rendered":"https:\/\/innoticiasbo.com\/?p=11467"},"modified":"2026-04-27T10:53:39","modified_gmt":"2026-04-27T14:53:39","slug":"tipo-del-cambio-del-dolar-referencial-sube-a-bs-974-y-roza-al-paralelo","status":"publish","type":"post","link":"https:\/\/innoticiasbo.com\/index.php\/2026\/04\/27\/tipo-del-cambio-del-dolar-referencial-sube-a-bs-974-y-roza-al-paralelo\/","title":{"rendered":"TIPO DEL CAMBIO DEL D\u00d3LAR REFERENCIAL SUBE A BS 9,74 Y ROZA AL PARALELO"},"content":{"rendered":"\n<figure class=\"wp-block-image size-full is-resized\"><img data-recalc-dims=\"1\" loading=\"lazy\" decoding=\"async\" width=\"640\" height=\"360\" src=\"https:\/\/i0.wp.com\/innoticiasbo.com\/wp-content\/uploads\/2026\/04\/image-310.png?resize=640%2C360&#038;ssl=1\" alt=\"\" class=\"wp-image-11468\" style=\"width:840px;height:auto\" srcset=\"https:\/\/i0.wp.com\/innoticiasbo.com\/wp-content\/uploads\/2026\/04\/image-310.png?w=800&amp;ssl=1 800w, https:\/\/i0.wp.com\/innoticiasbo.com\/wp-content\/uploads\/2026\/04\/image-310.png?resize=300%2C169&amp;ssl=1 300w, https:\/\/i0.wp.com\/innoticiasbo.com\/wp-content\/uploads\/2026\/04\/image-310.png?resize=768%2C432&amp;ssl=1 768w\" sizes=\"auto, (max-width: 640px) 100vw, 640px\" \/><\/figure>\n\n\n\n<p><strong>Pais, 27 de Abril de 2026.-<\/strong> Este lunes 27 de abril, el tipo de cambio referencial del Banco Central de Bolivia (BCB) alcanz\u00f3 un nuevo m\u00e1ximo hist\u00f3rico, situ\u00e1ndose en <strong>Bs 9,74 para la venta y Bs 9,54 para la compra.<\/strong><\/p>\n\n\n\n<p>De acuerdo con el analista econ\u00f3mico Fernando Romero, este incremento responde al encarecimiento real del acceso a d\u00f3lares dentro del sistema financiero formal.<\/p>\n\n\n\n<p>\u201cEste indicador se construye con operaciones efectivas de bancos, especialmente con el exterior, por lo que refleja lo que realmente est\u00e1n pagando las entidades por acceder a divisas. Cuando hay m\u00e1s demanda que oferta de d\u00f3lares, estas operaciones se encarecen y el valor referencial ajusta gradualmente al alza\u201d, explic\u00f3.<\/p>\n\n\n\n<p>A\u00f1adi\u00f3 que no se trata de una decisi\u00f3n arbitraria, sino de una se\u00f1al de escasez de divisas dentro del sistema formal.<\/p>\n\n\n\n<p>En paralelo, el d\u00f3lar en el mercado informal se cotiza alrededor de <strong>Bs 9,75 para la venta<\/strong>, evidenciando una brecha cada vez m\u00e1s estrecha con el tipo de cambio referencial y reflejando la limitada oferta de d\u00f3lares.<\/p>\n\n\n\n<p>Este escenario muestra una creciente presi\u00f3n sobre la liquidez de divisas, en un contexto donde tanto el sector p\u00fablico como el privado compiten por el acceso a d\u00f3lares en una econom\u00eda con desaceleraci\u00f3n y m\u00faltiples tipos de cambio.<\/p>\n\n\n\n<p>Fuente: Red Uno<\/p>\n","protected":false},"excerpt":{"rendered":"<p>Pais, 27 de Abril de 2026.- Este lunes 27 de abril, el tipo de cambio referencial del Banco Central de Bolivia (BCB) alcanz\u00f3 un nuevo m\u00e1ximo hist\u00f3rico, situ\u00e1ndose en Bs 9,74 para la venta y Bs 9,54 para la compra. De acuerdo con el analista econ\u00f3mico Fernando Romero, este incremento responde al encarecimiento real del&#8230;<\/p>\n","protected":false},"author":11,"featured_media":11468,"comment_status":"open","ping_status":"open","sticky":false,"template":"","format":"standard","meta":{"_jetpack_memberships_contains_paid_content":false,"footnotes":"","jetpack_publicize_message":"","jetpack_publicize_feature_enabled":true,"jetpack_social_post_already_shared":true,"jetpack_social_options":{"image_generator_settings":{"template":"highway","enabled":false},"version":2}},"categories":[16],"tags":[1134,7,1499,1556,2477,18],"class_list":["post-11467","post","type-post","status-publish","format-standard","has-post-thumbnail","hentry","category-economia","tag-bcb","tag-bolivia","tag-dolar-2","tag-dolar-paralelo-2","tag-dolar-referencial","tag-economia"],"jetpack_publicize_connections":[],"yoast_head":"<!-- This site is optimized with the Yoast SEO plugin v23.4 - https:\/\/yoast.com\/wordpress\/plugins\/seo\/ -->\n<title>TIPO DEL CAMBIO DEL D\u00d3LAR REFERENCIAL SUBE A BS 9,74 Y ROZA AL PARALELO - innoticiasbo.com<\/title>\n<meta name=\"robots\" content=\"index, follow, max-snippet:-1, max-image-preview:large, max-video-preview:-1\" \/>\n<link rel=\"canonical\" href=\"https:\/\/innoticiasbo.com\/index.php\/2026\/04\/27\/tipo-del-cambio-del-dolar-referencial-sube-a-bs-974-y-roza-al-paralelo\/\" \/>\n<meta property=\"og:locale\" content=\"es_ES\" \/>\n<meta property=\"og:type\" content=\"article\" \/>\n<meta property=\"og:title\" content=\"TIPO DEL CAMBIO DEL D\u00d3LAR REFERENCIAL SUBE A BS 9,74 Y ROZA AL PARALELO - innoticiasbo.com\" \/>\n<meta property=\"og:description\" content=\"Pais, 27 de Abril de 2026.- Este lunes 27 de abril, el tipo de cambio referencial del Banco Central de Bolivia (BCB) alcanz\u00f3 un nuevo m\u00e1ximo hist\u00f3rico, situ\u00e1ndose en Bs 9,74 para la venta y Bs 9,54 para la compra. De acuerdo con el analista econ\u00f3mico Fernando Romero, este incremento responde al encarecimiento real del...\" \/>\n<meta property=\"og:url\" content=\"https:\/\/innoticiasbo.com\/index.php\/2026\/04\/27\/tipo-del-cambio-del-dolar-referencial-sube-a-bs-974-y-roza-al-paralelo\/\" \/>\n<meta property=\"og:site_name\" content=\"innoticiasbo.com\" \/>\n<meta property=\"article:publisher\" content=\"https:\/\/www.facebook.com\/innoticiasbolivia\" \/>\n<meta property=\"article:published_time\" content=\"2026-04-27T14:53:37+00:00\" \/>\n<meta property=\"article:modified_time\" content=\"2026-04-27T14:53:39+00:00\" \/>\n<meta property=\"og:image\" content=\"https:\/\/innoticiasbo.com\/wp-content\/uploads\/2026\/04\/image-310.png\" \/>\n\t<meta property=\"og:image:width\" content=\"800\" \/>\n\t<meta property=\"og:image:height\" content=\"450\" \/>\n\t<meta property=\"og:image:type\" content=\"image\/png\" \/>\n<meta name=\"author\" content=\"Prensa 11\" \/>\n<meta name=\"twitter:card\" content=\"summary_large_image\" \/>\n<meta name=\"twitter:creator\" content=\"@innoticiasbo\" \/>\n<meta name=\"twitter:site\" content=\"@innoticiasbo\" \/>\n<meta name=\"twitter:label1\" content=\"Escrito por\" \/>\n\t<meta name=\"twitter:data1\" content=\"Prensa 11\" \/>\n\t<meta name=\"twitter:label2\" content=\"Tiempo de lectura\" \/>\n\t<meta name=\"twitter:data2\" content=\"2 minutos\" \/>\n<script type=\"application\/ld+json\" class=\"yoast-schema-graph\">{\"@context\":\"https:\/\/schema.org\",\"@graph\":[{\"@type\":\"Article\",\"@id\":\"https:\/\/innoticiasbo.com\/index.php\/2026\/04\/27\/tipo-del-cambio-del-dolar-referencial-sube-a-bs-974-y-roza-al-paralelo\/#article\",\"isPartOf\":{\"@id\":\"https:\/\/innoticiasbo.com\/index.php\/2026\/04\/27\/tipo-del-cambio-del-dolar-referencial-sube-a-bs-974-y-roza-al-paralelo\/\"},\"author\":{\"name\":\"Prensa 11\",\"@id\":\"https:\/\/innoticiasbo.com\/#\/schema\/person\/0b28481e8d0316f83a13bc702311def5\"},\"headline\":\"TIPO DEL CAMBIO DEL D\u00d3LAR REFERENCIAL SUBE A BS 9,74 Y ROZA AL PARALELO\",\"datePublished\":\"2026-04-27T14:53:37+00:00\",\"dateModified\":\"2026-04-27T14:53:39+00:00\",\"mainEntityOfPage\":{\"@id\":\"https:\/\/innoticiasbo.com\/index.php\/2026\/04\/27\/tipo-del-cambio-del-dolar-referencial-sube-a-bs-974-y-roza-al-paralelo\/\"},\"wordCount\":240,\"commentCount\":0,\"publisher\":{\"@id\":\"https:\/\/innoticiasbo.com\/#organization\"},\"image\":{\"@id\":\"https:\/\/innoticiasbo.com\/index.php\/2026\/04\/27\/tipo-del-cambio-del-dolar-referencial-sube-a-bs-974-y-roza-al-paralelo\/#primaryimage\"},\"thumbnailUrl\":\"https:\/\/i0.wp.com\/innoticiasbo.com\/wp-content\/uploads\/2026\/04\/image-310.png?fit=800%2C450&ssl=1\",\"keywords\":[\"BCB\",\"Bolivia\",\"D\u00f3lar\",\"d\u00f3lar paralelo\",\"d\u00f3lar referencial\",\"econom\u00eda\"],\"articleSection\":[\"Econom\u00eda\"],\"inLanguage\":\"es\",\"potentialAction\":[{\"@type\":\"CommentAction\",\"name\":\"Comment\",\"target\":[\"https:\/\/innoticiasbo.com\/index.php\/2026\/04\/27\/tipo-del-cambio-del-dolar-referencial-sube-a-bs-974-y-roza-al-paralelo\/#respond\"]}]},{\"@type\":\"WebPage\",\"@id\":\"https:\/\/innoticiasbo.com\/index.php\/2026\/04\/27\/tipo-del-cambio-del-dolar-referencial-sube-a-bs-974-y-roza-al-paralelo\/\",\"url\":\"https:\/\/innoticiasbo.com\/index.php\/2026\/04\/27\/tipo-del-cambio-del-dolar-referencial-sube-a-bs-974-y-roza-al-paralelo\/\",\"name\":\"TIPO DEL CAMBIO DEL D\u00d3LAR REFERENCIAL SUBE A BS 9,74 Y ROZA AL PARALELO - innoticiasbo.com\",\"isPartOf\":{\"@id\":\"https:\/\/innoticiasbo.com\/#website\"},\"primaryImageOfPage\":{\"@id\":\"https:\/\/innoticiasbo.com\/index.php\/2026\/04\/27\/tipo-del-cambio-del-dolar-referencial-sube-a-bs-974-y-roza-al-paralelo\/#primaryimage\"},\"image\":{\"@id\":\"https:\/\/innoticiasbo.com\/index.php\/2026\/04\/27\/tipo-del-cambio-del-dolar-referencial-sube-a-bs-974-y-roza-al-paralelo\/#primaryimage\"},\"thumbnailUrl\":\"https:\/\/i0.wp.com\/innoticiasbo.com\/wp-content\/uploads\/2026\/04\/image-310.png?fit=800%2C450&ssl=1\",\"datePublished\":\"2026-04-27T14:53:37+00:00\",\"dateModified\":\"2026-04-27T14:53:39+00:00\",\"breadcrumb\":{\"@id\":\"https:\/\/innoticiasbo.com\/index.php\/2026\/04\/27\/tipo-del-cambio-del-dolar-referencial-sube-a-bs-974-y-roza-al-paralelo\/#breadcrumb\"},\"inLanguage\":\"es\",\"potentialAction\":[{\"@type\":\"ReadAction\",\"target\":[\"https:\/\/innoticiasbo.com\/index.php\/2026\/04\/27\/tipo-del-cambio-del-dolar-referencial-sube-a-bs-974-y-roza-al-paralelo\/\"]}]},{\"@type\":\"ImageObject\",\"inLanguage\":\"es\",\"@id\":\"https:\/\/innoticiasbo.com\/index.php\/2026\/04\/27\/tipo-del-cambio-del-dolar-referencial-sube-a-bs-974-y-roza-al-paralelo\/#primaryimage\",\"url\":\"https:\/\/i0.wp.com\/innoticiasbo.com\/wp-content\/uploads\/2026\/04\/image-310.png?fit=800%2C450&ssl=1\",\"contentUrl\":\"https:\/\/i0.wp.com\/innoticiasbo.com\/wp-content\/uploads\/2026\/04\/image-310.png?fit=800%2C450&ssl=1\",\"width\":800,\"height\":450},{\"@type\":\"BreadcrumbList\",\"@id\":\"https:\/\/innoticiasbo.com\/index.php\/2026\/04\/27\/tipo-del-cambio-del-dolar-referencial-sube-a-bs-974-y-roza-al-paralelo\/#breadcrumb\",\"itemListElement\":[{\"@type\":\"ListItem\",\"position\":1,\"name\":\"Portada\",\"item\":\"https:\/\/innoticiasbo.com\/\"},{\"@type\":\"ListItem\",\"position\":2,\"name\":\"TIPO DEL CAMBIO DEL D\u00d3LAR REFERENCIAL SUBE A BS 9,74 Y ROZA AL PARALELO\"}]},{\"@type\":\"WebSite\",\"@id\":\"https:\/\/innoticiasbo.com\/#website\",\"url\":\"https:\/\/innoticiasbo.com\/\",\"name\":\"innoticiasbo.com\",\"description\":\"\",\"publisher\":{\"@id\":\"https:\/\/innoticiasbo.com\/#organization\"},\"potentialAction\":[{\"@type\":\"SearchAction\",\"target\":{\"@type\":\"EntryPoint\",\"urlTemplate\":\"https:\/\/innoticiasbo.com\/?s={search_term_string}\"},\"query-input\":{\"@type\":\"PropertyValueSpecification\",\"valueRequired\":true,\"valueName\":\"search_term_string\"}}],\"inLanguage\":\"es\"},{\"@type\":\"Organization\",\"@id\":\"https:\/\/innoticiasbo.com\/#organization\",\"name\":\"innoticiasbo.com\",\"url\":\"https:\/\/innoticiasbo.com\/\",\"logo\":{\"@type\":\"ImageObject\",\"inLanguage\":\"es\",\"@id\":\"https:\/\/innoticiasbo.com\/#\/schema\/logo\/image\/\",\"url\":\"https:\/\/i0.wp.com\/innoticiasbo.com\/wp-content\/uploads\/2026\/04\/cropped-IN-LOGO.png?fit=1476%2C1476&ssl=1\",\"contentUrl\":\"https:\/\/i0.wp.com\/innoticiasbo.com\/wp-content\/uploads\/2026\/04\/cropped-IN-LOGO.png?fit=1476%2C1476&ssl=1\",\"width\":1476,\"height\":1476,\"caption\":\"innoticiasbo.com\"},\"image\":{\"@id\":\"https:\/\/innoticiasbo.com\/#\/schema\/logo\/image\/\"},\"sameAs\":[\"https:\/\/www.facebook.com\/innoticiasbolivia\",\"https:\/\/x.com\/innoticiasbo\",\"https:\/\/www.instagram.com\/innoticiasbo\",\"https:\/\/www.youtube.com\/innoticiasbo\"]},{\"@type\":\"Person\",\"@id\":\"https:\/\/innoticiasbo.com\/#\/schema\/person\/0b28481e8d0316f83a13bc702311def5\",\"name\":\"Prensa 11\",\"image\":{\"@type\":\"ImageObject\",\"inLanguage\":\"es\",\"@id\":\"https:\/\/innoticiasbo.com\/#\/schema\/person\/image\/\",\"url\":\"https:\/\/secure.gravatar.com\/avatar\/696560c17349f1807a610bf83832bad0?s=96&d=mm&r=g\",\"contentUrl\":\"https:\/\/secure.gravatar.com\/avatar\/696560c17349f1807a610bf83832bad0?s=96&d=mm&r=g\",\"caption\":\"Prensa 11\"},\"sameAs\":[\"http:\/\/www.innoticiasbo.com\"],\"url\":\"https:\/\/innoticiasbo.com\/index.php\/author\/prensa-11\/\"}]}<\/script>\n<!-- \/ Yoast SEO plugin. -->","yoast_head_json":{"title":"TIPO DEL CAMBIO DEL D\u00d3LAR REFERENCIAL SUBE A BS 9,74 Y ROZA AL PARALELO - innoticiasbo.com","robots":{"index":"index","follow":"follow","max-snippet":"max-snippet:-1","max-image-preview":"max-image-preview:large","max-video-preview":"max-video-preview:-1"},"canonical":"https:\/\/innoticiasbo.com\/index.php\/2026\/04\/27\/tipo-del-cambio-del-dolar-referencial-sube-a-bs-974-y-roza-al-paralelo\/","og_locale":"es_ES","og_type":"article","og_title":"TIPO DEL CAMBIO DEL D\u00d3LAR REFERENCIAL SUBE A BS 9,74 Y ROZA AL PARALELO - innoticiasbo.com","og_description":"Pais, 27 de Abril de 2026.- Este lunes 27 de abril, el tipo de cambio referencial del Banco Central de Bolivia (BCB) alcanz\u00f3 un nuevo m\u00e1ximo hist\u00f3rico, situ\u00e1ndose en Bs 9,74 para la venta y Bs 9,54 para la compra. De acuerdo con el analista econ\u00f3mico Fernando Romero, este incremento responde al encarecimiento real del...","og_url":"https:\/\/innoticiasbo.com\/index.php\/2026\/04\/27\/tipo-del-cambio-del-dolar-referencial-sube-a-bs-974-y-roza-al-paralelo\/","og_site_name":"innoticiasbo.com","article_publisher":"https:\/\/www.facebook.com\/innoticiasbolivia","article_published_time":"2026-04-27T14:53:37+00:00","article_modified_time":"2026-04-27T14:53:39+00:00","og_image":[{"width":800,"height":450,"url":"https:\/\/innoticiasbo.com\/wp-content\/uploads\/2026\/04\/image-310.png","type":"image\/png"}],"author":"Prensa 11","twitter_card":"summary_large_image","twitter_creator":"@innoticiasbo","twitter_site":"@innoticiasbo","twitter_misc":{"Escrito por":"Prensa 11","Tiempo de lectura":"2 minutos"},"schema":{"@context":"https:\/\/schema.org","@graph":[{"@type":"Article","@id":"https:\/\/innoticiasbo.com\/index.php\/2026\/04\/27\/tipo-del-cambio-del-dolar-referencial-sube-a-bs-974-y-roza-al-paralelo\/#article","isPartOf":{"@id":"https:\/\/innoticiasbo.com\/index.php\/2026\/04\/27\/tipo-del-cambio-del-dolar-referencial-sube-a-bs-974-y-roza-al-paralelo\/"},"author":{"name":"Prensa 11","@id":"https:\/\/innoticiasbo.com\/#\/schema\/person\/0b28481e8d0316f83a13bc702311def5"},"headline":"TIPO DEL CAMBIO DEL D\u00d3LAR REFERENCIAL SUBE A BS 9,74 Y ROZA AL PARALELO","datePublished":"2026-04-27T14:53:37+00:00","dateModified":"2026-04-27T14:53:39+00:00","mainEntityOfPage":{"@id":"https:\/\/innoticiasbo.com\/index.php\/2026\/04\/27\/tipo-del-cambio-del-dolar-referencial-sube-a-bs-974-y-roza-al-paralelo\/"},"wordCount":240,"commentCount":0,"publisher":{"@id":"https:\/\/innoticiasbo.com\/#organization"},"image":{"@id":"https:\/\/innoticiasbo.com\/index.php\/2026\/04\/27\/tipo-del-cambio-del-dolar-referencial-sube-a-bs-974-y-roza-al-paralelo\/#primaryimage"},"thumbnailUrl":"https:\/\/i0.wp.com\/innoticiasbo.com\/wp-content\/uploads\/2026\/04\/image-310.png?fit=800%2C450&ssl=1","keywords":["BCB","Bolivia","D\u00f3lar","d\u00f3lar paralelo","d\u00f3lar referencial","econom\u00eda"],"articleSection":["Econom\u00eda"],"inLanguage":"es","potentialAction":[{"@type":"CommentAction","name":"Comment","target":["https:\/\/innoticiasbo.com\/index.php\/2026\/04\/27\/tipo-del-cambio-del-dolar-referencial-sube-a-bs-974-y-roza-al-paralelo\/#respond"]}]},{"@type":"WebPage","@id":"https:\/\/innoticiasbo.com\/index.php\/2026\/04\/27\/tipo-del-cambio-del-dolar-referencial-sube-a-bs-974-y-roza-al-paralelo\/","url":"https:\/\/innoticiasbo.com\/index.php\/2026\/04\/27\/tipo-del-cambio-del-dolar-referencial-sube-a-bs-974-y-roza-al-paralelo\/","name":"TIPO DEL CAMBIO DEL D\u00d3LAR REFERENCIAL SUBE A BS 9,74 Y ROZA AL PARALELO - innoticiasbo.com","isPartOf":{"@id":"https:\/\/innoticiasbo.com\/#website"},"primaryImageOfPage":{"@id":"https:\/\/innoticiasbo.com\/index.php\/2026\/04\/27\/tipo-del-cambio-del-dolar-referencial-sube-a-bs-974-y-roza-al-paralelo\/#primaryimage"},"image":{"@id":"https:\/\/innoticiasbo.com\/index.php\/2026\/04\/27\/tipo-del-cambio-del-dolar-referencial-sube-a-bs-974-y-roza-al-paralelo\/#primaryimage"},"thumbnailUrl":"https:\/\/i0.wp.com\/innoticiasbo.com\/wp-content\/uploads\/2026\/04\/image-310.png?fit=800%2C450&ssl=1","datePublished":"2026-04-27T14:53:37+00:00","dateModified":"2026-04-27T14:53:39+00:00","breadcrumb":{"@id":"https:\/\/innoticiasbo.com\/index.php\/2026\/04\/27\/tipo-del-cambio-del-dolar-referencial-sube-a-bs-974-y-roza-al-paralelo\/#breadcrumb"},"inLanguage":"es","potentialAction":[{"@type":"ReadAction","target":["https:\/\/innoticiasbo.com\/index.php\/2026\/04\/27\/tipo-del-cambio-del-dolar-referencial-sube-a-bs-974-y-roza-al-paralelo\/"]}]},{"@type":"ImageObject","inLanguage":"es","@id":"https:\/\/innoticiasbo.com\/index.php\/2026\/04\/27\/tipo-del-cambio-del-dolar-referencial-sube-a-bs-974-y-roza-al-paralelo\/#primaryimage","url":"https:\/\/i0.wp.com\/innoticiasbo.com\/wp-content\/uploads\/2026\/04\/image-310.png?fit=800%2C450&ssl=1","contentUrl":"https:\/\/i0.wp.com\/innoticiasbo.com\/wp-content\/uploads\/2026\/04\/image-310.png?fit=800%2C450&ssl=1","width":800,"height":450},{"@type":"BreadcrumbList","@id":"https:\/\/innoticiasbo.com\/index.php\/2026\/04\/27\/tipo-del-cambio-del-dolar-referencial-sube-a-bs-974-y-roza-al-paralelo\/#breadcrumb","itemListElement":[{"@type":"ListItem","position":1,"name":"Portada","item":"https:\/\/innoticiasbo.com\/"},{"@type":"ListItem","position":2,"name":"TIPO DEL CAMBIO DEL D\u00d3LAR REFERENCIAL SUBE A BS 9,74 Y ROZA AL PARALELO"}]},{"@type":"WebSite","@id":"https:\/\/innoticiasbo.com\/#website","url":"https:\/\/innoticiasbo.com\/","name":"innoticiasbo.com","description":"","publisher":{"@id":"https:\/\/innoticiasbo.com\/#organization"},"potentialAction":[{"@type":"SearchAction","target":{"@type":"EntryPoint","urlTemplate":"https:\/\/innoticiasbo.com\/?s={search_term_string}"},"query-input":{"@type":"PropertyValueSpecification","valueRequired":true,"valueName":"search_term_string"}}],"inLanguage":"es"},{"@type":"Organization","@id":"https:\/\/innoticiasbo.com\/#organization","name":"innoticiasbo.com","url":"https:\/\/innoticiasbo.com\/","logo":{"@type":"ImageObject","inLanguage":"es","@id":"https:\/\/innoticiasbo.com\/#\/schema\/logo\/image\/","url":"https:\/\/i0.wp.com\/innoticiasbo.com\/wp-content\/uploads\/2026\/04\/cropped-IN-LOGO.png?fit=1476%2C1476&ssl=1","contentUrl":"https:\/\/i0.wp.com\/innoticiasbo.com\/wp-content\/uploads\/2026\/04\/cropped-IN-LOGO.png?fit=1476%2C1476&ssl=1","width":1476,"height":1476,"caption":"innoticiasbo.com"},"image":{"@id":"https:\/\/innoticiasbo.com\/#\/schema\/logo\/image\/"},"sameAs":["https:\/\/www.facebook.com\/innoticiasbolivia","https:\/\/x.com\/innoticiasbo","https:\/\/www.instagram.com\/innoticiasbo","https:\/\/www.youtube.com\/innoticiasbo"]},{"@type":"Person","@id":"https:\/\/innoticiasbo.com\/#\/schema\/person\/0b28481e8d0316f83a13bc702311def5","name":"Prensa 11","image":{"@type":"ImageObject","inLanguage":"es","@id":"https:\/\/innoticiasbo.com\/#\/schema\/person\/image\/","url":"https:\/\/secure.gravatar.com\/avatar\/696560c17349f1807a610bf83832bad0?s=96&d=mm&r=g","contentUrl":"https:\/\/secure.gravatar.com\/avatar\/696560c17349f1807a610bf83832bad0?s=96&d=mm&r=g","caption":"Prensa 11"},"sameAs":["http:\/\/www.innoticiasbo.com"],"url":"https:\/\/innoticiasbo.com\/index.php\/author\/prensa-11\/"}]}},"jetpack_featured_media_url":"https:\/\/i0.wp.com\/innoticiasbo.com\/wp-content\/uploads\/2026\/04\/image-310.png?fit=800%2C450&ssl=1","jetpack_likes_enabled":true,"jetpack_sharing_enabled":true,"jetpack_shortlink":"https:\/\/wp.me\/pg298x-2YX","_links":{"self":[{"href":"https:\/\/innoticiasbo.com\/index.php\/wp-json\/wp\/v2\/posts\/11467","targetHints":{"allow":["GET"]}}],"collection":[{"href":"https:\/\/innoticiasbo.com\/index.php\/wp-json\/wp\/v2\/posts"}],"about":[{"href":"https:\/\/innoticiasbo.com\/index.php\/wp-json\/wp\/v2\/types\/post"}],"author":[{"embeddable":true,"href":"https:\/\/innoticiasbo.com\/index.php\/wp-json\/wp\/v2\/users\/11"}],"replies":[{"embeddable":true,"href":"https:\/\/innoticiasbo.com\/index.php\/wp-json\/wp\/v2\/comments?post=11467"}],"version-history":[{"count":1,"href":"https:\/\/innoticiasbo.com\/index.php\/wp-json\/wp\/v2\/posts\/11467\/revisions"}],"predecessor-version":[{"id":11469,"href":"https:\/\/innoticiasbo.com\/index.php\/wp-json\/wp\/v2\/posts\/11467\/revisions\/11469"}],"wp:featuredmedia":[{"embeddable":true,"href":"https:\/\/innoticiasbo.com\/index.php\/wp-json\/wp\/v2\/media\/11468"}],"wp:attachment":[{"href":"https:\/\/innoticiasbo.com\/index.php\/wp-json\/wp\/v2\/media?parent=11467"}],"wp:term":[{"taxonomy":"category","embeddable":true,"href":"https:\/\/innoticiasbo.com\/index.php\/wp-json\/wp\/v2\/categories?post=11467"},{"taxonomy":"post_tag","embeddable":true,"href":"https:\/\/innoticiasbo.com\/index.php\/wp-json\/wp\/v2\/tags?post=11467"}],"curies":[{"name":"wp","href":"https:\/\/api.w.org\/{rel}","templated":true}]}}