{"id":11456,"date":"2026-04-26T07:10:13","date_gmt":"2026-04-26T11:10:13","guid":{"rendered":"https:\/\/innoticiasbo.com\/?p=11456"},"modified":"2026-04-26T07:10:51","modified_gmt":"2026-04-26T11:10:51","slug":"la-apuesta-de-rodrigo-paz","status":"publish","type":"post","link":"https:\/\/innoticiasbo.com\/index.php\/2026\/04\/26\/la-apuesta-de-rodrigo-paz\/","title":{"rendered":"LA APUESTA DE RODRIGO PAZ"},"content":{"rendered":"<p><img data-recalc-dims=\"1\" loading=\"lazy\" decoding=\"async\" src=\"https:\/\/i0.wp.com\/innoticiasbo.com\/wp-content\/uploads\/2026\/04\/img-20260419-wa004917797527687770469248.jpg?resize=640%2C646&#038;ssl=1\" class=\"wp-image-11454 alignnone size-full\" width=\"640\" height=\"646\" srcset=\"https:\/\/i0.wp.com\/innoticiasbo.com\/wp-content\/uploads\/2026\/04\/img-20260419-wa004917797527687770469248.jpg?w=1008&amp;ssl=1 1008w, https:\/\/i0.wp.com\/innoticiasbo.com\/wp-content\/uploads\/2026\/04\/img-20260419-wa004917797527687770469248.jpg?resize=297%2C300&amp;ssl=1 297w, https:\/\/i0.wp.com\/innoticiasbo.com\/wp-content\/uploads\/2026\/04\/img-20260419-wa004917797527687770469248.jpg?resize=150%2C150&amp;ssl=1 150w, https:\/\/i0.wp.com\/innoticiasbo.com\/wp-content\/uploads\/2026\/04\/img-20260419-wa004917797527687770469248.jpg?resize=768%2C776&amp;ssl=1 768w\" sizes=\"auto, (max-width: 640px) 100vw, 640px\" \/><\/p>\n<p>El gran prop\u00f3sito de la descentralizaci\u00f3n como reforma de la gobernanza es reflejar la diversidad local en las preferencias de pol\u00edtica p\u00fablica. En otras palabras, cada qui\u00e9n con su propia estrategia de desarrollo con un dise\u00f1o particular. En la pr\u00e1ctica, la atenci\u00f3n se ha de centrar en los efectos de la descentralizaci\u00f3n en la provisi\u00f3n de bienes p\u00fablicos.<\/p>\n<p>La eficiencia en la formulaci\u00f3n de pol\u00edticas locales va a requerir que las jurisdicciones adopten sus bienes p\u00fablicos locales a las preferencias y necesidades locales. Esto significa que diferentes regiones pueden, dependiendo de la importancia que le otorguen colectivamente a la provisi\u00f3n de, por ejemplo, desarrollo humano frente a ordenamiento territorial, tomar decisiones distintas sobre c\u00f3mo dirigir sus recursos limitados por el presupuesto.<\/p>\n<p>Al otorgar mayor autoridad a los gobiernos locales, se espera que la descentralizaci\u00f3n neutralizar\u00e1 la polarizaci\u00f3n, ya que las pol\u00edticas locales reflejar\u00e1n mejor la diversidad geogr\u00e1fica en las preferencias ciudadanas, atender la misma necesidad en diferentes zonas con diferente esquema. Una de las principales virtudes de la descentralizaci\u00f3n, despu\u00e9s de todo, es que se considera que aten\u00faa el conflicto al permitir que diversas comunidades se autogobiernen. Cuando los problemas que alimentan la polarizaci\u00f3n pol\u00edtica se resuelven a nivel local, las disputas de la pol\u00edtica nacional deber\u00edan disminuir. Desde esa perspectiva, la descentralizaci\u00f3n transforma la competencia pol\u00edtica, pasando de una lucha en la que el ganador se lo lleva todo a una serie de compromisos locales. Sin embargo, es dif\u00edcil ubicar la cualidad de la representaci\u00f3n pol\u00edtica dentro de este modelo fuera del centralismo en el que el presidente parece serlo todo.<br \/>\n0<br \/>\nSi bien te\u00f3ricamente es atractiva, la evidencia sobre esta proposici\u00f3n es, a la vez, contradictoria. Una revisi\u00f3n muestra que los efectos positivos de la descentralizaci\u00f3n del poder pol\u00edtico a las instituciones locales no siempre son universales. La naturaleza de la relaci\u00f3n entre descentralizaci\u00f3n y conflicto es, en \u00faltima instancia, condicionada al \u00e9xito de una u otra pol\u00edtica. Su impacto positivo depender\u00e1, por ejemplo, de la ausencia de instituciones o partidos regionales que pretendan usar su mayor influencia, pretexto de la descentralizaci\u00f3n, para promover ambiciones separatistas. Cuando la descentralizaci\u00f3n permite la redefinici\u00f3n de l\u00edmites naturales puede exacerbar en lugar de aliviar, la polarizaci\u00f3n, lo que a su vez puede inducir a un mayor conflicto. Todo fracasa si las pol\u00edticas entregadas no puedan resolver las grandes diferencias promovidas por regiones, \u00e9lites o sectores sociales.<\/p>\n<p>Existen varias razones para el desempe\u00f1o deficiente de la descentralizaci\u00f3n, al otorgar considerable autoridad en la formulaci\u00f3n de pol\u00edticas a unidades locales con diferentes niveles de capacidad, la descentralizaci\u00f3n puede agravar inadvertidamente las desigualdades sociales, econ\u00f3micas, de educaci\u00f3n o desarrollo. Las regiones con alta capacidad para dise\u00f1ar y ejecutar pol\u00edticas bien adaptadas a las preferencias locales prosperar\u00e1n, las regiones menores pueden sucumbir a la captura de las \u00e9lites econ\u00f3micas o pol\u00edticas. Despu\u00e9s de todo, es m\u00e1s f\u00e1cil para peque\u00f1os grupos poderosos controlar los gobiernos locales que los nacionales. Las reformas destinadas a aliviar cualquier escasez de vivencia, parad\u00f3jicamente, chocaran con las decisiones gubernamentales de nivel superior que necesariamente han de intervenir para alinear las pol\u00edticas nacionales con las preferencias populares locales.<\/p>\n<p>En las condiciones actuales, los mecanismos que permiten un pluralismo bajo una gobernanza descentralizada pueden intensificar la polarizaci\u00f3n y, por lo tanto, amenazar la estabilidad democr\u00e1tica. La gobernanza descentralizada puede permitir que las comunidades promulguen pol\u00edticas que reflejen sus valores, pero pueden profundizar diferencias a nivel nacional gracias a un entorno informativo interesado o desvirtuado. Gran parte del pensamiento sobre la l\u00f3gica de la descentralizaci\u00f3n considera a los ciudadanos centrados exclusivamente en sus circunstancias locales, olvidando que los humanos son curiosos y celosos, de modo que los ciudadanos de una jurisdicci\u00f3n est\u00e1n al tanto de lo que sucede en otra. Esta curiosidad translocal es, de hecho, probablemente un corolario de una identidad nacional arraigada y generalizada. Ese \u201cmiramiento\u201d pol\u00edtico prospera cuando la gente cree que se ver\u00e1 afectada por las acciones de los miembros de otra comunidad, aquellos que viven a miles de kil\u00f3metros de distancia.<br \/>\nLa gran justificaci\u00f3n para iniciar la descentralizaci\u00f3n radica en la necesidad de mitigar los conflictos y las tendencias de la diversidad en nuestra sociedad plural en general. En esta sociedad diversa, puede ser productivo otorgar a las jurisdicciones locales, autoridad para la formulaci\u00f3n de pol\u00edticas regionales o municipales. Puede resultar dif\u00edcil la implementaci\u00f3n de pol\u00edticas sociales preferidas a nivel nacional (salud o seguridad) y puede ser imposible llegar a un acuerdo en materia de doctrina (religiosa o jur\u00eddica), lo que sienta las bases para el conflicto cuando no se alcanza el resultado deseado por una de las partes.<\/p>\n<p>Las teor\u00edas generales de descentralizaci\u00f3n sostienen que su promesa reside en parte en que los votantes est\u00e1n mejor preparados para exigir responsabilidades a las unidades de gobierno m\u00e1s peque\u00f1as, debido a su capacidad para obtener informaci\u00f3n sobre asuntos locales con mayor facilidad sobre eventos que se desarrollan, por ejemplo, el horario de los pol\u00edticos o la existencia de medicamentos en hospitales locales.<\/p>\n<p>Podr\u00edamos llamar a esto el doble efecto de la descentralizaci\u00f3n: si bien puede reducir la importancia de la pol\u00edtica, tambi\u00e9n puede polarizarla. El 50\/50, la ambici\u00f3n mayor del presidente Paz.<\/p>\n","protected":false},"excerpt":{"rendered":"<p>El gran prop\u00f3sito de la descentralizaci\u00f3n como reforma de la gobernanza es reflejar la diversidad local en las preferencias de pol\u00edtica p\u00fablica. En otras palabras, cada qui\u00e9n con su propia estrategia de desarrollo con un dise\u00f1o particular. En la pr\u00e1ctica, la atenci\u00f3n se ha de centrar en los efectos de la descentralizaci\u00f3n en la provisi\u00f3n&#8230;<\/p>\n","protected":false},"author":2,"featured_media":11455,"comment_status":"open","ping_status":"open","sticky":false,"template":"","format":"standard","meta":{"_jetpack_memberships_contains_paid_content":false,"footnotes":"","jetpack_publicize_message":"","jetpack_publicize_feature_enabled":true,"jetpack_social_post_already_shared":true,"jetpack_social_options":{"image_generator_settings":{"template":"highway","enabled":false},"version":2}},"categories":[1,17,3],"tags":[2696,1060,345],"class_list":["post-11456","post","type-post","status-publish","format-standard","has-post-thumbnail","hentry","category-bolivia","category-opinion","category-politica","tag-descentralizacion","tag-fernando-berrios","tag-rodrigo-paz"],"jetpack_publicize_connections":[],"yoast_head":"<!-- This site is optimized with the Yoast SEO plugin v23.4 - https:\/\/yoast.com\/wordpress\/plugins\/seo\/ -->\n<title>LA APUESTA DE RODRIGO PAZ - innoticiasbo.com<\/title>\n<meta name=\"robots\" content=\"index, follow, max-snippet:-1, max-image-preview:large, max-video-preview:-1\" \/>\n<link rel=\"canonical\" href=\"https:\/\/innoticiasbo.com\/index.php\/2026\/04\/26\/la-apuesta-de-rodrigo-paz\/\" \/>\n<meta property=\"og:locale\" content=\"es_ES\" \/>\n<meta property=\"og:type\" content=\"article\" \/>\n<meta property=\"og:title\" content=\"LA APUESTA DE RODRIGO PAZ - innoticiasbo.com\" \/>\n<meta property=\"og:description\" content=\"El gran prop\u00f3sito de la descentralizaci\u00f3n como reforma de la gobernanza es reflejar la diversidad local en las preferencias de pol\u00edtica p\u00fablica. En otras palabras, cada qui\u00e9n con su propia estrategia de desarrollo con un dise\u00f1o particular. En la pr\u00e1ctica, la atenci\u00f3n se ha de centrar en los efectos de la descentralizaci\u00f3n en la provisi\u00f3n...\" \/>\n<meta property=\"og:url\" content=\"https:\/\/innoticiasbo.com\/index.php\/2026\/04\/26\/la-apuesta-de-rodrigo-paz\/\" \/>\n<meta property=\"og:site_name\" content=\"innoticiasbo.com\" \/>\n<meta property=\"article:publisher\" content=\"https:\/\/www.facebook.com\/innoticiasbolivia\" \/>\n<meta property=\"article:published_time\" content=\"2026-04-26T11:10:13+00:00\" \/>\n<meta property=\"article:modified_time\" content=\"2026-04-26T11:10:51+00:00\" \/>\n<meta property=\"og:image\" content=\"https:\/\/i0.wp.com\/innoticiasbo.com\/wp-content\/uploads\/2026\/04\/IMG-20260419-WA00491.jpg?fit=1008%2C1018&ssl=1\" \/>\n\t<meta property=\"og:image:width\" content=\"1008\" \/>\n\t<meta property=\"og:image:height\" content=\"1018\" \/>\n\t<meta property=\"og:image:type\" content=\"image\/jpeg\" \/>\n<meta name=\"author\" content=\"Prensa\" \/>\n<meta name=\"twitter:card\" content=\"summary_large_image\" \/>\n<meta name=\"twitter:creator\" content=\"@innoticiasbo\" \/>\n<meta name=\"twitter:site\" content=\"@innoticiasbo\" \/>\n<meta name=\"twitter:label1\" content=\"Escrito por\" \/>\n\t<meta name=\"twitter:data1\" content=\"Prensa\" \/>\n\t<meta name=\"twitter:label2\" content=\"Tiempo de lectura\" \/>\n\t<meta name=\"twitter:data2\" content=\"5 minutos\" \/>\n<script type=\"application\/ld+json\" class=\"yoast-schema-graph\">{\"@context\":\"https:\/\/schema.org\",\"@graph\":[{\"@type\":\"Article\",\"@id\":\"https:\/\/innoticiasbo.com\/index.php\/2026\/04\/26\/la-apuesta-de-rodrigo-paz\/#article\",\"isPartOf\":{\"@id\":\"https:\/\/innoticiasbo.com\/index.php\/2026\/04\/26\/la-apuesta-de-rodrigo-paz\/\"},\"author\":{\"name\":\"Prensa\",\"@id\":\"https:\/\/innoticiasbo.com\/#\/schema\/person\/589cd527c4211df1b943bdad85ec07ce\"},\"headline\":\"LA APUESTA DE RODRIGO PAZ\",\"datePublished\":\"2026-04-26T11:10:13+00:00\",\"dateModified\":\"2026-04-26T11:10:51+00:00\",\"mainEntityOfPage\":{\"@id\":\"https:\/\/innoticiasbo.com\/index.php\/2026\/04\/26\/la-apuesta-de-rodrigo-paz\/\"},\"wordCount\":949,\"commentCount\":0,\"publisher\":{\"@id\":\"https:\/\/innoticiasbo.com\/#organization\"},\"image\":{\"@id\":\"https:\/\/innoticiasbo.com\/index.php\/2026\/04\/26\/la-apuesta-de-rodrigo-paz\/#primaryimage\"},\"thumbnailUrl\":\"https:\/\/i0.wp.com\/innoticiasbo.com\/wp-content\/uploads\/2026\/04\/IMG-20260419-WA00491.jpg?fit=1008%2C1018&ssl=1\",\"keywords\":[\"descentralizaci\u00f3n\",\"Fernando Berr\u00edos\",\"Rodrigo Paz\"],\"articleSection\":[\"Bolivia\",\"Opini\u00f3n\",\"Pol\u00edtica\"],\"inLanguage\":\"es\",\"potentialAction\":[{\"@type\":\"CommentAction\",\"name\":\"Comment\",\"target\":[\"https:\/\/innoticiasbo.com\/index.php\/2026\/04\/26\/la-apuesta-de-rodrigo-paz\/#respond\"]}]},{\"@type\":\"WebPage\",\"@id\":\"https:\/\/innoticiasbo.com\/index.php\/2026\/04\/26\/la-apuesta-de-rodrigo-paz\/\",\"url\":\"https:\/\/innoticiasbo.com\/index.php\/2026\/04\/26\/la-apuesta-de-rodrigo-paz\/\",\"name\":\"LA APUESTA DE RODRIGO PAZ - innoticiasbo.com\",\"isPartOf\":{\"@id\":\"https:\/\/innoticiasbo.com\/#website\"},\"primaryImageOfPage\":{\"@id\":\"https:\/\/innoticiasbo.com\/index.php\/2026\/04\/26\/la-apuesta-de-rodrigo-paz\/#primaryimage\"},\"image\":{\"@id\":\"https:\/\/innoticiasbo.com\/index.php\/2026\/04\/26\/la-apuesta-de-rodrigo-paz\/#primaryimage\"},\"thumbnailUrl\":\"https:\/\/i0.wp.com\/innoticiasbo.com\/wp-content\/uploads\/2026\/04\/IMG-20260419-WA00491.jpg?fit=1008%2C1018&ssl=1\",\"datePublished\":\"2026-04-26T11:10:13+00:00\",\"dateModified\":\"2026-04-26T11:10:51+00:00\",\"breadcrumb\":{\"@id\":\"https:\/\/innoticiasbo.com\/index.php\/2026\/04\/26\/la-apuesta-de-rodrigo-paz\/#breadcrumb\"},\"inLanguage\":\"es\",\"potentialAction\":[{\"@type\":\"ReadAction\",\"target\":[\"https:\/\/innoticiasbo.com\/index.php\/2026\/04\/26\/la-apuesta-de-rodrigo-paz\/\"]}]},{\"@type\":\"ImageObject\",\"inLanguage\":\"es\",\"@id\":\"https:\/\/innoticiasbo.com\/index.php\/2026\/04\/26\/la-apuesta-de-rodrigo-paz\/#primaryimage\",\"url\":\"https:\/\/i0.wp.com\/innoticiasbo.com\/wp-content\/uploads\/2026\/04\/IMG-20260419-WA00491.jpg?fit=1008%2C1018&ssl=1\",\"contentUrl\":\"https:\/\/i0.wp.com\/innoticiasbo.com\/wp-content\/uploads\/2026\/04\/IMG-20260419-WA00491.jpg?fit=1008%2C1018&ssl=1\",\"width\":1008,\"height\":1018},{\"@type\":\"BreadcrumbList\",\"@id\":\"https:\/\/innoticiasbo.com\/index.php\/2026\/04\/26\/la-apuesta-de-rodrigo-paz\/#breadcrumb\",\"itemListElement\":[{\"@type\":\"ListItem\",\"position\":1,\"name\":\"Portada\",\"item\":\"https:\/\/innoticiasbo.com\/\"},{\"@type\":\"ListItem\",\"position\":2,\"name\":\"LA APUESTA DE RODRIGO PAZ\"}]},{\"@type\":\"WebSite\",\"@id\":\"https:\/\/innoticiasbo.com\/#website\",\"url\":\"https:\/\/innoticiasbo.com\/\",\"name\":\"innoticiasbo.com\",\"description\":\"\",\"publisher\":{\"@id\":\"https:\/\/innoticiasbo.com\/#organization\"},\"potentialAction\":[{\"@type\":\"SearchAction\",\"target\":{\"@type\":\"EntryPoint\",\"urlTemplate\":\"https:\/\/innoticiasbo.com\/?s={search_term_string}\"},\"query-input\":{\"@type\":\"PropertyValueSpecification\",\"valueRequired\":true,\"valueName\":\"search_term_string\"}}],\"inLanguage\":\"es\"},{\"@type\":\"Organization\",\"@id\":\"https:\/\/innoticiasbo.com\/#organization\",\"name\":\"innoticiasbo.com\",\"url\":\"https:\/\/innoticiasbo.com\/\",\"logo\":{\"@type\":\"ImageObject\",\"inLanguage\":\"es\",\"@id\":\"https:\/\/innoticiasbo.com\/#\/schema\/logo\/image\/\",\"url\":\"https:\/\/i0.wp.com\/innoticiasbo.com\/wp-content\/uploads\/2026\/04\/cropped-IN-LOGO.png?fit=1476%2C1476&ssl=1\",\"contentUrl\":\"https:\/\/i0.wp.com\/innoticiasbo.com\/wp-content\/uploads\/2026\/04\/cropped-IN-LOGO.png?fit=1476%2C1476&ssl=1\",\"width\":1476,\"height\":1476,\"caption\":\"innoticiasbo.com\"},\"image\":{\"@id\":\"https:\/\/innoticiasbo.com\/#\/schema\/logo\/image\/\"},\"sameAs\":[\"https:\/\/www.facebook.com\/innoticiasbolivia\",\"https:\/\/x.com\/innoticiasbo\",\"https:\/\/www.instagram.com\/innoticiasbo\",\"https:\/\/www.youtube.com\/innoticiasbo\"]},{\"@type\":\"Person\",\"@id\":\"https:\/\/innoticiasbo.com\/#\/schema\/person\/589cd527c4211df1b943bdad85ec07ce\",\"name\":\"Prensa\",\"image\":{\"@type\":\"ImageObject\",\"inLanguage\":\"es\",\"@id\":\"https:\/\/innoticiasbo.com\/#\/schema\/person\/image\/\",\"url\":\"https:\/\/secure.gravatar.com\/avatar\/d359bbdf112023c1c0a3ec7fe1600657?s=96&d=mm&r=g\",\"contentUrl\":\"https:\/\/secure.gravatar.com\/avatar\/d359bbdf112023c1c0a3ec7fe1600657?s=96&d=mm&r=g\",\"caption\":\"Prensa\"},\"sameAs\":[\"http:\/\/www.innoticiasbo.com\"],\"url\":\"https:\/\/innoticiasbo.com\/index.php\/author\/prensa\/\"}]}<\/script>\n<!-- \/ Yoast SEO plugin. -->","yoast_head_json":{"title":"LA APUESTA DE RODRIGO PAZ - innoticiasbo.com","robots":{"index":"index","follow":"follow","max-snippet":"max-snippet:-1","max-image-preview":"max-image-preview:large","max-video-preview":"max-video-preview:-1"},"canonical":"https:\/\/innoticiasbo.com\/index.php\/2026\/04\/26\/la-apuesta-de-rodrigo-paz\/","og_locale":"es_ES","og_type":"article","og_title":"LA APUESTA DE RODRIGO PAZ - innoticiasbo.com","og_description":"El gran prop\u00f3sito de la descentralizaci\u00f3n como reforma de la gobernanza es reflejar la diversidad local en las preferencias de pol\u00edtica p\u00fablica. En otras palabras, cada qui\u00e9n con su propia estrategia de desarrollo con un dise\u00f1o particular. En la pr\u00e1ctica, la atenci\u00f3n se ha de centrar en los efectos de la descentralizaci\u00f3n en la provisi\u00f3n...","og_url":"https:\/\/innoticiasbo.com\/index.php\/2026\/04\/26\/la-apuesta-de-rodrigo-paz\/","og_site_name":"innoticiasbo.com","article_publisher":"https:\/\/www.facebook.com\/innoticiasbolivia","article_published_time":"2026-04-26T11:10:13+00:00","article_modified_time":"2026-04-26T11:10:51+00:00","og_image":[{"width":1008,"height":1018,"url":"https:\/\/i0.wp.com\/innoticiasbo.com\/wp-content\/uploads\/2026\/04\/IMG-20260419-WA00491.jpg?fit=1008%2C1018&ssl=1","type":"image\/jpeg"}],"author":"Prensa","twitter_card":"summary_large_image","twitter_creator":"@innoticiasbo","twitter_site":"@innoticiasbo","twitter_misc":{"Escrito por":"Prensa","Tiempo de lectura":"5 minutos"},"schema":{"@context":"https:\/\/schema.org","@graph":[{"@type":"Article","@id":"https:\/\/innoticiasbo.com\/index.php\/2026\/04\/26\/la-apuesta-de-rodrigo-paz\/#article","isPartOf":{"@id":"https:\/\/innoticiasbo.com\/index.php\/2026\/04\/26\/la-apuesta-de-rodrigo-paz\/"},"author":{"name":"Prensa","@id":"https:\/\/innoticiasbo.com\/#\/schema\/person\/589cd527c4211df1b943bdad85ec07ce"},"headline":"LA APUESTA DE RODRIGO PAZ","datePublished":"2026-04-26T11:10:13+00:00","dateModified":"2026-04-26T11:10:51+00:00","mainEntityOfPage":{"@id":"https:\/\/innoticiasbo.com\/index.php\/2026\/04\/26\/la-apuesta-de-rodrigo-paz\/"},"wordCount":949,"commentCount":0,"publisher":{"@id":"https:\/\/innoticiasbo.com\/#organization"},"image":{"@id":"https:\/\/innoticiasbo.com\/index.php\/2026\/04\/26\/la-apuesta-de-rodrigo-paz\/#primaryimage"},"thumbnailUrl":"https:\/\/i0.wp.com\/innoticiasbo.com\/wp-content\/uploads\/2026\/04\/IMG-20260419-WA00491.jpg?fit=1008%2C1018&ssl=1","keywords":["descentralizaci\u00f3n","Fernando Berr\u00edos","Rodrigo Paz"],"articleSection":["Bolivia","Opini\u00f3n","Pol\u00edtica"],"inLanguage":"es","potentialAction":[{"@type":"CommentAction","name":"Comment","target":["https:\/\/innoticiasbo.com\/index.php\/2026\/04\/26\/la-apuesta-de-rodrigo-paz\/#respond"]}]},{"@type":"WebPage","@id":"https:\/\/innoticiasbo.com\/index.php\/2026\/04\/26\/la-apuesta-de-rodrigo-paz\/","url":"https:\/\/innoticiasbo.com\/index.php\/2026\/04\/26\/la-apuesta-de-rodrigo-paz\/","name":"LA APUESTA DE RODRIGO PAZ - innoticiasbo.com","isPartOf":{"@id":"https:\/\/innoticiasbo.com\/#website"},"primaryImageOfPage":{"@id":"https:\/\/innoticiasbo.com\/index.php\/2026\/04\/26\/la-apuesta-de-rodrigo-paz\/#primaryimage"},"image":{"@id":"https:\/\/innoticiasbo.com\/index.php\/2026\/04\/26\/la-apuesta-de-rodrigo-paz\/#primaryimage"},"thumbnailUrl":"https:\/\/i0.wp.com\/innoticiasbo.com\/wp-content\/uploads\/2026\/04\/IMG-20260419-WA00491.jpg?fit=1008%2C1018&ssl=1","datePublished":"2026-04-26T11:10:13+00:00","dateModified":"2026-04-26T11:10:51+00:00","breadcrumb":{"@id":"https:\/\/innoticiasbo.com\/index.php\/2026\/04\/26\/la-apuesta-de-rodrigo-paz\/#breadcrumb"},"inLanguage":"es","potentialAction":[{"@type":"ReadAction","target":["https:\/\/innoticiasbo.com\/index.php\/2026\/04\/26\/la-apuesta-de-rodrigo-paz\/"]}]},{"@type":"ImageObject","inLanguage":"es","@id":"https:\/\/innoticiasbo.com\/index.php\/2026\/04\/26\/la-apuesta-de-rodrigo-paz\/#primaryimage","url":"https:\/\/i0.wp.com\/innoticiasbo.com\/wp-content\/uploads\/2026\/04\/IMG-20260419-WA00491.jpg?fit=1008%2C1018&ssl=1","contentUrl":"https:\/\/i0.wp.com\/innoticiasbo.com\/wp-content\/uploads\/2026\/04\/IMG-20260419-WA00491.jpg?fit=1008%2C1018&ssl=1","width":1008,"height":1018},{"@type":"BreadcrumbList","@id":"https:\/\/innoticiasbo.com\/index.php\/2026\/04\/26\/la-apuesta-de-rodrigo-paz\/#breadcrumb","itemListElement":[{"@type":"ListItem","position":1,"name":"Portada","item":"https:\/\/innoticiasbo.com\/"},{"@type":"ListItem","position":2,"name":"LA APUESTA DE RODRIGO PAZ"}]},{"@type":"WebSite","@id":"https:\/\/innoticiasbo.com\/#website","url":"https:\/\/innoticiasbo.com\/","name":"innoticiasbo.com","description":"","publisher":{"@id":"https:\/\/innoticiasbo.com\/#organization"},"potentialAction":[{"@type":"SearchAction","target":{"@type":"EntryPoint","urlTemplate":"https:\/\/innoticiasbo.com\/?s={search_term_string}"},"query-input":{"@type":"PropertyValueSpecification","valueRequired":true,"valueName":"search_term_string"}}],"inLanguage":"es"},{"@type":"Organization","@id":"https:\/\/innoticiasbo.com\/#organization","name":"innoticiasbo.com","url":"https:\/\/innoticiasbo.com\/","logo":{"@type":"ImageObject","inLanguage":"es","@id":"https:\/\/innoticiasbo.com\/#\/schema\/logo\/image\/","url":"https:\/\/i0.wp.com\/innoticiasbo.com\/wp-content\/uploads\/2026\/04\/cropped-IN-LOGO.png?fit=1476%2C1476&ssl=1","contentUrl":"https:\/\/i0.wp.com\/innoticiasbo.com\/wp-content\/uploads\/2026\/04\/cropped-IN-LOGO.png?fit=1476%2C1476&ssl=1","width":1476,"height":1476,"caption":"innoticiasbo.com"},"image":{"@id":"https:\/\/innoticiasbo.com\/#\/schema\/logo\/image\/"},"sameAs":["https:\/\/www.facebook.com\/innoticiasbolivia","https:\/\/x.com\/innoticiasbo","https:\/\/www.instagram.com\/innoticiasbo","https:\/\/www.youtube.com\/innoticiasbo"]},{"@type":"Person","@id":"https:\/\/innoticiasbo.com\/#\/schema\/person\/589cd527c4211df1b943bdad85ec07ce","name":"Prensa","image":{"@type":"ImageObject","inLanguage":"es","@id":"https:\/\/innoticiasbo.com\/#\/schema\/person\/image\/","url":"https:\/\/secure.gravatar.com\/avatar\/d359bbdf112023c1c0a3ec7fe1600657?s=96&d=mm&r=g","contentUrl":"https:\/\/secure.gravatar.com\/avatar\/d359bbdf112023c1c0a3ec7fe1600657?s=96&d=mm&r=g","caption":"Prensa"},"sameAs":["http:\/\/www.innoticiasbo.com"],"url":"https:\/\/innoticiasbo.com\/index.php\/author\/prensa\/"}]}},"jetpack_featured_media_url":"https:\/\/i0.wp.com\/innoticiasbo.com\/wp-content\/uploads\/2026\/04\/IMG-20260419-WA00491.jpg?fit=1008%2C1018&ssl=1","jetpack_likes_enabled":true,"jetpack_sharing_enabled":true,"jetpack_shortlink":"https:\/\/wp.me\/pg298x-2YM","_links":{"self":[{"href":"https:\/\/innoticiasbo.com\/index.php\/wp-json\/wp\/v2\/posts\/11456","targetHints":{"allow":["GET"]}}],"collection":[{"href":"https:\/\/innoticiasbo.com\/index.php\/wp-json\/wp\/v2\/posts"}],"about":[{"href":"https:\/\/innoticiasbo.com\/index.php\/wp-json\/wp\/v2\/types\/post"}],"author":[{"embeddable":true,"href":"https:\/\/innoticiasbo.com\/index.php\/wp-json\/wp\/v2\/users\/2"}],"replies":[{"embeddable":true,"href":"https:\/\/innoticiasbo.com\/index.php\/wp-json\/wp\/v2\/comments?post=11456"}],"version-history":[{"count":1,"href":"https:\/\/innoticiasbo.com\/index.php\/wp-json\/wp\/v2\/posts\/11456\/revisions"}],"predecessor-version":[{"id":11457,"href":"https:\/\/innoticiasbo.com\/index.php\/wp-json\/wp\/v2\/posts\/11456\/revisions\/11457"}],"wp:featuredmedia":[{"embeddable":true,"href":"https:\/\/innoticiasbo.com\/index.php\/wp-json\/wp\/v2\/media\/11455"}],"wp:attachment":[{"href":"https:\/\/innoticiasbo.com\/index.php\/wp-json\/wp\/v2\/media?parent=11456"}],"wp:term":[{"taxonomy":"category","embeddable":true,"href":"https:\/\/innoticiasbo.com\/index.php\/wp-json\/wp\/v2\/categories?post=11456"},{"taxonomy":"post_tag","embeddable":true,"href":"https:\/\/innoticiasbo.com\/index.php\/wp-json\/wp\/v2\/tags?post=11456"}],"curies":[{"name":"wp","href":"https:\/\/api.w.org\/{rel}","templated":true}]}}