{"id":11447,"date":"2026-04-25T21:40:45","date_gmt":"2026-04-26T01:40:45","guid":{"rendered":"https:\/\/innoticiasbo.com\/?p=11447"},"modified":"2026-04-25T21:40:45","modified_gmt":"2026-04-26T01:40:45","slug":"fiscalia-confirma-la-aprehension-de-siete-policias-de-la-felcn-investigados-por-trafico-de-sustancias-controladas","status":"publish","type":"post","link":"https:\/\/innoticiasbo.com\/index.php\/2026\/04\/25\/fiscalia-confirma-la-aprehension-de-siete-policias-de-la-felcn-investigados-por-trafico-de-sustancias-controladas\/","title":{"rendered":"FISCAL\u00cdA CONFIRMA LA APREHENSI\u00d3N DE SIETE POLIC\u00cdAS DE LA FELCN INVESTIGADOS POR TR\u00c1FICO DE SUSTANCIAS CONTROLADAS"},"content":{"rendered":"\n<p class=\"p1\">Cochabamba, 25 de abril, 2026.- La Fiscal\u00eda de Cochabamba confirm\u00f3 la aprehensi\u00f3n de siete funcionarios policiales, tras el hallazgo de paquetes con caracter\u00edsticas de coca\u00edna en una casa de seguridad.<\/p>\n\n\n\n<p class=\"p1\">El Fiscal Departamental de Cochabamba, Osvaldo Tejerina R\u00edos, inform\u00f3 la conformaci\u00f3n de una comisi\u00f3n de fiscales para investigar el caso vinculado al delito de Tr\u00e1fico de Sustancias Controladas.<\/p>\n\n\n\n<p class=\"p1\">\u201cAnte la gravedad de los hechos, se ha dispuesto la conformaci\u00f3n de una comisi\u00f3n de fiscales que llevar\u00e1 adelante una investigaci\u00f3n objetiva, transparente y exhaustiva, con el fin de establecer responsabilidades penales. Asimismo, se ha procedido a la aprehensi\u00f3n de siete funcionarios policiales presuntamente involucrados en este caso\u201d, se\u00f1al\u00f3 Tejerina.<\/p>\n\n\n\n<p class=\"p1\">Por su parte, la comisi\u00f3n de fiscales inform\u00f3 que el hecho se registr\u00f3 el 24 de abril del presente a\u00f1o, aproximadamente, a horas 12:30 p.m., cuando fueron alertados sobre el hallazgo de una caja de cart\u00f3n en la parte posterior de una casa de seguridad. Una&nbsp; vez en el lugar, se procedi\u00f3 a la apertura de la caja, hall\u00e1ndose en su interior 12 paquetes en forma de ladrillo, forrados con cinta masquin.&nbsp;<\/p>\n\n\n\n<p class=\"p1\">Tras la prueba de campo, cuatro de los paquetes dieron resultado positivo a coca\u00edna, con caracter\u00edsticas de clorhidrato de coca\u00edna.<\/p>\n\n\n\n<p class=\"p1\">En ese marco, y con los elementos colectados, el Ministerio P\u00fablico procedi\u00f3 a la aprehensi\u00f3n de siete funcionarios policiales identificados como Osmar O. C., Juan P. A. P., Eddy L. Q., C\u00e9sar A. A. R., Delia D. C. Z., Javier S. C. y Luis H. V. C.<\/p>\n\n\n\n<p class=\"p1\">Fuente: FGE<\/p>\n","protected":false},"excerpt":{"rendered":"<p>Cochabamba, 25 de abril, 2026.- La Fiscal\u00eda de Cochabamba confirm\u00f3 la aprehensi\u00f3n de siete funcionarios policiales, tras el hallazgo de paquetes con caracter\u00edsticas de coca\u00edna en una casa de seguridad. El Fiscal Departamental de Cochabamba, Osvaldo Tejerina R\u00edos, inform\u00f3 la conformaci\u00f3n de una comisi\u00f3n de fiscales para investigar el caso vinculado al delito de Tr\u00e1fico&#8230;<\/p>\n","protected":false},"author":6,"featured_media":11446,"comment_status":"closed","ping_status":"open","sticky":false,"template":"","format":"standard","meta":{"_jetpack_memberships_contains_paid_content":false,"footnotes":"","jetpack_publicize_message":"FISCAL\u00cdA CONFIRMA LA APREHENSI\u00d3N DE SIETE POLIC\u00cdAS DE LA FELCN INVESTIGADOS POR TR\u00c1FICO DE SUSTANCIAS CONTROLADAS","jetpack_publicize_feature_enabled":true,"jetpack_social_post_already_shared":true,"jetpack_social_options":{"image_generator_settings":{"template":"highway","enabled":false},"version":2}},"categories":[1],"tags":[],"class_list":["post-11447","post","type-post","status-publish","format-standard","has-post-thumbnail","hentry","category-bolivia"],"jetpack_publicize_connections":[],"yoast_head":"<!-- This site is optimized with the Yoast SEO plugin v23.4 - https:\/\/yoast.com\/wordpress\/plugins\/seo\/ -->\n<title>FISCAL\u00cdA CONFIRMA LA APREHENSI\u00d3N DE SIETE POLIC\u00cdAS DE LA FELCN INVESTIGADOS POR TR\u00c1FICO DE SUSTANCIAS CONTROLADAS - innoticiasbo.com<\/title>\n<meta name=\"robots\" content=\"index, follow, max-snippet:-1, max-image-preview:large, max-video-preview:-1\" \/>\n<link rel=\"canonical\" href=\"https:\/\/innoticiasbo.com\/index.php\/2026\/04\/25\/fiscalia-confirma-la-aprehension-de-siete-policias-de-la-felcn-investigados-por-trafico-de-sustancias-controladas\/\" \/>\n<meta property=\"og:locale\" content=\"es_ES\" \/>\n<meta property=\"og:type\" content=\"article\" \/>\n<meta property=\"og:title\" content=\"FISCAL\u00cdA CONFIRMA LA APREHENSI\u00d3N DE SIETE POLIC\u00cdAS DE LA FELCN INVESTIGADOS POR TR\u00c1FICO DE SUSTANCIAS CONTROLADAS - innoticiasbo.com\" \/>\n<meta property=\"og:description\" content=\"Cochabamba, 25 de abril, 2026.- La Fiscal\u00eda de Cochabamba confirm\u00f3 la aprehensi\u00f3n de siete funcionarios policiales, tras el hallazgo de paquetes con caracter\u00edsticas de coca\u00edna en una casa de seguridad. El Fiscal Departamental de Cochabamba, Osvaldo Tejerina R\u00edos, inform\u00f3 la conformaci\u00f3n de una comisi\u00f3n de fiscales para investigar el caso vinculado al delito de Tr\u00e1fico...\" \/>\n<meta property=\"og:url\" content=\"https:\/\/innoticiasbo.com\/index.php\/2026\/04\/25\/fiscalia-confirma-la-aprehension-de-siete-policias-de-la-felcn-investigados-por-trafico-de-sustancias-controladas\/\" \/>\n<meta property=\"og:site_name\" content=\"innoticiasbo.com\" \/>\n<meta property=\"article:publisher\" content=\"https:\/\/www.facebook.com\/innoticiasbolivia\" \/>\n<meta property=\"article:published_time\" content=\"2026-04-26T01:40:45+00:00\" \/>\n<meta property=\"og:image\" content=\"https:\/\/i0.wp.com\/innoticiasbo.com\/wp-content\/uploads\/2026\/04\/8a61550a-3966-4dfc-9a27-803b410b3223.jpg?fit=1600%2C1200&ssl=1\" \/>\n\t<meta property=\"og:image:width\" content=\"1600\" \/>\n\t<meta property=\"og:image:height\" content=\"1200\" \/>\n\t<meta property=\"og:image:type\" content=\"image\/jpeg\" \/>\n<meta name=\"author\" content=\"Eliza Riva\" \/>\n<meta name=\"twitter:card\" content=\"summary_large_image\" \/>\n<meta name=\"twitter:creator\" content=\"@innoticiasbo\" \/>\n<meta name=\"twitter:site\" content=\"@innoticiasbo\" \/>\n<meta name=\"twitter:label1\" content=\"Escrito por\" \/>\n\t<meta name=\"twitter:data1\" content=\"Eliza Riva\" \/>\n\t<meta name=\"twitter:label2\" content=\"Tiempo de lectura\" \/>\n\t<meta name=\"twitter:data2\" content=\"1 minuto\" \/>\n<script type=\"application\/ld+json\" class=\"yoast-schema-graph\">{\"@context\":\"https:\/\/schema.org\",\"@graph\":[{\"@type\":\"Article\",\"@id\":\"https:\/\/innoticiasbo.com\/index.php\/2026\/04\/25\/fiscalia-confirma-la-aprehension-de-siete-policias-de-la-felcn-investigados-por-trafico-de-sustancias-controladas\/#article\",\"isPartOf\":{\"@id\":\"https:\/\/innoticiasbo.com\/index.php\/2026\/04\/25\/fiscalia-confirma-la-aprehension-de-siete-policias-de-la-felcn-investigados-por-trafico-de-sustancias-controladas\/\"},\"author\":{\"name\":\"Eliza Riva\",\"@id\":\"https:\/\/innoticiasbo.com\/#\/schema\/person\/8c935b6b11c0223d8f77dc01fc948202\"},\"headline\":\"FISCAL\u00cdA CONFIRMA LA APREHENSI\u00d3N DE SIETE POLIC\u00cdAS DE LA FELCN INVESTIGADOS POR TR\u00c1FICO DE SUSTANCIAS CONTROLADAS\",\"datePublished\":\"2026-04-26T01:40:45+00:00\",\"dateModified\":\"2026-04-26T01:40:45+00:00\",\"mainEntityOfPage\":{\"@id\":\"https:\/\/innoticiasbo.com\/index.php\/2026\/04\/25\/fiscalia-confirma-la-aprehension-de-siete-policias-de-la-felcn-investigados-por-trafico-de-sustancias-controladas\/\"},\"wordCount\":291,\"publisher\":{\"@id\":\"https:\/\/innoticiasbo.com\/#organization\"},\"image\":{\"@id\":\"https:\/\/innoticiasbo.com\/index.php\/2026\/04\/25\/fiscalia-confirma-la-aprehension-de-siete-policias-de-la-felcn-investigados-por-trafico-de-sustancias-controladas\/#primaryimage\"},\"thumbnailUrl\":\"https:\/\/i0.wp.com\/innoticiasbo.com\/wp-content\/uploads\/2026\/04\/8a61550a-3966-4dfc-9a27-803b410b3223.jpg?fit=1600%2C1200&ssl=1\",\"articleSection\":[\"Bolivia\"],\"inLanguage\":\"es\"},{\"@type\":\"WebPage\",\"@id\":\"https:\/\/innoticiasbo.com\/index.php\/2026\/04\/25\/fiscalia-confirma-la-aprehension-de-siete-policias-de-la-felcn-investigados-por-trafico-de-sustancias-controladas\/\",\"url\":\"https:\/\/innoticiasbo.com\/index.php\/2026\/04\/25\/fiscalia-confirma-la-aprehension-de-siete-policias-de-la-felcn-investigados-por-trafico-de-sustancias-controladas\/\",\"name\":\"FISCAL\u00cdA CONFIRMA LA APREHENSI\u00d3N DE SIETE POLIC\u00cdAS DE LA FELCN INVESTIGADOS POR TR\u00c1FICO DE SUSTANCIAS CONTROLADAS - innoticiasbo.com\",\"isPartOf\":{\"@id\":\"https:\/\/innoticiasbo.com\/#website\"},\"primaryImageOfPage\":{\"@id\":\"https:\/\/innoticiasbo.com\/index.php\/2026\/04\/25\/fiscalia-confirma-la-aprehension-de-siete-policias-de-la-felcn-investigados-por-trafico-de-sustancias-controladas\/#primaryimage\"},\"image\":{\"@id\":\"https:\/\/innoticiasbo.com\/index.php\/2026\/04\/25\/fiscalia-confirma-la-aprehension-de-siete-policias-de-la-felcn-investigados-por-trafico-de-sustancias-controladas\/#primaryimage\"},\"thumbnailUrl\":\"https:\/\/i0.wp.com\/innoticiasbo.com\/wp-content\/uploads\/2026\/04\/8a61550a-3966-4dfc-9a27-803b410b3223.jpg?fit=1600%2C1200&ssl=1\",\"datePublished\":\"2026-04-26T01:40:45+00:00\",\"dateModified\":\"2026-04-26T01:40:45+00:00\",\"breadcrumb\":{\"@id\":\"https:\/\/innoticiasbo.com\/index.php\/2026\/04\/25\/fiscalia-confirma-la-aprehension-de-siete-policias-de-la-felcn-investigados-por-trafico-de-sustancias-controladas\/#breadcrumb\"},\"inLanguage\":\"es\",\"potentialAction\":[{\"@type\":\"ReadAction\",\"target\":[\"https:\/\/innoticiasbo.com\/index.php\/2026\/04\/25\/fiscalia-confirma-la-aprehension-de-siete-policias-de-la-felcn-investigados-por-trafico-de-sustancias-controladas\/\"]}]},{\"@type\":\"ImageObject\",\"inLanguage\":\"es\",\"@id\":\"https:\/\/innoticiasbo.com\/index.php\/2026\/04\/25\/fiscalia-confirma-la-aprehension-de-siete-policias-de-la-felcn-investigados-por-trafico-de-sustancias-controladas\/#primaryimage\",\"url\":\"https:\/\/i0.wp.com\/innoticiasbo.com\/wp-content\/uploads\/2026\/04\/8a61550a-3966-4dfc-9a27-803b410b3223.jpg?fit=1600%2C1200&ssl=1\",\"contentUrl\":\"https:\/\/i0.wp.com\/innoticiasbo.com\/wp-content\/uploads\/2026\/04\/8a61550a-3966-4dfc-9a27-803b410b3223.jpg?fit=1600%2C1200&ssl=1\",\"width\":1600,\"height\":1200},{\"@type\":\"BreadcrumbList\",\"@id\":\"https:\/\/innoticiasbo.com\/index.php\/2026\/04\/25\/fiscalia-confirma-la-aprehension-de-siete-policias-de-la-felcn-investigados-por-trafico-de-sustancias-controladas\/#breadcrumb\",\"itemListElement\":[{\"@type\":\"ListItem\",\"position\":1,\"name\":\"Portada\",\"item\":\"https:\/\/innoticiasbo.com\/\"},{\"@type\":\"ListItem\",\"position\":2,\"name\":\"FISCAL\u00cdA CONFIRMA LA APREHENSI\u00d3N DE SIETE POLIC\u00cdAS DE LA FELCN INVESTIGADOS POR TR\u00c1FICO DE SUSTANCIAS CONTROLADAS\"}]},{\"@type\":\"WebSite\",\"@id\":\"https:\/\/innoticiasbo.com\/#website\",\"url\":\"https:\/\/innoticiasbo.com\/\",\"name\":\"innoticiasbo.com\",\"description\":\"\",\"publisher\":{\"@id\":\"https:\/\/innoticiasbo.com\/#organization\"},\"potentialAction\":[{\"@type\":\"SearchAction\",\"target\":{\"@type\":\"EntryPoint\",\"urlTemplate\":\"https:\/\/innoticiasbo.com\/?s={search_term_string}\"},\"query-input\":{\"@type\":\"PropertyValueSpecification\",\"valueRequired\":true,\"valueName\":\"search_term_string\"}}],\"inLanguage\":\"es\"},{\"@type\":\"Organization\",\"@id\":\"https:\/\/innoticiasbo.com\/#organization\",\"name\":\"innoticiasbo.com\",\"url\":\"https:\/\/innoticiasbo.com\/\",\"logo\":{\"@type\":\"ImageObject\",\"inLanguage\":\"es\",\"@id\":\"https:\/\/innoticiasbo.com\/#\/schema\/logo\/image\/\",\"url\":\"https:\/\/i0.wp.com\/innoticiasbo.com\/wp-content\/uploads\/2026\/04\/cropped-IN-LOGO.png?fit=1476%2C1476&ssl=1\",\"contentUrl\":\"https:\/\/i0.wp.com\/innoticiasbo.com\/wp-content\/uploads\/2026\/04\/cropped-IN-LOGO.png?fit=1476%2C1476&ssl=1\",\"width\":1476,\"height\":1476,\"caption\":\"innoticiasbo.com\"},\"image\":{\"@id\":\"https:\/\/innoticiasbo.com\/#\/schema\/logo\/image\/\"},\"sameAs\":[\"https:\/\/www.facebook.com\/innoticiasbolivia\",\"https:\/\/x.com\/innoticiasbo\",\"https:\/\/www.instagram.com\/innoticiasbo\",\"https:\/\/www.youtube.com\/innoticiasbo\"]},{\"@type\":\"Person\",\"@id\":\"https:\/\/innoticiasbo.com\/#\/schema\/person\/8c935b6b11c0223d8f77dc01fc948202\",\"name\":\"Eliza Riva\",\"image\":{\"@type\":\"ImageObject\",\"inLanguage\":\"es\",\"@id\":\"https:\/\/innoticiasbo.com\/#\/schema\/person\/image\/\",\"url\":\"https:\/\/secure.gravatar.com\/avatar\/fdc172c2af344133d19e57e4b7acdee4?s=96&d=mm&r=g\",\"contentUrl\":\"https:\/\/secure.gravatar.com\/avatar\/fdc172c2af344133d19e57e4b7acdee4?s=96&d=mm&r=g\",\"caption\":\"Eliza Riva\"},\"sameAs\":[\"http:\/\/www.innoticiasbo.com\"],\"url\":\"https:\/\/innoticiasbo.com\/index.php\/author\/prensa-4\/\"}]}<\/script>\n<!-- \/ Yoast SEO plugin. -->","yoast_head_json":{"title":"FISCAL\u00cdA CONFIRMA LA APREHENSI\u00d3N DE SIETE POLIC\u00cdAS DE LA FELCN INVESTIGADOS POR TR\u00c1FICO DE SUSTANCIAS CONTROLADAS - innoticiasbo.com","robots":{"index":"index","follow":"follow","max-snippet":"max-snippet:-1","max-image-preview":"max-image-preview:large","max-video-preview":"max-video-preview:-1"},"canonical":"https:\/\/innoticiasbo.com\/index.php\/2026\/04\/25\/fiscalia-confirma-la-aprehension-de-siete-policias-de-la-felcn-investigados-por-trafico-de-sustancias-controladas\/","og_locale":"es_ES","og_type":"article","og_title":"FISCAL\u00cdA CONFIRMA LA APREHENSI\u00d3N DE SIETE POLIC\u00cdAS DE LA FELCN INVESTIGADOS POR TR\u00c1FICO DE SUSTANCIAS CONTROLADAS - innoticiasbo.com","og_description":"Cochabamba, 25 de abril, 2026.- La Fiscal\u00eda de Cochabamba confirm\u00f3 la aprehensi\u00f3n de siete funcionarios policiales, tras el hallazgo de paquetes con caracter\u00edsticas de coca\u00edna en una casa de seguridad. El Fiscal Departamental de Cochabamba, Osvaldo Tejerina R\u00edos, inform\u00f3 la conformaci\u00f3n de una comisi\u00f3n de fiscales para investigar el caso vinculado al delito de Tr\u00e1fico...","og_url":"https:\/\/innoticiasbo.com\/index.php\/2026\/04\/25\/fiscalia-confirma-la-aprehension-de-siete-policias-de-la-felcn-investigados-por-trafico-de-sustancias-controladas\/","og_site_name":"innoticiasbo.com","article_publisher":"https:\/\/www.facebook.com\/innoticiasbolivia","article_published_time":"2026-04-26T01:40:45+00:00","og_image":[{"width":1600,"height":1200,"url":"https:\/\/i0.wp.com\/innoticiasbo.com\/wp-content\/uploads\/2026\/04\/8a61550a-3966-4dfc-9a27-803b410b3223.jpg?fit=1600%2C1200&ssl=1","type":"image\/jpeg"}],"author":"Eliza Riva","twitter_card":"summary_large_image","twitter_creator":"@innoticiasbo","twitter_site":"@innoticiasbo","twitter_misc":{"Escrito por":"Eliza Riva","Tiempo de lectura":"1 minuto"},"schema":{"@context":"https:\/\/schema.org","@graph":[{"@type":"Article","@id":"https:\/\/innoticiasbo.com\/index.php\/2026\/04\/25\/fiscalia-confirma-la-aprehension-de-siete-policias-de-la-felcn-investigados-por-trafico-de-sustancias-controladas\/#article","isPartOf":{"@id":"https:\/\/innoticiasbo.com\/index.php\/2026\/04\/25\/fiscalia-confirma-la-aprehension-de-siete-policias-de-la-felcn-investigados-por-trafico-de-sustancias-controladas\/"},"author":{"name":"Eliza Riva","@id":"https:\/\/innoticiasbo.com\/#\/schema\/person\/8c935b6b11c0223d8f77dc01fc948202"},"headline":"FISCAL\u00cdA CONFIRMA LA APREHENSI\u00d3N DE SIETE POLIC\u00cdAS DE LA FELCN INVESTIGADOS POR TR\u00c1FICO DE SUSTANCIAS CONTROLADAS","datePublished":"2026-04-26T01:40:45+00:00","dateModified":"2026-04-26T01:40:45+00:00","mainEntityOfPage":{"@id":"https:\/\/innoticiasbo.com\/index.php\/2026\/04\/25\/fiscalia-confirma-la-aprehension-de-siete-policias-de-la-felcn-investigados-por-trafico-de-sustancias-controladas\/"},"wordCount":291,"publisher":{"@id":"https:\/\/innoticiasbo.com\/#organization"},"image":{"@id":"https:\/\/innoticiasbo.com\/index.php\/2026\/04\/25\/fiscalia-confirma-la-aprehension-de-siete-policias-de-la-felcn-investigados-por-trafico-de-sustancias-controladas\/#primaryimage"},"thumbnailUrl":"https:\/\/i0.wp.com\/innoticiasbo.com\/wp-content\/uploads\/2026\/04\/8a61550a-3966-4dfc-9a27-803b410b3223.jpg?fit=1600%2C1200&ssl=1","articleSection":["Bolivia"],"inLanguage":"es"},{"@type":"WebPage","@id":"https:\/\/innoticiasbo.com\/index.php\/2026\/04\/25\/fiscalia-confirma-la-aprehension-de-siete-policias-de-la-felcn-investigados-por-trafico-de-sustancias-controladas\/","url":"https:\/\/innoticiasbo.com\/index.php\/2026\/04\/25\/fiscalia-confirma-la-aprehension-de-siete-policias-de-la-felcn-investigados-por-trafico-de-sustancias-controladas\/","name":"FISCAL\u00cdA CONFIRMA LA APREHENSI\u00d3N DE SIETE POLIC\u00cdAS DE LA FELCN INVESTIGADOS POR TR\u00c1FICO DE SUSTANCIAS CONTROLADAS - innoticiasbo.com","isPartOf":{"@id":"https:\/\/innoticiasbo.com\/#website"},"primaryImageOfPage":{"@id":"https:\/\/innoticiasbo.com\/index.php\/2026\/04\/25\/fiscalia-confirma-la-aprehension-de-siete-policias-de-la-felcn-investigados-por-trafico-de-sustancias-controladas\/#primaryimage"},"image":{"@id":"https:\/\/innoticiasbo.com\/index.php\/2026\/04\/25\/fiscalia-confirma-la-aprehension-de-siete-policias-de-la-felcn-investigados-por-trafico-de-sustancias-controladas\/#primaryimage"},"thumbnailUrl":"https:\/\/i0.wp.com\/innoticiasbo.com\/wp-content\/uploads\/2026\/04\/8a61550a-3966-4dfc-9a27-803b410b3223.jpg?fit=1600%2C1200&ssl=1","datePublished":"2026-04-26T01:40:45+00:00","dateModified":"2026-04-26T01:40:45+00:00","breadcrumb":{"@id":"https:\/\/innoticiasbo.com\/index.php\/2026\/04\/25\/fiscalia-confirma-la-aprehension-de-siete-policias-de-la-felcn-investigados-por-trafico-de-sustancias-controladas\/#breadcrumb"},"inLanguage":"es","potentialAction":[{"@type":"ReadAction","target":["https:\/\/innoticiasbo.com\/index.php\/2026\/04\/25\/fiscalia-confirma-la-aprehension-de-siete-policias-de-la-felcn-investigados-por-trafico-de-sustancias-controladas\/"]}]},{"@type":"ImageObject","inLanguage":"es","@id":"https:\/\/innoticiasbo.com\/index.php\/2026\/04\/25\/fiscalia-confirma-la-aprehension-de-siete-policias-de-la-felcn-investigados-por-trafico-de-sustancias-controladas\/#primaryimage","url":"https:\/\/i0.wp.com\/innoticiasbo.com\/wp-content\/uploads\/2026\/04\/8a61550a-3966-4dfc-9a27-803b410b3223.jpg?fit=1600%2C1200&ssl=1","contentUrl":"https:\/\/i0.wp.com\/innoticiasbo.com\/wp-content\/uploads\/2026\/04\/8a61550a-3966-4dfc-9a27-803b410b3223.jpg?fit=1600%2C1200&ssl=1","width":1600,"height":1200},{"@type":"BreadcrumbList","@id":"https:\/\/innoticiasbo.com\/index.php\/2026\/04\/25\/fiscalia-confirma-la-aprehension-de-siete-policias-de-la-felcn-investigados-por-trafico-de-sustancias-controladas\/#breadcrumb","itemListElement":[{"@type":"ListItem","position":1,"name":"Portada","item":"https:\/\/innoticiasbo.com\/"},{"@type":"ListItem","position":2,"name":"FISCAL\u00cdA CONFIRMA LA APREHENSI\u00d3N DE SIETE POLIC\u00cdAS DE LA FELCN INVESTIGADOS POR TR\u00c1FICO DE SUSTANCIAS CONTROLADAS"}]},{"@type":"WebSite","@id":"https:\/\/innoticiasbo.com\/#website","url":"https:\/\/innoticiasbo.com\/","name":"innoticiasbo.com","description":"","publisher":{"@id":"https:\/\/innoticiasbo.com\/#organization"},"potentialAction":[{"@type":"SearchAction","target":{"@type":"EntryPoint","urlTemplate":"https:\/\/innoticiasbo.com\/?s={search_term_string}"},"query-input":{"@type":"PropertyValueSpecification","valueRequired":true,"valueName":"search_term_string"}}],"inLanguage":"es"},{"@type":"Organization","@id":"https:\/\/innoticiasbo.com\/#organization","name":"innoticiasbo.com","url":"https:\/\/innoticiasbo.com\/","logo":{"@type":"ImageObject","inLanguage":"es","@id":"https:\/\/innoticiasbo.com\/#\/schema\/logo\/image\/","url":"https:\/\/i0.wp.com\/innoticiasbo.com\/wp-content\/uploads\/2026\/04\/cropped-IN-LOGO.png?fit=1476%2C1476&ssl=1","contentUrl":"https:\/\/i0.wp.com\/innoticiasbo.com\/wp-content\/uploads\/2026\/04\/cropped-IN-LOGO.png?fit=1476%2C1476&ssl=1","width":1476,"height":1476,"caption":"innoticiasbo.com"},"image":{"@id":"https:\/\/innoticiasbo.com\/#\/schema\/logo\/image\/"},"sameAs":["https:\/\/www.facebook.com\/innoticiasbolivia","https:\/\/x.com\/innoticiasbo","https:\/\/www.instagram.com\/innoticiasbo","https:\/\/www.youtube.com\/innoticiasbo"]},{"@type":"Person","@id":"https:\/\/innoticiasbo.com\/#\/schema\/person\/8c935b6b11c0223d8f77dc01fc948202","name":"Eliza Riva","image":{"@type":"ImageObject","inLanguage":"es","@id":"https:\/\/innoticiasbo.com\/#\/schema\/person\/image\/","url":"https:\/\/secure.gravatar.com\/avatar\/fdc172c2af344133d19e57e4b7acdee4?s=96&d=mm&r=g","contentUrl":"https:\/\/secure.gravatar.com\/avatar\/fdc172c2af344133d19e57e4b7acdee4?s=96&d=mm&r=g","caption":"Eliza Riva"},"sameAs":["http:\/\/www.innoticiasbo.com"],"url":"https:\/\/innoticiasbo.com\/index.php\/author\/prensa-4\/"}]}},"jetpack_featured_media_url":"https:\/\/i0.wp.com\/innoticiasbo.com\/wp-content\/uploads\/2026\/04\/8a61550a-3966-4dfc-9a27-803b410b3223.jpg?fit=1600%2C1200&ssl=1","jetpack_likes_enabled":true,"jetpack_sharing_enabled":true,"jetpack_shortlink":"https:\/\/wp.me\/pg298x-2YD","_links":{"self":[{"href":"https:\/\/innoticiasbo.com\/index.php\/wp-json\/wp\/v2\/posts\/11447","targetHints":{"allow":["GET"]}}],"collection":[{"href":"https:\/\/innoticiasbo.com\/index.php\/wp-json\/wp\/v2\/posts"}],"about":[{"href":"https:\/\/innoticiasbo.com\/index.php\/wp-json\/wp\/v2\/types\/post"}],"author":[{"embeddable":true,"href":"https:\/\/innoticiasbo.com\/index.php\/wp-json\/wp\/v2\/users\/6"}],"replies":[{"embeddable":true,"href":"https:\/\/innoticiasbo.com\/index.php\/wp-json\/wp\/v2\/comments?post=11447"}],"version-history":[{"count":1,"href":"https:\/\/innoticiasbo.com\/index.php\/wp-json\/wp\/v2\/posts\/11447\/revisions"}],"predecessor-version":[{"id":11448,"href":"https:\/\/innoticiasbo.com\/index.php\/wp-json\/wp\/v2\/posts\/11447\/revisions\/11448"}],"wp:featuredmedia":[{"embeddable":true,"href":"https:\/\/innoticiasbo.com\/index.php\/wp-json\/wp\/v2\/media\/11446"}],"wp:attachment":[{"href":"https:\/\/innoticiasbo.com\/index.php\/wp-json\/wp\/v2\/media?parent=11447"}],"wp:term":[{"taxonomy":"category","embeddable":true,"href":"https:\/\/innoticiasbo.com\/index.php\/wp-json\/wp\/v2\/categories?post=11447"},{"taxonomy":"post_tag","embeddable":true,"href":"https:\/\/innoticiasbo.com\/index.php\/wp-json\/wp\/v2\/tags?post=11447"}],"curies":[{"name":"wp","href":"https:\/\/api.w.org\/{rel}","templated":true}]}}