{"id":1107,"date":"2024-09-27T02:54:00","date_gmt":"2024-09-27T02:54:00","guid":{"rendered":"https:\/\/innoticiasbo.com\/?p=1107"},"modified":"2024-09-27T03:27:54","modified_gmt":"2024-09-27T03:27:54","slug":"cesar-siles-asume-como-nuevo-ministro-de-justicia-tras-la-renuncia-de-ivan-lima","status":"publish","type":"post","link":"https:\/\/innoticiasbo.com\/index.php\/2024\/09\/27\/cesar-siles-asume-como-nuevo-ministro-de-justicia-tras-la-renuncia-de-ivan-lima\/","title":{"rendered":"C\u00c9SAR SILES ASUME COMO NUEVO MINISTRO DE JUSTICIA TRAS LA RENUNCIA DE IV\u00c1N LIMA"},"content":{"rendered":"\n<p>La Paz, 26 de septiembre de 2024.- Luego de la renuncia irrevocable de Iv\u00e1n Lima al cargo de ministro de Justicia, el presidente Luis Arce posesion\u00f3 en horas de la noche a C\u00e9sar Siles como su sucesor. Hasta hace unas horas, Siles ocupaba el cargo de Procurador del Estado, y ahora retorna al ministerio en el que anteriormente fue viceministro de Justicia y Derechos Fundamentales.<\/p>\n\n\n\n<p>En sus primeras declaraciones como ministro, Siles resalt\u00f3 la importancia de su nuevo rol, afirmando: \u00abTenemos un rol constitucional de defender los intereses del Estado, nuestro patrimonio p\u00fablico y soberan\u00eda\u00bb. Asimismo, expres\u00f3 sus sentimientos encontrados al volver al ministerio tras haber acompa\u00f1ado la gesti\u00f3n de Lima en su anterior cargo.<\/p>\n\n\n\n<figure class=\"wp-block-image size-large\"><img data-recalc-dims=\"1\" loading=\"lazy\" decoding=\"async\" width=\"640\" height=\"360\" src=\"https:\/\/i0.wp.com\/innoticiasbo.com\/wp-content\/uploads\/2024\/09\/img-20240926-wa03878862308145400900130.jpg?resize=640%2C360&#038;ssl=1\" alt=\"\" class=\"wp-image-1105\" srcset=\"https:\/\/i0.wp.com\/innoticiasbo.com\/wp-content\/uploads\/2024\/09\/img-20240926-wa03878862308145400900130.jpg?w=992&amp;ssl=1 992w, https:\/\/i0.wp.com\/innoticiasbo.com\/wp-content\/uploads\/2024\/09\/img-20240926-wa03878862308145400900130.jpg?resize=300%2C169&amp;ssl=1 300w, https:\/\/i0.wp.com\/innoticiasbo.com\/wp-content\/uploads\/2024\/09\/img-20240926-wa03878862308145400900130.jpg?resize=768%2C432&amp;ssl=1 768w\" sizes=\"auto, (max-width: 640px) 100vw, 640px\" \/><\/figure>\n\n\n\n<p>Por su parte, el presidente Arce lament\u00f3 la salida de Lima, reconociendo su labor y dese\u00e1ndole \u00e9xito en sus futuros proyectos. Arce destac\u00f3 que Siles continuar\u00e1 con la estructura de trabajo ya establecida, asegurando que el ministerio lograr\u00e1 los \u00e9xitos pendientes bajo su mando.<\/p>\n\n\n\n<figure class=\"wp-block-image size-large\"><img data-recalc-dims=\"1\" loading=\"lazy\" decoding=\"async\" width=\"640\" height=\"443\" src=\"https:\/\/i0.wp.com\/innoticiasbo.com\/wp-content\/uploads\/2024\/09\/fb_img_17274076219586655061576177956210.jpg?resize=640%2C443&#038;ssl=1\" alt=\"\" class=\"wp-image-1109\" srcset=\"https:\/\/i0.wp.com\/innoticiasbo.com\/wp-content\/uploads\/2024\/09\/fb_img_17274076219586655061576177956210.jpg?resize=1024%2C708&amp;ssl=1 1024w, https:\/\/i0.wp.com\/innoticiasbo.com\/wp-content\/uploads\/2024\/09\/fb_img_17274076219586655061576177956210.jpg?resize=300%2C208&amp;ssl=1 300w, https:\/\/i0.wp.com\/innoticiasbo.com\/wp-content\/uploads\/2024\/09\/fb_img_17274076219586655061576177956210.jpg?resize=768%2C531&amp;ssl=1 768w, https:\/\/i0.wp.com\/innoticiasbo.com\/wp-content\/uploads\/2024\/09\/fb_img_17274076219586655061576177956210.jpg?w=1080&amp;ssl=1 1080w\" sizes=\"auto, (max-width: 640px) 100vw, 640px\" \/><\/figure>\n\n\n\n<p><\/p>\n","protected":false},"excerpt":{"rendered":"<p>La Paz, 26 de septiembre de 2024.- Luego de la renuncia irrevocable de Iv\u00e1n Lima al cargo de ministro de Justicia, el presidente Luis Arce posesion\u00f3 en horas de la noche a C\u00e9sar Siles como su sucesor. Hasta hace unas horas, Siles ocupaba el cargo de Procurador del Estado, y ahora retorna al ministerio en&#8230;<\/p>\n","protected":false},"author":2,"featured_media":1110,"comment_status":"open","ping_status":"open","sticky":false,"template":"","format":"standard","meta":{"_jetpack_memberships_contains_paid_content":false,"footnotes":"","jetpack_publicize_message":"","jetpack_publicize_feature_enabled":true,"jetpack_social_post_already_shared":true,"jetpack_social_options":{"image_generator_settings":{"template":"highway","enabled":false},"version":2}},"categories":[1,3],"tags":[],"class_list":["post-1107","post","type-post","status-publish","format-standard","has-post-thumbnail","hentry","category-bolivia","category-politica"],"jetpack_publicize_connections":[],"yoast_head":"<!-- This site is optimized with the Yoast SEO plugin v23.4 - https:\/\/yoast.com\/wordpress\/plugins\/seo\/ -->\n<title>C\u00c9SAR SILES ASUME COMO NUEVO MINISTRO DE JUSTICIA TRAS LA RENUNCIA DE IV\u00c1N LIMA - innoticiasbo.com<\/title>\n<meta name=\"robots\" content=\"index, follow, max-snippet:-1, max-image-preview:large, max-video-preview:-1\" \/>\n<link rel=\"canonical\" href=\"https:\/\/innoticiasbo.com\/index.php\/2024\/09\/27\/cesar-siles-asume-como-nuevo-ministro-de-justicia-tras-la-renuncia-de-ivan-lima\/\" \/>\n<meta property=\"og:locale\" content=\"es_ES\" \/>\n<meta property=\"og:type\" content=\"article\" \/>\n<meta property=\"og:title\" content=\"C\u00c9SAR SILES ASUME COMO NUEVO MINISTRO DE JUSTICIA TRAS LA RENUNCIA DE IV\u00c1N LIMA - innoticiasbo.com\" \/>\n<meta property=\"og:description\" content=\"La Paz, 26 de septiembre de 2024.- Luego de la renuncia irrevocable de Iv\u00e1n Lima al cargo de ministro de Justicia, el presidente Luis Arce posesion\u00f3 en horas de la noche a C\u00e9sar Siles como su sucesor. Hasta hace unas horas, Siles ocupaba el cargo de Procurador del Estado, y ahora retorna al ministerio en...\" \/>\n<meta property=\"og:url\" content=\"https:\/\/innoticiasbo.com\/index.php\/2024\/09\/27\/cesar-siles-asume-como-nuevo-ministro-de-justicia-tras-la-renuncia-de-ivan-lima\/\" \/>\n<meta property=\"og:site_name\" content=\"innoticiasbo.com\" \/>\n<meta property=\"article:publisher\" content=\"https:\/\/www.facebook.com\/innoticiasbolivia\" \/>\n<meta property=\"article:published_time\" content=\"2024-09-27T02:54:00+00:00\" \/>\n<meta property=\"article:modified_time\" content=\"2024-09-27T03:27:54+00:00\" \/>\n<meta property=\"og:image\" content=\"https:\/\/i0.wp.com\/innoticiasbo.com\/wp-content\/uploads\/2024\/09\/FB_IMG_1727407619325.jpg?fit=1080%2C664&ssl=1\" \/>\n\t<meta property=\"og:image:width\" content=\"1080\" \/>\n\t<meta property=\"og:image:height\" content=\"664\" \/>\n\t<meta property=\"og:image:type\" content=\"image\/jpeg\" \/>\n<meta name=\"author\" content=\"Prensa\" \/>\n<meta name=\"twitter:card\" content=\"summary_large_image\" \/>\n<meta name=\"twitter:creator\" content=\"@innoticiasbo\" \/>\n<meta name=\"twitter:site\" content=\"@innoticiasbo\" \/>\n<meta name=\"twitter:label1\" content=\"Escrito por\" \/>\n\t<meta name=\"twitter:data1\" content=\"Prensa\" \/>\n\t<meta name=\"twitter:label2\" content=\"Tiempo de lectura\" \/>\n\t<meta name=\"twitter:data2\" content=\"1 minuto\" \/>\n<script type=\"application\/ld+json\" class=\"yoast-schema-graph\">{\"@context\":\"https:\/\/schema.org\",\"@graph\":[{\"@type\":\"Article\",\"@id\":\"https:\/\/innoticiasbo.com\/index.php\/2024\/09\/27\/cesar-siles-asume-como-nuevo-ministro-de-justicia-tras-la-renuncia-de-ivan-lima\/#article\",\"isPartOf\":{\"@id\":\"https:\/\/innoticiasbo.com\/index.php\/2024\/09\/27\/cesar-siles-asume-como-nuevo-ministro-de-justicia-tras-la-renuncia-de-ivan-lima\/\"},\"author\":{\"name\":\"Prensa\",\"@id\":\"https:\/\/innoticiasbo.com\/#\/schema\/person\/589cd527c4211df1b943bdad85ec07ce\"},\"headline\":\"C\u00c9SAR SILES ASUME COMO NUEVO MINISTRO DE JUSTICIA TRAS LA RENUNCIA DE IV\u00c1N LIMA\",\"datePublished\":\"2024-09-27T02:54:00+00:00\",\"dateModified\":\"2024-09-27T03:27:54+00:00\",\"mainEntityOfPage\":{\"@id\":\"https:\/\/innoticiasbo.com\/index.php\/2024\/09\/27\/cesar-siles-asume-como-nuevo-ministro-de-justicia-tras-la-renuncia-de-ivan-lima\/\"},\"wordCount\":181,\"commentCount\":0,\"publisher\":{\"@id\":\"https:\/\/innoticiasbo.com\/#organization\"},\"image\":{\"@id\":\"https:\/\/innoticiasbo.com\/index.php\/2024\/09\/27\/cesar-siles-asume-como-nuevo-ministro-de-justicia-tras-la-renuncia-de-ivan-lima\/#primaryimage\"},\"thumbnailUrl\":\"https:\/\/i0.wp.com\/innoticiasbo.com\/wp-content\/uploads\/2024\/09\/FB_IMG_1727407619325.jpg?fit=1080%2C664&ssl=1\",\"articleSection\":[\"Bolivia\",\"Pol\u00edtica\"],\"inLanguage\":\"es\",\"potentialAction\":[{\"@type\":\"CommentAction\",\"name\":\"Comment\",\"target\":[\"https:\/\/innoticiasbo.com\/index.php\/2024\/09\/27\/cesar-siles-asume-como-nuevo-ministro-de-justicia-tras-la-renuncia-de-ivan-lima\/#respond\"]}]},{\"@type\":\"WebPage\",\"@id\":\"https:\/\/innoticiasbo.com\/index.php\/2024\/09\/27\/cesar-siles-asume-como-nuevo-ministro-de-justicia-tras-la-renuncia-de-ivan-lima\/\",\"url\":\"https:\/\/innoticiasbo.com\/index.php\/2024\/09\/27\/cesar-siles-asume-como-nuevo-ministro-de-justicia-tras-la-renuncia-de-ivan-lima\/\",\"name\":\"C\u00c9SAR SILES ASUME COMO NUEVO MINISTRO DE JUSTICIA TRAS LA RENUNCIA DE IV\u00c1N LIMA - innoticiasbo.com\",\"isPartOf\":{\"@id\":\"https:\/\/innoticiasbo.com\/#website\"},\"primaryImageOfPage\":{\"@id\":\"https:\/\/innoticiasbo.com\/index.php\/2024\/09\/27\/cesar-siles-asume-como-nuevo-ministro-de-justicia-tras-la-renuncia-de-ivan-lima\/#primaryimage\"},\"image\":{\"@id\":\"https:\/\/innoticiasbo.com\/index.php\/2024\/09\/27\/cesar-siles-asume-como-nuevo-ministro-de-justicia-tras-la-renuncia-de-ivan-lima\/#primaryimage\"},\"thumbnailUrl\":\"https:\/\/i0.wp.com\/innoticiasbo.com\/wp-content\/uploads\/2024\/09\/FB_IMG_1727407619325.jpg?fit=1080%2C664&ssl=1\",\"datePublished\":\"2024-09-27T02:54:00+00:00\",\"dateModified\":\"2024-09-27T03:27:54+00:00\",\"breadcrumb\":{\"@id\":\"https:\/\/innoticiasbo.com\/index.php\/2024\/09\/27\/cesar-siles-asume-como-nuevo-ministro-de-justicia-tras-la-renuncia-de-ivan-lima\/#breadcrumb\"},\"inLanguage\":\"es\",\"potentialAction\":[{\"@type\":\"ReadAction\",\"target\":[\"https:\/\/innoticiasbo.com\/index.php\/2024\/09\/27\/cesar-siles-asume-como-nuevo-ministro-de-justicia-tras-la-renuncia-de-ivan-lima\/\"]}]},{\"@type\":\"ImageObject\",\"inLanguage\":\"es\",\"@id\":\"https:\/\/innoticiasbo.com\/index.php\/2024\/09\/27\/cesar-siles-asume-como-nuevo-ministro-de-justicia-tras-la-renuncia-de-ivan-lima\/#primaryimage\",\"url\":\"https:\/\/i0.wp.com\/innoticiasbo.com\/wp-content\/uploads\/2024\/09\/FB_IMG_1727407619325.jpg?fit=1080%2C664&ssl=1\",\"contentUrl\":\"https:\/\/i0.wp.com\/innoticiasbo.com\/wp-content\/uploads\/2024\/09\/FB_IMG_1727407619325.jpg?fit=1080%2C664&ssl=1\",\"width\":1080,\"height\":664},{\"@type\":\"BreadcrumbList\",\"@id\":\"https:\/\/innoticiasbo.com\/index.php\/2024\/09\/27\/cesar-siles-asume-como-nuevo-ministro-de-justicia-tras-la-renuncia-de-ivan-lima\/#breadcrumb\",\"itemListElement\":[{\"@type\":\"ListItem\",\"position\":1,\"name\":\"Portada\",\"item\":\"https:\/\/innoticiasbo.com\/\"},{\"@type\":\"ListItem\",\"position\":2,\"name\":\"C\u00c9SAR SILES ASUME COMO NUEVO MINISTRO DE JUSTICIA TRAS LA RENUNCIA DE IV\u00c1N LIMA\"}]},{\"@type\":\"WebSite\",\"@id\":\"https:\/\/innoticiasbo.com\/#website\",\"url\":\"https:\/\/innoticiasbo.com\/\",\"name\":\"innoticiasbo.com\",\"description\":\"\",\"publisher\":{\"@id\":\"https:\/\/innoticiasbo.com\/#organization\"},\"potentialAction\":[{\"@type\":\"SearchAction\",\"target\":{\"@type\":\"EntryPoint\",\"urlTemplate\":\"https:\/\/innoticiasbo.com\/?s={search_term_string}\"},\"query-input\":{\"@type\":\"PropertyValueSpecification\",\"valueRequired\":true,\"valueName\":\"search_term_string\"}}],\"inLanguage\":\"es\"},{\"@type\":\"Organization\",\"@id\":\"https:\/\/innoticiasbo.com\/#organization\",\"name\":\"innoticiasbo.com\",\"url\":\"https:\/\/innoticiasbo.com\/\",\"logo\":{\"@type\":\"ImageObject\",\"inLanguage\":\"es\",\"@id\":\"https:\/\/innoticiasbo.com\/#\/schema\/logo\/image\/\",\"url\":\"https:\/\/i0.wp.com\/innoticiasbo.com\/wp-content\/uploads\/2026\/04\/cropped-IN-LOGO.png?fit=1476%2C1476&ssl=1\",\"contentUrl\":\"https:\/\/i0.wp.com\/innoticiasbo.com\/wp-content\/uploads\/2026\/04\/cropped-IN-LOGO.png?fit=1476%2C1476&ssl=1\",\"width\":1476,\"height\":1476,\"caption\":\"innoticiasbo.com\"},\"image\":{\"@id\":\"https:\/\/innoticiasbo.com\/#\/schema\/logo\/image\/\"},\"sameAs\":[\"https:\/\/www.facebook.com\/innoticiasbolivia\",\"https:\/\/x.com\/innoticiasbo\",\"https:\/\/www.instagram.com\/innoticiasbo\",\"https:\/\/www.youtube.com\/innoticiasbo\"]},{\"@type\":\"Person\",\"@id\":\"https:\/\/innoticiasbo.com\/#\/schema\/person\/589cd527c4211df1b943bdad85ec07ce\",\"name\":\"Prensa\",\"image\":{\"@type\":\"ImageObject\",\"inLanguage\":\"es\",\"@id\":\"https:\/\/innoticiasbo.com\/#\/schema\/person\/image\/\",\"url\":\"https:\/\/secure.gravatar.com\/avatar\/d359bbdf112023c1c0a3ec7fe1600657?s=96&d=mm&r=g\",\"contentUrl\":\"https:\/\/secure.gravatar.com\/avatar\/d359bbdf112023c1c0a3ec7fe1600657?s=96&d=mm&r=g\",\"caption\":\"Prensa\"},\"sameAs\":[\"http:\/\/www.innoticiasbo.com\"],\"url\":\"https:\/\/innoticiasbo.com\/index.php\/author\/prensa\/\"}]}<\/script>\n<!-- \/ Yoast SEO plugin. -->","yoast_head_json":{"title":"C\u00c9SAR SILES ASUME COMO NUEVO MINISTRO DE JUSTICIA TRAS LA RENUNCIA DE IV\u00c1N LIMA - innoticiasbo.com","robots":{"index":"index","follow":"follow","max-snippet":"max-snippet:-1","max-image-preview":"max-image-preview:large","max-video-preview":"max-video-preview:-1"},"canonical":"https:\/\/innoticiasbo.com\/index.php\/2024\/09\/27\/cesar-siles-asume-como-nuevo-ministro-de-justicia-tras-la-renuncia-de-ivan-lima\/","og_locale":"es_ES","og_type":"article","og_title":"C\u00c9SAR SILES ASUME COMO NUEVO MINISTRO DE JUSTICIA TRAS LA RENUNCIA DE IV\u00c1N LIMA - innoticiasbo.com","og_description":"La Paz, 26 de septiembre de 2024.- Luego de la renuncia irrevocable de Iv\u00e1n Lima al cargo de ministro de Justicia, el presidente Luis Arce posesion\u00f3 en horas de la noche a C\u00e9sar Siles como su sucesor. Hasta hace unas horas, Siles ocupaba el cargo de Procurador del Estado, y ahora retorna al ministerio en...","og_url":"https:\/\/innoticiasbo.com\/index.php\/2024\/09\/27\/cesar-siles-asume-como-nuevo-ministro-de-justicia-tras-la-renuncia-de-ivan-lima\/","og_site_name":"innoticiasbo.com","article_publisher":"https:\/\/www.facebook.com\/innoticiasbolivia","article_published_time":"2024-09-27T02:54:00+00:00","article_modified_time":"2024-09-27T03:27:54+00:00","og_image":[{"width":1080,"height":664,"url":"https:\/\/i0.wp.com\/innoticiasbo.com\/wp-content\/uploads\/2024\/09\/FB_IMG_1727407619325.jpg?fit=1080%2C664&ssl=1","type":"image\/jpeg"}],"author":"Prensa","twitter_card":"summary_large_image","twitter_creator":"@innoticiasbo","twitter_site":"@innoticiasbo","twitter_misc":{"Escrito por":"Prensa","Tiempo de lectura":"1 minuto"},"schema":{"@context":"https:\/\/schema.org","@graph":[{"@type":"Article","@id":"https:\/\/innoticiasbo.com\/index.php\/2024\/09\/27\/cesar-siles-asume-como-nuevo-ministro-de-justicia-tras-la-renuncia-de-ivan-lima\/#article","isPartOf":{"@id":"https:\/\/innoticiasbo.com\/index.php\/2024\/09\/27\/cesar-siles-asume-como-nuevo-ministro-de-justicia-tras-la-renuncia-de-ivan-lima\/"},"author":{"name":"Prensa","@id":"https:\/\/innoticiasbo.com\/#\/schema\/person\/589cd527c4211df1b943bdad85ec07ce"},"headline":"C\u00c9SAR SILES ASUME COMO NUEVO MINISTRO DE JUSTICIA TRAS LA RENUNCIA DE IV\u00c1N LIMA","datePublished":"2024-09-27T02:54:00+00:00","dateModified":"2024-09-27T03:27:54+00:00","mainEntityOfPage":{"@id":"https:\/\/innoticiasbo.com\/index.php\/2024\/09\/27\/cesar-siles-asume-como-nuevo-ministro-de-justicia-tras-la-renuncia-de-ivan-lima\/"},"wordCount":181,"commentCount":0,"publisher":{"@id":"https:\/\/innoticiasbo.com\/#organization"},"image":{"@id":"https:\/\/innoticiasbo.com\/index.php\/2024\/09\/27\/cesar-siles-asume-como-nuevo-ministro-de-justicia-tras-la-renuncia-de-ivan-lima\/#primaryimage"},"thumbnailUrl":"https:\/\/i0.wp.com\/innoticiasbo.com\/wp-content\/uploads\/2024\/09\/FB_IMG_1727407619325.jpg?fit=1080%2C664&ssl=1","articleSection":["Bolivia","Pol\u00edtica"],"inLanguage":"es","potentialAction":[{"@type":"CommentAction","name":"Comment","target":["https:\/\/innoticiasbo.com\/index.php\/2024\/09\/27\/cesar-siles-asume-como-nuevo-ministro-de-justicia-tras-la-renuncia-de-ivan-lima\/#respond"]}]},{"@type":"WebPage","@id":"https:\/\/innoticiasbo.com\/index.php\/2024\/09\/27\/cesar-siles-asume-como-nuevo-ministro-de-justicia-tras-la-renuncia-de-ivan-lima\/","url":"https:\/\/innoticiasbo.com\/index.php\/2024\/09\/27\/cesar-siles-asume-como-nuevo-ministro-de-justicia-tras-la-renuncia-de-ivan-lima\/","name":"C\u00c9SAR SILES ASUME COMO NUEVO MINISTRO DE JUSTICIA TRAS LA RENUNCIA DE IV\u00c1N LIMA - innoticiasbo.com","isPartOf":{"@id":"https:\/\/innoticiasbo.com\/#website"},"primaryImageOfPage":{"@id":"https:\/\/innoticiasbo.com\/index.php\/2024\/09\/27\/cesar-siles-asume-como-nuevo-ministro-de-justicia-tras-la-renuncia-de-ivan-lima\/#primaryimage"},"image":{"@id":"https:\/\/innoticiasbo.com\/index.php\/2024\/09\/27\/cesar-siles-asume-como-nuevo-ministro-de-justicia-tras-la-renuncia-de-ivan-lima\/#primaryimage"},"thumbnailUrl":"https:\/\/i0.wp.com\/innoticiasbo.com\/wp-content\/uploads\/2024\/09\/FB_IMG_1727407619325.jpg?fit=1080%2C664&ssl=1","datePublished":"2024-09-27T02:54:00+00:00","dateModified":"2024-09-27T03:27:54+00:00","breadcrumb":{"@id":"https:\/\/innoticiasbo.com\/index.php\/2024\/09\/27\/cesar-siles-asume-como-nuevo-ministro-de-justicia-tras-la-renuncia-de-ivan-lima\/#breadcrumb"},"inLanguage":"es","potentialAction":[{"@type":"ReadAction","target":["https:\/\/innoticiasbo.com\/index.php\/2024\/09\/27\/cesar-siles-asume-como-nuevo-ministro-de-justicia-tras-la-renuncia-de-ivan-lima\/"]}]},{"@type":"ImageObject","inLanguage":"es","@id":"https:\/\/innoticiasbo.com\/index.php\/2024\/09\/27\/cesar-siles-asume-como-nuevo-ministro-de-justicia-tras-la-renuncia-de-ivan-lima\/#primaryimage","url":"https:\/\/i0.wp.com\/innoticiasbo.com\/wp-content\/uploads\/2024\/09\/FB_IMG_1727407619325.jpg?fit=1080%2C664&ssl=1","contentUrl":"https:\/\/i0.wp.com\/innoticiasbo.com\/wp-content\/uploads\/2024\/09\/FB_IMG_1727407619325.jpg?fit=1080%2C664&ssl=1","width":1080,"height":664},{"@type":"BreadcrumbList","@id":"https:\/\/innoticiasbo.com\/index.php\/2024\/09\/27\/cesar-siles-asume-como-nuevo-ministro-de-justicia-tras-la-renuncia-de-ivan-lima\/#breadcrumb","itemListElement":[{"@type":"ListItem","position":1,"name":"Portada","item":"https:\/\/innoticiasbo.com\/"},{"@type":"ListItem","position":2,"name":"C\u00c9SAR SILES ASUME COMO NUEVO MINISTRO DE JUSTICIA TRAS LA RENUNCIA DE IV\u00c1N LIMA"}]},{"@type":"WebSite","@id":"https:\/\/innoticiasbo.com\/#website","url":"https:\/\/innoticiasbo.com\/","name":"innoticiasbo.com","description":"","publisher":{"@id":"https:\/\/innoticiasbo.com\/#organization"},"potentialAction":[{"@type":"SearchAction","target":{"@type":"EntryPoint","urlTemplate":"https:\/\/innoticiasbo.com\/?s={search_term_string}"},"query-input":{"@type":"PropertyValueSpecification","valueRequired":true,"valueName":"search_term_string"}}],"inLanguage":"es"},{"@type":"Organization","@id":"https:\/\/innoticiasbo.com\/#organization","name":"innoticiasbo.com","url":"https:\/\/innoticiasbo.com\/","logo":{"@type":"ImageObject","inLanguage":"es","@id":"https:\/\/innoticiasbo.com\/#\/schema\/logo\/image\/","url":"https:\/\/i0.wp.com\/innoticiasbo.com\/wp-content\/uploads\/2026\/04\/cropped-IN-LOGO.png?fit=1476%2C1476&ssl=1","contentUrl":"https:\/\/i0.wp.com\/innoticiasbo.com\/wp-content\/uploads\/2026\/04\/cropped-IN-LOGO.png?fit=1476%2C1476&ssl=1","width":1476,"height":1476,"caption":"innoticiasbo.com"},"image":{"@id":"https:\/\/innoticiasbo.com\/#\/schema\/logo\/image\/"},"sameAs":["https:\/\/www.facebook.com\/innoticiasbolivia","https:\/\/x.com\/innoticiasbo","https:\/\/www.instagram.com\/innoticiasbo","https:\/\/www.youtube.com\/innoticiasbo"]},{"@type":"Person","@id":"https:\/\/innoticiasbo.com\/#\/schema\/person\/589cd527c4211df1b943bdad85ec07ce","name":"Prensa","image":{"@type":"ImageObject","inLanguage":"es","@id":"https:\/\/innoticiasbo.com\/#\/schema\/person\/image\/","url":"https:\/\/secure.gravatar.com\/avatar\/d359bbdf112023c1c0a3ec7fe1600657?s=96&d=mm&r=g","contentUrl":"https:\/\/secure.gravatar.com\/avatar\/d359bbdf112023c1c0a3ec7fe1600657?s=96&d=mm&r=g","caption":"Prensa"},"sameAs":["http:\/\/www.innoticiasbo.com"],"url":"https:\/\/innoticiasbo.com\/index.php\/author\/prensa\/"}]}},"jetpack_featured_media_url":"https:\/\/i0.wp.com\/innoticiasbo.com\/wp-content\/uploads\/2024\/09\/FB_IMG_1727407619325.jpg?fit=1080%2C664&ssl=1","jetpack_likes_enabled":true,"jetpack_sharing_enabled":true,"jetpack_shortlink":"https:\/\/wp.me\/pg298x-hR","_links":{"self":[{"href":"https:\/\/innoticiasbo.com\/index.php\/wp-json\/wp\/v2\/posts\/1107","targetHints":{"allow":["GET"]}}],"collection":[{"href":"https:\/\/innoticiasbo.com\/index.php\/wp-json\/wp\/v2\/posts"}],"about":[{"href":"https:\/\/innoticiasbo.com\/index.php\/wp-json\/wp\/v2\/types\/post"}],"author":[{"embeddable":true,"href":"https:\/\/innoticiasbo.com\/index.php\/wp-json\/wp\/v2\/users\/2"}],"replies":[{"embeddable":true,"href":"https:\/\/innoticiasbo.com\/index.php\/wp-json\/wp\/v2\/comments?post=1107"}],"version-history":[{"count":2,"href":"https:\/\/innoticiasbo.com\/index.php\/wp-json\/wp\/v2\/posts\/1107\/revisions"}],"predecessor-version":[{"id":1111,"href":"https:\/\/innoticiasbo.com\/index.php\/wp-json\/wp\/v2\/posts\/1107\/revisions\/1111"}],"wp:featuredmedia":[{"embeddable":true,"href":"https:\/\/innoticiasbo.com\/index.php\/wp-json\/wp\/v2\/media\/1110"}],"wp:attachment":[{"href":"https:\/\/innoticiasbo.com\/index.php\/wp-json\/wp\/v2\/media?parent=1107"}],"wp:term":[{"taxonomy":"category","embeddable":true,"href":"https:\/\/innoticiasbo.com\/index.php\/wp-json\/wp\/v2\/categories?post=1107"},{"taxonomy":"post_tag","embeddable":true,"href":"https:\/\/innoticiasbo.com\/index.php\/wp-json\/wp\/v2\/tags?post=1107"}],"curies":[{"name":"wp","href":"https:\/\/api.w.org\/{rel}","templated":true}]}}