{"id":1101,"date":"2024-09-26T23:29:39","date_gmt":"2024-09-26T23:29:39","guid":{"rendered":"https:\/\/innoticiasbo.com\/?p=1101"},"modified":"2024-09-26T23:29:55","modified_gmt":"2024-09-26T23:29:55","slug":"evo-retrocede-y-suspende-el-bloqueo-de-caminos-previsto-para-la-proxima-semana","status":"publish","type":"post","link":"https:\/\/innoticiasbo.com\/index.php\/2024\/09\/26\/evo-retrocede-y-suspende-el-bloqueo-de-caminos-previsto-para-la-proxima-semana\/","title":{"rendered":"EVO RETROCEDE Y SUSPENDE EL BLOQUEO DE CAMINOS PREVISTO PARA LA PR\u00d3XIMA SEMANA"},"content":{"rendered":"\n<p>Cochabamba, 26 de septiembre de 2024.- El expresidente Evo Morales ha retrocedido en el anunciado bloqueo de caminos, que deb\u00eda empezar este lunes, 30 de septiembre.<\/p>\n\n\n\n<p><br>En una entrevista con Panamericana, el l\u00edder del MAS, Evo Morales, mencion\u00f3 que la medida se suspende por muchas causas, entre ellas actividades.<\/p>\n\n\n\n<p>\u201cVa a haber un acto el 12 de octubre, estamos preparando eso, entonces no hay bloqueo de caminos por esta y muchas razones hemos decidido declarar cuarto intermedio en bloqueo de caminos, junto al estado mayor del pueblo\u201d, dijo el exmandatario.<\/p>\n\n\n\n<p>Fuente: Urgente.bo<\/p>\n\n\n\n<figure class=\"wp-block-image size-large\"><img data-recalc-dims=\"1\" loading=\"lazy\" decoding=\"async\" width=\"640\" height=\"360\" src=\"https:\/\/i0.wp.com\/innoticiasbo.com\/wp-content\/uploads\/2024\/09\/evo-1037745935021159247655.jpg?resize=640%2C360&#038;ssl=1\" alt=\"\" class=\"wp-image-1099\" srcset=\"https:\/\/i0.wp.com\/innoticiasbo.com\/wp-content\/uploads\/2024\/09\/evo-1037745935021159247655.jpg?resize=1024%2C576&amp;ssl=1 1024w, https:\/\/i0.wp.com\/innoticiasbo.com\/wp-content\/uploads\/2024\/09\/evo-1037745935021159247655.jpg?resize=300%2C169&amp;ssl=1 300w, https:\/\/i0.wp.com\/innoticiasbo.com\/wp-content\/uploads\/2024\/09\/evo-1037745935021159247655.jpg?resize=768%2C432&amp;ssl=1 768w, https:\/\/i0.wp.com\/innoticiasbo.com\/wp-content\/uploads\/2024\/09\/evo-1037745935021159247655.jpg?w=1208&amp;ssl=1 1208w\" sizes=\"auto, (max-width: 640px) 100vw, 640px\" \/><\/figure>\n","protected":false},"excerpt":{"rendered":"<p>Cochabamba, 26 de septiembre de 2024.- El expresidente Evo Morales ha retrocedido en el anunciado bloqueo de caminos, que deb\u00eda empezar este lunes, 30 de septiembre. En una entrevista con Panamericana, el l\u00edder del MAS, Evo Morales, mencion\u00f3 que la medida se suspende por muchas causas, entre ellas actividades. \u201cVa a haber un acto el&#8230;<\/p>\n","protected":false},"author":2,"featured_media":1100,"comment_status":"open","ping_status":"open","sticky":false,"template":"","format":"standard","meta":{"_jetpack_memberships_contains_paid_content":false,"footnotes":"","jetpack_publicize_message":"","jetpack_publicize_feature_enabled":true,"jetpack_social_post_already_shared":true,"jetpack_social_options":{"image_generator_settings":{"template":"highway","enabled":false},"version":2}},"categories":[1,3],"tags":[],"class_list":["post-1101","post","type-post","status-publish","format-standard","has-post-thumbnail","hentry","category-bolivia","category-politica"],"jetpack_publicize_connections":[],"yoast_head":"<!-- This site is optimized with the Yoast SEO plugin v23.4 - https:\/\/yoast.com\/wordpress\/plugins\/seo\/ -->\n<title>EVO RETROCEDE Y SUSPENDE EL BLOQUEO DE CAMINOS PREVISTO PARA LA PR\u00d3XIMA SEMANA - innoticiasbo.com<\/title>\n<meta name=\"robots\" content=\"index, follow, max-snippet:-1, max-image-preview:large, max-video-preview:-1\" \/>\n<link rel=\"canonical\" href=\"https:\/\/innoticiasbo.com\/index.php\/2024\/09\/26\/evo-retrocede-y-suspende-el-bloqueo-de-caminos-previsto-para-la-proxima-semana\/\" \/>\n<meta property=\"og:locale\" content=\"es_ES\" \/>\n<meta property=\"og:type\" content=\"article\" \/>\n<meta property=\"og:title\" content=\"EVO RETROCEDE Y SUSPENDE EL BLOQUEO DE CAMINOS PREVISTO PARA LA PR\u00d3XIMA SEMANA - innoticiasbo.com\" \/>\n<meta property=\"og:description\" content=\"Cochabamba, 26 de septiembre de 2024.- El expresidente Evo Morales ha retrocedido en el anunciado bloqueo de caminos, que deb\u00eda empezar este lunes, 30 de septiembre. En una entrevista con Panamericana, el l\u00edder del MAS, Evo Morales, mencion\u00f3 que la medida se suspende por muchas causas, entre ellas actividades. \u201cVa a haber un acto el...\" \/>\n<meta property=\"og:url\" content=\"https:\/\/innoticiasbo.com\/index.php\/2024\/09\/26\/evo-retrocede-y-suspende-el-bloqueo-de-caminos-previsto-para-la-proxima-semana\/\" \/>\n<meta property=\"og:site_name\" content=\"innoticiasbo.com\" \/>\n<meta property=\"article:publisher\" content=\"https:\/\/www.facebook.com\/innoticiasbolivia\" \/>\n<meta property=\"article:published_time\" content=\"2024-09-26T23:29:39+00:00\" \/>\n<meta property=\"article:modified_time\" content=\"2024-09-26T23:29:55+00:00\" \/>\n<meta property=\"og:image\" content=\"https:\/\/i0.wp.com\/innoticiasbo.com\/wp-content\/uploads\/2024\/09\/Evo-Morales-1-1068x712-1.jpg?fit=1068%2C712&ssl=1\" \/>\n\t<meta property=\"og:image:width\" content=\"1068\" \/>\n\t<meta property=\"og:image:height\" content=\"712\" \/>\n\t<meta property=\"og:image:type\" content=\"image\/jpeg\" \/>\n<meta name=\"author\" content=\"Prensa\" \/>\n<meta name=\"twitter:card\" content=\"summary_large_image\" \/>\n<meta name=\"twitter:creator\" content=\"@innoticiasbo\" \/>\n<meta name=\"twitter:site\" content=\"@innoticiasbo\" \/>\n<meta name=\"twitter:label1\" content=\"Escrito por\" \/>\n\t<meta name=\"twitter:data1\" content=\"Prensa\" \/>\n<script type=\"application\/ld+json\" class=\"yoast-schema-graph\">{\"@context\":\"https:\/\/schema.org\",\"@graph\":[{\"@type\":\"Article\",\"@id\":\"https:\/\/innoticiasbo.com\/index.php\/2024\/09\/26\/evo-retrocede-y-suspende-el-bloqueo-de-caminos-previsto-para-la-proxima-semana\/#article\",\"isPartOf\":{\"@id\":\"https:\/\/innoticiasbo.com\/index.php\/2024\/09\/26\/evo-retrocede-y-suspende-el-bloqueo-de-caminos-previsto-para-la-proxima-semana\/\"},\"author\":{\"name\":\"Prensa\",\"@id\":\"https:\/\/innoticiasbo.com\/#\/schema\/person\/589cd527c4211df1b943bdad85ec07ce\"},\"headline\":\"EVO RETROCEDE Y SUSPENDE EL BLOQUEO DE CAMINOS PREVISTO PARA LA PR\u00d3XIMA SEMANA\",\"datePublished\":\"2024-09-26T23:29:39+00:00\",\"dateModified\":\"2024-09-26T23:29:55+00:00\",\"mainEntityOfPage\":{\"@id\":\"https:\/\/innoticiasbo.com\/index.php\/2024\/09\/26\/evo-retrocede-y-suspende-el-bloqueo-de-caminos-previsto-para-la-proxima-semana\/\"},\"wordCount\":106,\"commentCount\":0,\"publisher\":{\"@id\":\"https:\/\/innoticiasbo.com\/#organization\"},\"image\":{\"@id\":\"https:\/\/innoticiasbo.com\/index.php\/2024\/09\/26\/evo-retrocede-y-suspende-el-bloqueo-de-caminos-previsto-para-la-proxima-semana\/#primaryimage\"},\"thumbnailUrl\":\"https:\/\/i0.wp.com\/innoticiasbo.com\/wp-content\/uploads\/2024\/09\/Evo-Morales-1-1068x712-1.jpg?fit=1068%2C712&ssl=1\",\"articleSection\":[\"Bolivia\",\"Pol\u00edtica\"],\"inLanguage\":\"es\",\"potentialAction\":[{\"@type\":\"CommentAction\",\"name\":\"Comment\",\"target\":[\"https:\/\/innoticiasbo.com\/index.php\/2024\/09\/26\/evo-retrocede-y-suspende-el-bloqueo-de-caminos-previsto-para-la-proxima-semana\/#respond\"]}]},{\"@type\":\"WebPage\",\"@id\":\"https:\/\/innoticiasbo.com\/index.php\/2024\/09\/26\/evo-retrocede-y-suspende-el-bloqueo-de-caminos-previsto-para-la-proxima-semana\/\",\"url\":\"https:\/\/innoticiasbo.com\/index.php\/2024\/09\/26\/evo-retrocede-y-suspende-el-bloqueo-de-caminos-previsto-para-la-proxima-semana\/\",\"name\":\"EVO RETROCEDE Y SUSPENDE EL BLOQUEO DE CAMINOS PREVISTO PARA LA PR\u00d3XIMA SEMANA - innoticiasbo.com\",\"isPartOf\":{\"@id\":\"https:\/\/innoticiasbo.com\/#website\"},\"primaryImageOfPage\":{\"@id\":\"https:\/\/innoticiasbo.com\/index.php\/2024\/09\/26\/evo-retrocede-y-suspende-el-bloqueo-de-caminos-previsto-para-la-proxima-semana\/#primaryimage\"},\"image\":{\"@id\":\"https:\/\/innoticiasbo.com\/index.php\/2024\/09\/26\/evo-retrocede-y-suspende-el-bloqueo-de-caminos-previsto-para-la-proxima-semana\/#primaryimage\"},\"thumbnailUrl\":\"https:\/\/i0.wp.com\/innoticiasbo.com\/wp-content\/uploads\/2024\/09\/Evo-Morales-1-1068x712-1.jpg?fit=1068%2C712&ssl=1\",\"datePublished\":\"2024-09-26T23:29:39+00:00\",\"dateModified\":\"2024-09-26T23:29:55+00:00\",\"breadcrumb\":{\"@id\":\"https:\/\/innoticiasbo.com\/index.php\/2024\/09\/26\/evo-retrocede-y-suspende-el-bloqueo-de-caminos-previsto-para-la-proxima-semana\/#breadcrumb\"},\"inLanguage\":\"es\",\"potentialAction\":[{\"@type\":\"ReadAction\",\"target\":[\"https:\/\/innoticiasbo.com\/index.php\/2024\/09\/26\/evo-retrocede-y-suspende-el-bloqueo-de-caminos-previsto-para-la-proxima-semana\/\"]}]},{\"@type\":\"ImageObject\",\"inLanguage\":\"es\",\"@id\":\"https:\/\/innoticiasbo.com\/index.php\/2024\/09\/26\/evo-retrocede-y-suspende-el-bloqueo-de-caminos-previsto-para-la-proxima-semana\/#primaryimage\",\"url\":\"https:\/\/i0.wp.com\/innoticiasbo.com\/wp-content\/uploads\/2024\/09\/Evo-Morales-1-1068x712-1.jpg?fit=1068%2C712&ssl=1\",\"contentUrl\":\"https:\/\/i0.wp.com\/innoticiasbo.com\/wp-content\/uploads\/2024\/09\/Evo-Morales-1-1068x712-1.jpg?fit=1068%2C712&ssl=1\",\"width\":1068,\"height\":712},{\"@type\":\"BreadcrumbList\",\"@id\":\"https:\/\/innoticiasbo.com\/index.php\/2024\/09\/26\/evo-retrocede-y-suspende-el-bloqueo-de-caminos-previsto-para-la-proxima-semana\/#breadcrumb\",\"itemListElement\":[{\"@type\":\"ListItem\",\"position\":1,\"name\":\"Portada\",\"item\":\"https:\/\/innoticiasbo.com\/\"},{\"@type\":\"ListItem\",\"position\":2,\"name\":\"EVO RETROCEDE Y SUSPENDE EL BLOQUEO DE CAMINOS PREVISTO PARA LA PR\u00d3XIMA SEMANA\"}]},{\"@type\":\"WebSite\",\"@id\":\"https:\/\/innoticiasbo.com\/#website\",\"url\":\"https:\/\/innoticiasbo.com\/\",\"name\":\"innoticiasbo.com\",\"description\":\"\",\"publisher\":{\"@id\":\"https:\/\/innoticiasbo.com\/#organization\"},\"potentialAction\":[{\"@type\":\"SearchAction\",\"target\":{\"@type\":\"EntryPoint\",\"urlTemplate\":\"https:\/\/innoticiasbo.com\/?s={search_term_string}\"},\"query-input\":{\"@type\":\"PropertyValueSpecification\",\"valueRequired\":true,\"valueName\":\"search_term_string\"}}],\"inLanguage\":\"es\"},{\"@type\":\"Organization\",\"@id\":\"https:\/\/innoticiasbo.com\/#organization\",\"name\":\"innoticiasbo.com\",\"url\":\"https:\/\/innoticiasbo.com\/\",\"logo\":{\"@type\":\"ImageObject\",\"inLanguage\":\"es\",\"@id\":\"https:\/\/innoticiasbo.com\/#\/schema\/logo\/image\/\",\"url\":\"https:\/\/i0.wp.com\/innoticiasbo.com\/wp-content\/uploads\/2026\/04\/cropped-IN-LOGO.png?fit=1476%2C1476&ssl=1\",\"contentUrl\":\"https:\/\/i0.wp.com\/innoticiasbo.com\/wp-content\/uploads\/2026\/04\/cropped-IN-LOGO.png?fit=1476%2C1476&ssl=1\",\"width\":1476,\"height\":1476,\"caption\":\"innoticiasbo.com\"},\"image\":{\"@id\":\"https:\/\/innoticiasbo.com\/#\/schema\/logo\/image\/\"},\"sameAs\":[\"https:\/\/www.facebook.com\/innoticiasbolivia\",\"https:\/\/x.com\/innoticiasbo\",\"https:\/\/www.instagram.com\/innoticiasbo\",\"https:\/\/www.youtube.com\/innoticiasbo\"]},{\"@type\":\"Person\",\"@id\":\"https:\/\/innoticiasbo.com\/#\/schema\/person\/589cd527c4211df1b943bdad85ec07ce\",\"name\":\"Prensa\",\"image\":{\"@type\":\"ImageObject\",\"inLanguage\":\"es\",\"@id\":\"https:\/\/innoticiasbo.com\/#\/schema\/person\/image\/\",\"url\":\"https:\/\/secure.gravatar.com\/avatar\/d359bbdf112023c1c0a3ec7fe1600657?s=96&d=mm&r=g\",\"contentUrl\":\"https:\/\/secure.gravatar.com\/avatar\/d359bbdf112023c1c0a3ec7fe1600657?s=96&d=mm&r=g\",\"caption\":\"Prensa\"},\"sameAs\":[\"http:\/\/www.innoticiasbo.com\"],\"url\":\"https:\/\/innoticiasbo.com\/index.php\/author\/prensa\/\"}]}<\/script>\n<!-- \/ Yoast SEO plugin. -->","yoast_head_json":{"title":"EVO RETROCEDE Y SUSPENDE EL BLOQUEO DE CAMINOS PREVISTO PARA LA PR\u00d3XIMA SEMANA - innoticiasbo.com","robots":{"index":"index","follow":"follow","max-snippet":"max-snippet:-1","max-image-preview":"max-image-preview:large","max-video-preview":"max-video-preview:-1"},"canonical":"https:\/\/innoticiasbo.com\/index.php\/2024\/09\/26\/evo-retrocede-y-suspende-el-bloqueo-de-caminos-previsto-para-la-proxima-semana\/","og_locale":"es_ES","og_type":"article","og_title":"EVO RETROCEDE Y SUSPENDE EL BLOQUEO DE CAMINOS PREVISTO PARA LA PR\u00d3XIMA SEMANA - innoticiasbo.com","og_description":"Cochabamba, 26 de septiembre de 2024.- El expresidente Evo Morales ha retrocedido en el anunciado bloqueo de caminos, que deb\u00eda empezar este lunes, 30 de septiembre. En una entrevista con Panamericana, el l\u00edder del MAS, Evo Morales, mencion\u00f3 que la medida se suspende por muchas causas, entre ellas actividades. \u201cVa a haber un acto el...","og_url":"https:\/\/innoticiasbo.com\/index.php\/2024\/09\/26\/evo-retrocede-y-suspende-el-bloqueo-de-caminos-previsto-para-la-proxima-semana\/","og_site_name":"innoticiasbo.com","article_publisher":"https:\/\/www.facebook.com\/innoticiasbolivia","article_published_time":"2024-09-26T23:29:39+00:00","article_modified_time":"2024-09-26T23:29:55+00:00","og_image":[{"width":1068,"height":712,"url":"https:\/\/i0.wp.com\/innoticiasbo.com\/wp-content\/uploads\/2024\/09\/Evo-Morales-1-1068x712-1.jpg?fit=1068%2C712&ssl=1","type":"image\/jpeg"}],"author":"Prensa","twitter_card":"summary_large_image","twitter_creator":"@innoticiasbo","twitter_site":"@innoticiasbo","twitter_misc":{"Escrito por":"Prensa"},"schema":{"@context":"https:\/\/schema.org","@graph":[{"@type":"Article","@id":"https:\/\/innoticiasbo.com\/index.php\/2024\/09\/26\/evo-retrocede-y-suspende-el-bloqueo-de-caminos-previsto-para-la-proxima-semana\/#article","isPartOf":{"@id":"https:\/\/innoticiasbo.com\/index.php\/2024\/09\/26\/evo-retrocede-y-suspende-el-bloqueo-de-caminos-previsto-para-la-proxima-semana\/"},"author":{"name":"Prensa","@id":"https:\/\/innoticiasbo.com\/#\/schema\/person\/589cd527c4211df1b943bdad85ec07ce"},"headline":"EVO RETROCEDE Y SUSPENDE EL BLOQUEO DE CAMINOS PREVISTO PARA LA PR\u00d3XIMA SEMANA","datePublished":"2024-09-26T23:29:39+00:00","dateModified":"2024-09-26T23:29:55+00:00","mainEntityOfPage":{"@id":"https:\/\/innoticiasbo.com\/index.php\/2024\/09\/26\/evo-retrocede-y-suspende-el-bloqueo-de-caminos-previsto-para-la-proxima-semana\/"},"wordCount":106,"commentCount":0,"publisher":{"@id":"https:\/\/innoticiasbo.com\/#organization"},"image":{"@id":"https:\/\/innoticiasbo.com\/index.php\/2024\/09\/26\/evo-retrocede-y-suspende-el-bloqueo-de-caminos-previsto-para-la-proxima-semana\/#primaryimage"},"thumbnailUrl":"https:\/\/i0.wp.com\/innoticiasbo.com\/wp-content\/uploads\/2024\/09\/Evo-Morales-1-1068x712-1.jpg?fit=1068%2C712&ssl=1","articleSection":["Bolivia","Pol\u00edtica"],"inLanguage":"es","potentialAction":[{"@type":"CommentAction","name":"Comment","target":["https:\/\/innoticiasbo.com\/index.php\/2024\/09\/26\/evo-retrocede-y-suspende-el-bloqueo-de-caminos-previsto-para-la-proxima-semana\/#respond"]}]},{"@type":"WebPage","@id":"https:\/\/innoticiasbo.com\/index.php\/2024\/09\/26\/evo-retrocede-y-suspende-el-bloqueo-de-caminos-previsto-para-la-proxima-semana\/","url":"https:\/\/innoticiasbo.com\/index.php\/2024\/09\/26\/evo-retrocede-y-suspende-el-bloqueo-de-caminos-previsto-para-la-proxima-semana\/","name":"EVO RETROCEDE Y SUSPENDE EL BLOQUEO DE CAMINOS PREVISTO PARA LA PR\u00d3XIMA SEMANA - innoticiasbo.com","isPartOf":{"@id":"https:\/\/innoticiasbo.com\/#website"},"primaryImageOfPage":{"@id":"https:\/\/innoticiasbo.com\/index.php\/2024\/09\/26\/evo-retrocede-y-suspende-el-bloqueo-de-caminos-previsto-para-la-proxima-semana\/#primaryimage"},"image":{"@id":"https:\/\/innoticiasbo.com\/index.php\/2024\/09\/26\/evo-retrocede-y-suspende-el-bloqueo-de-caminos-previsto-para-la-proxima-semana\/#primaryimage"},"thumbnailUrl":"https:\/\/i0.wp.com\/innoticiasbo.com\/wp-content\/uploads\/2024\/09\/Evo-Morales-1-1068x712-1.jpg?fit=1068%2C712&ssl=1","datePublished":"2024-09-26T23:29:39+00:00","dateModified":"2024-09-26T23:29:55+00:00","breadcrumb":{"@id":"https:\/\/innoticiasbo.com\/index.php\/2024\/09\/26\/evo-retrocede-y-suspende-el-bloqueo-de-caminos-previsto-para-la-proxima-semana\/#breadcrumb"},"inLanguage":"es","potentialAction":[{"@type":"ReadAction","target":["https:\/\/innoticiasbo.com\/index.php\/2024\/09\/26\/evo-retrocede-y-suspende-el-bloqueo-de-caminos-previsto-para-la-proxima-semana\/"]}]},{"@type":"ImageObject","inLanguage":"es","@id":"https:\/\/innoticiasbo.com\/index.php\/2024\/09\/26\/evo-retrocede-y-suspende-el-bloqueo-de-caminos-previsto-para-la-proxima-semana\/#primaryimage","url":"https:\/\/i0.wp.com\/innoticiasbo.com\/wp-content\/uploads\/2024\/09\/Evo-Morales-1-1068x712-1.jpg?fit=1068%2C712&ssl=1","contentUrl":"https:\/\/i0.wp.com\/innoticiasbo.com\/wp-content\/uploads\/2024\/09\/Evo-Morales-1-1068x712-1.jpg?fit=1068%2C712&ssl=1","width":1068,"height":712},{"@type":"BreadcrumbList","@id":"https:\/\/innoticiasbo.com\/index.php\/2024\/09\/26\/evo-retrocede-y-suspende-el-bloqueo-de-caminos-previsto-para-la-proxima-semana\/#breadcrumb","itemListElement":[{"@type":"ListItem","position":1,"name":"Portada","item":"https:\/\/innoticiasbo.com\/"},{"@type":"ListItem","position":2,"name":"EVO RETROCEDE Y SUSPENDE EL BLOQUEO DE CAMINOS PREVISTO PARA LA PR\u00d3XIMA SEMANA"}]},{"@type":"WebSite","@id":"https:\/\/innoticiasbo.com\/#website","url":"https:\/\/innoticiasbo.com\/","name":"innoticiasbo.com","description":"","publisher":{"@id":"https:\/\/innoticiasbo.com\/#organization"},"potentialAction":[{"@type":"SearchAction","target":{"@type":"EntryPoint","urlTemplate":"https:\/\/innoticiasbo.com\/?s={search_term_string}"},"query-input":{"@type":"PropertyValueSpecification","valueRequired":true,"valueName":"search_term_string"}}],"inLanguage":"es"},{"@type":"Organization","@id":"https:\/\/innoticiasbo.com\/#organization","name":"innoticiasbo.com","url":"https:\/\/innoticiasbo.com\/","logo":{"@type":"ImageObject","inLanguage":"es","@id":"https:\/\/innoticiasbo.com\/#\/schema\/logo\/image\/","url":"https:\/\/i0.wp.com\/innoticiasbo.com\/wp-content\/uploads\/2026\/04\/cropped-IN-LOGO.png?fit=1476%2C1476&ssl=1","contentUrl":"https:\/\/i0.wp.com\/innoticiasbo.com\/wp-content\/uploads\/2026\/04\/cropped-IN-LOGO.png?fit=1476%2C1476&ssl=1","width":1476,"height":1476,"caption":"innoticiasbo.com"},"image":{"@id":"https:\/\/innoticiasbo.com\/#\/schema\/logo\/image\/"},"sameAs":["https:\/\/www.facebook.com\/innoticiasbolivia","https:\/\/x.com\/innoticiasbo","https:\/\/www.instagram.com\/innoticiasbo","https:\/\/www.youtube.com\/innoticiasbo"]},{"@type":"Person","@id":"https:\/\/innoticiasbo.com\/#\/schema\/person\/589cd527c4211df1b943bdad85ec07ce","name":"Prensa","image":{"@type":"ImageObject","inLanguage":"es","@id":"https:\/\/innoticiasbo.com\/#\/schema\/person\/image\/","url":"https:\/\/secure.gravatar.com\/avatar\/d359bbdf112023c1c0a3ec7fe1600657?s=96&d=mm&r=g","contentUrl":"https:\/\/secure.gravatar.com\/avatar\/d359bbdf112023c1c0a3ec7fe1600657?s=96&d=mm&r=g","caption":"Prensa"},"sameAs":["http:\/\/www.innoticiasbo.com"],"url":"https:\/\/innoticiasbo.com\/index.php\/author\/prensa\/"}]}},"jetpack_featured_media_url":"https:\/\/i0.wp.com\/innoticiasbo.com\/wp-content\/uploads\/2024\/09\/Evo-Morales-1-1068x712-1.jpg?fit=1068%2C712&ssl=1","jetpack_likes_enabled":true,"jetpack_sharing_enabled":true,"jetpack_shortlink":"https:\/\/wp.me\/pg298x-hL","_links":{"self":[{"href":"https:\/\/innoticiasbo.com\/index.php\/wp-json\/wp\/v2\/posts\/1101","targetHints":{"allow":["GET"]}}],"collection":[{"href":"https:\/\/innoticiasbo.com\/index.php\/wp-json\/wp\/v2\/posts"}],"about":[{"href":"https:\/\/innoticiasbo.com\/index.php\/wp-json\/wp\/v2\/types\/post"}],"author":[{"embeddable":true,"href":"https:\/\/innoticiasbo.com\/index.php\/wp-json\/wp\/v2\/users\/2"}],"replies":[{"embeddable":true,"href":"https:\/\/innoticiasbo.com\/index.php\/wp-json\/wp\/v2\/comments?post=1101"}],"version-history":[{"count":1,"href":"https:\/\/innoticiasbo.com\/index.php\/wp-json\/wp\/v2\/posts\/1101\/revisions"}],"predecessor-version":[{"id":1102,"href":"https:\/\/innoticiasbo.com\/index.php\/wp-json\/wp\/v2\/posts\/1101\/revisions\/1102"}],"wp:featuredmedia":[{"embeddable":true,"href":"https:\/\/innoticiasbo.com\/index.php\/wp-json\/wp\/v2\/media\/1100"}],"wp:attachment":[{"href":"https:\/\/innoticiasbo.com\/index.php\/wp-json\/wp\/v2\/media?parent=1101"}],"wp:term":[{"taxonomy":"category","embeddable":true,"href":"https:\/\/innoticiasbo.com\/index.php\/wp-json\/wp\/v2\/categories?post=1101"},{"taxonomy":"post_tag","embeddable":true,"href":"https:\/\/innoticiasbo.com\/index.php\/wp-json\/wp\/v2\/tags?post=1101"}],"curies":[{"name":"wp","href":"https:\/\/api.w.org\/{rel}","templated":true}]}}