{"id":1097,"date":"2024-09-26T23:18:22","date_gmt":"2024-09-26T23:18:22","guid":{"rendered":"https:\/\/innoticiasbo.com\/?p=1097"},"modified":"2024-09-26T23:18:34","modified_gmt":"2024-09-26T23:18:34","slug":"gobierno-descarta-que-ivan-lima-postule-a-fiscal-y-dice-que-se-va-por-motivos-personales","status":"publish","type":"post","link":"https:\/\/innoticiasbo.com\/index.php\/2024\/09\/26\/gobierno-descarta-que-ivan-lima-postule-a-fiscal-y-dice-que-se-va-por-motivos-personales\/","title":{"rendered":"GOBIERNO DESCARTA QUE IVAN LIMA POSTULE A FISCAL Y DICE QUE SE VA POR MOTIVOS PERSONALES"},"content":{"rendered":"\n<p>La Paz, 26 de septiembre\u00a0 de 2024.- El Gobierno aclar\u00f3 que la reciente renuncia del exministro de Justicia, Iv\u00e1n Lima, no est\u00e1 relacionada con una posible postulaci\u00f3n al cargo de Fiscal General del Estado, desmintiendo las especulaciones que surgieron tras su dimisi\u00f3n. Seg\u00fan el viceministro de Coordinaci\u00f3n Gubernamental, Gustavo Torrico, la salida de Lima responde exclusivamente a motivos personales y no tiene conexi\u00f3n con ning\u00fan proceso pol\u00edtico o judicial en curso.<\/p>\n\n\n\n<figure class=\"wp-block-image size-large\"><img data-recalc-dims=\"1\" loading=\"lazy\" decoding=\"async\" width=\"640\" height=\"366\" src=\"https:\/\/i0.wp.com\/innoticiasbo.com\/wp-content\/uploads\/2024\/09\/6127d2d1-8ab6-406f-9b07-f04b99a26b2f9053733206860505754.jpg?resize=640%2C366&#038;ssl=1\" alt=\"\" class=\"wp-image-1095\" srcset=\"https:\/\/i0.wp.com\/innoticiasbo.com\/wp-content\/uploads\/2024\/09\/6127d2d1-8ab6-406f-9b07-f04b99a26b2f9053733206860505754.jpg?w=980&amp;ssl=1 980w, https:\/\/i0.wp.com\/innoticiasbo.com\/wp-content\/uploads\/2024\/09\/6127d2d1-8ab6-406f-9b07-f04b99a26b2f9053733206860505754.jpg?resize=300%2C172&amp;ssl=1 300w, https:\/\/i0.wp.com\/innoticiasbo.com\/wp-content\/uploads\/2024\/09\/6127d2d1-8ab6-406f-9b07-f04b99a26b2f9053733206860505754.jpg?resize=768%2C440&amp;ssl=1 768w\" sizes=\"auto, (max-width: 640px) 100vw, 640px\" \/><\/figure>\n\n\n\n<p>\u201cQuiero dejar en claro que Iv\u00e1n Lima no est\u00e1 en carrera para ser Fiscal General, como se ha especulado. Su renuncia es por razones personales y no por alguna situaci\u00f3n vinculada a la Fiscal\u00eda o a otro tipo de inter\u00e9s pol\u00edtico\u201d, explic\u00f3 Torrico en conferencia de prensa. Adem\u00e1s, destac\u00f3 el trabajo realizado por Lima durante sus casi cuatro a\u00f1os en el cargo y valor\u00f3 su compromiso con las reformas judiciales en el pa\u00eds.<\/p>\n\n\n\n<p>Iv\u00e1n Lima present\u00f3 su renuncia de manera irrevocable el jueves, agradeciendo la oportunidad de haber liderado el Ministerio de Justicia y afirmando que deja el cargo con la \u00absatisfacci\u00f3n del deber cumplido\u00bb. El Gobierno ha se\u00f1alado que en las pr\u00f3ximas horas se anunciar\u00e1 qui\u00e9n ocupar\u00e1 su lugar.<\/p>\n\n\n\n<p>Fuentw: La Prensa<\/p>\n","protected":false},"excerpt":{"rendered":"<p>La Paz, 26 de septiembre\u00a0 de 2024.- El Gobierno aclar\u00f3 que la reciente renuncia del exministro de Justicia, Iv\u00e1n Lima, no est\u00e1 relacionada con una posible postulaci\u00f3n al cargo de Fiscal General del Estado, desmintiendo las especulaciones que surgieron tras su dimisi\u00f3n. Seg\u00fan el viceministro de Coordinaci\u00f3n Gubernamental, Gustavo Torrico, la salida de Lima responde&#8230;<\/p>\n","protected":false},"author":2,"featured_media":1096,"comment_status":"open","ping_status":"open","sticky":false,"template":"","format":"standard","meta":{"_jetpack_memberships_contains_paid_content":false,"footnotes":"","jetpack_publicize_message":"","jetpack_publicize_feature_enabled":true,"jetpack_social_post_already_shared":true,"jetpack_social_options":{"image_generator_settings":{"template":"highway","enabled":false},"version":2}},"categories":[1,3],"tags":[],"class_list":["post-1097","post","type-post","status-publish","format-standard","has-post-thumbnail","hentry","category-bolivia","category-politica"],"jetpack_publicize_connections":[],"yoast_head":"<!-- This site is optimized with the Yoast SEO plugin v23.4 - https:\/\/yoast.com\/wordpress\/plugins\/seo\/ -->\n<title>GOBIERNO DESCARTA QUE IVAN LIMA POSTULE A FISCAL Y DICE QUE SE VA POR MOTIVOS PERSONALES - innoticiasbo.com<\/title>\n<meta name=\"robots\" content=\"index, follow, max-snippet:-1, max-image-preview:large, max-video-preview:-1\" \/>\n<link rel=\"canonical\" href=\"https:\/\/innoticiasbo.com\/index.php\/2024\/09\/26\/gobierno-descarta-que-ivan-lima-postule-a-fiscal-y-dice-que-se-va-por-motivos-personales\/\" \/>\n<meta property=\"og:locale\" content=\"es_ES\" \/>\n<meta property=\"og:type\" content=\"article\" \/>\n<meta property=\"og:title\" content=\"GOBIERNO DESCARTA QUE IVAN LIMA POSTULE A FISCAL Y DICE QUE SE VA POR MOTIVOS PERSONALES - innoticiasbo.com\" \/>\n<meta property=\"og:description\" content=\"La Paz, 26 de septiembre\u00a0 de 2024.- El Gobierno aclar\u00f3 que la reciente renuncia del exministro de Justicia, Iv\u00e1n Lima, no est\u00e1 relacionada con una posible postulaci\u00f3n al cargo de Fiscal General del Estado, desmintiendo las especulaciones que surgieron tras su dimisi\u00f3n. Seg\u00fan el viceministro de Coordinaci\u00f3n Gubernamental, Gustavo Torrico, la salida de Lima responde...\" \/>\n<meta property=\"og:url\" content=\"https:\/\/innoticiasbo.com\/index.php\/2024\/09\/26\/gobierno-descarta-que-ivan-lima-postule-a-fiscal-y-dice-que-se-va-por-motivos-personales\/\" \/>\n<meta property=\"og:site_name\" content=\"innoticiasbo.com\" \/>\n<meta property=\"article:publisher\" content=\"https:\/\/www.facebook.com\/innoticiasbolivia\" \/>\n<meta property=\"article:published_time\" content=\"2024-09-26T23:18:22+00:00\" \/>\n<meta property=\"article:modified_time\" content=\"2024-09-26T23:18:34+00:00\" \/>\n<meta property=\"og:image\" content=\"https:\/\/i0.wp.com\/innoticiasbo.com\/wp-content\/uploads\/2024\/09\/lima_abi_ed_ok.jpg.webp?fit=770%2C430&ssl=1\" \/>\n\t<meta property=\"og:image:width\" content=\"770\" \/>\n\t<meta property=\"og:image:height\" content=\"430\" \/>\n\t<meta property=\"og:image:type\" content=\"image\/webp\" \/>\n<meta name=\"author\" content=\"Prensa\" \/>\n<meta name=\"twitter:card\" content=\"summary_large_image\" \/>\n<meta name=\"twitter:creator\" content=\"@innoticiasbo\" \/>\n<meta name=\"twitter:site\" content=\"@innoticiasbo\" \/>\n<meta name=\"twitter:label1\" content=\"Escrito por\" \/>\n\t<meta name=\"twitter:data1\" content=\"Prensa\" \/>\n\t<meta name=\"twitter:label2\" content=\"Tiempo de lectura\" \/>\n\t<meta name=\"twitter:data2\" content=\"1 minuto\" \/>\n<script type=\"application\/ld+json\" class=\"yoast-schema-graph\">{\"@context\":\"https:\/\/schema.org\",\"@graph\":[{\"@type\":\"Article\",\"@id\":\"https:\/\/innoticiasbo.com\/index.php\/2024\/09\/26\/gobierno-descarta-que-ivan-lima-postule-a-fiscal-y-dice-que-se-va-por-motivos-personales\/#article\",\"isPartOf\":{\"@id\":\"https:\/\/innoticiasbo.com\/index.php\/2024\/09\/26\/gobierno-descarta-que-ivan-lima-postule-a-fiscal-y-dice-que-se-va-por-motivos-personales\/\"},\"author\":{\"name\":\"Prensa\",\"@id\":\"https:\/\/innoticiasbo.com\/#\/schema\/person\/589cd527c4211df1b943bdad85ec07ce\"},\"headline\":\"GOBIERNO DESCARTA QUE IVAN LIMA POSTULE A FISCAL Y DICE QUE SE VA POR MOTIVOS PERSONALES\",\"datePublished\":\"2024-09-26T23:18:22+00:00\",\"dateModified\":\"2024-09-26T23:18:34+00:00\",\"mainEntityOfPage\":{\"@id\":\"https:\/\/innoticiasbo.com\/index.php\/2024\/09\/26\/gobierno-descarta-que-ivan-lima-postule-a-fiscal-y-dice-que-se-va-por-motivos-personales\/\"},\"wordCount\":230,\"commentCount\":0,\"publisher\":{\"@id\":\"https:\/\/innoticiasbo.com\/#organization\"},\"image\":{\"@id\":\"https:\/\/innoticiasbo.com\/index.php\/2024\/09\/26\/gobierno-descarta-que-ivan-lima-postule-a-fiscal-y-dice-que-se-va-por-motivos-personales\/#primaryimage\"},\"thumbnailUrl\":\"https:\/\/i0.wp.com\/innoticiasbo.com\/wp-content\/uploads\/2024\/09\/lima_abi_ed_ok.jpg.webp?fit=770%2C430&ssl=1\",\"articleSection\":[\"Bolivia\",\"Pol\u00edtica\"],\"inLanguage\":\"es\",\"potentialAction\":[{\"@type\":\"CommentAction\",\"name\":\"Comment\",\"target\":[\"https:\/\/innoticiasbo.com\/index.php\/2024\/09\/26\/gobierno-descarta-que-ivan-lima-postule-a-fiscal-y-dice-que-se-va-por-motivos-personales\/#respond\"]}]},{\"@type\":\"WebPage\",\"@id\":\"https:\/\/innoticiasbo.com\/index.php\/2024\/09\/26\/gobierno-descarta-que-ivan-lima-postule-a-fiscal-y-dice-que-se-va-por-motivos-personales\/\",\"url\":\"https:\/\/innoticiasbo.com\/index.php\/2024\/09\/26\/gobierno-descarta-que-ivan-lima-postule-a-fiscal-y-dice-que-se-va-por-motivos-personales\/\",\"name\":\"GOBIERNO DESCARTA QUE IVAN LIMA POSTULE A FISCAL Y DICE QUE SE VA POR MOTIVOS PERSONALES - innoticiasbo.com\",\"isPartOf\":{\"@id\":\"https:\/\/innoticiasbo.com\/#website\"},\"primaryImageOfPage\":{\"@id\":\"https:\/\/innoticiasbo.com\/index.php\/2024\/09\/26\/gobierno-descarta-que-ivan-lima-postule-a-fiscal-y-dice-que-se-va-por-motivos-personales\/#primaryimage\"},\"image\":{\"@id\":\"https:\/\/innoticiasbo.com\/index.php\/2024\/09\/26\/gobierno-descarta-que-ivan-lima-postule-a-fiscal-y-dice-que-se-va-por-motivos-personales\/#primaryimage\"},\"thumbnailUrl\":\"https:\/\/i0.wp.com\/innoticiasbo.com\/wp-content\/uploads\/2024\/09\/lima_abi_ed_ok.jpg.webp?fit=770%2C430&ssl=1\",\"datePublished\":\"2024-09-26T23:18:22+00:00\",\"dateModified\":\"2024-09-26T23:18:34+00:00\",\"breadcrumb\":{\"@id\":\"https:\/\/innoticiasbo.com\/index.php\/2024\/09\/26\/gobierno-descarta-que-ivan-lima-postule-a-fiscal-y-dice-que-se-va-por-motivos-personales\/#breadcrumb\"},\"inLanguage\":\"es\",\"potentialAction\":[{\"@type\":\"ReadAction\",\"target\":[\"https:\/\/innoticiasbo.com\/index.php\/2024\/09\/26\/gobierno-descarta-que-ivan-lima-postule-a-fiscal-y-dice-que-se-va-por-motivos-personales\/\"]}]},{\"@type\":\"ImageObject\",\"inLanguage\":\"es\",\"@id\":\"https:\/\/innoticiasbo.com\/index.php\/2024\/09\/26\/gobierno-descarta-que-ivan-lima-postule-a-fiscal-y-dice-que-se-va-por-motivos-personales\/#primaryimage\",\"url\":\"https:\/\/i0.wp.com\/innoticiasbo.com\/wp-content\/uploads\/2024\/09\/lima_abi_ed_ok.jpg.webp?fit=770%2C430&ssl=1\",\"contentUrl\":\"https:\/\/i0.wp.com\/innoticiasbo.com\/wp-content\/uploads\/2024\/09\/lima_abi_ed_ok.jpg.webp?fit=770%2C430&ssl=1\",\"width\":770,\"height\":430},{\"@type\":\"BreadcrumbList\",\"@id\":\"https:\/\/innoticiasbo.com\/index.php\/2024\/09\/26\/gobierno-descarta-que-ivan-lima-postule-a-fiscal-y-dice-que-se-va-por-motivos-personales\/#breadcrumb\",\"itemListElement\":[{\"@type\":\"ListItem\",\"position\":1,\"name\":\"Portada\",\"item\":\"https:\/\/innoticiasbo.com\/\"},{\"@type\":\"ListItem\",\"position\":2,\"name\":\"GOBIERNO DESCARTA QUE IVAN LIMA POSTULE A FISCAL Y DICE QUE SE VA POR MOTIVOS PERSONALES\"}]},{\"@type\":\"WebSite\",\"@id\":\"https:\/\/innoticiasbo.com\/#website\",\"url\":\"https:\/\/innoticiasbo.com\/\",\"name\":\"innoticiasbo.com\",\"description\":\"\",\"publisher\":{\"@id\":\"https:\/\/innoticiasbo.com\/#organization\"},\"potentialAction\":[{\"@type\":\"SearchAction\",\"target\":{\"@type\":\"EntryPoint\",\"urlTemplate\":\"https:\/\/innoticiasbo.com\/?s={search_term_string}\"},\"query-input\":{\"@type\":\"PropertyValueSpecification\",\"valueRequired\":true,\"valueName\":\"search_term_string\"}}],\"inLanguage\":\"es\"},{\"@type\":\"Organization\",\"@id\":\"https:\/\/innoticiasbo.com\/#organization\",\"name\":\"innoticiasbo.com\",\"url\":\"https:\/\/innoticiasbo.com\/\",\"logo\":{\"@type\":\"ImageObject\",\"inLanguage\":\"es\",\"@id\":\"https:\/\/innoticiasbo.com\/#\/schema\/logo\/image\/\",\"url\":\"https:\/\/i0.wp.com\/innoticiasbo.com\/wp-content\/uploads\/2026\/04\/cropped-IN-LOGO.png?fit=1476%2C1476&ssl=1\",\"contentUrl\":\"https:\/\/i0.wp.com\/innoticiasbo.com\/wp-content\/uploads\/2026\/04\/cropped-IN-LOGO.png?fit=1476%2C1476&ssl=1\",\"width\":1476,\"height\":1476,\"caption\":\"innoticiasbo.com\"},\"image\":{\"@id\":\"https:\/\/innoticiasbo.com\/#\/schema\/logo\/image\/\"},\"sameAs\":[\"https:\/\/www.facebook.com\/innoticiasbolivia\",\"https:\/\/x.com\/innoticiasbo\",\"https:\/\/www.instagram.com\/innoticiasbo\",\"https:\/\/www.youtube.com\/innoticiasbo\"]},{\"@type\":\"Person\",\"@id\":\"https:\/\/innoticiasbo.com\/#\/schema\/person\/589cd527c4211df1b943bdad85ec07ce\",\"name\":\"Prensa\",\"image\":{\"@type\":\"ImageObject\",\"inLanguage\":\"es\",\"@id\":\"https:\/\/innoticiasbo.com\/#\/schema\/person\/image\/\",\"url\":\"https:\/\/secure.gravatar.com\/avatar\/d359bbdf112023c1c0a3ec7fe1600657?s=96&d=mm&r=g\",\"contentUrl\":\"https:\/\/secure.gravatar.com\/avatar\/d359bbdf112023c1c0a3ec7fe1600657?s=96&d=mm&r=g\",\"caption\":\"Prensa\"},\"sameAs\":[\"http:\/\/www.innoticiasbo.com\"],\"url\":\"https:\/\/innoticiasbo.com\/index.php\/author\/prensa\/\"}]}<\/script>\n<!-- \/ Yoast SEO plugin. -->","yoast_head_json":{"title":"GOBIERNO DESCARTA QUE IVAN LIMA POSTULE A FISCAL Y DICE QUE SE VA POR MOTIVOS PERSONALES - innoticiasbo.com","robots":{"index":"index","follow":"follow","max-snippet":"max-snippet:-1","max-image-preview":"max-image-preview:large","max-video-preview":"max-video-preview:-1"},"canonical":"https:\/\/innoticiasbo.com\/index.php\/2024\/09\/26\/gobierno-descarta-que-ivan-lima-postule-a-fiscal-y-dice-que-se-va-por-motivos-personales\/","og_locale":"es_ES","og_type":"article","og_title":"GOBIERNO DESCARTA QUE IVAN LIMA POSTULE A FISCAL Y DICE QUE SE VA POR MOTIVOS PERSONALES - innoticiasbo.com","og_description":"La Paz, 26 de septiembre\u00a0 de 2024.- El Gobierno aclar\u00f3 que la reciente renuncia del exministro de Justicia, Iv\u00e1n Lima, no est\u00e1 relacionada con una posible postulaci\u00f3n al cargo de Fiscal General del Estado, desmintiendo las especulaciones que surgieron tras su dimisi\u00f3n. Seg\u00fan el viceministro de Coordinaci\u00f3n Gubernamental, Gustavo Torrico, la salida de Lima responde...","og_url":"https:\/\/innoticiasbo.com\/index.php\/2024\/09\/26\/gobierno-descarta-que-ivan-lima-postule-a-fiscal-y-dice-que-se-va-por-motivos-personales\/","og_site_name":"innoticiasbo.com","article_publisher":"https:\/\/www.facebook.com\/innoticiasbolivia","article_published_time":"2024-09-26T23:18:22+00:00","article_modified_time":"2024-09-26T23:18:34+00:00","og_image":[{"width":770,"height":430,"url":"https:\/\/i0.wp.com\/innoticiasbo.com\/wp-content\/uploads\/2024\/09\/lima_abi_ed_ok.jpg.webp?fit=770%2C430&ssl=1","type":"image\/webp"}],"author":"Prensa","twitter_card":"summary_large_image","twitter_creator":"@innoticiasbo","twitter_site":"@innoticiasbo","twitter_misc":{"Escrito por":"Prensa","Tiempo de lectura":"1 minuto"},"schema":{"@context":"https:\/\/schema.org","@graph":[{"@type":"Article","@id":"https:\/\/innoticiasbo.com\/index.php\/2024\/09\/26\/gobierno-descarta-que-ivan-lima-postule-a-fiscal-y-dice-que-se-va-por-motivos-personales\/#article","isPartOf":{"@id":"https:\/\/innoticiasbo.com\/index.php\/2024\/09\/26\/gobierno-descarta-que-ivan-lima-postule-a-fiscal-y-dice-que-se-va-por-motivos-personales\/"},"author":{"name":"Prensa","@id":"https:\/\/innoticiasbo.com\/#\/schema\/person\/589cd527c4211df1b943bdad85ec07ce"},"headline":"GOBIERNO DESCARTA QUE IVAN LIMA POSTULE A FISCAL Y DICE QUE SE VA POR MOTIVOS PERSONALES","datePublished":"2024-09-26T23:18:22+00:00","dateModified":"2024-09-26T23:18:34+00:00","mainEntityOfPage":{"@id":"https:\/\/innoticiasbo.com\/index.php\/2024\/09\/26\/gobierno-descarta-que-ivan-lima-postule-a-fiscal-y-dice-que-se-va-por-motivos-personales\/"},"wordCount":230,"commentCount":0,"publisher":{"@id":"https:\/\/innoticiasbo.com\/#organization"},"image":{"@id":"https:\/\/innoticiasbo.com\/index.php\/2024\/09\/26\/gobierno-descarta-que-ivan-lima-postule-a-fiscal-y-dice-que-se-va-por-motivos-personales\/#primaryimage"},"thumbnailUrl":"https:\/\/i0.wp.com\/innoticiasbo.com\/wp-content\/uploads\/2024\/09\/lima_abi_ed_ok.jpg.webp?fit=770%2C430&ssl=1","articleSection":["Bolivia","Pol\u00edtica"],"inLanguage":"es","potentialAction":[{"@type":"CommentAction","name":"Comment","target":["https:\/\/innoticiasbo.com\/index.php\/2024\/09\/26\/gobierno-descarta-que-ivan-lima-postule-a-fiscal-y-dice-que-se-va-por-motivos-personales\/#respond"]}]},{"@type":"WebPage","@id":"https:\/\/innoticiasbo.com\/index.php\/2024\/09\/26\/gobierno-descarta-que-ivan-lima-postule-a-fiscal-y-dice-que-se-va-por-motivos-personales\/","url":"https:\/\/innoticiasbo.com\/index.php\/2024\/09\/26\/gobierno-descarta-que-ivan-lima-postule-a-fiscal-y-dice-que-se-va-por-motivos-personales\/","name":"GOBIERNO DESCARTA QUE IVAN LIMA POSTULE A FISCAL Y DICE QUE SE VA POR MOTIVOS PERSONALES - innoticiasbo.com","isPartOf":{"@id":"https:\/\/innoticiasbo.com\/#website"},"primaryImageOfPage":{"@id":"https:\/\/innoticiasbo.com\/index.php\/2024\/09\/26\/gobierno-descarta-que-ivan-lima-postule-a-fiscal-y-dice-que-se-va-por-motivos-personales\/#primaryimage"},"image":{"@id":"https:\/\/innoticiasbo.com\/index.php\/2024\/09\/26\/gobierno-descarta-que-ivan-lima-postule-a-fiscal-y-dice-que-se-va-por-motivos-personales\/#primaryimage"},"thumbnailUrl":"https:\/\/i0.wp.com\/innoticiasbo.com\/wp-content\/uploads\/2024\/09\/lima_abi_ed_ok.jpg.webp?fit=770%2C430&ssl=1","datePublished":"2024-09-26T23:18:22+00:00","dateModified":"2024-09-26T23:18:34+00:00","breadcrumb":{"@id":"https:\/\/innoticiasbo.com\/index.php\/2024\/09\/26\/gobierno-descarta-que-ivan-lima-postule-a-fiscal-y-dice-que-se-va-por-motivos-personales\/#breadcrumb"},"inLanguage":"es","potentialAction":[{"@type":"ReadAction","target":["https:\/\/innoticiasbo.com\/index.php\/2024\/09\/26\/gobierno-descarta-que-ivan-lima-postule-a-fiscal-y-dice-que-se-va-por-motivos-personales\/"]}]},{"@type":"ImageObject","inLanguage":"es","@id":"https:\/\/innoticiasbo.com\/index.php\/2024\/09\/26\/gobierno-descarta-que-ivan-lima-postule-a-fiscal-y-dice-que-se-va-por-motivos-personales\/#primaryimage","url":"https:\/\/i0.wp.com\/innoticiasbo.com\/wp-content\/uploads\/2024\/09\/lima_abi_ed_ok.jpg.webp?fit=770%2C430&ssl=1","contentUrl":"https:\/\/i0.wp.com\/innoticiasbo.com\/wp-content\/uploads\/2024\/09\/lima_abi_ed_ok.jpg.webp?fit=770%2C430&ssl=1","width":770,"height":430},{"@type":"BreadcrumbList","@id":"https:\/\/innoticiasbo.com\/index.php\/2024\/09\/26\/gobierno-descarta-que-ivan-lima-postule-a-fiscal-y-dice-que-se-va-por-motivos-personales\/#breadcrumb","itemListElement":[{"@type":"ListItem","position":1,"name":"Portada","item":"https:\/\/innoticiasbo.com\/"},{"@type":"ListItem","position":2,"name":"GOBIERNO DESCARTA QUE IVAN LIMA POSTULE A FISCAL Y DICE QUE SE VA POR MOTIVOS PERSONALES"}]},{"@type":"WebSite","@id":"https:\/\/innoticiasbo.com\/#website","url":"https:\/\/innoticiasbo.com\/","name":"innoticiasbo.com","description":"","publisher":{"@id":"https:\/\/innoticiasbo.com\/#organization"},"potentialAction":[{"@type":"SearchAction","target":{"@type":"EntryPoint","urlTemplate":"https:\/\/innoticiasbo.com\/?s={search_term_string}"},"query-input":{"@type":"PropertyValueSpecification","valueRequired":true,"valueName":"search_term_string"}}],"inLanguage":"es"},{"@type":"Organization","@id":"https:\/\/innoticiasbo.com\/#organization","name":"innoticiasbo.com","url":"https:\/\/innoticiasbo.com\/","logo":{"@type":"ImageObject","inLanguage":"es","@id":"https:\/\/innoticiasbo.com\/#\/schema\/logo\/image\/","url":"https:\/\/i0.wp.com\/innoticiasbo.com\/wp-content\/uploads\/2026\/04\/cropped-IN-LOGO.png?fit=1476%2C1476&ssl=1","contentUrl":"https:\/\/i0.wp.com\/innoticiasbo.com\/wp-content\/uploads\/2026\/04\/cropped-IN-LOGO.png?fit=1476%2C1476&ssl=1","width":1476,"height":1476,"caption":"innoticiasbo.com"},"image":{"@id":"https:\/\/innoticiasbo.com\/#\/schema\/logo\/image\/"},"sameAs":["https:\/\/www.facebook.com\/innoticiasbolivia","https:\/\/x.com\/innoticiasbo","https:\/\/www.instagram.com\/innoticiasbo","https:\/\/www.youtube.com\/innoticiasbo"]},{"@type":"Person","@id":"https:\/\/innoticiasbo.com\/#\/schema\/person\/589cd527c4211df1b943bdad85ec07ce","name":"Prensa","image":{"@type":"ImageObject","inLanguage":"es","@id":"https:\/\/innoticiasbo.com\/#\/schema\/person\/image\/","url":"https:\/\/secure.gravatar.com\/avatar\/d359bbdf112023c1c0a3ec7fe1600657?s=96&d=mm&r=g","contentUrl":"https:\/\/secure.gravatar.com\/avatar\/d359bbdf112023c1c0a3ec7fe1600657?s=96&d=mm&r=g","caption":"Prensa"},"sameAs":["http:\/\/www.innoticiasbo.com"],"url":"https:\/\/innoticiasbo.com\/index.php\/author\/prensa\/"}]}},"jetpack_featured_media_url":"https:\/\/i0.wp.com\/innoticiasbo.com\/wp-content\/uploads\/2024\/09\/lima_abi_ed_ok.jpg.webp?fit=770%2C430&ssl=1","jetpack_likes_enabled":true,"jetpack_sharing_enabled":true,"jetpack_shortlink":"https:\/\/wp.me\/pg298x-hH","_links":{"self":[{"href":"https:\/\/innoticiasbo.com\/index.php\/wp-json\/wp\/v2\/posts\/1097","targetHints":{"allow":["GET"]}}],"collection":[{"href":"https:\/\/innoticiasbo.com\/index.php\/wp-json\/wp\/v2\/posts"}],"about":[{"href":"https:\/\/innoticiasbo.com\/index.php\/wp-json\/wp\/v2\/types\/post"}],"author":[{"embeddable":true,"href":"https:\/\/innoticiasbo.com\/index.php\/wp-json\/wp\/v2\/users\/2"}],"replies":[{"embeddable":true,"href":"https:\/\/innoticiasbo.com\/index.php\/wp-json\/wp\/v2\/comments?post=1097"}],"version-history":[{"count":1,"href":"https:\/\/innoticiasbo.com\/index.php\/wp-json\/wp\/v2\/posts\/1097\/revisions"}],"predecessor-version":[{"id":1098,"href":"https:\/\/innoticiasbo.com\/index.php\/wp-json\/wp\/v2\/posts\/1097\/revisions\/1098"}],"wp:featuredmedia":[{"embeddable":true,"href":"https:\/\/innoticiasbo.com\/index.php\/wp-json\/wp\/v2\/media\/1096"}],"wp:attachment":[{"href":"https:\/\/innoticiasbo.com\/index.php\/wp-json\/wp\/v2\/media?parent=1097"}],"wp:term":[{"taxonomy":"category","embeddable":true,"href":"https:\/\/innoticiasbo.com\/index.php\/wp-json\/wp\/v2\/categories?post=1097"},{"taxonomy":"post_tag","embeddable":true,"href":"https:\/\/innoticiasbo.com\/index.php\/wp-json\/wp\/v2\/tags?post=1097"}],"curies":[{"name":"wp","href":"https:\/\/api.w.org\/{rel}","templated":true}]}}