{"id":1080,"date":"2024-09-26T21:19:31","date_gmt":"2024-09-26T21:19:31","guid":{"rendered":"https:\/\/innoticiasbo.com\/?p=1080"},"modified":"2024-09-26T21:27:19","modified_gmt":"2024-09-26T21:27:19","slug":"ivan-lima-renuncia-de-manera-irrevocable-al-ministerio-de-justicia","status":"publish","type":"post","link":"https:\/\/innoticiasbo.com\/index.php\/2024\/09\/26\/ivan-lima-renuncia-de-manera-irrevocable-al-ministerio-de-justicia\/","title":{"rendered":"IV\u00c1N LIMA RENUNCIA DE MANERA IRREVOCABLE AL MINISTERIO DE JUSTICIA"},"content":{"rendered":"\n<p>Cochabamba, 26 de septiembre del 2024.- Este jueves, despu\u00e9s de casi cuatro a\u00f1os acompa\u00f1ando desde el gabinete al presidente Luis Arce, Iv\u00e1n Lima Magne present\u00f3 su carta de renuncia al Ministerio de Justicia y Transparencia Institucional.<\/p>\n\n\n\n<figure class=\"wp-block-image size-large\"><img data-recalc-dims=\"1\" loading=\"lazy\" decoding=\"async\" width=\"640\" height=\"366\" src=\"https:\/\/i0.wp.com\/innoticiasbo.com\/wp-content\/uploads\/2024\/09\/6127d2d1-8ab6-406f-9b07-f04b99a26b2f2885674063598553897.jpg?resize=640%2C366&#038;ssl=1\" alt=\"\" class=\"wp-image-1082\" srcset=\"https:\/\/i0.wp.com\/innoticiasbo.com\/wp-content\/uploads\/2024\/09\/6127d2d1-8ab6-406f-9b07-f04b99a26b2f2885674063598553897.jpg?w=980&amp;ssl=1 980w, https:\/\/i0.wp.com\/innoticiasbo.com\/wp-content\/uploads\/2024\/09\/6127d2d1-8ab6-406f-9b07-f04b99a26b2f2885674063598553897.jpg?resize=300%2C172&amp;ssl=1 300w, https:\/\/i0.wp.com\/innoticiasbo.com\/wp-content\/uploads\/2024\/09\/6127d2d1-8ab6-406f-9b07-f04b99a26b2f2885674063598553897.jpg?resize=768%2C440&amp;ssl=1 768w\" sizes=\"auto, (max-width: 640px) 100vw, 640px\" \/><\/figure>\n\n\n\n<p>La carta enviada a Arce no detalla el por qu\u00e9 de la renuncia, m\u00e1s s\u00ed agradece la oportunidad que tuvo la autoridad al cargo en el gabinete ministerial.\u00a0<\/p>\n\n\n\n<p>\u00bfSE VA PARA PARA INTENTAR ASUMIR EL CARGO DE FISCAL?<\/p>\n\n\n\n<figure class=\"wp-block-image\"><a href=\"https:\/\/www.urgente.bo\/noticia\/ocultar\" target=\"_blank\" rel=\"noreferrer noopener\"><img data-recalc-dims=\"1\" decoding=\"async\" src=\"https:\/\/i0.wp.com\/www.urgente.bo\/sites\/default\/files\/Urgente%2520copia.png?w=640&#038;ssl=1\" alt=\"\"\/><\/a><\/figure>\n\n\n\n<p>EL pasado 5 de septiembre, Lima se refiri\u00f3 a la \u201cdif\u00edcil\u201d tarea de la Asamblea Legislativa Plurinacional (ALP) para la designaci\u00f3n de un nuevo Fiscal General del Estado y asegur\u00f3 que \u00e9l no estaba interesado en el cargo \u201csalvo que tenga una decisi\u00f3n del presidente Arce\u201d que le permita hacer la postulaci\u00f3n.\u00a0<\/p>\n\n\n\n<p>\u201cNo podemos quedarnos sin fiscal general. Si no hay dos tercios en la Asamblea, la Asamblea tiene que tener la claridad de que el Estado tiene que seguir funcionando y una de las v\u00edas posibles es que el presidente Arce nombre al pr\u00f3ximo fiscal general por v\u00eda decreto supremo\u201d, se\u00f1al\u00f3 Lima en una entrevista con el programa El caf\u00e9 de la ma\u00f1ana, que difunde radio Fides.<\/p>\n\n\n\n<p>Desde la renuncia de Lima, la oposici\u00f3n se\u00f1al\u00f3 el hecho como un intento de asumir el cargo de fiscal, aunque, a tan solo cuatro d\u00edas de vencer el plazo para la nueva designaci\u00f3n, el futuro es incierto.&nbsp;<\/p>\n","protected":false},"excerpt":{"rendered":"<p>Cochabamba, 26 de septiembre del 2024.- Este jueves, despu\u00e9s de casi cuatro a\u00f1os acompa\u00f1ando desde el gabinete al presidente Luis Arce, Iv\u00e1n Lima Magne present\u00f3 su carta de renuncia al Ministerio de Justicia y Transparencia Institucional. La carta enviada a Arce no detalla el por qu\u00e9 de la renuncia, m\u00e1s s\u00ed agradece la oportunidad que&#8230;<\/p>\n","protected":false},"author":3,"featured_media":1079,"comment_status":"open","ping_status":"open","sticky":false,"template":"","format":"standard","meta":{"_jetpack_memberships_contains_paid_content":false,"footnotes":"","jetpack_publicize_message":"","jetpack_publicize_feature_enabled":true,"jetpack_social_post_already_shared":true,"jetpack_social_options":{"image_generator_settings":{"template":"highway","enabled":false},"version":2}},"categories":[3],"tags":[],"class_list":["post-1080","post","type-post","status-publish","format-standard","has-post-thumbnail","hentry","category-politica"],"jetpack_publicize_connections":[],"yoast_head":"<!-- This site is optimized with the Yoast SEO plugin v23.4 - https:\/\/yoast.com\/wordpress\/plugins\/seo\/ -->\n<title>IV\u00c1N LIMA RENUNCIA DE MANERA IRREVOCABLE AL MINISTERIO DE JUSTICIA - innoticiasbo.com<\/title>\n<meta name=\"robots\" content=\"index, follow, max-snippet:-1, max-image-preview:large, max-video-preview:-1\" \/>\n<link rel=\"canonical\" href=\"https:\/\/innoticiasbo.com\/index.php\/2024\/09\/26\/ivan-lima-renuncia-de-manera-irrevocable-al-ministerio-de-justicia\/\" \/>\n<meta property=\"og:locale\" content=\"es_ES\" \/>\n<meta property=\"og:type\" content=\"article\" \/>\n<meta property=\"og:title\" content=\"IV\u00c1N LIMA RENUNCIA DE MANERA IRREVOCABLE AL MINISTERIO DE JUSTICIA - innoticiasbo.com\" \/>\n<meta property=\"og:description\" content=\"Cochabamba, 26 de septiembre del 2024.- Este jueves, despu\u00e9s de casi cuatro a\u00f1os acompa\u00f1ando desde el gabinete al presidente Luis Arce, Iv\u00e1n Lima Magne present\u00f3 su carta de renuncia al Ministerio de Justicia y Transparencia Institucional. La carta enviada a Arce no detalla el por qu\u00e9 de la renuncia, m\u00e1s s\u00ed agradece la oportunidad que...\" \/>\n<meta property=\"og:url\" content=\"https:\/\/innoticiasbo.com\/index.php\/2024\/09\/26\/ivan-lima-renuncia-de-manera-irrevocable-al-ministerio-de-justicia\/\" \/>\n<meta property=\"og:site_name\" content=\"innoticiasbo.com\" \/>\n<meta property=\"article:publisher\" content=\"https:\/\/www.facebook.com\/innoticiasbolivia\" \/>\n<meta property=\"article:published_time\" content=\"2024-09-26T21:19:31+00:00\" \/>\n<meta property=\"article:modified_time\" content=\"2024-09-26T21:27:19+00:00\" \/>\n<meta property=\"og:image\" content=\"https:\/\/i0.wp.com\/innoticiasbo.com\/wp-content\/uploads\/2024\/09\/FB_IMG_1727385206242.jpg?fit=720%2C942&ssl=1\" \/>\n\t<meta property=\"og:image:width\" content=\"720\" \/>\n\t<meta property=\"og:image:height\" content=\"942\" \/>\n\t<meta property=\"og:image:type\" content=\"image\/jpeg\" \/>\n<meta name=\"author\" content=\"Prensa 2\" \/>\n<meta name=\"twitter:card\" content=\"summary_large_image\" \/>\n<meta name=\"twitter:creator\" content=\"@innoticiasbo\" \/>\n<meta name=\"twitter:site\" content=\"@innoticiasbo\" \/>\n<meta name=\"twitter:label1\" content=\"Escrito por\" \/>\n\t<meta name=\"twitter:data1\" content=\"Prensa 2\" \/>\n\t<meta name=\"twitter:label2\" content=\"Tiempo de lectura\" \/>\n\t<meta name=\"twitter:data2\" content=\"1 minuto\" \/>\n<script type=\"application\/ld+json\" class=\"yoast-schema-graph\">{\"@context\":\"https:\/\/schema.org\",\"@graph\":[{\"@type\":\"Article\",\"@id\":\"https:\/\/innoticiasbo.com\/index.php\/2024\/09\/26\/ivan-lima-renuncia-de-manera-irrevocable-al-ministerio-de-justicia\/#article\",\"isPartOf\":{\"@id\":\"https:\/\/innoticiasbo.com\/index.php\/2024\/09\/26\/ivan-lima-renuncia-de-manera-irrevocable-al-ministerio-de-justicia\/\"},\"author\":{\"name\":\"Prensa 2\",\"@id\":\"https:\/\/innoticiasbo.com\/#\/schema\/person\/6f3e5eca02a7cf7249145609797573f2\"},\"headline\":\"IV\u00c1N LIMA RENUNCIA DE MANERA IRREVOCABLE AL MINISTERIO DE JUSTICIA\",\"datePublished\":\"2024-09-26T21:19:31+00:00\",\"dateModified\":\"2024-09-26T21:27:19+00:00\",\"mainEntityOfPage\":{\"@id\":\"https:\/\/innoticiasbo.com\/index.php\/2024\/09\/26\/ivan-lima-renuncia-de-manera-irrevocable-al-ministerio-de-justicia\/\"},\"wordCount\":257,\"commentCount\":0,\"publisher\":{\"@id\":\"https:\/\/innoticiasbo.com\/#organization\"},\"image\":{\"@id\":\"https:\/\/innoticiasbo.com\/index.php\/2024\/09\/26\/ivan-lima-renuncia-de-manera-irrevocable-al-ministerio-de-justicia\/#primaryimage\"},\"thumbnailUrl\":\"https:\/\/i0.wp.com\/innoticiasbo.com\/wp-content\/uploads\/2024\/09\/FB_IMG_1727385206242.jpg?fit=720%2C942&ssl=1\",\"articleSection\":[\"Pol\u00edtica\"],\"inLanguage\":\"es\",\"potentialAction\":[{\"@type\":\"CommentAction\",\"name\":\"Comment\",\"target\":[\"https:\/\/innoticiasbo.com\/index.php\/2024\/09\/26\/ivan-lima-renuncia-de-manera-irrevocable-al-ministerio-de-justicia\/#respond\"]}]},{\"@type\":\"WebPage\",\"@id\":\"https:\/\/innoticiasbo.com\/index.php\/2024\/09\/26\/ivan-lima-renuncia-de-manera-irrevocable-al-ministerio-de-justicia\/\",\"url\":\"https:\/\/innoticiasbo.com\/index.php\/2024\/09\/26\/ivan-lima-renuncia-de-manera-irrevocable-al-ministerio-de-justicia\/\",\"name\":\"IV\u00c1N LIMA RENUNCIA DE MANERA IRREVOCABLE AL MINISTERIO DE JUSTICIA - innoticiasbo.com\",\"isPartOf\":{\"@id\":\"https:\/\/innoticiasbo.com\/#website\"},\"primaryImageOfPage\":{\"@id\":\"https:\/\/innoticiasbo.com\/index.php\/2024\/09\/26\/ivan-lima-renuncia-de-manera-irrevocable-al-ministerio-de-justicia\/#primaryimage\"},\"image\":{\"@id\":\"https:\/\/innoticiasbo.com\/index.php\/2024\/09\/26\/ivan-lima-renuncia-de-manera-irrevocable-al-ministerio-de-justicia\/#primaryimage\"},\"thumbnailUrl\":\"https:\/\/i0.wp.com\/innoticiasbo.com\/wp-content\/uploads\/2024\/09\/FB_IMG_1727385206242.jpg?fit=720%2C942&ssl=1\",\"datePublished\":\"2024-09-26T21:19:31+00:00\",\"dateModified\":\"2024-09-26T21:27:19+00:00\",\"breadcrumb\":{\"@id\":\"https:\/\/innoticiasbo.com\/index.php\/2024\/09\/26\/ivan-lima-renuncia-de-manera-irrevocable-al-ministerio-de-justicia\/#breadcrumb\"},\"inLanguage\":\"es\",\"potentialAction\":[{\"@type\":\"ReadAction\",\"target\":[\"https:\/\/innoticiasbo.com\/index.php\/2024\/09\/26\/ivan-lima-renuncia-de-manera-irrevocable-al-ministerio-de-justicia\/\"]}]},{\"@type\":\"ImageObject\",\"inLanguage\":\"es\",\"@id\":\"https:\/\/innoticiasbo.com\/index.php\/2024\/09\/26\/ivan-lima-renuncia-de-manera-irrevocable-al-ministerio-de-justicia\/#primaryimage\",\"url\":\"https:\/\/i0.wp.com\/innoticiasbo.com\/wp-content\/uploads\/2024\/09\/FB_IMG_1727385206242.jpg?fit=720%2C942&ssl=1\",\"contentUrl\":\"https:\/\/i0.wp.com\/innoticiasbo.com\/wp-content\/uploads\/2024\/09\/FB_IMG_1727385206242.jpg?fit=720%2C942&ssl=1\",\"width\":720,\"height\":942},{\"@type\":\"BreadcrumbList\",\"@id\":\"https:\/\/innoticiasbo.com\/index.php\/2024\/09\/26\/ivan-lima-renuncia-de-manera-irrevocable-al-ministerio-de-justicia\/#breadcrumb\",\"itemListElement\":[{\"@type\":\"ListItem\",\"position\":1,\"name\":\"Portada\",\"item\":\"https:\/\/innoticiasbo.com\/\"},{\"@type\":\"ListItem\",\"position\":2,\"name\":\"IV\u00c1N LIMA RENUNCIA DE MANERA IRREVOCABLE AL MINISTERIO DE JUSTICIA\"}]},{\"@type\":\"WebSite\",\"@id\":\"https:\/\/innoticiasbo.com\/#website\",\"url\":\"https:\/\/innoticiasbo.com\/\",\"name\":\"innoticiasbo.com\",\"description\":\"\",\"publisher\":{\"@id\":\"https:\/\/innoticiasbo.com\/#organization\"},\"potentialAction\":[{\"@type\":\"SearchAction\",\"target\":{\"@type\":\"EntryPoint\",\"urlTemplate\":\"https:\/\/innoticiasbo.com\/?s={search_term_string}\"},\"query-input\":{\"@type\":\"PropertyValueSpecification\",\"valueRequired\":true,\"valueName\":\"search_term_string\"}}],\"inLanguage\":\"es\"},{\"@type\":\"Organization\",\"@id\":\"https:\/\/innoticiasbo.com\/#organization\",\"name\":\"innoticiasbo.com\",\"url\":\"https:\/\/innoticiasbo.com\/\",\"logo\":{\"@type\":\"ImageObject\",\"inLanguage\":\"es\",\"@id\":\"https:\/\/innoticiasbo.com\/#\/schema\/logo\/image\/\",\"url\":\"https:\/\/i0.wp.com\/innoticiasbo.com\/wp-content\/uploads\/2026\/04\/cropped-IN-LOGO.png?fit=1476%2C1476&ssl=1\",\"contentUrl\":\"https:\/\/i0.wp.com\/innoticiasbo.com\/wp-content\/uploads\/2026\/04\/cropped-IN-LOGO.png?fit=1476%2C1476&ssl=1\",\"width\":1476,\"height\":1476,\"caption\":\"innoticiasbo.com\"},\"image\":{\"@id\":\"https:\/\/innoticiasbo.com\/#\/schema\/logo\/image\/\"},\"sameAs\":[\"https:\/\/www.facebook.com\/innoticiasbolivia\",\"https:\/\/x.com\/innoticiasbo\",\"https:\/\/www.instagram.com\/innoticiasbo\",\"https:\/\/www.youtube.com\/innoticiasbo\"]},{\"@type\":\"Person\",\"@id\":\"https:\/\/innoticiasbo.com\/#\/schema\/person\/6f3e5eca02a7cf7249145609797573f2\",\"name\":\"Prensa 2\",\"image\":{\"@type\":\"ImageObject\",\"inLanguage\":\"es\",\"@id\":\"https:\/\/innoticiasbo.com\/#\/schema\/person\/image\/\",\"url\":\"https:\/\/secure.gravatar.com\/avatar\/1d189cd124d02eac2fef69ee12563d60?s=96&d=mm&r=g\",\"contentUrl\":\"https:\/\/secure.gravatar.com\/avatar\/1d189cd124d02eac2fef69ee12563d60?s=96&d=mm&r=g\",\"caption\":\"Prensa 2\"},\"sameAs\":[\"http:\/\/www.innoticiasbo.com\"],\"url\":\"https:\/\/innoticiasbo.com\/index.php\/author\/prensa-2\/\"}]}<\/script>\n<!-- \/ Yoast SEO plugin. -->","yoast_head_json":{"title":"IV\u00c1N LIMA RENUNCIA DE MANERA IRREVOCABLE AL MINISTERIO DE JUSTICIA - innoticiasbo.com","robots":{"index":"index","follow":"follow","max-snippet":"max-snippet:-1","max-image-preview":"max-image-preview:large","max-video-preview":"max-video-preview:-1"},"canonical":"https:\/\/innoticiasbo.com\/index.php\/2024\/09\/26\/ivan-lima-renuncia-de-manera-irrevocable-al-ministerio-de-justicia\/","og_locale":"es_ES","og_type":"article","og_title":"IV\u00c1N LIMA RENUNCIA DE MANERA IRREVOCABLE AL MINISTERIO DE JUSTICIA - innoticiasbo.com","og_description":"Cochabamba, 26 de septiembre del 2024.- Este jueves, despu\u00e9s de casi cuatro a\u00f1os acompa\u00f1ando desde el gabinete al presidente Luis Arce, Iv\u00e1n Lima Magne present\u00f3 su carta de renuncia al Ministerio de Justicia y Transparencia Institucional. La carta enviada a Arce no detalla el por qu\u00e9 de la renuncia, m\u00e1s s\u00ed agradece la oportunidad que...","og_url":"https:\/\/innoticiasbo.com\/index.php\/2024\/09\/26\/ivan-lima-renuncia-de-manera-irrevocable-al-ministerio-de-justicia\/","og_site_name":"innoticiasbo.com","article_publisher":"https:\/\/www.facebook.com\/innoticiasbolivia","article_published_time":"2024-09-26T21:19:31+00:00","article_modified_time":"2024-09-26T21:27:19+00:00","og_image":[{"width":720,"height":942,"url":"https:\/\/i0.wp.com\/innoticiasbo.com\/wp-content\/uploads\/2024\/09\/FB_IMG_1727385206242.jpg?fit=720%2C942&ssl=1","type":"image\/jpeg"}],"author":"Prensa 2","twitter_card":"summary_large_image","twitter_creator":"@innoticiasbo","twitter_site":"@innoticiasbo","twitter_misc":{"Escrito por":"Prensa 2","Tiempo de lectura":"1 minuto"},"schema":{"@context":"https:\/\/schema.org","@graph":[{"@type":"Article","@id":"https:\/\/innoticiasbo.com\/index.php\/2024\/09\/26\/ivan-lima-renuncia-de-manera-irrevocable-al-ministerio-de-justicia\/#article","isPartOf":{"@id":"https:\/\/innoticiasbo.com\/index.php\/2024\/09\/26\/ivan-lima-renuncia-de-manera-irrevocable-al-ministerio-de-justicia\/"},"author":{"name":"Prensa 2","@id":"https:\/\/innoticiasbo.com\/#\/schema\/person\/6f3e5eca02a7cf7249145609797573f2"},"headline":"IV\u00c1N LIMA RENUNCIA DE MANERA IRREVOCABLE AL MINISTERIO DE JUSTICIA","datePublished":"2024-09-26T21:19:31+00:00","dateModified":"2024-09-26T21:27:19+00:00","mainEntityOfPage":{"@id":"https:\/\/innoticiasbo.com\/index.php\/2024\/09\/26\/ivan-lima-renuncia-de-manera-irrevocable-al-ministerio-de-justicia\/"},"wordCount":257,"commentCount":0,"publisher":{"@id":"https:\/\/innoticiasbo.com\/#organization"},"image":{"@id":"https:\/\/innoticiasbo.com\/index.php\/2024\/09\/26\/ivan-lima-renuncia-de-manera-irrevocable-al-ministerio-de-justicia\/#primaryimage"},"thumbnailUrl":"https:\/\/i0.wp.com\/innoticiasbo.com\/wp-content\/uploads\/2024\/09\/FB_IMG_1727385206242.jpg?fit=720%2C942&ssl=1","articleSection":["Pol\u00edtica"],"inLanguage":"es","potentialAction":[{"@type":"CommentAction","name":"Comment","target":["https:\/\/innoticiasbo.com\/index.php\/2024\/09\/26\/ivan-lima-renuncia-de-manera-irrevocable-al-ministerio-de-justicia\/#respond"]}]},{"@type":"WebPage","@id":"https:\/\/innoticiasbo.com\/index.php\/2024\/09\/26\/ivan-lima-renuncia-de-manera-irrevocable-al-ministerio-de-justicia\/","url":"https:\/\/innoticiasbo.com\/index.php\/2024\/09\/26\/ivan-lima-renuncia-de-manera-irrevocable-al-ministerio-de-justicia\/","name":"IV\u00c1N LIMA RENUNCIA DE MANERA IRREVOCABLE AL MINISTERIO DE JUSTICIA - innoticiasbo.com","isPartOf":{"@id":"https:\/\/innoticiasbo.com\/#website"},"primaryImageOfPage":{"@id":"https:\/\/innoticiasbo.com\/index.php\/2024\/09\/26\/ivan-lima-renuncia-de-manera-irrevocable-al-ministerio-de-justicia\/#primaryimage"},"image":{"@id":"https:\/\/innoticiasbo.com\/index.php\/2024\/09\/26\/ivan-lima-renuncia-de-manera-irrevocable-al-ministerio-de-justicia\/#primaryimage"},"thumbnailUrl":"https:\/\/i0.wp.com\/innoticiasbo.com\/wp-content\/uploads\/2024\/09\/FB_IMG_1727385206242.jpg?fit=720%2C942&ssl=1","datePublished":"2024-09-26T21:19:31+00:00","dateModified":"2024-09-26T21:27:19+00:00","breadcrumb":{"@id":"https:\/\/innoticiasbo.com\/index.php\/2024\/09\/26\/ivan-lima-renuncia-de-manera-irrevocable-al-ministerio-de-justicia\/#breadcrumb"},"inLanguage":"es","potentialAction":[{"@type":"ReadAction","target":["https:\/\/innoticiasbo.com\/index.php\/2024\/09\/26\/ivan-lima-renuncia-de-manera-irrevocable-al-ministerio-de-justicia\/"]}]},{"@type":"ImageObject","inLanguage":"es","@id":"https:\/\/innoticiasbo.com\/index.php\/2024\/09\/26\/ivan-lima-renuncia-de-manera-irrevocable-al-ministerio-de-justicia\/#primaryimage","url":"https:\/\/i0.wp.com\/innoticiasbo.com\/wp-content\/uploads\/2024\/09\/FB_IMG_1727385206242.jpg?fit=720%2C942&ssl=1","contentUrl":"https:\/\/i0.wp.com\/innoticiasbo.com\/wp-content\/uploads\/2024\/09\/FB_IMG_1727385206242.jpg?fit=720%2C942&ssl=1","width":720,"height":942},{"@type":"BreadcrumbList","@id":"https:\/\/innoticiasbo.com\/index.php\/2024\/09\/26\/ivan-lima-renuncia-de-manera-irrevocable-al-ministerio-de-justicia\/#breadcrumb","itemListElement":[{"@type":"ListItem","position":1,"name":"Portada","item":"https:\/\/innoticiasbo.com\/"},{"@type":"ListItem","position":2,"name":"IV\u00c1N LIMA RENUNCIA DE MANERA IRREVOCABLE AL MINISTERIO DE JUSTICIA"}]},{"@type":"WebSite","@id":"https:\/\/innoticiasbo.com\/#website","url":"https:\/\/innoticiasbo.com\/","name":"innoticiasbo.com","description":"","publisher":{"@id":"https:\/\/innoticiasbo.com\/#organization"},"potentialAction":[{"@type":"SearchAction","target":{"@type":"EntryPoint","urlTemplate":"https:\/\/innoticiasbo.com\/?s={search_term_string}"},"query-input":{"@type":"PropertyValueSpecification","valueRequired":true,"valueName":"search_term_string"}}],"inLanguage":"es"},{"@type":"Organization","@id":"https:\/\/innoticiasbo.com\/#organization","name":"innoticiasbo.com","url":"https:\/\/innoticiasbo.com\/","logo":{"@type":"ImageObject","inLanguage":"es","@id":"https:\/\/innoticiasbo.com\/#\/schema\/logo\/image\/","url":"https:\/\/i0.wp.com\/innoticiasbo.com\/wp-content\/uploads\/2026\/04\/cropped-IN-LOGO.png?fit=1476%2C1476&ssl=1","contentUrl":"https:\/\/i0.wp.com\/innoticiasbo.com\/wp-content\/uploads\/2026\/04\/cropped-IN-LOGO.png?fit=1476%2C1476&ssl=1","width":1476,"height":1476,"caption":"innoticiasbo.com"},"image":{"@id":"https:\/\/innoticiasbo.com\/#\/schema\/logo\/image\/"},"sameAs":["https:\/\/www.facebook.com\/innoticiasbolivia","https:\/\/x.com\/innoticiasbo","https:\/\/www.instagram.com\/innoticiasbo","https:\/\/www.youtube.com\/innoticiasbo"]},{"@type":"Person","@id":"https:\/\/innoticiasbo.com\/#\/schema\/person\/6f3e5eca02a7cf7249145609797573f2","name":"Prensa 2","image":{"@type":"ImageObject","inLanguage":"es","@id":"https:\/\/innoticiasbo.com\/#\/schema\/person\/image\/","url":"https:\/\/secure.gravatar.com\/avatar\/1d189cd124d02eac2fef69ee12563d60?s=96&d=mm&r=g","contentUrl":"https:\/\/secure.gravatar.com\/avatar\/1d189cd124d02eac2fef69ee12563d60?s=96&d=mm&r=g","caption":"Prensa 2"},"sameAs":["http:\/\/www.innoticiasbo.com"],"url":"https:\/\/innoticiasbo.com\/index.php\/author\/prensa-2\/"}]}},"jetpack_featured_media_url":"https:\/\/i0.wp.com\/innoticiasbo.com\/wp-content\/uploads\/2024\/09\/FB_IMG_1727385206242.jpg?fit=720%2C942&ssl=1","jetpack_likes_enabled":true,"jetpack_sharing_enabled":true,"jetpack_shortlink":"https:\/\/wp.me\/pg298x-hq","_links":{"self":[{"href":"https:\/\/innoticiasbo.com\/index.php\/wp-json\/wp\/v2\/posts\/1080","targetHints":{"allow":["GET"]}}],"collection":[{"href":"https:\/\/innoticiasbo.com\/index.php\/wp-json\/wp\/v2\/posts"}],"about":[{"href":"https:\/\/innoticiasbo.com\/index.php\/wp-json\/wp\/v2\/types\/post"}],"author":[{"embeddable":true,"href":"https:\/\/innoticiasbo.com\/index.php\/wp-json\/wp\/v2\/users\/3"}],"replies":[{"embeddable":true,"href":"https:\/\/innoticiasbo.com\/index.php\/wp-json\/wp\/v2\/comments?post=1080"}],"version-history":[{"count":2,"href":"https:\/\/innoticiasbo.com\/index.php\/wp-json\/wp\/v2\/posts\/1080\/revisions"}],"predecessor-version":[{"id":1083,"href":"https:\/\/innoticiasbo.com\/index.php\/wp-json\/wp\/v2\/posts\/1080\/revisions\/1083"}],"wp:featuredmedia":[{"embeddable":true,"href":"https:\/\/innoticiasbo.com\/index.php\/wp-json\/wp\/v2\/media\/1079"}],"wp:attachment":[{"href":"https:\/\/innoticiasbo.com\/index.php\/wp-json\/wp\/v2\/media?parent=1080"}],"wp:term":[{"taxonomy":"category","embeddable":true,"href":"https:\/\/innoticiasbo.com\/index.php\/wp-json\/wp\/v2\/categories?post=1080"},{"taxonomy":"post_tag","embeddable":true,"href":"https:\/\/innoticiasbo.com\/index.php\/wp-json\/wp\/v2\/tags?post=1080"}],"curies":[{"name":"wp","href":"https:\/\/api.w.org\/{rel}","templated":true}]}}