{"id":1014,"date":"2024-09-24T14:37:09","date_gmt":"2024-09-24T14:37:09","guid":{"rendered":"https:\/\/innoticiasbo.com\/?p=1014"},"modified":"2024-09-24T14:37:49","modified_gmt":"2024-09-24T14:37:49","slug":"ministro-de-defensa-condena-ataque-a-la-armadany-anuncia-denuncia-penal","status":"publish","type":"post","link":"https:\/\/innoticiasbo.com\/index.php\/2024\/09\/24\/ministro-de-defensa-condena-ataque-a-la-armadany-anuncia-denuncia-penal\/","title":{"rendered":"MINISTRO DE DEFENSA CONDENA ATAQUE A LA ARMADANY ANUNCIA DENUNCIA PENAL"},"content":{"rendered":"\n<p>La Paz, 24 de sep 2024 (ATB Digital).- El ministro de Defensa, Edmundo Novillo, conden\u00f3 el ataque de seguidores de Evo Morales a las instalaciones de la Unidad Educativa de la Armada Boliviana en La Paz, y anunci\u00f3 que se presentar\u00e1 una denuncia penal para que se investigue y se establezcan responsabilidades.<\/p>\n\n\n\n<figure class=\"wp-block-image size-large\"><img data-recalc-dims=\"1\" loading=\"lazy\" decoding=\"async\" width=\"640\" height=\"853\" src=\"https:\/\/i0.wp.com\/innoticiasbo.com\/wp-content\/uploads\/2024\/09\/img-20240923-wa02222148704576395818216.jpg?resize=640%2C853&#038;ssl=1\" alt=\"\" class=\"wp-image-1010\" srcset=\"https:\/\/i0.wp.com\/innoticiasbo.com\/wp-content\/uploads\/2024\/09\/img-20240923-wa02222148704576395818216.jpg?resize=768%2C1024&amp;ssl=1 768w, https:\/\/i0.wp.com\/innoticiasbo.com\/wp-content\/uploads\/2024\/09\/img-20240923-wa02222148704576395818216.jpg?resize=225%2C300&amp;ssl=1 225w, https:\/\/i0.wp.com\/innoticiasbo.com\/wp-content\/uploads\/2024\/09\/img-20240923-wa02222148704576395818216.jpg?resize=1152%2C1536&amp;ssl=1 1152w, https:\/\/i0.wp.com\/innoticiasbo.com\/wp-content\/uploads\/2024\/09\/img-20240923-wa02222148704576395818216.jpg?w=1200&amp;ssl=1 1200w\" sizes=\"auto, (max-width: 640px) 100vw, 640px\" \/><\/figure>\n\n\n\n<figure class=\"wp-block-image\"><img data-recalc-dims=\"1\" loading=\"lazy\" decoding=\"async\" width=\"640\" height=\"853\" src=\"https:\/\/i0.wp.com\/innoticiasbo.com\/wp-content\/uploads\/2024\/09\/img-20240923-wa02248597043105914481437.jpg?resize=640%2C853&#038;ssl=1\" alt=\"\" class=\"wp-image-1011\" srcset=\"https:\/\/i0.wp.com\/innoticiasbo.com\/wp-content\/uploads\/2024\/09\/img-20240923-wa02248597043105914481437.jpg?resize=768%2C1024&amp;ssl=1 768w, https:\/\/i0.wp.com\/innoticiasbo.com\/wp-content\/uploads\/2024\/09\/img-20240923-wa02248597043105914481437.jpg?resize=225%2C300&amp;ssl=1 225w, https:\/\/i0.wp.com\/innoticiasbo.com\/wp-content\/uploads\/2024\/09\/img-20240923-wa02248597043105914481437.jpg?resize=1152%2C1536&amp;ssl=1 1152w, https:\/\/i0.wp.com\/innoticiasbo.com\/wp-content\/uploads\/2024\/09\/img-20240923-wa02248597043105914481437.jpg?w=1200&amp;ssl=1 1200w\" sizes=\"auto, (max-width: 640px) 100vw, 640px\" \/><\/figure>\n\n\n\n<figure class=\"wp-block-image\"><img data-recalc-dims=\"1\" loading=\"lazy\" decoding=\"async\" width=\"640\" height=\"480\" src=\"https:\/\/i0.wp.com\/innoticiasbo.com\/wp-content\/uploads\/2024\/09\/img-20240923-wa02235991108860976840834.jpg?resize=640%2C480&#038;ssl=1\" alt=\"\" class=\"wp-image-1012\" srcset=\"https:\/\/i0.wp.com\/innoticiasbo.com\/wp-content\/uploads\/2024\/09\/img-20240923-wa02235991108860976840834.jpg?resize=1024%2C768&amp;ssl=1 1024w, https:\/\/i0.wp.com\/innoticiasbo.com\/wp-content\/uploads\/2024\/09\/img-20240923-wa02235991108860976840834.jpg?resize=300%2C225&amp;ssl=1 300w, https:\/\/i0.wp.com\/innoticiasbo.com\/wp-content\/uploads\/2024\/09\/img-20240923-wa02235991108860976840834.jpg?resize=768%2C576&amp;ssl=1 768w, https:\/\/i0.wp.com\/innoticiasbo.com\/wp-content\/uploads\/2024\/09\/img-20240923-wa02235991108860976840834.jpg?resize=1536%2C1152&amp;ssl=1 1536w, https:\/\/i0.wp.com\/innoticiasbo.com\/wp-content\/uploads\/2024\/09\/img-20240923-wa02235991108860976840834.jpg?w=1600&amp;ssl=1 1600w, https:\/\/i0.wp.com\/innoticiasbo.com\/wp-content\/uploads\/2024\/09\/img-20240923-wa02235991108860976840834.jpg?w=1280&amp;ssl=1 1280w\" sizes=\"auto, (max-width: 640px) 100vw, 640px\" \/><\/figure>\n\n\n\n<p>\u201cEl Ministerio de Defensa denuncia ante el pueblo boliviano que la tarde de hoy, luego de concluir la concentraci\u00f3n de la marcha Evista, se desplaz\u00f3 un grupo de gente violenta hacia las instalaciones de la Unidad Educativa de la Armada Boliviana, la apedrearon, generando destrozos para luego darse a la fuga\u201d, denunci\u00f3 en un post en sus redes sociales<\/p>\n\n\n\n<p>Novillo repudi\u00f3 \u201cesta acci\u00f3n vand\u00e1lica de provocaci\u00f3n premeditada\u201d a la infraestructura castrense\u201d y valor\u00f3 \u201cla actitud prudente de los efectivos militares que no respondieron a la provocaci\u00f3n, y controlaron inmediatamente la situaci\u00f3n sin recurrir a la fuerza\u201d.<\/p>\n\n\n\n<p>\u201cEl hecho ser\u00e1 denunciado a la Polic\u00eda, para su investigaci\u00f3n\u201d, anticip\u00f3.<\/p>\n\n\n\n<p>El ataque se produjo al final del mitin de los seguidores de Evo Morales en el puente de la Cervecer\u00eda en La Paz, que fue el corolario de la marcha que inici\u00f3 en Caracollo el 17 de septiembre para forzar una nueva candidatura del expresidente.<\/p>\n\n\n\n<p>Antes de atacar a la Unidad Educativa de la Armada Boliviana, ubicada en la calle Vicente Eguino, la turba golpe\u00f3 sin clemencia a una persona que se resguard\u00f3 en la puerta de la instituci\u00f3n militar. Lo dejaron tendido en el piso con la cabeza ensangrentada. Los militares lo auxiliaron.<\/p>\n\n\n\n<p>Seg\u00fan el reporte de la Defensor\u00eda del Pueblo al menos dos personas resultaron heridas por la violencia en La Paz.<br \/>Fuente: ABI<\/p>\n\n\n\n<h1 class=\"wp-block-heading\">MinisterioDeDefensa #EdmundoNovillo #ArmadaBoliviana #innoticias<\/h1>\n","protected":false},"excerpt":{"rendered":"<p>La Paz, 24 de sep 2024 (ATB Digital).- El ministro de Defensa, Edmundo Novillo, conden\u00f3 el ataque de seguidores de Evo Morales a las instalaciones de la Unidad Educativa de la Armada Boliviana en La Paz, y anunci\u00f3 que se presentar\u00e1 una denuncia penal para que se investigue y se establezcan responsabilidades. \u201cEl Ministerio de&#8230;<\/p>\n","protected":false},"author":2,"featured_media":1013,"comment_status":"open","ping_status":"open","sticky":false,"template":"","format":"standard","meta":{"_jetpack_memberships_contains_paid_content":false,"footnotes":"","jetpack_publicize_message":"","jetpack_publicize_feature_enabled":true,"jetpack_social_post_already_shared":true,"jetpack_social_options":{"image_generator_settings":{"template":"highway","enabled":false},"version":2}},"categories":[1,15],"tags":[],"class_list":["post-1014","post","type-post","status-publish","format-standard","has-post-thumbnail","hentry","category-bolivia","category-seguridad"],"jetpack_publicize_connections":[],"yoast_head":"<!-- This site is optimized with the Yoast SEO plugin v23.4 - https:\/\/yoast.com\/wordpress\/plugins\/seo\/ -->\n<title>MINISTRO DE DEFENSA CONDENA ATAQUE A LA ARMADANY ANUNCIA DENUNCIA PENAL - innoticiasbo.com<\/title>\n<meta name=\"robots\" content=\"index, follow, max-snippet:-1, max-image-preview:large, max-video-preview:-1\" \/>\n<link rel=\"canonical\" href=\"https:\/\/innoticiasbo.com\/index.php\/2024\/09\/24\/ministro-de-defensa-condena-ataque-a-la-armadany-anuncia-denuncia-penal\/\" \/>\n<meta property=\"og:locale\" content=\"es_ES\" \/>\n<meta property=\"og:type\" content=\"article\" \/>\n<meta property=\"og:title\" content=\"MINISTRO DE DEFENSA CONDENA ATAQUE A LA ARMADANY ANUNCIA DENUNCIA PENAL - innoticiasbo.com\" \/>\n<meta property=\"og:description\" content=\"La Paz, 24 de sep 2024 (ATB Digital).- El ministro de Defensa, Edmundo Novillo, conden\u00f3 el ataque de seguidores de Evo Morales a las instalaciones de la Unidad Educativa de la Armada Boliviana en La Paz, y anunci\u00f3 que se presentar\u00e1 una denuncia penal para que se investigue y se establezcan responsabilidades. \u201cEl Ministerio de...\" \/>\n<meta property=\"og:url\" content=\"https:\/\/innoticiasbo.com\/index.php\/2024\/09\/24\/ministro-de-defensa-condena-ataque-a-la-armadany-anuncia-denuncia-penal\/\" \/>\n<meta property=\"og:site_name\" content=\"innoticiasbo.com\" \/>\n<meta property=\"article:publisher\" content=\"https:\/\/www.facebook.com\/innoticiasbolivia\" \/>\n<meta property=\"article:published_time\" content=\"2024-09-24T14:37:09+00:00\" \/>\n<meta property=\"article:modified_time\" content=\"2024-09-24T14:37:49+00:00\" \/>\n<meta property=\"og:image\" content=\"https:\/\/i0.wp.com\/innoticiasbo.com\/wp-content\/uploads\/2024\/09\/IMG-20240923-WA0223.jpg?fit=1600%2C1200&ssl=1\" \/>\n\t<meta property=\"og:image:width\" content=\"1600\" \/>\n\t<meta property=\"og:image:height\" content=\"1200\" \/>\n\t<meta property=\"og:image:type\" content=\"image\/jpeg\" \/>\n<meta name=\"author\" content=\"Prensa\" \/>\n<meta name=\"twitter:card\" content=\"summary_large_image\" \/>\n<meta name=\"twitter:creator\" content=\"@innoticiasbo\" \/>\n<meta name=\"twitter:site\" content=\"@innoticiasbo\" \/>\n<meta name=\"twitter:label1\" content=\"Escrito por\" \/>\n\t<meta name=\"twitter:data1\" content=\"Prensa\" \/>\n\t<meta name=\"twitter:label2\" content=\"Tiempo de lectura\" \/>\n\t<meta name=\"twitter:data2\" content=\"1 minuto\" \/>\n<script type=\"application\/ld+json\" class=\"yoast-schema-graph\">{\"@context\":\"https:\/\/schema.org\",\"@graph\":[{\"@type\":\"Article\",\"@id\":\"https:\/\/innoticiasbo.com\/index.php\/2024\/09\/24\/ministro-de-defensa-condena-ataque-a-la-armadany-anuncia-denuncia-penal\/#article\",\"isPartOf\":{\"@id\":\"https:\/\/innoticiasbo.com\/index.php\/2024\/09\/24\/ministro-de-defensa-condena-ataque-a-la-armadany-anuncia-denuncia-penal\/\"},\"author\":{\"name\":\"Prensa\",\"@id\":\"https:\/\/innoticiasbo.com\/#\/schema\/person\/589cd527c4211df1b943bdad85ec07ce\"},\"headline\":\"MINISTRO DE DEFENSA CONDENA ATAQUE A LA ARMADANY ANUNCIA DENUNCIA PENAL\",\"datePublished\":\"2024-09-24T14:37:09+00:00\",\"dateModified\":\"2024-09-24T14:37:49+00:00\",\"mainEntityOfPage\":{\"@id\":\"https:\/\/innoticiasbo.com\/index.php\/2024\/09\/24\/ministro-de-defensa-condena-ataque-a-la-armadany-anuncia-denuncia-penal\/\"},\"wordCount\":300,\"commentCount\":0,\"publisher\":{\"@id\":\"https:\/\/innoticiasbo.com\/#organization\"},\"image\":{\"@id\":\"https:\/\/innoticiasbo.com\/index.php\/2024\/09\/24\/ministro-de-defensa-condena-ataque-a-la-armadany-anuncia-denuncia-penal\/#primaryimage\"},\"thumbnailUrl\":\"https:\/\/i0.wp.com\/innoticiasbo.com\/wp-content\/uploads\/2024\/09\/IMG-20240923-WA0223.jpg?fit=1600%2C1200&ssl=1\",\"articleSection\":[\"Bolivia\",\"Seguridad\"],\"inLanguage\":\"es\",\"potentialAction\":[{\"@type\":\"CommentAction\",\"name\":\"Comment\",\"target\":[\"https:\/\/innoticiasbo.com\/index.php\/2024\/09\/24\/ministro-de-defensa-condena-ataque-a-la-armadany-anuncia-denuncia-penal\/#respond\"]}]},{\"@type\":\"WebPage\",\"@id\":\"https:\/\/innoticiasbo.com\/index.php\/2024\/09\/24\/ministro-de-defensa-condena-ataque-a-la-armadany-anuncia-denuncia-penal\/\",\"url\":\"https:\/\/innoticiasbo.com\/index.php\/2024\/09\/24\/ministro-de-defensa-condena-ataque-a-la-armadany-anuncia-denuncia-penal\/\",\"name\":\"MINISTRO DE DEFENSA CONDENA ATAQUE A LA ARMADANY ANUNCIA DENUNCIA PENAL - innoticiasbo.com\",\"isPartOf\":{\"@id\":\"https:\/\/innoticiasbo.com\/#website\"},\"primaryImageOfPage\":{\"@id\":\"https:\/\/innoticiasbo.com\/index.php\/2024\/09\/24\/ministro-de-defensa-condena-ataque-a-la-armadany-anuncia-denuncia-penal\/#primaryimage\"},\"image\":{\"@id\":\"https:\/\/innoticiasbo.com\/index.php\/2024\/09\/24\/ministro-de-defensa-condena-ataque-a-la-armadany-anuncia-denuncia-penal\/#primaryimage\"},\"thumbnailUrl\":\"https:\/\/i0.wp.com\/innoticiasbo.com\/wp-content\/uploads\/2024\/09\/IMG-20240923-WA0223.jpg?fit=1600%2C1200&ssl=1\",\"datePublished\":\"2024-09-24T14:37:09+00:00\",\"dateModified\":\"2024-09-24T14:37:49+00:00\",\"breadcrumb\":{\"@id\":\"https:\/\/innoticiasbo.com\/index.php\/2024\/09\/24\/ministro-de-defensa-condena-ataque-a-la-armadany-anuncia-denuncia-penal\/#breadcrumb\"},\"inLanguage\":\"es\",\"potentialAction\":[{\"@type\":\"ReadAction\",\"target\":[\"https:\/\/innoticiasbo.com\/index.php\/2024\/09\/24\/ministro-de-defensa-condena-ataque-a-la-armadany-anuncia-denuncia-penal\/\"]}]},{\"@type\":\"ImageObject\",\"inLanguage\":\"es\",\"@id\":\"https:\/\/innoticiasbo.com\/index.php\/2024\/09\/24\/ministro-de-defensa-condena-ataque-a-la-armadany-anuncia-denuncia-penal\/#primaryimage\",\"url\":\"https:\/\/i0.wp.com\/innoticiasbo.com\/wp-content\/uploads\/2024\/09\/IMG-20240923-WA0223.jpg?fit=1600%2C1200&ssl=1\",\"contentUrl\":\"https:\/\/i0.wp.com\/innoticiasbo.com\/wp-content\/uploads\/2024\/09\/IMG-20240923-WA0223.jpg?fit=1600%2C1200&ssl=1\",\"width\":1600,\"height\":1200},{\"@type\":\"BreadcrumbList\",\"@id\":\"https:\/\/innoticiasbo.com\/index.php\/2024\/09\/24\/ministro-de-defensa-condena-ataque-a-la-armadany-anuncia-denuncia-penal\/#breadcrumb\",\"itemListElement\":[{\"@type\":\"ListItem\",\"position\":1,\"name\":\"Portada\",\"item\":\"https:\/\/innoticiasbo.com\/\"},{\"@type\":\"ListItem\",\"position\":2,\"name\":\"MINISTRO DE DEFENSA CONDENA ATAQUE A LA ARMADANY ANUNCIA DENUNCIA PENAL\"}]},{\"@type\":\"WebSite\",\"@id\":\"https:\/\/innoticiasbo.com\/#website\",\"url\":\"https:\/\/innoticiasbo.com\/\",\"name\":\"innoticiasbo.com\",\"description\":\"\",\"publisher\":{\"@id\":\"https:\/\/innoticiasbo.com\/#organization\"},\"potentialAction\":[{\"@type\":\"SearchAction\",\"target\":{\"@type\":\"EntryPoint\",\"urlTemplate\":\"https:\/\/innoticiasbo.com\/?s={search_term_string}\"},\"query-input\":{\"@type\":\"PropertyValueSpecification\",\"valueRequired\":true,\"valueName\":\"search_term_string\"}}],\"inLanguage\":\"es\"},{\"@type\":\"Organization\",\"@id\":\"https:\/\/innoticiasbo.com\/#organization\",\"name\":\"innoticiasbo.com\",\"url\":\"https:\/\/innoticiasbo.com\/\",\"logo\":{\"@type\":\"ImageObject\",\"inLanguage\":\"es\",\"@id\":\"https:\/\/innoticiasbo.com\/#\/schema\/logo\/image\/\",\"url\":\"https:\/\/i0.wp.com\/innoticiasbo.com\/wp-content\/uploads\/2026\/04\/cropped-IN-LOGO.png?fit=1476%2C1476&ssl=1\",\"contentUrl\":\"https:\/\/i0.wp.com\/innoticiasbo.com\/wp-content\/uploads\/2026\/04\/cropped-IN-LOGO.png?fit=1476%2C1476&ssl=1\",\"width\":1476,\"height\":1476,\"caption\":\"innoticiasbo.com\"},\"image\":{\"@id\":\"https:\/\/innoticiasbo.com\/#\/schema\/logo\/image\/\"},\"sameAs\":[\"https:\/\/www.facebook.com\/innoticiasbolivia\",\"https:\/\/x.com\/innoticiasbo\",\"https:\/\/www.instagram.com\/innoticiasbo\",\"https:\/\/www.youtube.com\/innoticiasbo\"]},{\"@type\":\"Person\",\"@id\":\"https:\/\/innoticiasbo.com\/#\/schema\/person\/589cd527c4211df1b943bdad85ec07ce\",\"name\":\"Prensa\",\"image\":{\"@type\":\"ImageObject\",\"inLanguage\":\"es\",\"@id\":\"https:\/\/innoticiasbo.com\/#\/schema\/person\/image\/\",\"url\":\"https:\/\/secure.gravatar.com\/avatar\/d359bbdf112023c1c0a3ec7fe1600657?s=96&d=mm&r=g\",\"contentUrl\":\"https:\/\/secure.gravatar.com\/avatar\/d359bbdf112023c1c0a3ec7fe1600657?s=96&d=mm&r=g\",\"caption\":\"Prensa\"},\"sameAs\":[\"http:\/\/www.innoticiasbo.com\"],\"url\":\"https:\/\/innoticiasbo.com\/index.php\/author\/prensa\/\"}]}<\/script>\n<!-- \/ Yoast SEO plugin. -->","yoast_head_json":{"title":"MINISTRO DE DEFENSA CONDENA ATAQUE A LA ARMADANY ANUNCIA DENUNCIA PENAL - innoticiasbo.com","robots":{"index":"index","follow":"follow","max-snippet":"max-snippet:-1","max-image-preview":"max-image-preview:large","max-video-preview":"max-video-preview:-1"},"canonical":"https:\/\/innoticiasbo.com\/index.php\/2024\/09\/24\/ministro-de-defensa-condena-ataque-a-la-armadany-anuncia-denuncia-penal\/","og_locale":"es_ES","og_type":"article","og_title":"MINISTRO DE DEFENSA CONDENA ATAQUE A LA ARMADANY ANUNCIA DENUNCIA PENAL - innoticiasbo.com","og_description":"La Paz, 24 de sep 2024 (ATB Digital).- El ministro de Defensa, Edmundo Novillo, conden\u00f3 el ataque de seguidores de Evo Morales a las instalaciones de la Unidad Educativa de la Armada Boliviana en La Paz, y anunci\u00f3 que se presentar\u00e1 una denuncia penal para que se investigue y se establezcan responsabilidades. \u201cEl Ministerio de...","og_url":"https:\/\/innoticiasbo.com\/index.php\/2024\/09\/24\/ministro-de-defensa-condena-ataque-a-la-armadany-anuncia-denuncia-penal\/","og_site_name":"innoticiasbo.com","article_publisher":"https:\/\/www.facebook.com\/innoticiasbolivia","article_published_time":"2024-09-24T14:37:09+00:00","article_modified_time":"2024-09-24T14:37:49+00:00","og_image":[{"width":1600,"height":1200,"url":"https:\/\/i0.wp.com\/innoticiasbo.com\/wp-content\/uploads\/2024\/09\/IMG-20240923-WA0223.jpg?fit=1600%2C1200&ssl=1","type":"image\/jpeg"}],"author":"Prensa","twitter_card":"summary_large_image","twitter_creator":"@innoticiasbo","twitter_site":"@innoticiasbo","twitter_misc":{"Escrito por":"Prensa","Tiempo de lectura":"1 minuto"},"schema":{"@context":"https:\/\/schema.org","@graph":[{"@type":"Article","@id":"https:\/\/innoticiasbo.com\/index.php\/2024\/09\/24\/ministro-de-defensa-condena-ataque-a-la-armadany-anuncia-denuncia-penal\/#article","isPartOf":{"@id":"https:\/\/innoticiasbo.com\/index.php\/2024\/09\/24\/ministro-de-defensa-condena-ataque-a-la-armadany-anuncia-denuncia-penal\/"},"author":{"name":"Prensa","@id":"https:\/\/innoticiasbo.com\/#\/schema\/person\/589cd527c4211df1b943bdad85ec07ce"},"headline":"MINISTRO DE DEFENSA CONDENA ATAQUE A LA ARMADANY ANUNCIA DENUNCIA PENAL","datePublished":"2024-09-24T14:37:09+00:00","dateModified":"2024-09-24T14:37:49+00:00","mainEntityOfPage":{"@id":"https:\/\/innoticiasbo.com\/index.php\/2024\/09\/24\/ministro-de-defensa-condena-ataque-a-la-armadany-anuncia-denuncia-penal\/"},"wordCount":300,"commentCount":0,"publisher":{"@id":"https:\/\/innoticiasbo.com\/#organization"},"image":{"@id":"https:\/\/innoticiasbo.com\/index.php\/2024\/09\/24\/ministro-de-defensa-condena-ataque-a-la-armadany-anuncia-denuncia-penal\/#primaryimage"},"thumbnailUrl":"https:\/\/i0.wp.com\/innoticiasbo.com\/wp-content\/uploads\/2024\/09\/IMG-20240923-WA0223.jpg?fit=1600%2C1200&ssl=1","articleSection":["Bolivia","Seguridad"],"inLanguage":"es","potentialAction":[{"@type":"CommentAction","name":"Comment","target":["https:\/\/innoticiasbo.com\/index.php\/2024\/09\/24\/ministro-de-defensa-condena-ataque-a-la-armadany-anuncia-denuncia-penal\/#respond"]}]},{"@type":"WebPage","@id":"https:\/\/innoticiasbo.com\/index.php\/2024\/09\/24\/ministro-de-defensa-condena-ataque-a-la-armadany-anuncia-denuncia-penal\/","url":"https:\/\/innoticiasbo.com\/index.php\/2024\/09\/24\/ministro-de-defensa-condena-ataque-a-la-armadany-anuncia-denuncia-penal\/","name":"MINISTRO DE DEFENSA CONDENA ATAQUE A LA ARMADANY ANUNCIA DENUNCIA PENAL - innoticiasbo.com","isPartOf":{"@id":"https:\/\/innoticiasbo.com\/#website"},"primaryImageOfPage":{"@id":"https:\/\/innoticiasbo.com\/index.php\/2024\/09\/24\/ministro-de-defensa-condena-ataque-a-la-armadany-anuncia-denuncia-penal\/#primaryimage"},"image":{"@id":"https:\/\/innoticiasbo.com\/index.php\/2024\/09\/24\/ministro-de-defensa-condena-ataque-a-la-armadany-anuncia-denuncia-penal\/#primaryimage"},"thumbnailUrl":"https:\/\/i0.wp.com\/innoticiasbo.com\/wp-content\/uploads\/2024\/09\/IMG-20240923-WA0223.jpg?fit=1600%2C1200&ssl=1","datePublished":"2024-09-24T14:37:09+00:00","dateModified":"2024-09-24T14:37:49+00:00","breadcrumb":{"@id":"https:\/\/innoticiasbo.com\/index.php\/2024\/09\/24\/ministro-de-defensa-condena-ataque-a-la-armadany-anuncia-denuncia-penal\/#breadcrumb"},"inLanguage":"es","potentialAction":[{"@type":"ReadAction","target":["https:\/\/innoticiasbo.com\/index.php\/2024\/09\/24\/ministro-de-defensa-condena-ataque-a-la-armadany-anuncia-denuncia-penal\/"]}]},{"@type":"ImageObject","inLanguage":"es","@id":"https:\/\/innoticiasbo.com\/index.php\/2024\/09\/24\/ministro-de-defensa-condena-ataque-a-la-armadany-anuncia-denuncia-penal\/#primaryimage","url":"https:\/\/i0.wp.com\/innoticiasbo.com\/wp-content\/uploads\/2024\/09\/IMG-20240923-WA0223.jpg?fit=1600%2C1200&ssl=1","contentUrl":"https:\/\/i0.wp.com\/innoticiasbo.com\/wp-content\/uploads\/2024\/09\/IMG-20240923-WA0223.jpg?fit=1600%2C1200&ssl=1","width":1600,"height":1200},{"@type":"BreadcrumbList","@id":"https:\/\/innoticiasbo.com\/index.php\/2024\/09\/24\/ministro-de-defensa-condena-ataque-a-la-armadany-anuncia-denuncia-penal\/#breadcrumb","itemListElement":[{"@type":"ListItem","position":1,"name":"Portada","item":"https:\/\/innoticiasbo.com\/"},{"@type":"ListItem","position":2,"name":"MINISTRO DE DEFENSA CONDENA ATAQUE A LA ARMADANY ANUNCIA DENUNCIA PENAL"}]},{"@type":"WebSite","@id":"https:\/\/innoticiasbo.com\/#website","url":"https:\/\/innoticiasbo.com\/","name":"innoticiasbo.com","description":"","publisher":{"@id":"https:\/\/innoticiasbo.com\/#organization"},"potentialAction":[{"@type":"SearchAction","target":{"@type":"EntryPoint","urlTemplate":"https:\/\/innoticiasbo.com\/?s={search_term_string}"},"query-input":{"@type":"PropertyValueSpecification","valueRequired":true,"valueName":"search_term_string"}}],"inLanguage":"es"},{"@type":"Organization","@id":"https:\/\/innoticiasbo.com\/#organization","name":"innoticiasbo.com","url":"https:\/\/innoticiasbo.com\/","logo":{"@type":"ImageObject","inLanguage":"es","@id":"https:\/\/innoticiasbo.com\/#\/schema\/logo\/image\/","url":"https:\/\/i0.wp.com\/innoticiasbo.com\/wp-content\/uploads\/2026\/04\/cropped-IN-LOGO.png?fit=1476%2C1476&ssl=1","contentUrl":"https:\/\/i0.wp.com\/innoticiasbo.com\/wp-content\/uploads\/2026\/04\/cropped-IN-LOGO.png?fit=1476%2C1476&ssl=1","width":1476,"height":1476,"caption":"innoticiasbo.com"},"image":{"@id":"https:\/\/innoticiasbo.com\/#\/schema\/logo\/image\/"},"sameAs":["https:\/\/www.facebook.com\/innoticiasbolivia","https:\/\/x.com\/innoticiasbo","https:\/\/www.instagram.com\/innoticiasbo","https:\/\/www.youtube.com\/innoticiasbo"]},{"@type":"Person","@id":"https:\/\/innoticiasbo.com\/#\/schema\/person\/589cd527c4211df1b943bdad85ec07ce","name":"Prensa","image":{"@type":"ImageObject","inLanguage":"es","@id":"https:\/\/innoticiasbo.com\/#\/schema\/person\/image\/","url":"https:\/\/secure.gravatar.com\/avatar\/d359bbdf112023c1c0a3ec7fe1600657?s=96&d=mm&r=g","contentUrl":"https:\/\/secure.gravatar.com\/avatar\/d359bbdf112023c1c0a3ec7fe1600657?s=96&d=mm&r=g","caption":"Prensa"},"sameAs":["http:\/\/www.innoticiasbo.com"],"url":"https:\/\/innoticiasbo.com\/index.php\/author\/prensa\/"}]}},"jetpack_featured_media_url":"https:\/\/i0.wp.com\/innoticiasbo.com\/wp-content\/uploads\/2024\/09\/IMG-20240923-WA0223.jpg?fit=1600%2C1200&ssl=1","jetpack_likes_enabled":true,"jetpack_sharing_enabled":true,"jetpack_shortlink":"https:\/\/wp.me\/pg298x-gm","_links":{"self":[{"href":"https:\/\/innoticiasbo.com\/index.php\/wp-json\/wp\/v2\/posts\/1014","targetHints":{"allow":["GET"]}}],"collection":[{"href":"https:\/\/innoticiasbo.com\/index.php\/wp-json\/wp\/v2\/posts"}],"about":[{"href":"https:\/\/innoticiasbo.com\/index.php\/wp-json\/wp\/v2\/types\/post"}],"author":[{"embeddable":true,"href":"https:\/\/innoticiasbo.com\/index.php\/wp-json\/wp\/v2\/users\/2"}],"replies":[{"embeddable":true,"href":"https:\/\/innoticiasbo.com\/index.php\/wp-json\/wp\/v2\/comments?post=1014"}],"version-history":[{"count":1,"href":"https:\/\/innoticiasbo.com\/index.php\/wp-json\/wp\/v2\/posts\/1014\/revisions"}],"predecessor-version":[{"id":1015,"href":"https:\/\/innoticiasbo.com\/index.php\/wp-json\/wp\/v2\/posts\/1014\/revisions\/1015"}],"wp:featuredmedia":[{"embeddable":true,"href":"https:\/\/innoticiasbo.com\/index.php\/wp-json\/wp\/v2\/media\/1013"}],"wp:attachment":[{"href":"https:\/\/innoticiasbo.com\/index.php\/wp-json\/wp\/v2\/media?parent=1014"}],"wp:term":[{"taxonomy":"category","embeddable":true,"href":"https:\/\/innoticiasbo.com\/index.php\/wp-json\/wp\/v2\/categories?post=1014"},{"taxonomy":"post_tag","embeddable":true,"href":"https:\/\/innoticiasbo.com\/index.php\/wp-json\/wp\/v2\/tags?post=1014"}],"curies":[{"name":"wp","href":"https:\/\/api.w.org\/{rel}","templated":true}]}}