{"id":1008,"date":"2024-09-24T03:01:39","date_gmt":"2024-09-24T03:01:39","guid":{"rendered":"https:\/\/innoticiasbo.com\/?p=1008"},"modified":"2024-09-24T03:01:48","modified_gmt":"2024-09-24T03:01:48","slug":"diputada-disidente-de-cc-denuncia-verticalismo-de-carlos-mesa-y-dice-que-en-el-pais-hay-manfredmania","status":"publish","type":"post","link":"https:\/\/innoticiasbo.com\/index.php\/2024\/09\/24\/diputada-disidente-de-cc-denuncia-verticalismo-de-carlos-mesa-y-dice-que-en-el-pais-hay-manfredmania\/","title":{"rendered":"DIPUTADA \u00abDISIDENTE\u00bb DE CC DENUNCIA VERTICALISMO DE CARLOS MESA Y DICE QUE EN EL PA\u00cdS HAY \u00abMANFREDMAN\u00cdA\u00bb"},"content":{"rendered":"\n<figure class=\"wp-block-image size-large\"><img data-recalc-dims=\"1\" loading=\"lazy\" decoding=\"async\" width=\"640\" height=\"367\" src=\"https:\/\/i0.wp.com\/innoticiasbo.com\/wp-content\/uploads\/2024\/09\/screenshot_20240923_224527_facebook7632149111056100859.jpg?resize=640%2C367&#038;ssl=1\" alt=\"\" class=\"wp-image-1006\" srcset=\"https:\/\/i0.wp.com\/innoticiasbo.com\/wp-content\/uploads\/2024\/09\/screenshot_20240923_224527_facebook7632149111056100859.jpg?resize=1024%2C587&amp;ssl=1 1024w, https:\/\/i0.wp.com\/innoticiasbo.com\/wp-content\/uploads\/2024\/09\/screenshot_20240923_224527_facebook7632149111056100859.jpg?resize=300%2C172&amp;ssl=1 300w, https:\/\/i0.wp.com\/innoticiasbo.com\/wp-content\/uploads\/2024\/09\/screenshot_20240923_224527_facebook7632149111056100859.jpg?resize=768%2C440&amp;ssl=1 768w, https:\/\/i0.wp.com\/innoticiasbo.com\/wp-content\/uploads\/2024\/09\/screenshot_20240923_224527_facebook7632149111056100859.jpg?w=1080&amp;ssl=1 1080w\" sizes=\"auto, (max-width: 640px) 100vw, 640px\" \/><\/figure>\n\n\n\n<p>Cochabamba, 23 de septiembre de 2024.- La diputada por Cochabamba, Alejandra Camargo, que se declara disidente de Comunidad Ciudadana (CC) y que integra el denominado \u201cBloque Dignidad\u201d estuvo en #ElAvispero.<\/p>\n\n\n\n<p>Sostuvo que no es ni tr\u00e1nsfuga ni vendida y denunci\u00f3 que en Comunidad Ciudadana hay \u201ccaudillismo acompa\u00f1ado de roscas y prevendalismo\u201d. Afirm\u00f3 que no hay democracia interna, que el jefe de bancada Enrique Urquidi se prorrog\u00f3 en la jefatura de bancada y que el haber presentado un amparo constitucional se\u00f1alando que no hay democracia interna en CC les vali\u00f3 la expulsi\u00f3n de esa agrupaci\u00f3n pol\u00edtica.<\/p>\n\n\n\n<p>Denunci\u00f3 que hay \u201creticencia a liderazgos femeninos y que si eres mujer disidente el castigo es \u201clapidario, te atacan con m\u00e1s dureza generando persecuci\u00f3n interna, calumniadora, difamatoria y rancia\u201d, afirm\u00f3<\/p>\n\n\n\n<p>DIPUTADA DISIDENTE DE CC HOY CERCANA A REYES VILLA<\/p>\n\n\n\n<p>\u00bfCu\u00e1l es su relaci\u00f3n con Reyes Villa? La respuesta fue que trabaja en la construcci\u00f3n de un proyecto opositor y que \u201cla unidad por la unidad no sirve\u201d, aspecto que evidenci\u00f3 cuando integr\u00f3 las filas de CC.<\/p>\n\n\n\n<p>Sostuvo que el liderazgo del alcalde de Cochabamba es \u201ccontundente\u201d y que quiernes m\u00e1s \u201ccalumnian y atacan a Reyes Villa son los que han coexistido con Evo Morales y que las senadoras mujeres de CC que afirmaban defender el g\u00e9nero y la diversidad, fueron las que le dieron votos a Andr\u00f3nico Rodriguez para que sea cuatro a\u00f1os presidente del Senado.<\/p>\n\n\n\n<p>SONDEO DIGITAL REFLEJA \u201cLIDERAZGO CONTUNDETE DE MANFRED\u201d<\/p>\n\n\n\n<p>Camargo analiz\u00f3 el sondeo digital de preferencia electoral de MorrisCo que ubica a Reyes Villa primero en la preferencia con 32.4%, pero seguido de Evo Morales con 24.05, Luis Arce con 15.1% y Andr\u00f3nico Rodriguez con 11.9%, quienes juntos logran mayor\u00eda.<\/p>\n\n\n\n<p>\u201cSi sumamos el socialismo decalente y degradante y sumamos toda la oposici\u00f3n tambi\u00e9n hay clara muestra que Bolivia esta polarizada, hay izquierda fratricida y convulsionadora; pero una oposici\u00f3n muestra que mas del 40 % no cree en el MAS\u201d<\/p>\n\n\n\n<p>Sostuvo que el estudio refleja un \u201cliderazgo contudente\u201d de Reyes Villa y sostuvo que quienes m\u00e1s lo atacan no llegan ni al 2%.<\/p>\n\n\n\n<p>Respecto a Evo Morales sostuvo que \u201ces la viva imagen del caudillismo y lo peor de la pol\u00edtica boliviana\u201d, asimismo llam\u00f3 al presidente Luis Arce \u201cTil\u00edn que se rebela y sale de la bota del jefazo\u201d, mientras que Andr\u00f3nico Rodriguez es para la parlamentaria cochabambina, un \u201cmasista con miedo a rebelarse y un impostor del discurso de g\u00e9nero y renovaci\u00f3n por haber instrumentalizado a las senadoras de CC para mantener su lugar en el poder, porque solo busca su sobrevivencia pol\u00edtica.<\/p>\n\n\n\n<p>LA CRISIS DE LA BASURA<\/p>\n\n\n\n<p>Finalmente la parlamentaria sostuvo que el conflicto de K\u2019ara K\u2019ara fue generado por evistas intentando convulsionar el pa\u00eds. \u201cHay senadores y diputados de Cochabamba que han encabezado estos movimientos porque el evismo tiene profundo desprecio a Cochabamba\u201d se\u00f1al\u00f3.<\/p>\n\n\n\n<p>Al ser consultada sobre c\u00f3mo se manej\u00f3 este prolongado conflicto desde la Alcald\u00eda, justific\u00f3 la prolongada crisis se\u00f1alando que los movilizados no quer\u00edan dialogar.<\/p>\n\n\n\n<h1 class=\"wp-block-heading\">pol\u00edtica #ComunidadCiudadana #BloqueDignidad #Parlamentariadisidente #EvoMorales #LuisArce #ManfredReyesVilla #Andr\u00f3nico Rodriguez #AlejandraCamargo<\/h1>\n","protected":false},"excerpt":{"rendered":"<p>Cochabamba, 23 de septiembre de 2024.- La diputada por Cochabamba, Alejandra Camargo, que se declara disidente de Comunidad Ciudadana (CC) y que integra el denominado \u201cBloque Dignidad\u201d estuvo en #ElAvispero. Sostuvo que no es ni tr\u00e1nsfuga ni vendida y denunci\u00f3 que en Comunidad Ciudadana hay \u201ccaudillismo acompa\u00f1ado de roscas y prevendalismo\u201d. Afirm\u00f3 que no hay&#8230;<\/p>\n","protected":false},"author":2,"featured_media":1007,"comment_status":"open","ping_status":"open","sticky":false,"template":"","format":"standard","meta":{"_jetpack_memberships_contains_paid_content":false,"footnotes":"","jetpack_publicize_message":"","jetpack_publicize_feature_enabled":true,"jetpack_social_post_already_shared":true,"jetpack_social_options":{"image_generator_settings":{"template":"highway","enabled":false},"version":2}},"categories":[1,3],"tags":[],"class_list":["post-1008","post","type-post","status-publish","format-standard","has-post-thumbnail","hentry","category-bolivia","category-politica"],"jetpack_publicize_connections":[],"yoast_head":"<!-- This site is optimized with the Yoast SEO plugin v23.4 - https:\/\/yoast.com\/wordpress\/plugins\/seo\/ -->\n<title>DIPUTADA &quot;DISIDENTE&quot; DE CC DENUNCIA VERTICALISMO DE CARLOS MESA Y DICE QUE EN EL PA\u00cdS HAY &quot;MANFREDMAN\u00cdA&quot; - innoticiasbo.com<\/title>\n<meta name=\"robots\" content=\"index, follow, max-snippet:-1, max-image-preview:large, max-video-preview:-1\" \/>\n<link rel=\"canonical\" href=\"https:\/\/innoticiasbo.com\/index.php\/2024\/09\/24\/diputada-disidente-de-cc-denuncia-verticalismo-de-carlos-mesa-y-dice-que-en-el-pais-hay-manfredmania\/\" \/>\n<meta property=\"og:locale\" content=\"es_ES\" \/>\n<meta property=\"og:type\" content=\"article\" \/>\n<meta property=\"og:title\" content=\"DIPUTADA &quot;DISIDENTE&quot; DE CC DENUNCIA VERTICALISMO DE CARLOS MESA Y DICE QUE EN EL PA\u00cdS HAY &quot;MANFREDMAN\u00cdA&quot; - innoticiasbo.com\" \/>\n<meta property=\"og:description\" content=\"Cochabamba, 23 de septiembre de 2024.- La diputada por Cochabamba, Alejandra Camargo, que se declara disidente de Comunidad Ciudadana (CC) y que integra el denominado \u201cBloque Dignidad\u201d estuvo en #ElAvispero. Sostuvo que no es ni tr\u00e1nsfuga ni vendida y denunci\u00f3 que en Comunidad Ciudadana hay \u201ccaudillismo acompa\u00f1ado de roscas y prevendalismo\u201d. Afirm\u00f3 que no hay...\" \/>\n<meta property=\"og:url\" content=\"https:\/\/innoticiasbo.com\/index.php\/2024\/09\/24\/diputada-disidente-de-cc-denuncia-verticalismo-de-carlos-mesa-y-dice-que-en-el-pais-hay-manfredmania\/\" \/>\n<meta property=\"og:site_name\" content=\"innoticiasbo.com\" \/>\n<meta property=\"article:publisher\" content=\"https:\/\/www.facebook.com\/innoticiasbolivia\" \/>\n<meta property=\"article:published_time\" content=\"2024-09-24T03:01:39+00:00\" \/>\n<meta property=\"article:modified_time\" content=\"2024-09-24T03:01:48+00:00\" \/>\n<meta property=\"og:image\" content=\"https:\/\/i0.wp.com\/innoticiasbo.com\/wp-content\/uploads\/2024\/09\/Screenshot_20240923_224527_Facebook.jpg?fit=1080%2C619&ssl=1\" \/>\n\t<meta property=\"og:image:width\" content=\"1080\" \/>\n\t<meta property=\"og:image:height\" content=\"619\" \/>\n\t<meta property=\"og:image:type\" content=\"image\/jpeg\" \/>\n<meta name=\"author\" content=\"Prensa\" \/>\n<meta name=\"twitter:card\" content=\"summary_large_image\" \/>\n<meta name=\"twitter:creator\" content=\"@innoticiasbo\" \/>\n<meta name=\"twitter:site\" content=\"@innoticiasbo\" \/>\n<meta name=\"twitter:label1\" content=\"Escrito por\" \/>\n\t<meta name=\"twitter:data1\" content=\"Prensa\" \/>\n\t<meta name=\"twitter:label2\" content=\"Tiempo de lectura\" \/>\n\t<meta name=\"twitter:data2\" content=\"3 minutos\" \/>\n<script type=\"application\/ld+json\" class=\"yoast-schema-graph\">{\"@context\":\"https:\/\/schema.org\",\"@graph\":[{\"@type\":\"Article\",\"@id\":\"https:\/\/innoticiasbo.com\/index.php\/2024\/09\/24\/diputada-disidente-de-cc-denuncia-verticalismo-de-carlos-mesa-y-dice-que-en-el-pais-hay-manfredmania\/#article\",\"isPartOf\":{\"@id\":\"https:\/\/innoticiasbo.com\/index.php\/2024\/09\/24\/diputada-disidente-de-cc-denuncia-verticalismo-de-carlos-mesa-y-dice-que-en-el-pais-hay-manfredmania\/\"},\"author\":{\"name\":\"Prensa\",\"@id\":\"https:\/\/innoticiasbo.com\/#\/schema\/person\/589cd527c4211df1b943bdad85ec07ce\"},\"headline\":\"DIPUTADA \u00abDISIDENTE\u00bb DE CC DENUNCIA VERTICALISMO DE CARLOS MESA Y DICE QUE EN EL PA\u00cdS HAY \u00abMANFREDMAN\u00cdA\u00bb\",\"datePublished\":\"2024-09-24T03:01:39+00:00\",\"dateModified\":\"2024-09-24T03:01:48+00:00\",\"mainEntityOfPage\":{\"@id\":\"https:\/\/innoticiasbo.com\/index.php\/2024\/09\/24\/diputada-disidente-de-cc-denuncia-verticalismo-de-carlos-mesa-y-dice-que-en-el-pais-hay-manfredmania\/\"},\"wordCount\":547,\"commentCount\":0,\"publisher\":{\"@id\":\"https:\/\/innoticiasbo.com\/#organization\"},\"image\":{\"@id\":\"https:\/\/innoticiasbo.com\/index.php\/2024\/09\/24\/diputada-disidente-de-cc-denuncia-verticalismo-de-carlos-mesa-y-dice-que-en-el-pais-hay-manfredmania\/#primaryimage\"},\"thumbnailUrl\":\"https:\/\/i0.wp.com\/innoticiasbo.com\/wp-content\/uploads\/2024\/09\/Screenshot_20240923_224527_Facebook.jpg?fit=1080%2C619&ssl=1\",\"articleSection\":[\"Bolivia\",\"Pol\u00edtica\"],\"inLanguage\":\"es\",\"potentialAction\":[{\"@type\":\"CommentAction\",\"name\":\"Comment\",\"target\":[\"https:\/\/innoticiasbo.com\/index.php\/2024\/09\/24\/diputada-disidente-de-cc-denuncia-verticalismo-de-carlos-mesa-y-dice-que-en-el-pais-hay-manfredmania\/#respond\"]}]},{\"@type\":\"WebPage\",\"@id\":\"https:\/\/innoticiasbo.com\/index.php\/2024\/09\/24\/diputada-disidente-de-cc-denuncia-verticalismo-de-carlos-mesa-y-dice-que-en-el-pais-hay-manfredmania\/\",\"url\":\"https:\/\/innoticiasbo.com\/index.php\/2024\/09\/24\/diputada-disidente-de-cc-denuncia-verticalismo-de-carlos-mesa-y-dice-que-en-el-pais-hay-manfredmania\/\",\"name\":\"DIPUTADA \\\"DISIDENTE\\\" DE CC DENUNCIA VERTICALISMO DE CARLOS MESA Y DICE QUE EN EL PA\u00cdS HAY \\\"MANFREDMAN\u00cdA\\\" - innoticiasbo.com\",\"isPartOf\":{\"@id\":\"https:\/\/innoticiasbo.com\/#website\"},\"primaryImageOfPage\":{\"@id\":\"https:\/\/innoticiasbo.com\/index.php\/2024\/09\/24\/diputada-disidente-de-cc-denuncia-verticalismo-de-carlos-mesa-y-dice-que-en-el-pais-hay-manfredmania\/#primaryimage\"},\"image\":{\"@id\":\"https:\/\/innoticiasbo.com\/index.php\/2024\/09\/24\/diputada-disidente-de-cc-denuncia-verticalismo-de-carlos-mesa-y-dice-que-en-el-pais-hay-manfredmania\/#primaryimage\"},\"thumbnailUrl\":\"https:\/\/i0.wp.com\/innoticiasbo.com\/wp-content\/uploads\/2024\/09\/Screenshot_20240923_224527_Facebook.jpg?fit=1080%2C619&ssl=1\",\"datePublished\":\"2024-09-24T03:01:39+00:00\",\"dateModified\":\"2024-09-24T03:01:48+00:00\",\"breadcrumb\":{\"@id\":\"https:\/\/innoticiasbo.com\/index.php\/2024\/09\/24\/diputada-disidente-de-cc-denuncia-verticalismo-de-carlos-mesa-y-dice-que-en-el-pais-hay-manfredmania\/#breadcrumb\"},\"inLanguage\":\"es\",\"potentialAction\":[{\"@type\":\"ReadAction\",\"target\":[\"https:\/\/innoticiasbo.com\/index.php\/2024\/09\/24\/diputada-disidente-de-cc-denuncia-verticalismo-de-carlos-mesa-y-dice-que-en-el-pais-hay-manfredmania\/\"]}]},{\"@type\":\"ImageObject\",\"inLanguage\":\"es\",\"@id\":\"https:\/\/innoticiasbo.com\/index.php\/2024\/09\/24\/diputada-disidente-de-cc-denuncia-verticalismo-de-carlos-mesa-y-dice-que-en-el-pais-hay-manfredmania\/#primaryimage\",\"url\":\"https:\/\/i0.wp.com\/innoticiasbo.com\/wp-content\/uploads\/2024\/09\/Screenshot_20240923_224527_Facebook.jpg?fit=1080%2C619&ssl=1\",\"contentUrl\":\"https:\/\/i0.wp.com\/innoticiasbo.com\/wp-content\/uploads\/2024\/09\/Screenshot_20240923_224527_Facebook.jpg?fit=1080%2C619&ssl=1\",\"width\":1080,\"height\":619},{\"@type\":\"BreadcrumbList\",\"@id\":\"https:\/\/innoticiasbo.com\/index.php\/2024\/09\/24\/diputada-disidente-de-cc-denuncia-verticalismo-de-carlos-mesa-y-dice-que-en-el-pais-hay-manfredmania\/#breadcrumb\",\"itemListElement\":[{\"@type\":\"ListItem\",\"position\":1,\"name\":\"Portada\",\"item\":\"https:\/\/innoticiasbo.com\/\"},{\"@type\":\"ListItem\",\"position\":2,\"name\":\"DIPUTADA \u00abDISIDENTE\u00bb DE CC DENUNCIA VERTICALISMO DE CARLOS MESA Y DICE QUE EN EL PA\u00cdS HAY \u00abMANFREDMAN\u00cdA\u00bb\"}]},{\"@type\":\"WebSite\",\"@id\":\"https:\/\/innoticiasbo.com\/#website\",\"url\":\"https:\/\/innoticiasbo.com\/\",\"name\":\"innoticiasbo.com\",\"description\":\"\",\"publisher\":{\"@id\":\"https:\/\/innoticiasbo.com\/#organization\"},\"potentialAction\":[{\"@type\":\"SearchAction\",\"target\":{\"@type\":\"EntryPoint\",\"urlTemplate\":\"https:\/\/innoticiasbo.com\/?s={search_term_string}\"},\"query-input\":{\"@type\":\"PropertyValueSpecification\",\"valueRequired\":true,\"valueName\":\"search_term_string\"}}],\"inLanguage\":\"es\"},{\"@type\":\"Organization\",\"@id\":\"https:\/\/innoticiasbo.com\/#organization\",\"name\":\"innoticiasbo.com\",\"url\":\"https:\/\/innoticiasbo.com\/\",\"logo\":{\"@type\":\"ImageObject\",\"inLanguage\":\"es\",\"@id\":\"https:\/\/innoticiasbo.com\/#\/schema\/logo\/image\/\",\"url\":\"https:\/\/i0.wp.com\/innoticiasbo.com\/wp-content\/uploads\/2026\/04\/cropped-IN-LOGO.png?fit=1476%2C1476&ssl=1\",\"contentUrl\":\"https:\/\/i0.wp.com\/innoticiasbo.com\/wp-content\/uploads\/2026\/04\/cropped-IN-LOGO.png?fit=1476%2C1476&ssl=1\",\"width\":1476,\"height\":1476,\"caption\":\"innoticiasbo.com\"},\"image\":{\"@id\":\"https:\/\/innoticiasbo.com\/#\/schema\/logo\/image\/\"},\"sameAs\":[\"https:\/\/www.facebook.com\/innoticiasbolivia\",\"https:\/\/x.com\/innoticiasbo\",\"https:\/\/www.instagram.com\/innoticiasbo\",\"https:\/\/www.youtube.com\/innoticiasbo\"]},{\"@type\":\"Person\",\"@id\":\"https:\/\/innoticiasbo.com\/#\/schema\/person\/589cd527c4211df1b943bdad85ec07ce\",\"name\":\"Prensa\",\"image\":{\"@type\":\"ImageObject\",\"inLanguage\":\"es\",\"@id\":\"https:\/\/innoticiasbo.com\/#\/schema\/person\/image\/\",\"url\":\"https:\/\/secure.gravatar.com\/avatar\/d359bbdf112023c1c0a3ec7fe1600657?s=96&d=mm&r=g\",\"contentUrl\":\"https:\/\/secure.gravatar.com\/avatar\/d359bbdf112023c1c0a3ec7fe1600657?s=96&d=mm&r=g\",\"caption\":\"Prensa\"},\"sameAs\":[\"http:\/\/www.innoticiasbo.com\"],\"url\":\"https:\/\/innoticiasbo.com\/index.php\/author\/prensa\/\"}]}<\/script>\n<!-- \/ Yoast SEO plugin. -->","yoast_head_json":{"title":"DIPUTADA \"DISIDENTE\" DE CC DENUNCIA VERTICALISMO DE CARLOS MESA Y DICE QUE EN EL PA\u00cdS HAY \"MANFREDMAN\u00cdA\" - innoticiasbo.com","robots":{"index":"index","follow":"follow","max-snippet":"max-snippet:-1","max-image-preview":"max-image-preview:large","max-video-preview":"max-video-preview:-1"},"canonical":"https:\/\/innoticiasbo.com\/index.php\/2024\/09\/24\/diputada-disidente-de-cc-denuncia-verticalismo-de-carlos-mesa-y-dice-que-en-el-pais-hay-manfredmania\/","og_locale":"es_ES","og_type":"article","og_title":"DIPUTADA \"DISIDENTE\" DE CC DENUNCIA VERTICALISMO DE CARLOS MESA Y DICE QUE EN EL PA\u00cdS HAY \"MANFREDMAN\u00cdA\" - innoticiasbo.com","og_description":"Cochabamba, 23 de septiembre de 2024.- La diputada por Cochabamba, Alejandra Camargo, que se declara disidente de Comunidad Ciudadana (CC) y que integra el denominado \u201cBloque Dignidad\u201d estuvo en #ElAvispero. Sostuvo que no es ni tr\u00e1nsfuga ni vendida y denunci\u00f3 que en Comunidad Ciudadana hay \u201ccaudillismo acompa\u00f1ado de roscas y prevendalismo\u201d. Afirm\u00f3 que no hay...","og_url":"https:\/\/innoticiasbo.com\/index.php\/2024\/09\/24\/diputada-disidente-de-cc-denuncia-verticalismo-de-carlos-mesa-y-dice-que-en-el-pais-hay-manfredmania\/","og_site_name":"innoticiasbo.com","article_publisher":"https:\/\/www.facebook.com\/innoticiasbolivia","article_published_time":"2024-09-24T03:01:39+00:00","article_modified_time":"2024-09-24T03:01:48+00:00","og_image":[{"width":1080,"height":619,"url":"https:\/\/i0.wp.com\/innoticiasbo.com\/wp-content\/uploads\/2024\/09\/Screenshot_20240923_224527_Facebook.jpg?fit=1080%2C619&ssl=1","type":"image\/jpeg"}],"author":"Prensa","twitter_card":"summary_large_image","twitter_creator":"@innoticiasbo","twitter_site":"@innoticiasbo","twitter_misc":{"Escrito por":"Prensa","Tiempo de lectura":"3 minutos"},"schema":{"@context":"https:\/\/schema.org","@graph":[{"@type":"Article","@id":"https:\/\/innoticiasbo.com\/index.php\/2024\/09\/24\/diputada-disidente-de-cc-denuncia-verticalismo-de-carlos-mesa-y-dice-que-en-el-pais-hay-manfredmania\/#article","isPartOf":{"@id":"https:\/\/innoticiasbo.com\/index.php\/2024\/09\/24\/diputada-disidente-de-cc-denuncia-verticalismo-de-carlos-mesa-y-dice-que-en-el-pais-hay-manfredmania\/"},"author":{"name":"Prensa","@id":"https:\/\/innoticiasbo.com\/#\/schema\/person\/589cd527c4211df1b943bdad85ec07ce"},"headline":"DIPUTADA \u00abDISIDENTE\u00bb DE CC DENUNCIA VERTICALISMO DE CARLOS MESA Y DICE QUE EN EL PA\u00cdS HAY \u00abMANFREDMAN\u00cdA\u00bb","datePublished":"2024-09-24T03:01:39+00:00","dateModified":"2024-09-24T03:01:48+00:00","mainEntityOfPage":{"@id":"https:\/\/innoticiasbo.com\/index.php\/2024\/09\/24\/diputada-disidente-de-cc-denuncia-verticalismo-de-carlos-mesa-y-dice-que-en-el-pais-hay-manfredmania\/"},"wordCount":547,"commentCount":0,"publisher":{"@id":"https:\/\/innoticiasbo.com\/#organization"},"image":{"@id":"https:\/\/innoticiasbo.com\/index.php\/2024\/09\/24\/diputada-disidente-de-cc-denuncia-verticalismo-de-carlos-mesa-y-dice-que-en-el-pais-hay-manfredmania\/#primaryimage"},"thumbnailUrl":"https:\/\/i0.wp.com\/innoticiasbo.com\/wp-content\/uploads\/2024\/09\/Screenshot_20240923_224527_Facebook.jpg?fit=1080%2C619&ssl=1","articleSection":["Bolivia","Pol\u00edtica"],"inLanguage":"es","potentialAction":[{"@type":"CommentAction","name":"Comment","target":["https:\/\/innoticiasbo.com\/index.php\/2024\/09\/24\/diputada-disidente-de-cc-denuncia-verticalismo-de-carlos-mesa-y-dice-que-en-el-pais-hay-manfredmania\/#respond"]}]},{"@type":"WebPage","@id":"https:\/\/innoticiasbo.com\/index.php\/2024\/09\/24\/diputada-disidente-de-cc-denuncia-verticalismo-de-carlos-mesa-y-dice-que-en-el-pais-hay-manfredmania\/","url":"https:\/\/innoticiasbo.com\/index.php\/2024\/09\/24\/diputada-disidente-de-cc-denuncia-verticalismo-de-carlos-mesa-y-dice-que-en-el-pais-hay-manfredmania\/","name":"DIPUTADA \"DISIDENTE\" DE CC DENUNCIA VERTICALISMO DE CARLOS MESA Y DICE QUE EN EL PA\u00cdS HAY \"MANFREDMAN\u00cdA\" - innoticiasbo.com","isPartOf":{"@id":"https:\/\/innoticiasbo.com\/#website"},"primaryImageOfPage":{"@id":"https:\/\/innoticiasbo.com\/index.php\/2024\/09\/24\/diputada-disidente-de-cc-denuncia-verticalismo-de-carlos-mesa-y-dice-que-en-el-pais-hay-manfredmania\/#primaryimage"},"image":{"@id":"https:\/\/innoticiasbo.com\/index.php\/2024\/09\/24\/diputada-disidente-de-cc-denuncia-verticalismo-de-carlos-mesa-y-dice-que-en-el-pais-hay-manfredmania\/#primaryimage"},"thumbnailUrl":"https:\/\/i0.wp.com\/innoticiasbo.com\/wp-content\/uploads\/2024\/09\/Screenshot_20240923_224527_Facebook.jpg?fit=1080%2C619&ssl=1","datePublished":"2024-09-24T03:01:39+00:00","dateModified":"2024-09-24T03:01:48+00:00","breadcrumb":{"@id":"https:\/\/innoticiasbo.com\/index.php\/2024\/09\/24\/diputada-disidente-de-cc-denuncia-verticalismo-de-carlos-mesa-y-dice-que-en-el-pais-hay-manfredmania\/#breadcrumb"},"inLanguage":"es","potentialAction":[{"@type":"ReadAction","target":["https:\/\/innoticiasbo.com\/index.php\/2024\/09\/24\/diputada-disidente-de-cc-denuncia-verticalismo-de-carlos-mesa-y-dice-que-en-el-pais-hay-manfredmania\/"]}]},{"@type":"ImageObject","inLanguage":"es","@id":"https:\/\/innoticiasbo.com\/index.php\/2024\/09\/24\/diputada-disidente-de-cc-denuncia-verticalismo-de-carlos-mesa-y-dice-que-en-el-pais-hay-manfredmania\/#primaryimage","url":"https:\/\/i0.wp.com\/innoticiasbo.com\/wp-content\/uploads\/2024\/09\/Screenshot_20240923_224527_Facebook.jpg?fit=1080%2C619&ssl=1","contentUrl":"https:\/\/i0.wp.com\/innoticiasbo.com\/wp-content\/uploads\/2024\/09\/Screenshot_20240923_224527_Facebook.jpg?fit=1080%2C619&ssl=1","width":1080,"height":619},{"@type":"BreadcrumbList","@id":"https:\/\/innoticiasbo.com\/index.php\/2024\/09\/24\/diputada-disidente-de-cc-denuncia-verticalismo-de-carlos-mesa-y-dice-que-en-el-pais-hay-manfredmania\/#breadcrumb","itemListElement":[{"@type":"ListItem","position":1,"name":"Portada","item":"https:\/\/innoticiasbo.com\/"},{"@type":"ListItem","position":2,"name":"DIPUTADA \u00abDISIDENTE\u00bb DE CC DENUNCIA VERTICALISMO DE CARLOS MESA Y DICE QUE EN EL PA\u00cdS HAY \u00abMANFREDMAN\u00cdA\u00bb"}]},{"@type":"WebSite","@id":"https:\/\/innoticiasbo.com\/#website","url":"https:\/\/innoticiasbo.com\/","name":"innoticiasbo.com","description":"","publisher":{"@id":"https:\/\/innoticiasbo.com\/#organization"},"potentialAction":[{"@type":"SearchAction","target":{"@type":"EntryPoint","urlTemplate":"https:\/\/innoticiasbo.com\/?s={search_term_string}"},"query-input":{"@type":"PropertyValueSpecification","valueRequired":true,"valueName":"search_term_string"}}],"inLanguage":"es"},{"@type":"Organization","@id":"https:\/\/innoticiasbo.com\/#organization","name":"innoticiasbo.com","url":"https:\/\/innoticiasbo.com\/","logo":{"@type":"ImageObject","inLanguage":"es","@id":"https:\/\/innoticiasbo.com\/#\/schema\/logo\/image\/","url":"https:\/\/i0.wp.com\/innoticiasbo.com\/wp-content\/uploads\/2026\/04\/cropped-IN-LOGO.png?fit=1476%2C1476&ssl=1","contentUrl":"https:\/\/i0.wp.com\/innoticiasbo.com\/wp-content\/uploads\/2026\/04\/cropped-IN-LOGO.png?fit=1476%2C1476&ssl=1","width":1476,"height":1476,"caption":"innoticiasbo.com"},"image":{"@id":"https:\/\/innoticiasbo.com\/#\/schema\/logo\/image\/"},"sameAs":["https:\/\/www.facebook.com\/innoticiasbolivia","https:\/\/x.com\/innoticiasbo","https:\/\/www.instagram.com\/innoticiasbo","https:\/\/www.youtube.com\/innoticiasbo"]},{"@type":"Person","@id":"https:\/\/innoticiasbo.com\/#\/schema\/person\/589cd527c4211df1b943bdad85ec07ce","name":"Prensa","image":{"@type":"ImageObject","inLanguage":"es","@id":"https:\/\/innoticiasbo.com\/#\/schema\/person\/image\/","url":"https:\/\/secure.gravatar.com\/avatar\/d359bbdf112023c1c0a3ec7fe1600657?s=96&d=mm&r=g","contentUrl":"https:\/\/secure.gravatar.com\/avatar\/d359bbdf112023c1c0a3ec7fe1600657?s=96&d=mm&r=g","caption":"Prensa"},"sameAs":["http:\/\/www.innoticiasbo.com"],"url":"https:\/\/innoticiasbo.com\/index.php\/author\/prensa\/"}]}},"jetpack_featured_media_url":"https:\/\/i0.wp.com\/innoticiasbo.com\/wp-content\/uploads\/2024\/09\/Screenshot_20240923_224527_Facebook.jpg?fit=1080%2C619&ssl=1","jetpack_likes_enabled":true,"jetpack_sharing_enabled":true,"jetpack_shortlink":"https:\/\/wp.me\/pg298x-gg","_links":{"self":[{"href":"https:\/\/innoticiasbo.com\/index.php\/wp-json\/wp\/v2\/posts\/1008","targetHints":{"allow":["GET"]}}],"collection":[{"href":"https:\/\/innoticiasbo.com\/index.php\/wp-json\/wp\/v2\/posts"}],"about":[{"href":"https:\/\/innoticiasbo.com\/index.php\/wp-json\/wp\/v2\/types\/post"}],"author":[{"embeddable":true,"href":"https:\/\/innoticiasbo.com\/index.php\/wp-json\/wp\/v2\/users\/2"}],"replies":[{"embeddable":true,"href":"https:\/\/innoticiasbo.com\/index.php\/wp-json\/wp\/v2\/comments?post=1008"}],"version-history":[{"count":1,"href":"https:\/\/innoticiasbo.com\/index.php\/wp-json\/wp\/v2\/posts\/1008\/revisions"}],"predecessor-version":[{"id":1009,"href":"https:\/\/innoticiasbo.com\/index.php\/wp-json\/wp\/v2\/posts\/1008\/revisions\/1009"}],"wp:featuredmedia":[{"embeddable":true,"href":"https:\/\/innoticiasbo.com\/index.php\/wp-json\/wp\/v2\/media\/1007"}],"wp:attachment":[{"href":"https:\/\/innoticiasbo.com\/index.php\/wp-json\/wp\/v2\/media?parent=1008"}],"wp:term":[{"taxonomy":"category","embeddable":true,"href":"https:\/\/innoticiasbo.com\/index.php\/wp-json\/wp\/v2\/categories?post=1008"},{"taxonomy":"post_tag","embeddable":true,"href":"https:\/\/innoticiasbo.com\/index.php\/wp-json\/wp\/v2\/tags?post=1008"}],"curies":[{"name":"wp","href":"https:\/\/api.w.org\/{rel}","templated":true}]}}